{"id":18754,"date":"2019-08-08T06:20:48","date_gmt":"2019-08-08T04:20:48","guid":{"rendered":"https:\/\/vosgesinfo.fr\/remiremontinfo\/2019\/08\/1rdt-conteuse-slameuse-messa-saltzmann-chouchi\/"},"modified":"2019-08-08T06:20:48","modified_gmt":"2019-08-08T04:20:48","slug":"1rdt-conteuse-slameuse-messa-saltzmann-chouchi","status":"publish","type":"post","link":"https:\/\/vosgesinfo.fr\/remiremontinfo\/2019\/08\/1rdt-conteuse-slameuse-messa-saltzmann-chouchi\/","title":{"rendered":"1&rsquo;RDT avec la conteuse et slameuse Messa Saltzmann-Chouchi"},"content":{"rendered":"<div class=\"zone-1\">\n<div class=\"fiche-entete col-md-8 col-xs-12\">\n<div class=\"fiche-description-agenda fiche-ligne\"><a href=\"\/2019\/08\/Capture-d\u2019e\u0301cran-2019-08-08-a\u0300-08.13.48.png\"><img decoding=\"async\" class=\"alignnone size-large wp-image-265724\" src=\"\/2019\/08\/Capture-d\u2019e\u0301cran-2019-08-08-a\u0300-08.13.48-1024x622.png\" alt=\"Capture d\u2019e\u0301cran 2019-08-08 a\u0300 08.13.48\" width=\"960\" height=\"583\" \/><\/a><\/div>\n<div class=\"fiche-description-agenda fiche-ligne\"><\/div>\n<h2 class=\"fiche-description-agenda fiche-ligne\"><span style=\"font-size: 12pt;\"><strong>Messa Saltzmann Chouchi, vosgienne d\u2019origine, est auteure, conteuse et slameuse. Elle propose des contes pour petits et grands, pour les enfants \u00e0 partir de 3 ans et jusqu\u2019\u00e0 133 ans ! <\/strong><\/span><\/h2>\n<p class=\"fiche-description-agenda fiche-ligne\"><span style=\"font-size: 12pt;\">Des contes surprenants, des contes d\u00e9tourn\u00e9s, des contes qu\u2019elle fait vivre accompagn\u00e9e de ses cr\u00e9ations plus vraies que nature, ou presque. Dans le cadre du Festival 1&rsquo;RDT, l&rsquo;artiste sera en repr\u00e9sentation sur la p<span class=\"rue\">lace de l&rsquo;Abbaye,\u00a0devant<\/span><span class=\"cpl-adresse\">\u00a0l\u2019H\u00f4tel de Ville de Remiremont,\u00a0 le\u00a0<\/span>17 aout de 16h30 \u00e0 18h. Plus d&rsquo;info <strong><a href=\"https:\/\/www.tourisme-remiremont-plombieres.com\/lei\/detail\/235\/885003704\/1954\/1rdt-contes-animations-par-messa-saltzmann-chouchi-auteure-conteuse-remiremont.htm\">ici.<\/a><\/strong><\/span><\/p>\n<p class=\"fiche-description-agenda fiche-ligne\">\n<\/div>\n<div class=\"fiche-entete2 col-md-4 col-xs-12\"><\/div>\n<\/div>\n<div class=\"zone-5 col-md-7\"><\/div>\n","protected":false},"excerpt":{"rendered":"<p>Messa Saltzmann Chouchi, vosgienne d\u2019origine, est auteure, conteuse et slameuse. Elle propose des contes pour petits et grands, pour les [&hellip;]<\/p>\n","protected":false},"author":407,"featured_media":18755,"comment_status":"open","ping_status":"open","sticky":false,"template":"","format":"standard","meta":{"footnotes":""},"categories":[26,4,54,1556,35],"tags":[],"class_list":["post-18754","post","type-post","status-publish","format-standard","has-post-thumbnail","hentry","category-a-la-une","category-culture","category-loisirs","category-remiremont-remiremont-son-canton-2","category-remiremont-son-canton"],"acf":[],"yoast_head":"<!-- This site is optimized with the Yoast SEO plugin v22.5 - https:\/\/yoast.com\/wordpress\/plugins\/seo\/ -->\n<title>1&#039;RDT avec la conteuse et slameuse Messa Saltzmann-Chouchi - Remiremont Info<\/title>\n<meta name=\"robots\" content=\"index, follow, max-snippet:-1, max-image-preview:large, max-video-preview:-1\" \/>\n<link rel=\"canonical\" href=\"https:\/\/vosgesinfo.fr\/remiremontinfo\/2019\/08\/1rdt-conteuse-slameuse-messa-saltzmann-chouchi\/\" \/>\n<meta name=\"twitter:card\" content=\"summary_large_image\" \/>\n<meta name=\"twitter:title\" content=\"1&#039;RDT avec la conteuse et slameuse Messa Saltzmann-Chouchi - Remiremont Info\" \/>\n<meta name=\"twitter:description\" content=\"Messa Saltzmann Chouchi, vosgienne d\u2019origine, est auteure, conteuse et slameuse. Elle propose des contes pour petits et grands, pour les [&hellip;]\" \/>\n<meta name=\"twitter:image\" content=\"https:\/\/vosgesinfo.fr\/app\/uploads\/sites\/5\/2024\/09\/201908capture-decran-2019-08-08-a-08.13.48.png\" \/>\n<meta name=\"twitter:creator\" content=\"@VosgesInfo88\" \/>\n<meta name=\"twitter:site\" content=\"@VosgesInfo88\" \/>\n<meta name=\"twitter:label1\" content=\"\u00c9crit par\" \/>\n\t<meta name=\"twitter:data1\" content=\"C D\" \/>\n<script type=\"application\/ld+json\" class=\"yoast-schema-graph\">{\"@context\":\"https:\/\/schema.org\",\"@graph\":[{\"@type\":\"Article\",\"@id\":\"https:\/\/vosgesinfo.fr\/remiremontinfo\/2019\/08\/1rdt-conteuse-slameuse-messa-saltzmann-chouchi\/#article\",\"isPartOf\":{\"@id\":\"https:\/\/vosgesinfo.fr\/remiremontinfo\/2019\/08\/1rdt-conteuse-slameuse-messa-saltzmann-chouchi\/\"},\"author\":{\"name\":\"C D\",\"@id\":\"https:\/\/vosgesinfo.fr\/remiremontinfo\/#\/schema\/person\/3bfd164d5218a185b1db68655a265316\"},\"headline\":\"1&rsquo;RDT avec la conteuse et slameuse Messa Saltzmann-Chouchi\",\"datePublished\":\"2019-08-08T04:20:48+00:00\",\"dateModified\":\"2019-08-08T04:20:48+00:00\",\"mainEntityOfPage\":{\"@id\":\"https:\/\/vosgesinfo.fr\/remiremontinfo\/2019\/08\/1rdt-conteuse-slameuse-messa-saltzmann-chouchi\/\"},\"wordCount\":97,\"commentCount\":0,\"publisher\":{\"@id\":\"https:\/\/vosgesinfo.fr\/remiremontinfo\/#organization\"},\"image\":{\"@id\":\"https:\/\/vosgesinfo.fr\/remiremontinfo\/2019\/08\/1rdt-conteuse-slameuse-messa-saltzmann-chouchi\/#primaryimage\"},\"thumbnailUrl\":\"https:\/\/vosgesinfo.fr\/app\/uploads\/sites\/5\/2024\/09\/201908capture-decran-2019-08-08-a-08.13.48.png\",\"articleSection\":[\"A la Une\",\"Culture\",\"Loisirs\",\"Remiremont\",\"Remiremont &amp; son canton\"],\"inLanguage\":\"fr-FR\",\"potentialAction\":[{\"@type\":\"CommentAction\",\"name\":\"Comment\",\"target\":[\"https:\/\/vosgesinfo.fr\/remiremontinfo\/2019\/08\/1rdt-conteuse-slameuse-messa-saltzmann-chouchi\/#respond\"]}]},{\"@type\":\"WebPage\",\"@id\":\"https:\/\/vosgesinfo.fr\/remiremontinfo\/2019\/08\/1rdt-conteuse-slameuse-messa-saltzmann-chouchi\/\",\"url\":\"https:\/\/vosgesinfo.fr\/remiremontinfo\/2019\/08\/1rdt-conteuse-slameuse-messa-saltzmann-chouchi\/\",\"name\":\"1'RDT avec la conteuse et slameuse Messa Saltzmann-Chouchi - Remiremont Info\",\"isPartOf\":{\"@id\":\"https:\/\/vosgesinfo.fr\/remiremontinfo\/#website\"},\"primaryImageOfPage\":{\"@id\":\"https:\/\/vosgesinfo.fr\/remiremontinfo\/2019\/08\/1rdt-conteuse-slameuse-messa-saltzmann-chouchi\/#primaryimage\"},\"image\":{\"@id\":\"https:\/\/vosgesinfo.fr\/remiremontinfo\/2019\/08\/1rdt-conteuse-slameuse-messa-saltzmann-chouchi\/#primaryimage\"},\"thumbnailUrl\":\"https:\/\/vosgesinfo.fr\/app\/uploads\/sites\/5\/2024\/09\/201908capture-decran-2019-08-08-a-08.13.48.png\",\"datePublished\":\"2019-08-08T04:20:48+00:00\",\"dateModified\":\"2019-08-08T04:20:48+00:00\",\"breadcrumb\":{\"@id\":\"https:\/\/vosgesinfo.fr\/remiremontinfo\/2019\/08\/1rdt-conteuse-slameuse-messa-saltzmann-chouchi\/#breadcrumb\"},\"inLanguage\":\"fr-FR\",\"potentialAction\":[{\"@type\":\"ReadAction\",\"target\":[\"https:\/\/vosgesinfo.fr\/remiremontinfo\/2019\/08\/1rdt-conteuse-slameuse-messa-saltzmann-chouchi\/\"]}]},{\"@type\":\"ImageObject\",\"inLanguage\":\"fr-FR\",\"@id\":\"https:\/\/vosgesinfo.fr\/remiremontinfo\/2019\/08\/1rdt-conteuse-slameuse-messa-saltzmann-chouchi\/#primaryimage\",\"url\":\"https:\/\/vosgesinfo.fr\/app\/uploads\/sites\/5\/2024\/09\/201908capture-decran-2019-08-08-a-08.13.48.png\",\"contentUrl\":\"https:\/\/vosgesinfo.fr\/app\/uploads\/sites\/5\/2024\/09\/201908capture-decran-2019-08-08-a-08.13.48.png\",\"width\":2306,\"height\":1400},{\"@type\":\"BreadcrumbList\",\"@id\":\"https:\/\/vosgesinfo.fr\/remiremontinfo\/2019\/08\/1rdt-conteuse-slameuse-messa-saltzmann-chouchi\/#breadcrumb\",\"itemListElement\":[{\"@type\":\"ListItem\",\"position\":1,\"name\":\"Home\",\"item\":\"https:\/\/vosgesinfo.fr\/remiremontinfo\/\"},{\"@type\":\"ListItem\",\"position\":2,\"name\":\"1&rsquo;RDT avec la conteuse et slameuse Messa Saltzmann-Chouchi\"}]},{\"@type\":\"WebSite\",\"@id\":\"https:\/\/vosgesinfo.fr\/remiremontinfo\/#website\",\"url\":\"https:\/\/vosgesinfo.fr\/remiremontinfo\/\",\"name\":\"Remiremont Info\",\"description\":\"Toute l&#039;actualit\u00e9 de Remiremont\",\"publisher\":{\"@id\":\"https:\/\/vosgesinfo.fr\/remiremontinfo\/#organization\"},\"alternateName\":\"Toute l'actualit\u00e9 de Remiremont\",\"potentialAction\":[{\"@type\":\"SearchAction\",\"target\":{\"@type\":\"EntryPoint\",\"urlTemplate\":\"https:\/\/vosgesinfo.fr\/remiremontinfo\/?s={search_term_string}\"},\"query-input\":\"required name=search_term_string\"}],\"inLanguage\":\"fr-FR\"},{\"@type\":\"Organization\",\"@id\":\"https:\/\/vosgesinfo.fr\/remiremontinfo\/#organization\",\"name\":\"Remiremont Info\",\"url\":\"https:\/\/vosgesinfo.fr\/remiremontinfo\/\",\"logo\":{\"@type\":\"ImageObject\",\"inLanguage\":\"fr-FR\",\"@id\":\"https:\/\/vosgesinfo.fr\/remiremontinfo\/#\/schema\/logo\/image\/\",\"url\":\"https:\/\/vosgesinfo.fr\/app\/uploads\/sites\/5\/2023\/08\/favicon-remiremontinfo.png\",\"contentUrl\":\"https:\/\/vosgesinfo.fr\/app\/uploads\/sites\/5\/2023\/08\/favicon-remiremontinfo.png\",\"width\":512,\"height\":512,\"caption\":\"Remiremont Info\"},\"image\":{\"@id\":\"https:\/\/vosgesinfo.fr\/remiremontinfo\/#\/schema\/logo\/image\/\"},\"sameAs\":[\"https:\/\/www.facebook.com\/remiremontinfo\",\"https:\/\/x.com\/VosgesInfo88\",\"https:\/\/www.youtube.com\/@vosgesinfo\"]},{\"@type\":\"Person\",\"@id\":\"https:\/\/vosgesinfo.fr\/remiremontinfo\/#\/schema\/person\/3bfd164d5218a185b1db68655a265316\",\"name\":\"C D\",\"image\":{\"@type\":\"ImageObject\",\"inLanguage\":\"fr-FR\",\"@id\":\"https:\/\/vosgesinfo.fr\/remiremontinfo\/#\/schema\/person\/image\/\",\"url\":\"https:\/\/secure.gravatar.com\/avatar\/1f9a70007336511a47468b8f1c66f922b8b7cf617b02a31149ada43893a5d48f?s=96&d=mm&r=g\",\"contentUrl\":\"https:\/\/secure.gravatar.com\/avatar\/1f9a70007336511a47468b8f1c66f922b8b7cf617b02a31149ada43893a5d48f?s=96&d=mm&r=g\",\"caption\":\"C D\"},\"url\":\"https:\/\/vosgesinfo.fr\/remiremontinfo\/author\/cedric-drevet\/\"}]}<\/script>\n<!-- \/ Yoast SEO plugin. -->","yoast_head_json":{"title":"1'RDT avec la conteuse et slameuse Messa Saltzmann-Chouchi - Remiremont Info","robots":{"index":"index","follow":"follow","max-snippet":"max-snippet:-1","max-image-preview":"max-image-preview:large","max-video-preview":"max-video-preview:-1"},"canonical":"https:\/\/vosgesinfo.fr\/remiremontinfo\/2019\/08\/1rdt-conteuse-slameuse-messa-saltzmann-chouchi\/","twitter_card":"summary_large_image","twitter_title":"1'RDT avec la conteuse et slameuse Messa Saltzmann-Chouchi - Remiremont Info","twitter_description":"Messa Saltzmann Chouchi, vosgienne d\u2019origine, est auteure, conteuse et slameuse. Elle propose des contes pour petits et grands, pour les [&hellip;]","twitter_image":"https:\/\/vosgesinfo.fr\/app\/uploads\/sites\/5\/2024\/09\/201908capture-decran-2019-08-08-a-08.13.48.png","twitter_creator":"@VosgesInfo88","twitter_site":"@VosgesInfo88","twitter_misc":{"\u00c9crit par":"C D"},"schema":{"@context":"https:\/\/schema.org","@graph":[{"@type":"Article","@id":"https:\/\/vosgesinfo.fr\/remiremontinfo\/2019\/08\/1rdt-conteuse-slameuse-messa-saltzmann-chouchi\/#article","isPartOf":{"@id":"https:\/\/vosgesinfo.fr\/remiremontinfo\/2019\/08\/1rdt-conteuse-slameuse-messa-saltzmann-chouchi\/"},"author":{"name":"C D","@id":"https:\/\/vosgesinfo.fr\/remiremontinfo\/#\/schema\/person\/3bfd164d5218a185b1db68655a265316"},"headline":"1&rsquo;RDT avec la conteuse et slameuse Messa Saltzmann-Chouchi","datePublished":"2019-08-08T04:20:48+00:00","dateModified":"2019-08-08T04:20:48+00:00","mainEntityOfPage":{"@id":"https:\/\/vosgesinfo.fr\/remiremontinfo\/2019\/08\/1rdt-conteuse-slameuse-messa-saltzmann-chouchi\/"},"wordCount":97,"commentCount":0,"publisher":{"@id":"https:\/\/vosgesinfo.fr\/remiremontinfo\/#organization"},"image":{"@id":"https:\/\/vosgesinfo.fr\/remiremontinfo\/2019\/08\/1rdt-conteuse-slameuse-messa-saltzmann-chouchi\/#primaryimage"},"thumbnailUrl":"https:\/\/vosgesinfo.fr\/app\/uploads\/sites\/5\/2024\/09\/201908capture-decran-2019-08-08-a-08.13.48.png","articleSection":["A la Une","Culture","Loisirs","Remiremont","Remiremont &amp; son canton"],"inLanguage":"fr-FR","potentialAction":[{"@type":"CommentAction","name":"Comment","target":["https:\/\/vosgesinfo.fr\/remiremontinfo\/2019\/08\/1rdt-conteuse-slameuse-messa-saltzmann-chouchi\/#respond"]}]},{"@type":"WebPage","@id":"https:\/\/vosgesinfo.fr\/remiremontinfo\/2019\/08\/1rdt-conteuse-slameuse-messa-saltzmann-chouchi\/","url":"https:\/\/vosgesinfo.fr\/remiremontinfo\/2019\/08\/1rdt-conteuse-slameuse-messa-saltzmann-chouchi\/","name":"1'RDT avec la conteuse et slameuse Messa Saltzmann-Chouchi - Remiremont Info","isPartOf":{"@id":"https:\/\/vosgesinfo.fr\/remiremontinfo\/#website"},"primaryImageOfPage":{"@id":"https:\/\/vosgesinfo.fr\/remiremontinfo\/2019\/08\/1rdt-conteuse-slameuse-messa-saltzmann-chouchi\/#primaryimage"},"image":{"@id":"https:\/\/vosgesinfo.fr\/remiremontinfo\/2019\/08\/1rdt-conteuse-slameuse-messa-saltzmann-chouchi\/#primaryimage"},"thumbnailUrl":"https:\/\/vosgesinfo.fr\/app\/uploads\/sites\/5\/2024\/09\/201908capture-decran-2019-08-08-a-08.13.48.png","datePublished":"2019-08-08T04:20:48+00:00","dateModified":"2019-08-08T04:20:48+00:00","breadcrumb":{"@id":"https:\/\/vosgesinfo.fr\/remiremontinfo\/2019\/08\/1rdt-conteuse-slameuse-messa-saltzmann-chouchi\/#breadcrumb"},"inLanguage":"fr-FR","potentialAction":[{"@type":"ReadAction","target":["https:\/\/vosgesinfo.fr\/remiremontinfo\/2019\/08\/1rdt-conteuse-slameuse-messa-saltzmann-chouchi\/"]}]},{"@type":"ImageObject","inLanguage":"fr-FR","@id":"https:\/\/vosgesinfo.fr\/remiremontinfo\/2019\/08\/1rdt-conteuse-slameuse-messa-saltzmann-chouchi\/#primaryimage","url":"https:\/\/vosgesinfo.fr\/app\/uploads\/sites\/5\/2024\/09\/201908capture-decran-2019-08-08-a-08.13.48.png","contentUrl":"https:\/\/vosgesinfo.fr\/app\/uploads\/sites\/5\/2024\/09\/201908capture-decran-2019-08-08-a-08.13.48.png","width":2306,"height":1400},{"@type":"BreadcrumbList","@id":"https:\/\/vosgesinfo.fr\/remiremontinfo\/2019\/08\/1rdt-conteuse-slameuse-messa-saltzmann-chouchi\/#breadcrumb","itemListElement":[{"@type":"ListItem","position":1,"name":"Home","item":"https:\/\/vosgesinfo.fr\/remiremontinfo\/"},{"@type":"ListItem","position":2,"name":"1&rsquo;RDT avec la conteuse et slameuse Messa Saltzmann-Chouchi"}]},{"@type":"WebSite","@id":"https:\/\/vosgesinfo.fr\/remiremontinfo\/#website","url":"https:\/\/vosgesinfo.fr\/remiremontinfo\/","name":"Remiremont Info","description":"Toute l&#039;actualit\u00e9 de Remiremont","publisher":{"@id":"https:\/\/vosgesinfo.fr\/remiremontinfo\/#organization"},"alternateName":"Toute l'actualit\u00e9 de Remiremont","potentialAction":[{"@type":"SearchAction","target":{"@type":"EntryPoint","urlTemplate":"https:\/\/vosgesinfo.fr\/remiremontinfo\/?s={search_term_string}"},"query-input":"required name=search_term_string"}],"inLanguage":"fr-FR"},{"@type":"Organization","@id":"https:\/\/vosgesinfo.fr\/remiremontinfo\/#organization","name":"Remiremont Info","url":"https:\/\/vosgesinfo.fr\/remiremontinfo\/","logo":{"@type":"ImageObject","inLanguage":"fr-FR","@id":"https:\/\/vosgesinfo.fr\/remiremontinfo\/#\/schema\/logo\/image\/","url":"https:\/\/vosgesinfo.fr\/app\/uploads\/sites\/5\/2023\/08\/favicon-remiremontinfo.png","contentUrl":"https:\/\/vosgesinfo.fr\/app\/uploads\/sites\/5\/2023\/08\/favicon-remiremontinfo.png","width":512,"height":512,"caption":"Remiremont Info"},"image":{"@id":"https:\/\/vosgesinfo.fr\/remiremontinfo\/#\/schema\/logo\/image\/"},"sameAs":["https:\/\/www.facebook.com\/remiremontinfo","https:\/\/x.com\/VosgesInfo88","https:\/\/www.youtube.com\/@vosgesinfo"]},{"@type":"Person","@id":"https:\/\/vosgesinfo.fr\/remiremontinfo\/#\/schema\/person\/3bfd164d5218a185b1db68655a265316","name":"C D","image":{"@type":"ImageObject","inLanguage":"fr-FR","@id":"https:\/\/vosgesinfo.fr\/remiremontinfo\/#\/schema\/person\/image\/","url":"https:\/\/secure.gravatar.com\/avatar\/1f9a70007336511a47468b8f1c66f922b8b7cf617b02a31149ada43893a5d48f?s=96&d=mm&r=g","contentUrl":"https:\/\/secure.gravatar.com\/avatar\/1f9a70007336511a47468b8f1c66f922b8b7cf617b02a31149ada43893a5d48f?s=96&d=mm&r=g","caption":"C D"},"url":"https:\/\/vosgesinfo.fr\/remiremontinfo\/author\/cedric-drevet\/"}]}},"_links":{"self":[{"href":"https:\/\/vosgesinfo.fr\/remiremontinfo\/wp-json\/wp\/v2\/posts\/18754","targetHints":{"allow":["GET"]}}],"collection":[{"href":"https:\/\/vosgesinfo.fr\/remiremontinfo\/wp-json\/wp\/v2\/posts"}],"about":[{"href":"https:\/\/vosgesinfo.fr\/remiremontinfo\/wp-json\/wp\/v2\/types\/post"}],"author":[{"embeddable":true,"href":"https:\/\/vosgesinfo.fr\/remiremontinfo\/wp-json\/wp\/v2\/users\/407"}],"replies":[{"embeddable":true,"href":"https:\/\/vosgesinfo.fr\/remiremontinfo\/wp-json\/wp\/v2\/comments?post=18754"}],"version-history":[{"count":0,"href":"https:\/\/vosgesinfo.fr\/remiremontinfo\/wp-json\/wp\/v2\/posts\/18754\/revisions"}],"wp:featuredmedia":[{"embeddable":true,"href":"https:\/\/vosgesinfo.fr\/remiremontinfo\/wp-json\/wp\/v2\/media\/18755"}],"wp:attachment":[{"href":"https:\/\/vosgesinfo.fr\/remiremontinfo\/wp-json\/wp\/v2\/media?parent=18754"}],"wp:term":[{"taxonomy":"category","embeddable":true,"href":"https:\/\/vosgesinfo.fr\/remiremontinfo\/wp-json\/wp\/v2\/categories?post=18754"},{"taxonomy":"post_tag","embeddable":true,"href":"https:\/\/vosgesinfo.fr\/remiremontinfo\/wp-json\/wp\/v2\/tags?post=18754"}],"curies":[{"name":"wp","href":"https:\/\/api.w.org\/{rel}","templated":true}]}}