{"id":194,"date":"2023-08-10T09:40:08","date_gmt":"2023-08-10T07:40:08","guid":{"rendered":"https:\/\/vosgesinfo.fr\/remiremontinfo\/2023\/08\/la-compagnie-des-jolies-momes-reprend-la-route\/"},"modified":"2024-01-31T15:54:12","modified_gmt":"2024-01-31T14:54:12","slug":"la-compagnie-des-jolies-momes-reprend-la-route","status":"publish","type":"post","link":"https:\/\/vosgesinfo.fr\/remiremontinfo\/2023\/08\/la-compagnie-des-jolies-momes-reprend-la-route\/","title":{"rendered":"La Compagnie des Jolies M\u00f4mes reprend la route"},"content":{"rendered":"<p class=\"text-build-content\">La Compagnie des Jolies M\u00f4mes communique :<\/p>\n<p class=\"text-build-content\"><b>10 repr\u00e9sentations \u00e0 travers les Vosges du 19 ao\u00fbt au 9 septembre.<a href=\"https:\/\/remiremontinfo.fr\/wp-content\/uploads\/2023\/08\/Les-jolies-momes-1.png\"><img decoding=\"async\" class=\"alignright size-medium wp-image-374954\" src=\"https:\/\/vosgesinfo.fr\/app\/uploads\/sites\/5\/2023\/08\/les-jolies-momes-1.png\" alt=\"Les jolies momes 1\" width=\"400\" height=\"133\" \/><\/a><\/b><\/p>\n<p class=\"text-build-content\"><b>Un spectacle \u00e0 voir en famille ou entre amis, une place de village, le paysage vosgien comme d\u00e9cors, &#8230; et la magie op\u00e8re !<\/b><\/p>\n<p class=\"text-build-content\">\u00a0<b><u>Soud\u00e9es, une com\u00e9die en 3 actes pour femmes au caract\u00e8re bien tremp\u00e9.<\/u><\/b><\/p>\n<p class=\"text-build-content\">\u00a0\u00bb Elles n&rsquo;ont pas froid aux yeux et pourtant la vie leur en envoie plein la figure. Elles n&rsquo;ont pas de barri\u00e8re et pourtant il y a en a sur leur passage.\u00a0Elles n&rsquo;ont pas la m\u00eame histoire t pourtant, elles sont soud\u00e9es. \u00ab\u00a0<\/p>\n<p class=\"text-build-content\">Nous allons vous raconter leurs cheminements, entrem\u00eal\u00e9s et virevoltants. On rit, on pleure, quand on ne pleure pas de rire&#8230;<\/p>\n<p class=\"text-build-content\">\u00a0<b><u>O\u00f9, quand ?<\/u><\/b><\/p>\n<div>\n<table border=\"0\" cellspacing=\"0\" cellpadding=\"0\" align=\"center\">\n<tbody>\n<tr>\n<td>\n<div class=\"mj-column-per-50 mj-outlook-group-fix\">\n<table border=\"0\" width=\"100%\" cellspacing=\"0\" cellpadding=\"0\">\n<tbody>\n<tr>\n<td align=\"left\">\n<div>\n<p class=\"text-build-content\"><b>&#8211; Samedi 19 ao\u00fbt, MIRECOURT<\/b><\/p>\n<p class=\"text-build-content\">20h30, Cour Stanislas \u2013 repli Grange \u00e0 sons<\/p>\n<p class=\"text-build-content\"><b>&#8211; Dimanche 20 ao\u00fbt, JEUXEY<\/b><\/p>\n<p class=\"text-build-content\">17h, Terrain multi-sports les pr\u00e8s du moulin \u2013 repli salle polyvalente<\/p>\n<p class=\"text-build-content\"><b>&#8211; Lundi 21 ao\u00fbt, LA-V\u00d4GE-LES-BAINS<\/b><\/p>\n<p class=\"text-build-content\">20h30 Derri\u00e8re le CAL (Centre d&rsquo;Animation et de Loisirs) \u2013 repli salle des f\u00eates<\/p>\n<p class=\"text-build-content\"><b>&#8211; Mardi 22 ao\u00fbt, GRANDVILLERS<\/b><\/p>\n<p class=\"text-build-content\">20h30, Parking de l&rsquo;\u00c9glise \u2013 repli salle polyvalente<\/p>\n<p class=\"text-build-content\"><b>&#8211; Mercredi 23 ao\u00fbt, RAMBERVILLERS<\/b><\/p>\n<p class=\"text-build-content\">20h30, Maison du peuple<\/p>\n<\/div>\n<\/td>\n<\/tr>\n<\/tbody>\n<\/table>\n<\/div>\n<div class=\"mj-column-per-50 mj-outlook-group-fix\">\n<table border=\"0\" width=\"100%\" cellspacing=\"0\" cellpadding=\"0\">\n<tbody>\n<tr>\n<td align=\"left\">\n<div>\n<p class=\"text-build-content\"><b>&#8211; Vendredi 25 ao\u00fbt, ARCHES<\/b><\/p>\n<p class=\"text-build-content\">20h30, Place de la mairie \u2013 repli salle des f\u00eates<\/p>\n<p class=\"text-build-content\"><b>&#8211; Samedi 26 ao\u00fbt, TREMONTZEY<\/b><\/p>\n<p class=\"text-build-content\">20h30, \u00e0 c\u00f4t\u00e9 de la salle polyvalente \u2013 repli salle polyvalente<\/p>\n<p class=\"text-build-content\"><b>&#8211; Dimanche 27 ao\u00fbt, CONTREXEVILLE<\/b><\/p>\n<p class=\"text-build-content\">16h, Parc thermal \u2013 repli sous la galerie<\/p>\n<p class=\"text-build-content\"><b>&#8211; Vendredi 8 septembre, DAMAS-AUX-BOIS<\/b><\/p>\n<p class=\"text-build-content\">20h, Place du Paquis \u2013 repli salle des f\u00eates<\/p>\n<p class=\"text-build-content\"><b>&#8211; Samedi 9 septembre, RAON-AUX-BOIS<\/b><\/p>\n<p class=\"text-build-content\">20h, Parking salle polyvalente\u2013 repli salle polyvalente<\/p>\n<\/div>\n<\/td>\n<\/tr>\n<\/tbody>\n<\/table>\n<\/div>\n<\/td>\n<\/tr>\n<\/tbody>\n<\/table>\n<\/div>\n<div>\n<table border=\"0\" cellspacing=\"0\" cellpadding=\"0\" align=\"center\">\n<tbody>\n<tr>\n<td>\n<div class=\"mj-column-per-100 mj-outlook-group-fix\">\n<table border=\"0\" width=\"100%\" cellspacing=\"0\" cellpadding=\"0\">\n<tbody>\n<tr>\n<td align=\"left\"><\/td>\n<\/tr>\n<\/tbody>\n<\/table>\n<\/div>\n<\/td>\n<\/tr>\n<\/tbody>\n<\/table>\n<\/div>\n","protected":false},"excerpt":{"rendered":"<p>La Compagnie des Jolies M\u00f4mes communique : 10 repr\u00e9sentations \u00e0 travers les Vosges du 19 ao\u00fbt au 9 septembre. Un [&hellip;]<\/p>\n","protected":false},"author":412,"featured_media":195,"comment_status":"open","ping_status":"open","sticky":false,"template":"","format":"standard","meta":{"footnotes":""},"categories":[26,54,18],"tags":[55,56,32],"class_list":["post-194","post","type-post","status-publish","format-standard","has-post-thumbnail","hentry","category-a-la-une","category-loisirs","category-vosges","tag-loisirs","tag-theatre","tag-vosges"],"acf":[],"yoast_head":"<!-- This site is optimized with the Yoast SEO plugin v22.5 - https:\/\/yoast.com\/wordpress\/plugins\/seo\/ -->\n<title>La Compagnie des Jolies M\u00f4mes reprend la route - Remiremont Info<\/title>\n<meta name=\"robots\" content=\"index, follow, max-snippet:-1, max-image-preview:large, max-video-preview:-1\" \/>\n<link rel=\"canonical\" href=\"https:\/\/vosgesinfo.fr\/remiremontinfo\/2023\/08\/la-compagnie-des-jolies-momes-reprend-la-route\/\" \/>\n<meta name=\"twitter:card\" content=\"summary_large_image\" \/>\n<meta name=\"twitter:title\" content=\"La Compagnie des Jolies M\u00f4mes reprend la route - Remiremont Info\" \/>\n<meta name=\"twitter:description\" content=\"La Compagnie des Jolies M\u00f4mes communique : 10 repr\u00e9sentations \u00e0 travers les Vosges du 19 ao\u00fbt au 9 septembre. Un [&hellip;]\" \/>\n<meta name=\"twitter:image\" content=\"https:\/\/vosgesinfo.fr\/app\/uploads\/sites\/5\/2023\/08\/les-jolies-momes-2-affiche.jpg\" \/>\n<meta name=\"twitter:creator\" content=\"@VosgesInfo88\" \/>\n<meta name=\"twitter:site\" content=\"@VosgesInfo88\" \/>\n<meta name=\"twitter:label1\" content=\"\u00c9crit par\" \/>\n\t<meta name=\"twitter:data1\" content=\"Stany Maurice\" \/>\n\t<meta name=\"twitter:label2\" content=\"Dur\u00e9e de lecture estim\u00e9e\" \/>\n\t<meta name=\"twitter:data2\" content=\"1 minute\" \/>\n<script type=\"application\/ld+json\" class=\"yoast-schema-graph\">{\"@context\":\"https:\/\/schema.org\",\"@graph\":[{\"@type\":\"Article\",\"@id\":\"https:\/\/vosgesinfo.fr\/remiremontinfo\/2023\/08\/la-compagnie-des-jolies-momes-reprend-la-route\/#article\",\"isPartOf\":{\"@id\":\"https:\/\/vosgesinfo.fr\/remiremontinfo\/2023\/08\/la-compagnie-des-jolies-momes-reprend-la-route\/\"},\"author\":{\"name\":\"Stany Maurice\",\"@id\":\"https:\/\/vosgesinfo.fr\/remiremontinfo\/#\/schema\/person\/bec388675ce53b5a637aec04392f977e\"},\"headline\":\"La Compagnie des Jolies M\u00f4mes reprend la route\",\"datePublished\":\"2023-08-10T07:40:08+00:00\",\"dateModified\":\"2024-01-31T14:54:12+00:00\",\"mainEntityOfPage\":{\"@id\":\"https:\/\/vosgesinfo.fr\/remiremontinfo\/2023\/08\/la-compagnie-des-jolies-momes-reprend-la-route\/\"},\"wordCount\":272,\"commentCount\":0,\"publisher\":{\"@id\":\"https:\/\/vosgesinfo.fr\/remiremontinfo\/#organization\"},\"image\":{\"@id\":\"https:\/\/vosgesinfo.fr\/remiremontinfo\/2023\/08\/la-compagnie-des-jolies-momes-reprend-la-route\/#primaryimage\"},\"thumbnailUrl\":\"https:\/\/vosgesinfo.fr\/app\/uploads\/sites\/5\/2023\/08\/les-jolies-momes-2-affiche.jpg\",\"keywords\":[\"Loisirs\",\"th\u00e9\u00e2tre\",\"Vosges\"],\"articleSection\":[\"A la Une\",\"Loisirs\",\"Vosges\"],\"inLanguage\":\"fr-FR\",\"potentialAction\":[{\"@type\":\"CommentAction\",\"name\":\"Comment\",\"target\":[\"https:\/\/vosgesinfo.fr\/remiremontinfo\/2023\/08\/la-compagnie-des-jolies-momes-reprend-la-route\/#respond\"]}]},{\"@type\":\"WebPage\",\"@id\":\"https:\/\/vosgesinfo.fr\/remiremontinfo\/2023\/08\/la-compagnie-des-jolies-momes-reprend-la-route\/\",\"url\":\"https:\/\/vosgesinfo.fr\/remiremontinfo\/2023\/08\/la-compagnie-des-jolies-momes-reprend-la-route\/\",\"name\":\"La Compagnie des Jolies M\u00f4mes reprend la route - Remiremont Info\",\"isPartOf\":{\"@id\":\"https:\/\/vosgesinfo.fr\/remiremontinfo\/#website\"},\"primaryImageOfPage\":{\"@id\":\"https:\/\/vosgesinfo.fr\/remiremontinfo\/2023\/08\/la-compagnie-des-jolies-momes-reprend-la-route\/#primaryimage\"},\"image\":{\"@id\":\"https:\/\/vosgesinfo.fr\/remiremontinfo\/2023\/08\/la-compagnie-des-jolies-momes-reprend-la-route\/#primaryimage\"},\"thumbnailUrl\":\"https:\/\/vosgesinfo.fr\/app\/uploads\/sites\/5\/2023\/08\/les-jolies-momes-2-affiche.jpg\",\"datePublished\":\"2023-08-10T07:40:08+00:00\",\"dateModified\":\"2024-01-31T14:54:12+00:00\",\"breadcrumb\":{\"@id\":\"https:\/\/vosgesinfo.fr\/remiremontinfo\/2023\/08\/la-compagnie-des-jolies-momes-reprend-la-route\/#breadcrumb\"},\"inLanguage\":\"fr-FR\",\"potentialAction\":[{\"@type\":\"ReadAction\",\"target\":[\"https:\/\/vosgesinfo.fr\/remiremontinfo\/2023\/08\/la-compagnie-des-jolies-momes-reprend-la-route\/\"]}]},{\"@type\":\"ImageObject\",\"inLanguage\":\"fr-FR\",\"@id\":\"https:\/\/vosgesinfo.fr\/remiremontinfo\/2023\/08\/la-compagnie-des-jolies-momes-reprend-la-route\/#primaryimage\",\"url\":\"https:\/\/vosgesinfo.fr\/app\/uploads\/sites\/5\/2023\/08\/les-jolies-momes-2-affiche.jpg\",\"contentUrl\":\"https:\/\/vosgesinfo.fr\/app\/uploads\/sites\/5\/2023\/08\/les-jolies-momes-2-affiche.jpg\",\"width\":1754,\"height\":2481},{\"@type\":\"BreadcrumbList\",\"@id\":\"https:\/\/vosgesinfo.fr\/remiremontinfo\/2023\/08\/la-compagnie-des-jolies-momes-reprend-la-route\/#breadcrumb\",\"itemListElement\":[{\"@type\":\"ListItem\",\"position\":1,\"name\":\"Home\",\"item\":\"https:\/\/vosgesinfo.fr\/remiremontinfo\/\"},{\"@type\":\"ListItem\",\"position\":2,\"name\":\"La Compagnie des Jolies M\u00f4mes reprend la route\"}]},{\"@type\":\"WebSite\",\"@id\":\"https:\/\/vosgesinfo.fr\/remiremontinfo\/#website\",\"url\":\"https:\/\/vosgesinfo.fr\/remiremontinfo\/\",\"name\":\"Remiremont Info\",\"description\":\"Toute l&#039;actualit\u00e9 de Remiremont\",\"publisher\":{\"@id\":\"https:\/\/vosgesinfo.fr\/remiremontinfo\/#organization\"},\"alternateName\":\"Toute l'actualit\u00e9 de Remiremont\",\"potentialAction\":[{\"@type\":\"SearchAction\",\"target\":{\"@type\":\"EntryPoint\",\"urlTemplate\":\"https:\/\/vosgesinfo.fr\/remiremontinfo\/?s={search_term_string}\"},\"query-input\":\"required name=search_term_string\"}],\"inLanguage\":\"fr-FR\"},{\"@type\":\"Organization\",\"@id\":\"https:\/\/vosgesinfo.fr\/remiremontinfo\/#organization\",\"name\":\"Remiremont Info\",\"url\":\"https:\/\/vosgesinfo.fr\/remiremontinfo\/\",\"logo\":{\"@type\":\"ImageObject\",\"inLanguage\":\"fr-FR\",\"@id\":\"https:\/\/vosgesinfo.fr\/remiremontinfo\/#\/schema\/logo\/image\/\",\"url\":\"https:\/\/vosgesinfo.fr\/app\/uploads\/sites\/5\/2023\/08\/favicon-remiremontinfo.png\",\"contentUrl\":\"https:\/\/vosgesinfo.fr\/app\/uploads\/sites\/5\/2023\/08\/favicon-remiremontinfo.png\",\"width\":512,\"height\":512,\"caption\":\"Remiremont Info\"},\"image\":{\"@id\":\"https:\/\/vosgesinfo.fr\/remiremontinfo\/#\/schema\/logo\/image\/\"},\"sameAs\":[\"https:\/\/www.facebook.com\/remiremontinfo\",\"https:\/\/x.com\/VosgesInfo88\",\"https:\/\/www.youtube.com\/@vosgesinfo\"]},{\"@type\":\"Person\",\"@id\":\"https:\/\/vosgesinfo.fr\/remiremontinfo\/#\/schema\/person\/bec388675ce53b5a637aec04392f977e\",\"name\":\"Stany Maurice\",\"image\":{\"@type\":\"ImageObject\",\"inLanguage\":\"fr-FR\",\"@id\":\"https:\/\/vosgesinfo.fr\/remiremontinfo\/#\/schema\/person\/image\/\",\"url\":\"https:\/\/secure.gravatar.com\/avatar\/68520b0c74251371bd10958bd19c3ce39a212093b8fff0dc3edbfcfddd089807?s=96&d=mm&r=g\",\"contentUrl\":\"https:\/\/secure.gravatar.com\/avatar\/68520b0c74251371bd10958bd19c3ce39a212093b8fff0dc3edbfcfddd089807?s=96&d=mm&r=g\",\"caption\":\"Stany Maurice\"},\"url\":\"https:\/\/vosgesinfo.fr\/remiremontinfo\/author\/s-maurice\/\"}]}<\/script>\n<!-- \/ Yoast SEO plugin. -->","yoast_head_json":{"title":"La Compagnie des Jolies M\u00f4mes reprend la route - Remiremont Info","robots":{"index":"index","follow":"follow","max-snippet":"max-snippet:-1","max-image-preview":"max-image-preview:large","max-video-preview":"max-video-preview:-1"},"canonical":"https:\/\/vosgesinfo.fr\/remiremontinfo\/2023\/08\/la-compagnie-des-jolies-momes-reprend-la-route\/","twitter_card":"summary_large_image","twitter_title":"La Compagnie des Jolies M\u00f4mes reprend la route - Remiremont Info","twitter_description":"La Compagnie des Jolies M\u00f4mes communique : 10 repr\u00e9sentations \u00e0 travers les Vosges du 19 ao\u00fbt au 9 septembre. Un [&hellip;]","twitter_image":"https:\/\/vosgesinfo.fr\/app\/uploads\/sites\/5\/2023\/08\/les-jolies-momes-2-affiche.jpg","twitter_creator":"@VosgesInfo88","twitter_site":"@VosgesInfo88","twitter_misc":{"\u00c9crit par":"Stany Maurice","Dur\u00e9e de lecture estim\u00e9e":"1 minute"},"schema":{"@context":"https:\/\/schema.org","@graph":[{"@type":"Article","@id":"https:\/\/vosgesinfo.fr\/remiremontinfo\/2023\/08\/la-compagnie-des-jolies-momes-reprend-la-route\/#article","isPartOf":{"@id":"https:\/\/vosgesinfo.fr\/remiremontinfo\/2023\/08\/la-compagnie-des-jolies-momes-reprend-la-route\/"},"author":{"name":"Stany Maurice","@id":"https:\/\/vosgesinfo.fr\/remiremontinfo\/#\/schema\/person\/bec388675ce53b5a637aec04392f977e"},"headline":"La Compagnie des Jolies M\u00f4mes reprend la route","datePublished":"2023-08-10T07:40:08+00:00","dateModified":"2024-01-31T14:54:12+00:00","mainEntityOfPage":{"@id":"https:\/\/vosgesinfo.fr\/remiremontinfo\/2023\/08\/la-compagnie-des-jolies-momes-reprend-la-route\/"},"wordCount":272,"commentCount":0,"publisher":{"@id":"https:\/\/vosgesinfo.fr\/remiremontinfo\/#organization"},"image":{"@id":"https:\/\/vosgesinfo.fr\/remiremontinfo\/2023\/08\/la-compagnie-des-jolies-momes-reprend-la-route\/#primaryimage"},"thumbnailUrl":"https:\/\/vosgesinfo.fr\/app\/uploads\/sites\/5\/2023\/08\/les-jolies-momes-2-affiche.jpg","keywords":["Loisirs","th\u00e9\u00e2tre","Vosges"],"articleSection":["A la Une","Loisirs","Vosges"],"inLanguage":"fr-FR","potentialAction":[{"@type":"CommentAction","name":"Comment","target":["https:\/\/vosgesinfo.fr\/remiremontinfo\/2023\/08\/la-compagnie-des-jolies-momes-reprend-la-route\/#respond"]}]},{"@type":"WebPage","@id":"https:\/\/vosgesinfo.fr\/remiremontinfo\/2023\/08\/la-compagnie-des-jolies-momes-reprend-la-route\/","url":"https:\/\/vosgesinfo.fr\/remiremontinfo\/2023\/08\/la-compagnie-des-jolies-momes-reprend-la-route\/","name":"La Compagnie des Jolies M\u00f4mes reprend la route - Remiremont Info","isPartOf":{"@id":"https:\/\/vosgesinfo.fr\/remiremontinfo\/#website"},"primaryImageOfPage":{"@id":"https:\/\/vosgesinfo.fr\/remiremontinfo\/2023\/08\/la-compagnie-des-jolies-momes-reprend-la-route\/#primaryimage"},"image":{"@id":"https:\/\/vosgesinfo.fr\/remiremontinfo\/2023\/08\/la-compagnie-des-jolies-momes-reprend-la-route\/#primaryimage"},"thumbnailUrl":"https:\/\/vosgesinfo.fr\/app\/uploads\/sites\/5\/2023\/08\/les-jolies-momes-2-affiche.jpg","datePublished":"2023-08-10T07:40:08+00:00","dateModified":"2024-01-31T14:54:12+00:00","breadcrumb":{"@id":"https:\/\/vosgesinfo.fr\/remiremontinfo\/2023\/08\/la-compagnie-des-jolies-momes-reprend-la-route\/#breadcrumb"},"inLanguage":"fr-FR","potentialAction":[{"@type":"ReadAction","target":["https:\/\/vosgesinfo.fr\/remiremontinfo\/2023\/08\/la-compagnie-des-jolies-momes-reprend-la-route\/"]}]},{"@type":"ImageObject","inLanguage":"fr-FR","@id":"https:\/\/vosgesinfo.fr\/remiremontinfo\/2023\/08\/la-compagnie-des-jolies-momes-reprend-la-route\/#primaryimage","url":"https:\/\/vosgesinfo.fr\/app\/uploads\/sites\/5\/2023\/08\/les-jolies-momes-2-affiche.jpg","contentUrl":"https:\/\/vosgesinfo.fr\/app\/uploads\/sites\/5\/2023\/08\/les-jolies-momes-2-affiche.jpg","width":1754,"height":2481},{"@type":"BreadcrumbList","@id":"https:\/\/vosgesinfo.fr\/remiremontinfo\/2023\/08\/la-compagnie-des-jolies-momes-reprend-la-route\/#breadcrumb","itemListElement":[{"@type":"ListItem","position":1,"name":"Home","item":"https:\/\/vosgesinfo.fr\/remiremontinfo\/"},{"@type":"ListItem","position":2,"name":"La Compagnie des Jolies M\u00f4mes reprend la route"}]},{"@type":"WebSite","@id":"https:\/\/vosgesinfo.fr\/remiremontinfo\/#website","url":"https:\/\/vosgesinfo.fr\/remiremontinfo\/","name":"Remiremont Info","description":"Toute l&#039;actualit\u00e9 de Remiremont","publisher":{"@id":"https:\/\/vosgesinfo.fr\/remiremontinfo\/#organization"},"alternateName":"Toute l'actualit\u00e9 de Remiremont","potentialAction":[{"@type":"SearchAction","target":{"@type":"EntryPoint","urlTemplate":"https:\/\/vosgesinfo.fr\/remiremontinfo\/?s={search_term_string}"},"query-input":"required name=search_term_string"}],"inLanguage":"fr-FR"},{"@type":"Organization","@id":"https:\/\/vosgesinfo.fr\/remiremontinfo\/#organization","name":"Remiremont Info","url":"https:\/\/vosgesinfo.fr\/remiremontinfo\/","logo":{"@type":"ImageObject","inLanguage":"fr-FR","@id":"https:\/\/vosgesinfo.fr\/remiremontinfo\/#\/schema\/logo\/image\/","url":"https:\/\/vosgesinfo.fr\/app\/uploads\/sites\/5\/2023\/08\/favicon-remiremontinfo.png","contentUrl":"https:\/\/vosgesinfo.fr\/app\/uploads\/sites\/5\/2023\/08\/favicon-remiremontinfo.png","width":512,"height":512,"caption":"Remiremont Info"},"image":{"@id":"https:\/\/vosgesinfo.fr\/remiremontinfo\/#\/schema\/logo\/image\/"},"sameAs":["https:\/\/www.facebook.com\/remiremontinfo","https:\/\/x.com\/VosgesInfo88","https:\/\/www.youtube.com\/@vosgesinfo"]},{"@type":"Person","@id":"https:\/\/vosgesinfo.fr\/remiremontinfo\/#\/schema\/person\/bec388675ce53b5a637aec04392f977e","name":"Stany Maurice","image":{"@type":"ImageObject","inLanguage":"fr-FR","@id":"https:\/\/vosgesinfo.fr\/remiremontinfo\/#\/schema\/person\/image\/","url":"https:\/\/secure.gravatar.com\/avatar\/68520b0c74251371bd10958bd19c3ce39a212093b8fff0dc3edbfcfddd089807?s=96&d=mm&r=g","contentUrl":"https:\/\/secure.gravatar.com\/avatar\/68520b0c74251371bd10958bd19c3ce39a212093b8fff0dc3edbfcfddd089807?s=96&d=mm&r=g","caption":"Stany Maurice"},"url":"https:\/\/vosgesinfo.fr\/remiremontinfo\/author\/s-maurice\/"}]}},"_links":{"self":[{"href":"https:\/\/vosgesinfo.fr\/remiremontinfo\/wp-json\/wp\/v2\/posts\/194","targetHints":{"allow":["GET"]}}],"collection":[{"href":"https:\/\/vosgesinfo.fr\/remiremontinfo\/wp-json\/wp\/v2\/posts"}],"about":[{"href":"https:\/\/vosgesinfo.fr\/remiremontinfo\/wp-json\/wp\/v2\/types\/post"}],"author":[{"embeddable":true,"href":"https:\/\/vosgesinfo.fr\/remiremontinfo\/wp-json\/wp\/v2\/users\/412"}],"replies":[{"embeddable":true,"href":"https:\/\/vosgesinfo.fr\/remiremontinfo\/wp-json\/wp\/v2\/comments?post=194"}],"version-history":[{"count":1,"href":"https:\/\/vosgesinfo.fr\/remiremontinfo\/wp-json\/wp\/v2\/posts\/194\/revisions"}],"predecessor-version":[{"id":568,"href":"https:\/\/vosgesinfo.fr\/remiremontinfo\/wp-json\/wp\/v2\/posts\/194\/revisions\/568"}],"wp:featuredmedia":[{"embeddable":true,"href":"https:\/\/vosgesinfo.fr\/remiremontinfo\/wp-json\/wp\/v2\/media\/195"}],"wp:attachment":[{"href":"https:\/\/vosgesinfo.fr\/remiremontinfo\/wp-json\/wp\/v2\/media?parent=194"}],"wp:term":[{"taxonomy":"category","embeddable":true,"href":"https:\/\/vosgesinfo.fr\/remiremontinfo\/wp-json\/wp\/v2\/categories?post=194"},{"taxonomy":"post_tag","embeddable":true,"href":"https:\/\/vosgesinfo.fr\/remiremontinfo\/wp-json\/wp\/v2\/tags?post=194"}],"curies":[{"name":"wp","href":"https:\/\/api.w.org\/{rel}","templated":true}]}}