{"id":19750,"date":"2019-08-27T15:30:13","date_gmt":"2019-08-27T13:30:13","guid":{"rendered":"https:\/\/vosgesinfo.fr\/remiremontinfo\/2019\/08\/cest-rentree-a-danse-moderne-academy\/"},"modified":"2019-08-27T15:30:13","modified_gmt":"2019-08-27T13:30:13","slug":"cest-rentree-a-danse-moderne-academy","status":"publish","type":"post","link":"https:\/\/vosgesinfo.fr\/remiremontinfo\/2019\/08\/cest-rentree-a-danse-moderne-academy\/","title":{"rendered":"C&rsquo;est la rentr\u00e9e \u00e0 la Danse Moderne Academy!"},"content":{"rendered":"<p style=\"text-align: center;\" align=\"LEFT\"><a href=\"\/2019\/08\/DMA-rentr\u00e9e.jpg\"><img decoding=\"async\" class=\"alignnone size-full wp-image-267219\" src=\"\/2019\/08\/DMA-rentr\u00e9e.jpg\" alt=\"DMA rentr\u00e9e\" width=\"595\" height=\"842\" \/><\/a><\/p>\n<p align=\"LEFT\">Apr\u00e8s un repos estival bien m\u00e9rit\u00e9 pour tous, adh\u00e9rents comme b\u00e9n\u00e9voles,\u00a0la danse moderne academy\u00a0prend\u00a0le chemin de la rentr\u00e9e d\u00e8s le lundi\u00a02 septembre pour cette nouvelle saison 2019 &#8211; 2020.<\/p>\n<p align=\"LEFT\">Dans\u00a0son sac \u00e0 dos d\u00e9j\u00e0 bien rempli, la DMA propose des cours en danse moderne\/ modern jazz \/street modern et Hip-hop.<\/p>\n<p align=\"LEFT\">Les coachs, Ang\u00e9lique, Marie et Pierre sont comme toujours motiv\u00e9s et bien d\u00e9cid\u00e9s \u00e0 proposer, \u00e0 l&rsquo;issue de 4 mois d\u2019entra\u00eenement, un spectacle de fin d&rsquo;ann\u00e9e de qualit\u00e9, qui saura, comme depuis plusieurs ann\u00e9es maintenant, satisfaire les spectateurs qui suivent ou d\u00e9couvrent la DMA\u00a0lors de\u00a0ses spectacles !<\/p>\n<p align=\"LEFT\"><span style=\"font-family: Helvetica;\">Cette ann\u00e9e,\u00a0rendez-vous le <\/span><b><span style=\"font-family: Helvetica-Bold;\">vendredi 13 <span style=\"font-family: Helvetica-Bold;\"><b>d\u00e9cembre 2019 <\/b><\/span><span style=\"font-family: Helvetica;\">au Centre Culturel Gilbert Zaug de Remiremont.<\/span><\/span><\/b><\/p>\n<p align=\"LEFT\">Informations pratiques :<\/p>\n<p align=\"LEFT\"><span style=\"font-family: Helvetica;\">Tarif unique \u00e0 l&rsquo;ann\u00e9e : <\/span><b><span style=\"font-family: Helvetica-Bold;\">80 euros <\/span><\/b><span style=\"font-family: Helvetica;\">(donnant droit \u00e0 assister \u00e0 plusieurs cours si vous le souhaitez)<\/span><\/p>\n<p align=\"LEFT\">Acceptation des bons Caf pour le r\u00e8glement.<\/p>\n<p align=\"LEFT\">Horaires et lieux:<\/p>\n<p align=\"LEFT\">Salle polyvalente de Remiremont (rue Paul Doumer en face des imp\u00f4ts)<\/p>\n<p align=\"LEFT\">Cours avec Ang\u00e9lique<\/p>\n<p align=\"LEFT\">&#8211; Mardi : 18h30\/20h, cours de danse moderne jazz\/Hip-hop, \u00e0 partir de 15 ans et adultes.<\/p>\n<p align=\"LEFT\">&#8211; Mercredi : 19h30\/21h, cours de danse moderne, Adultes.<\/p>\n<p align=\"LEFT\">Cours avec Marie<\/p>\n<p align=\"LEFT\">&#8211; Samedi : 13h30\/14h30, cours de danse moderne, 5\/8 ans.<\/p>\n<p align=\"LEFT\">14h30\/15h30, cours de danse moderne, 8\/10 ans.<\/p>\n<p align=\"LEFT\">15h30\/16h30, cours de danse moderne, 11\/14 ans.<\/p>\n<p align=\"LEFT\">Cours avec Pierre<\/p>\n<p align=\"LEFT\">&#8211; Samedi : 10h\/12h, cours de Hip-hop, + 15 ans.<\/p>\n<p align=\"LEFT\">Gymnase du Lyc\u00e9e Andr\u00e9 Malraux<\/p>\n<p align=\"LEFT\">Cours avec Kevin<\/p>\n<p align=\"LEFT\">Lundi : 18h00\/19H00, cours de breakdance top rock, 6\/14 ans<\/p>\n<p align=\"LEFT\">19h00\/20H00, cours de breakdance top rock, 15 ans et adultes<\/p>\n<p align=\"LEFT\">Cours avec Pierre<\/p>\n<p align=\"LEFT\">&#8211; Mercredi : 18h00\/19h00, cours de Hip-hop, 5\/10 ans.<\/p>\n<p align=\"LEFT\">18h00\/20h00, cours de Hip-hop, 11\/14 ans.<\/p>\n<p align=\"LEFT\"><span style=\"font-family: Helvetica;\">Tarif unique : 80 <\/span><span style=\"font-family: Helvetica;\">\u20ac <\/span><span style=\"font-family: Helvetica;\">la saison<\/span><\/p>\n<p align=\"LEFT\">Contacts \/ renseignements :<\/p>\n<p align=\"LEFT\">C\u00e9line MILLOTTE<\/p>\n<p align=\"LEFT\">contact.dma88@gmail.com<\/p>\n<p>06\/65\/58\/52\/97<\/p>\n<p>&nbsp;<\/p>\n","protected":false},"excerpt":{"rendered":"<p>Apr\u00e8s un repos estival bien m\u00e9rit\u00e9 pour tous, adh\u00e9rents comme b\u00e9n\u00e9voles,\u00a0la danse moderne academy\u00a0prend\u00a0le chemin de la rentr\u00e9e d\u00e8s le [&hellip;]<\/p>\n","protected":false},"author":1,"featured_media":19751,"comment_status":"open","ping_status":"open","sticky":false,"template":"","format":"standard","meta":{"footnotes":""},"categories":[26,54,1556,35],"tags":[],"class_list":["post-19750","post","type-post","status-publish","format-standard","has-post-thumbnail","hentry","category-a-la-une","category-loisirs","category-remiremont-remiremont-son-canton-2","category-remiremont-son-canton"],"acf":[],"yoast_head":"<!-- This site is optimized with the Yoast SEO plugin v22.5 - https:\/\/yoast.com\/wordpress\/plugins\/seo\/ -->\n<title>C&#039;est la rentr\u00e9e \u00e0 la Danse Moderne Academy! - Remiremont Info<\/title>\n<meta name=\"robots\" content=\"index, follow, max-snippet:-1, max-image-preview:large, max-video-preview:-1\" \/>\n<link rel=\"canonical\" href=\"https:\/\/vosgesinfo.fr\/remiremontinfo\/2019\/08\/cest-rentree-a-danse-moderne-academy\/\" \/>\n<meta name=\"twitter:card\" content=\"summary_large_image\" \/>\n<meta name=\"twitter:title\" content=\"C&#039;est la rentr\u00e9e \u00e0 la Danse Moderne Academy! - Remiremont Info\" \/>\n<meta name=\"twitter:description\" content=\"Apr\u00e8s un repos estival bien m\u00e9rit\u00e9 pour tous, adh\u00e9rents comme b\u00e9n\u00e9voles,\u00a0la danse moderne academy\u00a0prend\u00a0le chemin de la rentr\u00e9e d\u00e8s le [&hellip;]\" \/>\n<meta name=\"twitter:image\" content=\"https:\/\/vosgesinfo.fr\/app\/uploads\/sites\/5\/2024\/09\/201908dma.jpg\" \/>\n<meta name=\"twitter:creator\" content=\"@VosgesInfo88\" \/>\n<meta name=\"twitter:site\" content=\"@VosgesInfo88\" \/>\n<meta name=\"twitter:label1\" content=\"\u00c9crit par\" \/>\n\t<meta name=\"twitter:data1\" content=\"qs_admin\" \/>\n\t<meta name=\"twitter:label2\" content=\"Dur\u00e9e de lecture estim\u00e9e\" \/>\n\t<meta name=\"twitter:data2\" content=\"1 minute\" \/>\n<script type=\"application\/ld+json\" class=\"yoast-schema-graph\">{\"@context\":\"https:\/\/schema.org\",\"@graph\":[{\"@type\":\"Article\",\"@id\":\"https:\/\/vosgesinfo.fr\/remiremontinfo\/2019\/08\/cest-rentree-a-danse-moderne-academy\/#article\",\"isPartOf\":{\"@id\":\"https:\/\/vosgesinfo.fr\/remiremontinfo\/2019\/08\/cest-rentree-a-danse-moderne-academy\/\"},\"author\":{\"name\":\"qs_admin\",\"@id\":\"https:\/\/vosgesinfo.fr\/remiremontinfo\/#\/schema\/person\/bc5d02d71e6932e81b6dadb7386667b1\"},\"headline\":\"C&rsquo;est la rentr\u00e9e \u00e0 la Danse Moderne Academy!\",\"datePublished\":\"2019-08-27T13:30:13+00:00\",\"dateModified\":\"2019-08-27T13:30:13+00:00\",\"mainEntityOfPage\":{\"@id\":\"https:\/\/vosgesinfo.fr\/remiremontinfo\/2019\/08\/cest-rentree-a-danse-moderne-academy\/\"},\"wordCount\":303,\"commentCount\":0,\"publisher\":{\"@id\":\"https:\/\/vosgesinfo.fr\/remiremontinfo\/#organization\"},\"image\":{\"@id\":\"https:\/\/vosgesinfo.fr\/remiremontinfo\/2019\/08\/cest-rentree-a-danse-moderne-academy\/#primaryimage\"},\"thumbnailUrl\":\"https:\/\/vosgesinfo.fr\/app\/uploads\/sites\/5\/2024\/09\/201908dma.jpg\",\"articleSection\":[\"A la Une\",\"Loisirs\",\"Remiremont\",\"Remiremont &amp; son canton\"],\"inLanguage\":\"fr-FR\",\"potentialAction\":[{\"@type\":\"CommentAction\",\"name\":\"Comment\",\"target\":[\"https:\/\/vosgesinfo.fr\/remiremontinfo\/2019\/08\/cest-rentree-a-danse-moderne-academy\/#respond\"]}]},{\"@type\":\"WebPage\",\"@id\":\"https:\/\/vosgesinfo.fr\/remiremontinfo\/2019\/08\/cest-rentree-a-danse-moderne-academy\/\",\"url\":\"https:\/\/vosgesinfo.fr\/remiremontinfo\/2019\/08\/cest-rentree-a-danse-moderne-academy\/\",\"name\":\"C'est la rentr\u00e9e \u00e0 la Danse Moderne Academy! - Remiremont Info\",\"isPartOf\":{\"@id\":\"https:\/\/vosgesinfo.fr\/remiremontinfo\/#website\"},\"primaryImageOfPage\":{\"@id\":\"https:\/\/vosgesinfo.fr\/remiremontinfo\/2019\/08\/cest-rentree-a-danse-moderne-academy\/#primaryimage\"},\"image\":{\"@id\":\"https:\/\/vosgesinfo.fr\/remiremontinfo\/2019\/08\/cest-rentree-a-danse-moderne-academy\/#primaryimage\"},\"thumbnailUrl\":\"https:\/\/vosgesinfo.fr\/app\/uploads\/sites\/5\/2024\/09\/201908dma.jpg\",\"datePublished\":\"2019-08-27T13:30:13+00:00\",\"dateModified\":\"2019-08-27T13:30:13+00:00\",\"breadcrumb\":{\"@id\":\"https:\/\/vosgesinfo.fr\/remiremontinfo\/2019\/08\/cest-rentree-a-danse-moderne-academy\/#breadcrumb\"},\"inLanguage\":\"fr-FR\",\"potentialAction\":[{\"@type\":\"ReadAction\",\"target\":[\"https:\/\/vosgesinfo.fr\/remiremontinfo\/2019\/08\/cest-rentree-a-danse-moderne-academy\/\"]}]},{\"@type\":\"ImageObject\",\"inLanguage\":\"fr-FR\",\"@id\":\"https:\/\/vosgesinfo.fr\/remiremontinfo\/2019\/08\/cest-rentree-a-danse-moderne-academy\/#primaryimage\",\"url\":\"https:\/\/vosgesinfo.fr\/app\/uploads\/sites\/5\/2024\/09\/201908dma.jpg\",\"contentUrl\":\"https:\/\/vosgesinfo.fr\/app\/uploads\/sites\/5\/2024\/09\/201908dma.jpg\",\"width\":2048,\"height\":1365},{\"@type\":\"BreadcrumbList\",\"@id\":\"https:\/\/vosgesinfo.fr\/remiremontinfo\/2019\/08\/cest-rentree-a-danse-moderne-academy\/#breadcrumb\",\"itemListElement\":[{\"@type\":\"ListItem\",\"position\":1,\"name\":\"Home\",\"item\":\"https:\/\/vosgesinfo.fr\/remiremontinfo\/\"},{\"@type\":\"ListItem\",\"position\":2,\"name\":\"C&rsquo;est la rentr\u00e9e \u00e0 la Danse Moderne Academy!\"}]},{\"@type\":\"WebSite\",\"@id\":\"https:\/\/vosgesinfo.fr\/remiremontinfo\/#website\",\"url\":\"https:\/\/vosgesinfo.fr\/remiremontinfo\/\",\"name\":\"Remiremont Info\",\"description\":\"Toute l&#039;actualit\u00e9 de Remiremont\",\"publisher\":{\"@id\":\"https:\/\/vosgesinfo.fr\/remiremontinfo\/#organization\"},\"alternateName\":\"Toute l'actualit\u00e9 de Remiremont\",\"potentialAction\":[{\"@type\":\"SearchAction\",\"target\":{\"@type\":\"EntryPoint\",\"urlTemplate\":\"https:\/\/vosgesinfo.fr\/remiremontinfo\/?s={search_term_string}\"},\"query-input\":\"required name=search_term_string\"}],\"inLanguage\":\"fr-FR\"},{\"@type\":\"Organization\",\"@id\":\"https:\/\/vosgesinfo.fr\/remiremontinfo\/#organization\",\"name\":\"Remiremont Info\",\"url\":\"https:\/\/vosgesinfo.fr\/remiremontinfo\/\",\"logo\":{\"@type\":\"ImageObject\",\"inLanguage\":\"fr-FR\",\"@id\":\"https:\/\/vosgesinfo.fr\/remiremontinfo\/#\/schema\/logo\/image\/\",\"url\":\"https:\/\/vosgesinfo.fr\/app\/uploads\/sites\/5\/2023\/08\/favicon-remiremontinfo.png\",\"contentUrl\":\"https:\/\/vosgesinfo.fr\/app\/uploads\/sites\/5\/2023\/08\/favicon-remiremontinfo.png\",\"width\":512,\"height\":512,\"caption\":\"Remiremont Info\"},\"image\":{\"@id\":\"https:\/\/vosgesinfo.fr\/remiremontinfo\/#\/schema\/logo\/image\/\"},\"sameAs\":[\"https:\/\/www.facebook.com\/remiremontinfo\",\"https:\/\/x.com\/VosgesInfo88\",\"https:\/\/www.youtube.com\/@vosgesinfo\"]},{\"@type\":\"Person\",\"@id\":\"https:\/\/vosgesinfo.fr\/remiremontinfo\/#\/schema\/person\/bc5d02d71e6932e81b6dadb7386667b1\",\"name\":\"qs_admin\",\"image\":{\"@type\":\"ImageObject\",\"inLanguage\":\"fr-FR\",\"@id\":\"https:\/\/vosgesinfo.fr\/remiremontinfo\/#\/schema\/person\/image\/\",\"url\":\"https:\/\/secure.gravatar.com\/avatar\/94b18ee0ed79e4a42ea2f2931277b6841a8999fc6fde214600c78057cf1fe1de?s=96&d=mm&r=g\",\"contentUrl\":\"https:\/\/secure.gravatar.com\/avatar\/94b18ee0ed79e4a42ea2f2931277b6841a8999fc6fde214600c78057cf1fe1de?s=96&d=mm&r=g\",\"caption\":\"qs_admin\"},\"sameAs\":[\"https:\/\/vosgesinfo.fr\/wp\"],\"url\":\"https:\/\/vosgesinfo.fr\/remiremontinfo\/author\/qs_admin\/\"}]}<\/script>\n<!-- \/ Yoast SEO plugin. -->","yoast_head_json":{"title":"C'est la rentr\u00e9e \u00e0 la Danse Moderne Academy! - Remiremont Info","robots":{"index":"index","follow":"follow","max-snippet":"max-snippet:-1","max-image-preview":"max-image-preview:large","max-video-preview":"max-video-preview:-1"},"canonical":"https:\/\/vosgesinfo.fr\/remiremontinfo\/2019\/08\/cest-rentree-a-danse-moderne-academy\/","twitter_card":"summary_large_image","twitter_title":"C'est la rentr\u00e9e \u00e0 la Danse Moderne Academy! - Remiremont Info","twitter_description":"Apr\u00e8s un repos estival bien m\u00e9rit\u00e9 pour tous, adh\u00e9rents comme b\u00e9n\u00e9voles,\u00a0la danse moderne academy\u00a0prend\u00a0le chemin de la rentr\u00e9e d\u00e8s le [&hellip;]","twitter_image":"https:\/\/vosgesinfo.fr\/app\/uploads\/sites\/5\/2024\/09\/201908dma.jpg","twitter_creator":"@VosgesInfo88","twitter_site":"@VosgesInfo88","twitter_misc":{"\u00c9crit par":"qs_admin","Dur\u00e9e de lecture estim\u00e9e":"1 minute"},"schema":{"@context":"https:\/\/schema.org","@graph":[{"@type":"Article","@id":"https:\/\/vosgesinfo.fr\/remiremontinfo\/2019\/08\/cest-rentree-a-danse-moderne-academy\/#article","isPartOf":{"@id":"https:\/\/vosgesinfo.fr\/remiremontinfo\/2019\/08\/cest-rentree-a-danse-moderne-academy\/"},"author":{"name":"qs_admin","@id":"https:\/\/vosgesinfo.fr\/remiremontinfo\/#\/schema\/person\/bc5d02d71e6932e81b6dadb7386667b1"},"headline":"C&rsquo;est la rentr\u00e9e \u00e0 la Danse Moderne Academy!","datePublished":"2019-08-27T13:30:13+00:00","dateModified":"2019-08-27T13:30:13+00:00","mainEntityOfPage":{"@id":"https:\/\/vosgesinfo.fr\/remiremontinfo\/2019\/08\/cest-rentree-a-danse-moderne-academy\/"},"wordCount":303,"commentCount":0,"publisher":{"@id":"https:\/\/vosgesinfo.fr\/remiremontinfo\/#organization"},"image":{"@id":"https:\/\/vosgesinfo.fr\/remiremontinfo\/2019\/08\/cest-rentree-a-danse-moderne-academy\/#primaryimage"},"thumbnailUrl":"https:\/\/vosgesinfo.fr\/app\/uploads\/sites\/5\/2024\/09\/201908dma.jpg","articleSection":["A la Une","Loisirs","Remiremont","Remiremont &amp; son canton"],"inLanguage":"fr-FR","potentialAction":[{"@type":"CommentAction","name":"Comment","target":["https:\/\/vosgesinfo.fr\/remiremontinfo\/2019\/08\/cest-rentree-a-danse-moderne-academy\/#respond"]}]},{"@type":"WebPage","@id":"https:\/\/vosgesinfo.fr\/remiremontinfo\/2019\/08\/cest-rentree-a-danse-moderne-academy\/","url":"https:\/\/vosgesinfo.fr\/remiremontinfo\/2019\/08\/cest-rentree-a-danse-moderne-academy\/","name":"C'est la rentr\u00e9e \u00e0 la Danse Moderne Academy! - Remiremont Info","isPartOf":{"@id":"https:\/\/vosgesinfo.fr\/remiremontinfo\/#website"},"primaryImageOfPage":{"@id":"https:\/\/vosgesinfo.fr\/remiremontinfo\/2019\/08\/cest-rentree-a-danse-moderne-academy\/#primaryimage"},"image":{"@id":"https:\/\/vosgesinfo.fr\/remiremontinfo\/2019\/08\/cest-rentree-a-danse-moderne-academy\/#primaryimage"},"thumbnailUrl":"https:\/\/vosgesinfo.fr\/app\/uploads\/sites\/5\/2024\/09\/201908dma.jpg","datePublished":"2019-08-27T13:30:13+00:00","dateModified":"2019-08-27T13:30:13+00:00","breadcrumb":{"@id":"https:\/\/vosgesinfo.fr\/remiremontinfo\/2019\/08\/cest-rentree-a-danse-moderne-academy\/#breadcrumb"},"inLanguage":"fr-FR","potentialAction":[{"@type":"ReadAction","target":["https:\/\/vosgesinfo.fr\/remiremontinfo\/2019\/08\/cest-rentree-a-danse-moderne-academy\/"]}]},{"@type":"ImageObject","inLanguage":"fr-FR","@id":"https:\/\/vosgesinfo.fr\/remiremontinfo\/2019\/08\/cest-rentree-a-danse-moderne-academy\/#primaryimage","url":"https:\/\/vosgesinfo.fr\/app\/uploads\/sites\/5\/2024\/09\/201908dma.jpg","contentUrl":"https:\/\/vosgesinfo.fr\/app\/uploads\/sites\/5\/2024\/09\/201908dma.jpg","width":2048,"height":1365},{"@type":"BreadcrumbList","@id":"https:\/\/vosgesinfo.fr\/remiremontinfo\/2019\/08\/cest-rentree-a-danse-moderne-academy\/#breadcrumb","itemListElement":[{"@type":"ListItem","position":1,"name":"Home","item":"https:\/\/vosgesinfo.fr\/remiremontinfo\/"},{"@type":"ListItem","position":2,"name":"C&rsquo;est la rentr\u00e9e \u00e0 la Danse Moderne Academy!"}]},{"@type":"WebSite","@id":"https:\/\/vosgesinfo.fr\/remiremontinfo\/#website","url":"https:\/\/vosgesinfo.fr\/remiremontinfo\/","name":"Remiremont Info","description":"Toute l&#039;actualit\u00e9 de Remiremont","publisher":{"@id":"https:\/\/vosgesinfo.fr\/remiremontinfo\/#organization"},"alternateName":"Toute l'actualit\u00e9 de Remiremont","potentialAction":[{"@type":"SearchAction","target":{"@type":"EntryPoint","urlTemplate":"https:\/\/vosgesinfo.fr\/remiremontinfo\/?s={search_term_string}"},"query-input":"required name=search_term_string"}],"inLanguage":"fr-FR"},{"@type":"Organization","@id":"https:\/\/vosgesinfo.fr\/remiremontinfo\/#organization","name":"Remiremont Info","url":"https:\/\/vosgesinfo.fr\/remiremontinfo\/","logo":{"@type":"ImageObject","inLanguage":"fr-FR","@id":"https:\/\/vosgesinfo.fr\/remiremontinfo\/#\/schema\/logo\/image\/","url":"https:\/\/vosgesinfo.fr\/app\/uploads\/sites\/5\/2023\/08\/favicon-remiremontinfo.png","contentUrl":"https:\/\/vosgesinfo.fr\/app\/uploads\/sites\/5\/2023\/08\/favicon-remiremontinfo.png","width":512,"height":512,"caption":"Remiremont Info"},"image":{"@id":"https:\/\/vosgesinfo.fr\/remiremontinfo\/#\/schema\/logo\/image\/"},"sameAs":["https:\/\/www.facebook.com\/remiremontinfo","https:\/\/x.com\/VosgesInfo88","https:\/\/www.youtube.com\/@vosgesinfo"]},{"@type":"Person","@id":"https:\/\/vosgesinfo.fr\/remiremontinfo\/#\/schema\/person\/bc5d02d71e6932e81b6dadb7386667b1","name":"qs_admin","image":{"@type":"ImageObject","inLanguage":"fr-FR","@id":"https:\/\/vosgesinfo.fr\/remiremontinfo\/#\/schema\/person\/image\/","url":"https:\/\/secure.gravatar.com\/avatar\/94b18ee0ed79e4a42ea2f2931277b6841a8999fc6fde214600c78057cf1fe1de?s=96&d=mm&r=g","contentUrl":"https:\/\/secure.gravatar.com\/avatar\/94b18ee0ed79e4a42ea2f2931277b6841a8999fc6fde214600c78057cf1fe1de?s=96&d=mm&r=g","caption":"qs_admin"},"sameAs":["https:\/\/vosgesinfo.fr\/wp"],"url":"https:\/\/vosgesinfo.fr\/remiremontinfo\/author\/qs_admin\/"}]}},"_links":{"self":[{"href":"https:\/\/vosgesinfo.fr\/remiremontinfo\/wp-json\/wp\/v2\/posts\/19750","targetHints":{"allow":["GET"]}}],"collection":[{"href":"https:\/\/vosgesinfo.fr\/remiremontinfo\/wp-json\/wp\/v2\/posts"}],"about":[{"href":"https:\/\/vosgesinfo.fr\/remiremontinfo\/wp-json\/wp\/v2\/types\/post"}],"author":[{"embeddable":true,"href":"https:\/\/vosgesinfo.fr\/remiremontinfo\/wp-json\/wp\/v2\/users\/1"}],"replies":[{"embeddable":true,"href":"https:\/\/vosgesinfo.fr\/remiremontinfo\/wp-json\/wp\/v2\/comments?post=19750"}],"version-history":[{"count":0,"href":"https:\/\/vosgesinfo.fr\/remiremontinfo\/wp-json\/wp\/v2\/posts\/19750\/revisions"}],"wp:featuredmedia":[{"embeddable":true,"href":"https:\/\/vosgesinfo.fr\/remiremontinfo\/wp-json\/wp\/v2\/media\/19751"}],"wp:attachment":[{"href":"https:\/\/vosgesinfo.fr\/remiremontinfo\/wp-json\/wp\/v2\/media?parent=19750"}],"wp:term":[{"taxonomy":"category","embeddable":true,"href":"https:\/\/vosgesinfo.fr\/remiremontinfo\/wp-json\/wp\/v2\/categories?post=19750"},{"taxonomy":"post_tag","embeddable":true,"href":"https:\/\/vosgesinfo.fr\/remiremontinfo\/wp-json\/wp\/v2\/tags?post=19750"}],"curies":[{"name":"wp","href":"https:\/\/api.w.org\/{rel}","templated":true}]}}