{"id":19758,"date":"2019-08-28T06:10:21","date_gmt":"2019-08-28T04:10:21","guid":{"rendered":"https:\/\/vosgesinfo.fr\/remiremontinfo\/2019\/08\/vagney-programme-cinema-lentractes-29-aout-02-septembre\/"},"modified":"2019-08-28T06:10:21","modified_gmt":"2019-08-28T04:10:21","slug":"vagney-programme-cinema-lentractes-29-aout-02-septembre","status":"publish","type":"post","link":"https:\/\/vosgesinfo.fr\/remiremontinfo\/2019\/08\/vagney-programme-cinema-lentractes-29-aout-02-septembre\/","title":{"rendered":"Vagney : le programme du cin\u00e9ma l\u2019Entr\u2019Actes du 29 ao\u00fbt au 02 septembre"},"content":{"rendered":"<p style=\"text-align: center;\"><span style=\"color: #000000;\"><strong><span style=\"font-size: 24pt;\">JEUDI 29 ao\u00fbt<\/span><\/strong><\/span><\/p>\n<p style=\"text-align: left;\"><strong><span style=\"font-size: 18pt; color: #ff0000;\">LE ROI LION \u00e0 15h<\/span><\/strong><\/p>\n<p style=\"text-align: left;\"><strong><span style=\"font-size: 18pt; color: #ff0000;\">YULI <\/span><\/strong><span style=\"color: #008000;\">(en VOST)<\/span> <strong><span style=\"font-size: 18pt; color: #ff0000;\">\u00e0 20h30<\/span><\/strong><\/p>\n<p style=\"text-align: left;\"><img decoding=\"async\" class=\"irc_mi\" src=\"https:\/\/vosgesinfo.fr\/app\/uploads\/sites\/5\/2024\/09\/2908996.jpg\" alt=\"R\u00e9sultat de recherche d'images pour &quot;LE ROI LION&quot;\" width=\"141\" height=\"190\" \/><img decoding=\"async\" class=\"irc_mi\" src=\"https:\/\/vosgesinfo.fr\/app\/uploads\/sites\/5\/2024\/09\/4234993.jpg\" alt=\"R\u00e9sultat de recherche d'images pour &quot;YULI&quot;\" width=\"141\" height=\"191\" \/><\/p>\n<p style=\"text-align: center;\"><strong>&#8212;&#8212;&#8212;&#8212;&#8212;&#8212;&#8212;&#8212;&#8212;&#8212;&#8212;&#8212;&#8212;&#8212;&#8212;&#8212;&#8212;&#8212;&#8212;&#8212;<\/strong><\/p>\n<p style=\"text-align: center;\"><span style=\"color: #000000; font-size: 24pt;\"><strong>DIMANCHE 01 SEPTEMBRE<\/strong><\/span><\/p>\n<p style=\"text-align: left;\"><span style=\"font-size: 18pt; color: #ff0000;\"><strong>PARASITE \u00e0 20h30<\/strong><\/span><\/p>\n<p style=\"text-align: left;\"><img decoding=\"async\" class=\"irc_mi\" src=\"https:\/\/vosgesinfo.fr\/app\/uploads\/sites\/5\/2024\/09\/1087814.jpg\" alt=\"R\u00e9sultat de recherche d'images pour &quot;parasite film&quot;\" width=\"145\" height=\"195\" \/><\/p>\n<p style=\"text-align: center;\"><strong>&#8212;&#8212;&#8212;&#8212;&#8212;&#8212;&#8212;&#8212;&#8212;&#8212;&#8212;&#8212;&#8212;&#8212;&#8212;&#8212;&#8212;&#8212;&#8212;&#8212;<\/strong><\/p>\n<p style=\"text-align: center;\"><span style=\"font-size: 24pt; color: #000000;\"><strong>LUNDI 02 SEPTEMBRE<\/strong><\/span><\/p>\n<p style=\"text-align: left;\"><span style=\"color: #ff0000;\"><strong><span style=\"font-size: 18pt;\">LE DAIM 0 20H30\u00a0<\/span><\/strong><\/span><\/p>\n<p style=\"text-align: left;\"><img decoding=\"async\" class=\"irc_mi\" src=\"https:\/\/vosgesinfo.fr\/app\/uploads\/sites\/5\/2024\/09\/4101591.jpg\" alt=\"R\u00e9sultat de recherche d'images pour &quot;le daim film&quot;\" width=\"151\" height=\"204\" \/><\/p>\n<p style=\"text-align: center;\"><strong>&#8212;&#8212;&#8212;&#8212;&#8212;&#8212;&#8212;&#8212;&#8212;&#8212;&#8212;&#8212;&#8212;&#8212;&#8212;&#8212;&#8212;&#8212;&#8212;&#8212;<\/strong><\/p>\n<p style=\"text-align: center;\"><span style=\"color: #000000;\"><strong><span style=\"font-size: 24pt;\">NOS PROCHAINES ANIMATIONS CIN\u00c9<\/span><\/strong><\/span><\/p>\n<p style=\"text-align: center;\"><a href=\"\/2019\/08\/Screenshot_20190827-162946_Drive.jpg\"><img decoding=\"async\" class=\"alignnone size-medium wp-image-267224\" src=\"\/2019\/08\/Screenshot_20190827-162946_Drive-237x255.jpg\" alt=\"Screenshot_20190827-162946_Drive\" width=\"237\" height=\"255\" \/><\/a><\/p>\n<p style=\"text-align: center;\"><a href=\"\/2019\/08\/Screenshot_20190827-163003_Drive.jpg\"><img decoding=\"async\" class=\"alignnone size-medium wp-image-267225\" src=\"\/2019\/08\/Screenshot_20190827-163003_Drive-400x227.jpg\" alt=\"Screenshot_20190827-163003_Drive\" width=\"400\" height=\"227\" \/><\/a><\/p>\n<p class=\"block-text mbr-fonts-style display-7\" style=\"text-align: center;\"><strong>\u2014\u2014\u2014\u2014\u2014\u2014\u2014\u2014\u2014\u2014-<\/strong><\/p>\n<section id=\"features11-b8\" class=\"features11 cid-qQx9IjEte1\">\n<div class=\"container\">\n<div class=\"col-md-12\">\n<div class=\"media-container-row\">\n<div class=\" align-left\">\n<div class=\"block-content\">\n<div class=\"card p-3 pr-3\">\n<div class=\"card-box\">\n<p class=\"block-text mbr-fonts-style display-7\" style=\"text-align: center;\"><strong>Tarifs Cin\u00e9ma L\u2019Entr\u2019Actes : Normal : 5\u20ac \/ R\u00e9duit, \u2013 de18ans,\u00a0\u00c9tudiant : 4\u20ac \/ S\u00e9ance 3D : \u00a0+ 1\u00a0\u20ac. \u00a0.<\/strong><\/p>\n<p class=\"block-text mbr-fonts-style display-7\" style=\"text-align: center;\"><strong><img decoding=\"async\" class=\"\" src=\"http:\/\/geo.cine-market.fr\/bundles\/synacomcinemalocator\/images\/logov2_cinecheque.png\" alt=\"\" width=\"144\" height=\"54\" \/><img decoding=\"async\" class=\"\" src=\"https:\/\/www.vosges.fr\/Portals\/1\/xBlog\/uploads\/2018\/4\/24\/7242b8d5-b8ba-408c-b724-cf96cdb9c5b8.jpg\" alt=\"R\u00e9sultat de recherche d'images pour &quot;carte zap 2018&quot;\" width=\"67\" height=\"67\" \/><img decoding=\"async\" class=\"irc_mi\" src=\"https:\/\/www.cezam-auvergne.fr\/modules\/kameleon\/upload\/carte_cezam_2017_(1).jpg\" alt=\"R\u00e9sultat de recherche d'images pour &quot;logo carte cezam&quot;\" width=\"103\" height=\"65\" \/><\/strong><\/p>\n<p class=\"block-text mbr-fonts-style display-7\" style=\"text-align: center;\"><strong><img decoding=\"async\" class=\"\" src=\"https:\/\/vosgesinfo.fr\/app\/uploads\/sites\/5\/2016\/12\/gie-carte-bancaire.jpeg\" alt=\"R\u00e9sultat de recherche d'images pour &quot;carte bancaire&quot;\" width=\"101\" height=\"109\" \/><\/strong><\/p>\n<p class=\"block-text mbr-fonts-style display-7\" style=\"text-align: center;\"><strong>\u2014\u2014\u2014\u2014\u2014\u2014\u2014\u2014\u2014\u2014-<\/strong><\/p>\n<p class=\"block-text mbr-fonts-style display-7\"><span style=\"color: #ff0000;\"><strong>Retrouvez le programme complet du mois\u00a0de SEPTEMBRE\u00a0en format Image Jpeg :<\/strong><\/span><\/p>\n<p class=\"block-text mbr-fonts-style display-7\"><a href=\"\/2019\/08\/Screenshot_20190827-162917_Drive.jpg\"><img decoding=\"async\" class=\"size-medium wp-image-267226 aligncenter\" src=\"\/2019\/08\/Screenshot_20190827-162917_Drive-187x255.jpg\" alt=\"Screenshot_20190827-162917_Drive\" width=\"187\" height=\"255\" \/><\/a><\/p>\n<p><strong><span style=\"color: #ff0000;\">CARTE D\u2019ABONNEMENT<\/span> (renseignement en caisse)<\/strong><\/p>\n<p><strong><a href=\"\/2018\/06\/fly-carte-abonnement.jpg\"><img decoding=\"async\" class=\"size-medium wp-image-233878 aligncenter\" src=\"\/2018\/06\/fly-carte-abonnement-359x255.jpg\" alt=\"fly carte abonnement\" width=\"359\" height=\"255\" \/><\/a><\/strong><\/p>\n<div class=\"card p-3 pr-3\">\n<p class=\"block-text mbr-fonts-style display-7\"><span style=\"color: #ff0000;\">Site internet:<\/span>\u00a0<a href=\"http:\/\/www.cinema-vagney.fr\/\">http:\/\/www.cinema-vagney.fr\/<\/a><\/p>\n<p class=\"block-text mbr-fonts-style display-7\"><span style=\"color: #ff0000;\">Facebook:<\/span>\u00a0<a class=\"broken_link\" href=\"https:\/\/fr-fr.facebook.com\/Cin%C3%A9ma-Lentractes-de-VAGNEY-186434849771\/\" rel=\"nofollow\">https:\/\/fr-fr.facebook.com\/Cin%C3%A9ma-Lentractes-de-VAGNEY-186434849771\/<\/a><\/p>\n<p class=\"block-text mbr-fonts-style display-7\"><span style=\"color: #ff0000;\">Twitter:<\/span>\u00a0<a href=\"https:\/\/twitter.com\/cinemaVagney\">https:\/\/twitter.com\/cinemaVagney<\/a><\/p>\n<div class=\"card p-3 pr-3\">\n<p class=\"block-text mbr-fonts-style display-7\"><span style=\"color: #ff0000;\">SnapChat :<\/span> cinemavagney\u00a0<a href=\"\/2018\/02\/20180103_0044581.jpg\"><img decoding=\"async\" class=\"alignnone wp-image-220378\" src=\"\/2018\/02\/20180103_0044581-214x255.jpg\" alt=\"20180103_004458\" width=\"86\" height=\"102\" \/><\/a><\/p>\n<p class=\"block-text mbr-fonts-style display-7\">\n<\/div>\n<p class=\"block-text mbr-fonts-style display-7\"><strong><em>-Yann.C-<\/em><\/strong><\/p>\n<\/div>\n<\/div>\n<\/div>\n<\/div>\n<\/div>\n<\/div>\n<\/div>\n<\/div>\n<\/section>\n","protected":false},"excerpt":{"rendered":"<p>JEUDI 29 ao\u00fbt LE ROI LION \u00e0 15h YULI (en VOST) \u00e0 20h30 &#8212;&#8212;&#8212;&#8212;&#8212;&#8212;&#8212;&#8212;&#8212;&#8212;&#8212;&#8212;&#8212;&#8212;&#8212;&#8212;&#8212;&#8212;&#8212;&#8212; DIMANCHE 01 SEPTEMBRE PARASITE \u00e0 20h30 [&hellip;]<\/p>\n","protected":false},"author":272,"featured_media":19759,"comment_status":"open","ping_status":"open","sticky":false,"template":"","format":"standard","meta":{"footnotes":""},"categories":[4,25,36],"tags":[],"class_list":["post-19758","post","type-post","status-publish","format-standard","has-post-thumbnail","hentry","category-culture","category-la-bresse-son-canton","category-vagney"],"acf":[],"yoast_head":"<!-- This site is optimized with the Yoast SEO plugin v22.5 - https:\/\/yoast.com\/wordpress\/plugins\/seo\/ -->\n<title>Vagney : le programme du cin\u00e9ma l\u2019Entr\u2019Actes du 29 ao\u00fbt au 02 septembre - Remiremont Info<\/title>\n<meta name=\"robots\" content=\"index, follow, max-snippet:-1, max-image-preview:large, max-video-preview:-1\" \/>\n<link rel=\"canonical\" href=\"https:\/\/vosgesinfo.fr\/remiremontinfo\/2019\/08\/vagney-programme-cinema-lentractes-29-aout-02-septembre\/\" \/>\n<meta name=\"twitter:card\" content=\"summary_large_image\" \/>\n<meta name=\"twitter:title\" content=\"Vagney : le programme du cin\u00e9ma l\u2019Entr\u2019Actes du 29 ao\u00fbt au 02 septembre - Remiremont Info\" \/>\n<meta name=\"twitter:description\" content=\"JEUDI 29 ao\u00fbt LE ROI LION \u00e0 15h YULI (en VOST) \u00e0 20h30 &#8212;&#8212;&#8212;&#8212;&#8212;&#8212;&#8212;&#8212;&#8212;&#8212;&#8212;&#8212;&#8212;&#8212;&#8212;&#8212;&#8212;&#8212;&#8212;&#8212; DIMANCHE 01 SEPTEMBRE PARASITE \u00e0 20h30 [&hellip;]\" \/>\n<meta name=\"twitter:image\" content=\"https:\/\/vosgesinfo.fr\/app\/uploads\/sites\/5\/2024\/09\/201803cinema2-23.jpg\" \/>\n<meta name=\"twitter:creator\" content=\"@VosgesInfo88\" \/>\n<meta name=\"twitter:site\" content=\"@VosgesInfo88\" \/>\n<meta name=\"twitter:label1\" content=\"\u00c9crit par\" \/>\n\t<meta name=\"twitter:data1\" content=\"cinemavagney\" \/>\n<script type=\"application\/ld+json\" class=\"yoast-schema-graph\">{\"@context\":\"https:\/\/schema.org\",\"@graph\":[{\"@type\":\"Article\",\"@id\":\"https:\/\/vosgesinfo.fr\/remiremontinfo\/2019\/08\/vagney-programme-cinema-lentractes-29-aout-02-septembre\/#article\",\"isPartOf\":{\"@id\":\"https:\/\/vosgesinfo.fr\/remiremontinfo\/2019\/08\/vagney-programme-cinema-lentractes-29-aout-02-septembre\/\"},\"author\":{\"name\":\"cinemavagney\",\"@id\":\"https:\/\/vosgesinfo.fr\/remiremontinfo\/#\/schema\/person\/865f8c711468b81237613764bdab66e7\"},\"headline\":\"Vagney : le programme du cin\u00e9ma l\u2019Entr\u2019Actes du 29 ao\u00fbt au 02 septembre\",\"datePublished\":\"2019-08-28T04:10:21+00:00\",\"dateModified\":\"2019-08-28T04:10:21+00:00\",\"mainEntityOfPage\":{\"@id\":\"https:\/\/vosgesinfo.fr\/remiremontinfo\/2019\/08\/vagney-programme-cinema-lentractes-29-aout-02-septembre\/\"},\"wordCount\":100,\"commentCount\":0,\"publisher\":{\"@id\":\"https:\/\/vosgesinfo.fr\/remiremontinfo\/#organization\"},\"image\":{\"@id\":\"https:\/\/vosgesinfo.fr\/remiremontinfo\/2019\/08\/vagney-programme-cinema-lentractes-29-aout-02-septembre\/#primaryimage\"},\"thumbnailUrl\":\"https:\/\/vosgesinfo.fr\/app\/uploads\/sites\/5\/2024\/09\/201803cinema2-23.jpg\",\"articleSection\":[\"Culture\",\"La Bresse &amp; son canton\",\"Vagney\"],\"inLanguage\":\"fr-FR\",\"potentialAction\":[{\"@type\":\"CommentAction\",\"name\":\"Comment\",\"target\":[\"https:\/\/vosgesinfo.fr\/remiremontinfo\/2019\/08\/vagney-programme-cinema-lentractes-29-aout-02-septembre\/#respond\"]}]},{\"@type\":\"WebPage\",\"@id\":\"https:\/\/vosgesinfo.fr\/remiremontinfo\/2019\/08\/vagney-programme-cinema-lentractes-29-aout-02-septembre\/\",\"url\":\"https:\/\/vosgesinfo.fr\/remiremontinfo\/2019\/08\/vagney-programme-cinema-lentractes-29-aout-02-septembre\/\",\"name\":\"Vagney : le programme du cin\u00e9ma l\u2019Entr\u2019Actes du 29 ao\u00fbt au 02 septembre - Remiremont Info\",\"isPartOf\":{\"@id\":\"https:\/\/vosgesinfo.fr\/remiremontinfo\/#website\"},\"primaryImageOfPage\":{\"@id\":\"https:\/\/vosgesinfo.fr\/remiremontinfo\/2019\/08\/vagney-programme-cinema-lentractes-29-aout-02-septembre\/#primaryimage\"},\"image\":{\"@id\":\"https:\/\/vosgesinfo.fr\/remiremontinfo\/2019\/08\/vagney-programme-cinema-lentractes-29-aout-02-septembre\/#primaryimage\"},\"thumbnailUrl\":\"https:\/\/vosgesinfo.fr\/app\/uploads\/sites\/5\/2024\/09\/201803cinema2-23.jpg\",\"datePublished\":\"2019-08-28T04:10:21+00:00\",\"dateModified\":\"2019-08-28T04:10:21+00:00\",\"breadcrumb\":{\"@id\":\"https:\/\/vosgesinfo.fr\/remiremontinfo\/2019\/08\/vagney-programme-cinema-lentractes-29-aout-02-septembre\/#breadcrumb\"},\"inLanguage\":\"fr-FR\",\"potentialAction\":[{\"@type\":\"ReadAction\",\"target\":[\"https:\/\/vosgesinfo.fr\/remiremontinfo\/2019\/08\/vagney-programme-cinema-lentractes-29-aout-02-septembre\/\"]}]},{\"@type\":\"ImageObject\",\"inLanguage\":\"fr-FR\",\"@id\":\"https:\/\/vosgesinfo.fr\/remiremontinfo\/2019\/08\/vagney-programme-cinema-lentractes-29-aout-02-septembre\/#primaryimage\",\"url\":\"https:\/\/vosgesinfo.fr\/app\/uploads\/sites\/5\/2024\/09\/201803cinema2-23.jpg\",\"contentUrl\":\"https:\/\/vosgesinfo.fr\/app\/uploads\/sites\/5\/2024\/09\/201803cinema2-23.jpg\",\"width\":1656,\"height\":1117},{\"@type\":\"BreadcrumbList\",\"@id\":\"https:\/\/vosgesinfo.fr\/remiremontinfo\/2019\/08\/vagney-programme-cinema-lentractes-29-aout-02-septembre\/#breadcrumb\",\"itemListElement\":[{\"@type\":\"ListItem\",\"position\":1,\"name\":\"Home\",\"item\":\"https:\/\/vosgesinfo.fr\/remiremontinfo\/\"},{\"@type\":\"ListItem\",\"position\":2,\"name\":\"Vagney : le programme du cin\u00e9ma l\u2019Entr\u2019Actes du 29 ao\u00fbt au 02 septembre\"}]},{\"@type\":\"WebSite\",\"@id\":\"https:\/\/vosgesinfo.fr\/remiremontinfo\/#website\",\"url\":\"https:\/\/vosgesinfo.fr\/remiremontinfo\/\",\"name\":\"Remiremont Info\",\"description\":\"Toute l&#039;actualit\u00e9 de Remiremont\",\"publisher\":{\"@id\":\"https:\/\/vosgesinfo.fr\/remiremontinfo\/#organization\"},\"alternateName\":\"Toute l'actualit\u00e9 de Remiremont\",\"potentialAction\":[{\"@type\":\"SearchAction\",\"target\":{\"@type\":\"EntryPoint\",\"urlTemplate\":\"https:\/\/vosgesinfo.fr\/remiremontinfo\/?s={search_term_string}\"},\"query-input\":\"required name=search_term_string\"}],\"inLanguage\":\"fr-FR\"},{\"@type\":\"Organization\",\"@id\":\"https:\/\/vosgesinfo.fr\/remiremontinfo\/#organization\",\"name\":\"Remiremont Info\",\"url\":\"https:\/\/vosgesinfo.fr\/remiremontinfo\/\",\"logo\":{\"@type\":\"ImageObject\",\"inLanguage\":\"fr-FR\",\"@id\":\"https:\/\/vosgesinfo.fr\/remiremontinfo\/#\/schema\/logo\/image\/\",\"url\":\"https:\/\/vosgesinfo.fr\/app\/uploads\/sites\/5\/2023\/08\/favicon-remiremontinfo.png\",\"contentUrl\":\"https:\/\/vosgesinfo.fr\/app\/uploads\/sites\/5\/2023\/08\/favicon-remiremontinfo.png\",\"width\":512,\"height\":512,\"caption\":\"Remiremont Info\"},\"image\":{\"@id\":\"https:\/\/vosgesinfo.fr\/remiremontinfo\/#\/schema\/logo\/image\/\"},\"sameAs\":[\"https:\/\/www.facebook.com\/remiremontinfo\",\"https:\/\/x.com\/VosgesInfo88\",\"https:\/\/www.youtube.com\/@vosgesinfo\"]},{\"@type\":\"Person\",\"@id\":\"https:\/\/vosgesinfo.fr\/remiremontinfo\/#\/schema\/person\/865f8c711468b81237613764bdab66e7\",\"name\":\"cinemavagney\",\"image\":{\"@type\":\"ImageObject\",\"inLanguage\":\"fr-FR\",\"@id\":\"https:\/\/vosgesinfo.fr\/remiremontinfo\/#\/schema\/person\/image\/\",\"url\":\"https:\/\/secure.gravatar.com\/avatar\/af843eff690e434be300227f0bd39478b841e9734f6d4b9d40bb723f10ed2948?s=96&d=mm&r=g\",\"contentUrl\":\"https:\/\/secure.gravatar.com\/avatar\/af843eff690e434be300227f0bd39478b841e9734f6d4b9d40bb723f10ed2948?s=96&d=mm&r=g\",\"caption\":\"cinemavagney\"},\"description\":\"Cin\u00e9ma de Vagney Place de la Lib\u00e9ration 88120 VAGNEY Association Vagney-Loisirs\",\"url\":\"https:\/\/vosgesinfo.fr\/remiremontinfo\/author\/cinemavagney\/\"}]}<\/script>\n<!-- \/ Yoast SEO plugin. -->","yoast_head_json":{"title":"Vagney : le programme du cin\u00e9ma l\u2019Entr\u2019Actes du 29 ao\u00fbt au 02 septembre - Remiremont Info","robots":{"index":"index","follow":"follow","max-snippet":"max-snippet:-1","max-image-preview":"max-image-preview:large","max-video-preview":"max-video-preview:-1"},"canonical":"https:\/\/vosgesinfo.fr\/remiremontinfo\/2019\/08\/vagney-programme-cinema-lentractes-29-aout-02-septembre\/","twitter_card":"summary_large_image","twitter_title":"Vagney : le programme du cin\u00e9ma l\u2019Entr\u2019Actes du 29 ao\u00fbt au 02 septembre - Remiremont Info","twitter_description":"JEUDI 29 ao\u00fbt LE ROI LION \u00e0 15h YULI (en VOST) \u00e0 20h30 &#8212;&#8212;&#8212;&#8212;&#8212;&#8212;&#8212;&#8212;&#8212;&#8212;&#8212;&#8212;&#8212;&#8212;&#8212;&#8212;&#8212;&#8212;&#8212;&#8212; DIMANCHE 01 SEPTEMBRE PARASITE \u00e0 20h30 [&hellip;]","twitter_image":"https:\/\/vosgesinfo.fr\/app\/uploads\/sites\/5\/2024\/09\/201803cinema2-23.jpg","twitter_creator":"@VosgesInfo88","twitter_site":"@VosgesInfo88","twitter_misc":{"\u00c9crit par":"cinemavagney"},"schema":{"@context":"https:\/\/schema.org","@graph":[{"@type":"Article","@id":"https:\/\/vosgesinfo.fr\/remiremontinfo\/2019\/08\/vagney-programme-cinema-lentractes-29-aout-02-septembre\/#article","isPartOf":{"@id":"https:\/\/vosgesinfo.fr\/remiremontinfo\/2019\/08\/vagney-programme-cinema-lentractes-29-aout-02-septembre\/"},"author":{"name":"cinemavagney","@id":"https:\/\/vosgesinfo.fr\/remiremontinfo\/#\/schema\/person\/865f8c711468b81237613764bdab66e7"},"headline":"Vagney : le programme du cin\u00e9ma l\u2019Entr\u2019Actes du 29 ao\u00fbt au 02 septembre","datePublished":"2019-08-28T04:10:21+00:00","dateModified":"2019-08-28T04:10:21+00:00","mainEntityOfPage":{"@id":"https:\/\/vosgesinfo.fr\/remiremontinfo\/2019\/08\/vagney-programme-cinema-lentractes-29-aout-02-septembre\/"},"wordCount":100,"commentCount":0,"publisher":{"@id":"https:\/\/vosgesinfo.fr\/remiremontinfo\/#organization"},"image":{"@id":"https:\/\/vosgesinfo.fr\/remiremontinfo\/2019\/08\/vagney-programme-cinema-lentractes-29-aout-02-septembre\/#primaryimage"},"thumbnailUrl":"https:\/\/vosgesinfo.fr\/app\/uploads\/sites\/5\/2024\/09\/201803cinema2-23.jpg","articleSection":["Culture","La Bresse &amp; son canton","Vagney"],"inLanguage":"fr-FR","potentialAction":[{"@type":"CommentAction","name":"Comment","target":["https:\/\/vosgesinfo.fr\/remiremontinfo\/2019\/08\/vagney-programme-cinema-lentractes-29-aout-02-septembre\/#respond"]}]},{"@type":"WebPage","@id":"https:\/\/vosgesinfo.fr\/remiremontinfo\/2019\/08\/vagney-programme-cinema-lentractes-29-aout-02-septembre\/","url":"https:\/\/vosgesinfo.fr\/remiremontinfo\/2019\/08\/vagney-programme-cinema-lentractes-29-aout-02-septembre\/","name":"Vagney : le programme du cin\u00e9ma l\u2019Entr\u2019Actes du 29 ao\u00fbt au 02 septembre - Remiremont Info","isPartOf":{"@id":"https:\/\/vosgesinfo.fr\/remiremontinfo\/#website"},"primaryImageOfPage":{"@id":"https:\/\/vosgesinfo.fr\/remiremontinfo\/2019\/08\/vagney-programme-cinema-lentractes-29-aout-02-septembre\/#primaryimage"},"image":{"@id":"https:\/\/vosgesinfo.fr\/remiremontinfo\/2019\/08\/vagney-programme-cinema-lentractes-29-aout-02-septembre\/#primaryimage"},"thumbnailUrl":"https:\/\/vosgesinfo.fr\/app\/uploads\/sites\/5\/2024\/09\/201803cinema2-23.jpg","datePublished":"2019-08-28T04:10:21+00:00","dateModified":"2019-08-28T04:10:21+00:00","breadcrumb":{"@id":"https:\/\/vosgesinfo.fr\/remiremontinfo\/2019\/08\/vagney-programme-cinema-lentractes-29-aout-02-septembre\/#breadcrumb"},"inLanguage":"fr-FR","potentialAction":[{"@type":"ReadAction","target":["https:\/\/vosgesinfo.fr\/remiremontinfo\/2019\/08\/vagney-programme-cinema-lentractes-29-aout-02-septembre\/"]}]},{"@type":"ImageObject","inLanguage":"fr-FR","@id":"https:\/\/vosgesinfo.fr\/remiremontinfo\/2019\/08\/vagney-programme-cinema-lentractes-29-aout-02-septembre\/#primaryimage","url":"https:\/\/vosgesinfo.fr\/app\/uploads\/sites\/5\/2024\/09\/201803cinema2-23.jpg","contentUrl":"https:\/\/vosgesinfo.fr\/app\/uploads\/sites\/5\/2024\/09\/201803cinema2-23.jpg","width":1656,"height":1117},{"@type":"BreadcrumbList","@id":"https:\/\/vosgesinfo.fr\/remiremontinfo\/2019\/08\/vagney-programme-cinema-lentractes-29-aout-02-septembre\/#breadcrumb","itemListElement":[{"@type":"ListItem","position":1,"name":"Home","item":"https:\/\/vosgesinfo.fr\/remiremontinfo\/"},{"@type":"ListItem","position":2,"name":"Vagney : le programme du cin\u00e9ma l\u2019Entr\u2019Actes du 29 ao\u00fbt au 02 septembre"}]},{"@type":"WebSite","@id":"https:\/\/vosgesinfo.fr\/remiremontinfo\/#website","url":"https:\/\/vosgesinfo.fr\/remiremontinfo\/","name":"Remiremont Info","description":"Toute l&#039;actualit\u00e9 de Remiremont","publisher":{"@id":"https:\/\/vosgesinfo.fr\/remiremontinfo\/#organization"},"alternateName":"Toute l'actualit\u00e9 de Remiremont","potentialAction":[{"@type":"SearchAction","target":{"@type":"EntryPoint","urlTemplate":"https:\/\/vosgesinfo.fr\/remiremontinfo\/?s={search_term_string}"},"query-input":"required name=search_term_string"}],"inLanguage":"fr-FR"},{"@type":"Organization","@id":"https:\/\/vosgesinfo.fr\/remiremontinfo\/#organization","name":"Remiremont Info","url":"https:\/\/vosgesinfo.fr\/remiremontinfo\/","logo":{"@type":"ImageObject","inLanguage":"fr-FR","@id":"https:\/\/vosgesinfo.fr\/remiremontinfo\/#\/schema\/logo\/image\/","url":"https:\/\/vosgesinfo.fr\/app\/uploads\/sites\/5\/2023\/08\/favicon-remiremontinfo.png","contentUrl":"https:\/\/vosgesinfo.fr\/app\/uploads\/sites\/5\/2023\/08\/favicon-remiremontinfo.png","width":512,"height":512,"caption":"Remiremont Info"},"image":{"@id":"https:\/\/vosgesinfo.fr\/remiremontinfo\/#\/schema\/logo\/image\/"},"sameAs":["https:\/\/www.facebook.com\/remiremontinfo","https:\/\/x.com\/VosgesInfo88","https:\/\/www.youtube.com\/@vosgesinfo"]},{"@type":"Person","@id":"https:\/\/vosgesinfo.fr\/remiremontinfo\/#\/schema\/person\/865f8c711468b81237613764bdab66e7","name":"cinemavagney","image":{"@type":"ImageObject","inLanguage":"fr-FR","@id":"https:\/\/vosgesinfo.fr\/remiremontinfo\/#\/schema\/person\/image\/","url":"https:\/\/secure.gravatar.com\/avatar\/af843eff690e434be300227f0bd39478b841e9734f6d4b9d40bb723f10ed2948?s=96&d=mm&r=g","contentUrl":"https:\/\/secure.gravatar.com\/avatar\/af843eff690e434be300227f0bd39478b841e9734f6d4b9d40bb723f10ed2948?s=96&d=mm&r=g","caption":"cinemavagney"},"description":"Cin\u00e9ma de Vagney Place de la Lib\u00e9ration 88120 VAGNEY Association Vagney-Loisirs","url":"https:\/\/vosgesinfo.fr\/remiremontinfo\/author\/cinemavagney\/"}]}},"_links":{"self":[{"href":"https:\/\/vosgesinfo.fr\/remiremontinfo\/wp-json\/wp\/v2\/posts\/19758","targetHints":{"allow":["GET"]}}],"collection":[{"href":"https:\/\/vosgesinfo.fr\/remiremontinfo\/wp-json\/wp\/v2\/posts"}],"about":[{"href":"https:\/\/vosgesinfo.fr\/remiremontinfo\/wp-json\/wp\/v2\/types\/post"}],"author":[{"embeddable":true,"href":"https:\/\/vosgesinfo.fr\/remiremontinfo\/wp-json\/wp\/v2\/users\/272"}],"replies":[{"embeddable":true,"href":"https:\/\/vosgesinfo.fr\/remiremontinfo\/wp-json\/wp\/v2\/comments?post=19758"}],"version-history":[{"count":0,"href":"https:\/\/vosgesinfo.fr\/remiremontinfo\/wp-json\/wp\/v2\/posts\/19758\/revisions"}],"wp:featuredmedia":[{"embeddable":true,"href":"https:\/\/vosgesinfo.fr\/remiremontinfo\/wp-json\/wp\/v2\/media\/19759"}],"wp:attachment":[{"href":"https:\/\/vosgesinfo.fr\/remiremontinfo\/wp-json\/wp\/v2\/media?parent=19758"}],"wp:term":[{"taxonomy":"category","embeddable":true,"href":"https:\/\/vosgesinfo.fr\/remiremontinfo\/wp-json\/wp\/v2\/categories?post=19758"},{"taxonomy":"post_tag","embeddable":true,"href":"https:\/\/vosgesinfo.fr\/remiremontinfo\/wp-json\/wp\/v2\/tags?post=19758"}],"curies":[{"name":"wp","href":"https:\/\/api.w.org\/{rel}","templated":true}]}}