{"id":20152,"date":"2019-09-06T07:00:12","date_gmt":"2019-09-06T05:00:12","guid":{"rendered":"https:\/\/vosgesinfo.fr\/remiremontinfo\/2019\/09\/danse-moderne-academy-representee-a-lelection-miss-lorraine-2019\/"},"modified":"2019-09-06T07:00:12","modified_gmt":"2019-09-06T05:00:12","slug":"danse-moderne-academy-representee-a-lelection-miss-lorraine-2019","status":"publish","type":"post","link":"https:\/\/vosgesinfo.fr\/remiremontinfo\/2019\/09\/danse-moderne-academy-representee-a-lelection-miss-lorraine-2019\/","title":{"rendered":"La Danse Moderne Academy repr\u00e9sent\u00e9e \u00e0 l\u2019\u00e9lection Miss Lorraine 2019 !"},"content":{"rendered":"<p><a href=\"\/2019\/09\/69804913_2715921835085849_6787335434889330688_n.jpg\"><img decoding=\"async\" class=\"alignnone size-full wp-image-267831\" src=\"\/2019\/09\/69804913_2715921835085849_6787335434889330688_n.jpg\" alt=\"69804913_2715921835085849_6787335434889330688_n\" width=\"960\" height=\"960\" \/><\/a><\/p>\n<p><em>Page Facebook de la Danse Moderne Academy<\/em><\/p>\n<h2><strong><span style=\"font-size: 12pt;\">La directrice artistique de la DMA, Ang\u00e9lique Vernet, est invit\u00e9e en tant que Jury \u00e0 participer ce samedi 7 septembre \u00e0 l&rsquo;\u00e9lection de Miss Lorraine 2019 !<\/span> <\/strong><\/h2>\n<p>\u00ab\u00a0Nous sommes fi\u00e8re d\u2019\u00eatre repr\u00e9sent\u00e9 dans cet \u00e9v\u00e9nement et nous remercions chaleureusement le comit\u00e9 de Miss Lorraine et sa d\u00e9l\u00e9gu\u00e9e Stephanie Didon pour l\u2019invitation de Angelique Vernet \u00e0 la table du jury !\u00a0\u00bb, expriment des membres de l&rsquo;\u00e9quipe de la DMA sur leur page Facebook. L&rsquo;\u00e9v\u00e9nement de ce samedi en lien ci dessous : https:\/\/www.facebook.com\/events\/1639702329496575\/?ti=cl<\/p>\n<p>&nbsp;<\/p>\n","protected":false},"excerpt":{"rendered":"<p>Page Facebook de la Danse Moderne Academy La directrice artistique de la DMA, Ang\u00e9lique Vernet, est invit\u00e9e en tant que [&hellip;]<\/p>\n","protected":false},"author":407,"featured_media":20153,"comment_status":"open","ping_status":"open","sticky":false,"template":"","format":"standard","meta":{"footnotes":""},"categories":[26,4,54,1556,35],"tags":[],"class_list":["post-20152","post","type-post","status-publish","format-standard","has-post-thumbnail","hentry","category-a-la-une","category-culture","category-loisirs","category-remiremont-remiremont-son-canton-2","category-remiremont-son-canton"],"acf":[],"yoast_head":"<!-- This site is optimized with the Yoast SEO plugin v22.5 - https:\/\/yoast.com\/wordpress\/plugins\/seo\/ -->\n<title>La Danse Moderne Academy repr\u00e9sent\u00e9e \u00e0 l\u2019\u00e9lection Miss Lorraine 2019 ! - Remiremont Info<\/title>\n<meta name=\"robots\" content=\"index, follow, max-snippet:-1, max-image-preview:large, max-video-preview:-1\" \/>\n<link rel=\"canonical\" href=\"https:\/\/vosgesinfo.fr\/remiremontinfo\/2019\/09\/danse-moderne-academy-representee-a-lelection-miss-lorraine-2019\/\" \/>\n<meta name=\"twitter:card\" content=\"summary_large_image\" \/>\n<meta name=\"twitter:title\" content=\"La Danse Moderne Academy repr\u00e9sent\u00e9e \u00e0 l\u2019\u00e9lection Miss Lorraine 2019 ! - Remiremont Info\" \/>\n<meta name=\"twitter:description\" content=\"Page Facebook de la Danse Moderne Academy La directrice artistique de la DMA, Ang\u00e9lique Vernet, est invit\u00e9e en tant que [&hellip;]\" \/>\n<meta name=\"twitter:image\" content=\"https:\/\/vosgesinfo.fr\/app\/uploads\/sites\/5\/2024\/09\/20190969804913-2715921835085849-6787335434889330688-n.jpg\" \/>\n<meta name=\"twitter:creator\" content=\"@VosgesInfo88\" \/>\n<meta name=\"twitter:site\" content=\"@VosgesInfo88\" \/>\n<meta name=\"twitter:label1\" content=\"\u00c9crit par\" \/>\n\t<meta name=\"twitter:data1\" content=\"C D\" \/>\n\t<meta name=\"twitter:label2\" content=\"Dur\u00e9e de lecture estim\u00e9e\" \/>\n\t<meta name=\"twitter:data2\" content=\"1 minute\" \/>\n<script type=\"application\/ld+json\" class=\"yoast-schema-graph\">{\"@context\":\"https:\/\/schema.org\",\"@graph\":[{\"@type\":\"Article\",\"@id\":\"https:\/\/vosgesinfo.fr\/remiremontinfo\/2019\/09\/danse-moderne-academy-representee-a-lelection-miss-lorraine-2019\/#article\",\"isPartOf\":{\"@id\":\"https:\/\/vosgesinfo.fr\/remiremontinfo\/2019\/09\/danse-moderne-academy-representee-a-lelection-miss-lorraine-2019\/\"},\"author\":{\"name\":\"C D\",\"@id\":\"https:\/\/vosgesinfo.fr\/remiremontinfo\/#\/schema\/person\/3bfd164d5218a185b1db68655a265316\"},\"headline\":\"La Danse Moderne Academy repr\u00e9sent\u00e9e \u00e0 l\u2019\u00e9lection Miss Lorraine 2019 !\",\"datePublished\":\"2019-09-06T05:00:12+00:00\",\"dateModified\":\"2019-09-06T05:00:12+00:00\",\"mainEntityOfPage\":{\"@id\":\"https:\/\/vosgesinfo.fr\/remiremontinfo\/2019\/09\/danse-moderne-academy-representee-a-lelection-miss-lorraine-2019\/\"},\"wordCount\":113,\"commentCount\":0,\"publisher\":{\"@id\":\"https:\/\/vosgesinfo.fr\/remiremontinfo\/#organization\"},\"image\":{\"@id\":\"https:\/\/vosgesinfo.fr\/remiremontinfo\/2019\/09\/danse-moderne-academy-representee-a-lelection-miss-lorraine-2019\/#primaryimage\"},\"thumbnailUrl\":\"https:\/\/vosgesinfo.fr\/app\/uploads\/sites\/5\/2024\/09\/20190969804913-2715921835085849-6787335434889330688-n.jpg\",\"articleSection\":[\"A la Une\",\"Culture\",\"Loisirs\",\"Remiremont\",\"Remiremont &amp; son canton\"],\"inLanguage\":\"fr-FR\",\"potentialAction\":[{\"@type\":\"CommentAction\",\"name\":\"Comment\",\"target\":[\"https:\/\/vosgesinfo.fr\/remiremontinfo\/2019\/09\/danse-moderne-academy-representee-a-lelection-miss-lorraine-2019\/#respond\"]}]},{\"@type\":\"WebPage\",\"@id\":\"https:\/\/vosgesinfo.fr\/remiremontinfo\/2019\/09\/danse-moderne-academy-representee-a-lelection-miss-lorraine-2019\/\",\"url\":\"https:\/\/vosgesinfo.fr\/remiremontinfo\/2019\/09\/danse-moderne-academy-representee-a-lelection-miss-lorraine-2019\/\",\"name\":\"La Danse Moderne Academy repr\u00e9sent\u00e9e \u00e0 l\u2019\u00e9lection Miss Lorraine 2019 ! - Remiremont Info\",\"isPartOf\":{\"@id\":\"https:\/\/vosgesinfo.fr\/remiremontinfo\/#website\"},\"primaryImageOfPage\":{\"@id\":\"https:\/\/vosgesinfo.fr\/remiremontinfo\/2019\/09\/danse-moderne-academy-representee-a-lelection-miss-lorraine-2019\/#primaryimage\"},\"image\":{\"@id\":\"https:\/\/vosgesinfo.fr\/remiremontinfo\/2019\/09\/danse-moderne-academy-representee-a-lelection-miss-lorraine-2019\/#primaryimage\"},\"thumbnailUrl\":\"https:\/\/vosgesinfo.fr\/app\/uploads\/sites\/5\/2024\/09\/20190969804913-2715921835085849-6787335434889330688-n.jpg\",\"datePublished\":\"2019-09-06T05:00:12+00:00\",\"dateModified\":\"2019-09-06T05:00:12+00:00\",\"breadcrumb\":{\"@id\":\"https:\/\/vosgesinfo.fr\/remiremontinfo\/2019\/09\/danse-moderne-academy-representee-a-lelection-miss-lorraine-2019\/#breadcrumb\"},\"inLanguage\":\"fr-FR\",\"potentialAction\":[{\"@type\":\"ReadAction\",\"target\":[\"https:\/\/vosgesinfo.fr\/remiremontinfo\/2019\/09\/danse-moderne-academy-representee-a-lelection-miss-lorraine-2019\/\"]}]},{\"@type\":\"ImageObject\",\"inLanguage\":\"fr-FR\",\"@id\":\"https:\/\/vosgesinfo.fr\/remiremontinfo\/2019\/09\/danse-moderne-academy-representee-a-lelection-miss-lorraine-2019\/#primaryimage\",\"url\":\"https:\/\/vosgesinfo.fr\/app\/uploads\/sites\/5\/2024\/09\/20190969804913-2715921835085849-6787335434889330688-n.jpg\",\"contentUrl\":\"https:\/\/vosgesinfo.fr\/app\/uploads\/sites\/5\/2024\/09\/20190969804913-2715921835085849-6787335434889330688-n.jpg\",\"width\":960,\"height\":960},{\"@type\":\"BreadcrumbList\",\"@id\":\"https:\/\/vosgesinfo.fr\/remiremontinfo\/2019\/09\/danse-moderne-academy-representee-a-lelection-miss-lorraine-2019\/#breadcrumb\",\"itemListElement\":[{\"@type\":\"ListItem\",\"position\":1,\"name\":\"Home\",\"item\":\"https:\/\/vosgesinfo.fr\/remiremontinfo\/\"},{\"@type\":\"ListItem\",\"position\":2,\"name\":\"La Danse Moderne Academy repr\u00e9sent\u00e9e \u00e0 l\u2019\u00e9lection Miss Lorraine 2019 !\"}]},{\"@type\":\"WebSite\",\"@id\":\"https:\/\/vosgesinfo.fr\/remiremontinfo\/#website\",\"url\":\"https:\/\/vosgesinfo.fr\/remiremontinfo\/\",\"name\":\"Remiremont Info\",\"description\":\"Toute l&#039;actualit\u00e9 de Remiremont\",\"publisher\":{\"@id\":\"https:\/\/vosgesinfo.fr\/remiremontinfo\/#organization\"},\"alternateName\":\"Toute l'actualit\u00e9 de Remiremont\",\"potentialAction\":[{\"@type\":\"SearchAction\",\"target\":{\"@type\":\"EntryPoint\",\"urlTemplate\":\"https:\/\/vosgesinfo.fr\/remiremontinfo\/?s={search_term_string}\"},\"query-input\":\"required name=search_term_string\"}],\"inLanguage\":\"fr-FR\"},{\"@type\":\"Organization\",\"@id\":\"https:\/\/vosgesinfo.fr\/remiremontinfo\/#organization\",\"name\":\"Remiremont Info\",\"url\":\"https:\/\/vosgesinfo.fr\/remiremontinfo\/\",\"logo\":{\"@type\":\"ImageObject\",\"inLanguage\":\"fr-FR\",\"@id\":\"https:\/\/vosgesinfo.fr\/remiremontinfo\/#\/schema\/logo\/image\/\",\"url\":\"https:\/\/vosgesinfo.fr\/app\/uploads\/sites\/5\/2023\/08\/favicon-remiremontinfo.png\",\"contentUrl\":\"https:\/\/vosgesinfo.fr\/app\/uploads\/sites\/5\/2023\/08\/favicon-remiremontinfo.png\",\"width\":512,\"height\":512,\"caption\":\"Remiremont Info\"},\"image\":{\"@id\":\"https:\/\/vosgesinfo.fr\/remiremontinfo\/#\/schema\/logo\/image\/\"},\"sameAs\":[\"https:\/\/www.facebook.com\/remiremontinfo\",\"https:\/\/x.com\/VosgesInfo88\",\"https:\/\/www.youtube.com\/@vosgesinfo\"]},{\"@type\":\"Person\",\"@id\":\"https:\/\/vosgesinfo.fr\/remiremontinfo\/#\/schema\/person\/3bfd164d5218a185b1db68655a265316\",\"name\":\"C D\",\"image\":{\"@type\":\"ImageObject\",\"inLanguage\":\"fr-FR\",\"@id\":\"https:\/\/vosgesinfo.fr\/remiremontinfo\/#\/schema\/person\/image\/\",\"url\":\"https:\/\/secure.gravatar.com\/avatar\/1f9a70007336511a47468b8f1c66f922b8b7cf617b02a31149ada43893a5d48f?s=96&d=mm&r=g\",\"contentUrl\":\"https:\/\/secure.gravatar.com\/avatar\/1f9a70007336511a47468b8f1c66f922b8b7cf617b02a31149ada43893a5d48f?s=96&d=mm&r=g\",\"caption\":\"C D\"},\"url\":\"https:\/\/vosgesinfo.fr\/remiremontinfo\/author\/cedric-drevet\/\"}]}<\/script>\n<!-- \/ Yoast SEO plugin. -->","yoast_head_json":{"title":"La Danse Moderne Academy repr\u00e9sent\u00e9e \u00e0 l\u2019\u00e9lection Miss Lorraine 2019 ! - Remiremont Info","robots":{"index":"index","follow":"follow","max-snippet":"max-snippet:-1","max-image-preview":"max-image-preview:large","max-video-preview":"max-video-preview:-1"},"canonical":"https:\/\/vosgesinfo.fr\/remiremontinfo\/2019\/09\/danse-moderne-academy-representee-a-lelection-miss-lorraine-2019\/","twitter_card":"summary_large_image","twitter_title":"La Danse Moderne Academy repr\u00e9sent\u00e9e \u00e0 l\u2019\u00e9lection Miss Lorraine 2019 ! - Remiremont Info","twitter_description":"Page Facebook de la Danse Moderne Academy La directrice artistique de la DMA, Ang\u00e9lique Vernet, est invit\u00e9e en tant que [&hellip;]","twitter_image":"https:\/\/vosgesinfo.fr\/app\/uploads\/sites\/5\/2024\/09\/20190969804913-2715921835085849-6787335434889330688-n.jpg","twitter_creator":"@VosgesInfo88","twitter_site":"@VosgesInfo88","twitter_misc":{"\u00c9crit par":"C D","Dur\u00e9e de lecture estim\u00e9e":"1 minute"},"schema":{"@context":"https:\/\/schema.org","@graph":[{"@type":"Article","@id":"https:\/\/vosgesinfo.fr\/remiremontinfo\/2019\/09\/danse-moderne-academy-representee-a-lelection-miss-lorraine-2019\/#article","isPartOf":{"@id":"https:\/\/vosgesinfo.fr\/remiremontinfo\/2019\/09\/danse-moderne-academy-representee-a-lelection-miss-lorraine-2019\/"},"author":{"name":"C D","@id":"https:\/\/vosgesinfo.fr\/remiremontinfo\/#\/schema\/person\/3bfd164d5218a185b1db68655a265316"},"headline":"La Danse Moderne Academy repr\u00e9sent\u00e9e \u00e0 l\u2019\u00e9lection Miss Lorraine 2019 !","datePublished":"2019-09-06T05:00:12+00:00","dateModified":"2019-09-06T05:00:12+00:00","mainEntityOfPage":{"@id":"https:\/\/vosgesinfo.fr\/remiremontinfo\/2019\/09\/danse-moderne-academy-representee-a-lelection-miss-lorraine-2019\/"},"wordCount":113,"commentCount":0,"publisher":{"@id":"https:\/\/vosgesinfo.fr\/remiremontinfo\/#organization"},"image":{"@id":"https:\/\/vosgesinfo.fr\/remiremontinfo\/2019\/09\/danse-moderne-academy-representee-a-lelection-miss-lorraine-2019\/#primaryimage"},"thumbnailUrl":"https:\/\/vosgesinfo.fr\/app\/uploads\/sites\/5\/2024\/09\/20190969804913-2715921835085849-6787335434889330688-n.jpg","articleSection":["A la Une","Culture","Loisirs","Remiremont","Remiremont &amp; son canton"],"inLanguage":"fr-FR","potentialAction":[{"@type":"CommentAction","name":"Comment","target":["https:\/\/vosgesinfo.fr\/remiremontinfo\/2019\/09\/danse-moderne-academy-representee-a-lelection-miss-lorraine-2019\/#respond"]}]},{"@type":"WebPage","@id":"https:\/\/vosgesinfo.fr\/remiremontinfo\/2019\/09\/danse-moderne-academy-representee-a-lelection-miss-lorraine-2019\/","url":"https:\/\/vosgesinfo.fr\/remiremontinfo\/2019\/09\/danse-moderne-academy-representee-a-lelection-miss-lorraine-2019\/","name":"La Danse Moderne Academy repr\u00e9sent\u00e9e \u00e0 l\u2019\u00e9lection Miss Lorraine 2019 ! - Remiremont Info","isPartOf":{"@id":"https:\/\/vosgesinfo.fr\/remiremontinfo\/#website"},"primaryImageOfPage":{"@id":"https:\/\/vosgesinfo.fr\/remiremontinfo\/2019\/09\/danse-moderne-academy-representee-a-lelection-miss-lorraine-2019\/#primaryimage"},"image":{"@id":"https:\/\/vosgesinfo.fr\/remiremontinfo\/2019\/09\/danse-moderne-academy-representee-a-lelection-miss-lorraine-2019\/#primaryimage"},"thumbnailUrl":"https:\/\/vosgesinfo.fr\/app\/uploads\/sites\/5\/2024\/09\/20190969804913-2715921835085849-6787335434889330688-n.jpg","datePublished":"2019-09-06T05:00:12+00:00","dateModified":"2019-09-06T05:00:12+00:00","breadcrumb":{"@id":"https:\/\/vosgesinfo.fr\/remiremontinfo\/2019\/09\/danse-moderne-academy-representee-a-lelection-miss-lorraine-2019\/#breadcrumb"},"inLanguage":"fr-FR","potentialAction":[{"@type":"ReadAction","target":["https:\/\/vosgesinfo.fr\/remiremontinfo\/2019\/09\/danse-moderne-academy-representee-a-lelection-miss-lorraine-2019\/"]}]},{"@type":"ImageObject","inLanguage":"fr-FR","@id":"https:\/\/vosgesinfo.fr\/remiremontinfo\/2019\/09\/danse-moderne-academy-representee-a-lelection-miss-lorraine-2019\/#primaryimage","url":"https:\/\/vosgesinfo.fr\/app\/uploads\/sites\/5\/2024\/09\/20190969804913-2715921835085849-6787335434889330688-n.jpg","contentUrl":"https:\/\/vosgesinfo.fr\/app\/uploads\/sites\/5\/2024\/09\/20190969804913-2715921835085849-6787335434889330688-n.jpg","width":960,"height":960},{"@type":"BreadcrumbList","@id":"https:\/\/vosgesinfo.fr\/remiremontinfo\/2019\/09\/danse-moderne-academy-representee-a-lelection-miss-lorraine-2019\/#breadcrumb","itemListElement":[{"@type":"ListItem","position":1,"name":"Home","item":"https:\/\/vosgesinfo.fr\/remiremontinfo\/"},{"@type":"ListItem","position":2,"name":"La Danse Moderne Academy repr\u00e9sent\u00e9e \u00e0 l\u2019\u00e9lection Miss Lorraine 2019 !"}]},{"@type":"WebSite","@id":"https:\/\/vosgesinfo.fr\/remiremontinfo\/#website","url":"https:\/\/vosgesinfo.fr\/remiremontinfo\/","name":"Remiremont Info","description":"Toute l&#039;actualit\u00e9 de Remiremont","publisher":{"@id":"https:\/\/vosgesinfo.fr\/remiremontinfo\/#organization"},"alternateName":"Toute l'actualit\u00e9 de Remiremont","potentialAction":[{"@type":"SearchAction","target":{"@type":"EntryPoint","urlTemplate":"https:\/\/vosgesinfo.fr\/remiremontinfo\/?s={search_term_string}"},"query-input":"required name=search_term_string"}],"inLanguage":"fr-FR"},{"@type":"Organization","@id":"https:\/\/vosgesinfo.fr\/remiremontinfo\/#organization","name":"Remiremont Info","url":"https:\/\/vosgesinfo.fr\/remiremontinfo\/","logo":{"@type":"ImageObject","inLanguage":"fr-FR","@id":"https:\/\/vosgesinfo.fr\/remiremontinfo\/#\/schema\/logo\/image\/","url":"https:\/\/vosgesinfo.fr\/app\/uploads\/sites\/5\/2023\/08\/favicon-remiremontinfo.png","contentUrl":"https:\/\/vosgesinfo.fr\/app\/uploads\/sites\/5\/2023\/08\/favicon-remiremontinfo.png","width":512,"height":512,"caption":"Remiremont Info"},"image":{"@id":"https:\/\/vosgesinfo.fr\/remiremontinfo\/#\/schema\/logo\/image\/"},"sameAs":["https:\/\/www.facebook.com\/remiremontinfo","https:\/\/x.com\/VosgesInfo88","https:\/\/www.youtube.com\/@vosgesinfo"]},{"@type":"Person","@id":"https:\/\/vosgesinfo.fr\/remiremontinfo\/#\/schema\/person\/3bfd164d5218a185b1db68655a265316","name":"C D","image":{"@type":"ImageObject","inLanguage":"fr-FR","@id":"https:\/\/vosgesinfo.fr\/remiremontinfo\/#\/schema\/person\/image\/","url":"https:\/\/secure.gravatar.com\/avatar\/1f9a70007336511a47468b8f1c66f922b8b7cf617b02a31149ada43893a5d48f?s=96&d=mm&r=g","contentUrl":"https:\/\/secure.gravatar.com\/avatar\/1f9a70007336511a47468b8f1c66f922b8b7cf617b02a31149ada43893a5d48f?s=96&d=mm&r=g","caption":"C D"},"url":"https:\/\/vosgesinfo.fr\/remiremontinfo\/author\/cedric-drevet\/"}]}},"_links":{"self":[{"href":"https:\/\/vosgesinfo.fr\/remiremontinfo\/wp-json\/wp\/v2\/posts\/20152","targetHints":{"allow":["GET"]}}],"collection":[{"href":"https:\/\/vosgesinfo.fr\/remiremontinfo\/wp-json\/wp\/v2\/posts"}],"about":[{"href":"https:\/\/vosgesinfo.fr\/remiremontinfo\/wp-json\/wp\/v2\/types\/post"}],"author":[{"embeddable":true,"href":"https:\/\/vosgesinfo.fr\/remiremontinfo\/wp-json\/wp\/v2\/users\/407"}],"replies":[{"embeddable":true,"href":"https:\/\/vosgesinfo.fr\/remiremontinfo\/wp-json\/wp\/v2\/comments?post=20152"}],"version-history":[{"count":0,"href":"https:\/\/vosgesinfo.fr\/remiremontinfo\/wp-json\/wp\/v2\/posts\/20152\/revisions"}],"wp:featuredmedia":[{"embeddable":true,"href":"https:\/\/vosgesinfo.fr\/remiremontinfo\/wp-json\/wp\/v2\/media\/20153"}],"wp:attachment":[{"href":"https:\/\/vosgesinfo.fr\/remiremontinfo\/wp-json\/wp\/v2\/media?parent=20152"}],"wp:term":[{"taxonomy":"category","embeddable":true,"href":"https:\/\/vosgesinfo.fr\/remiremontinfo\/wp-json\/wp\/v2\/categories?post=20152"},{"taxonomy":"post_tag","embeddable":true,"href":"https:\/\/vosgesinfo.fr\/remiremontinfo\/wp-json\/wp\/v2\/tags?post=20152"}],"curies":[{"name":"wp","href":"https:\/\/api.w.org\/{rel}","templated":true}]}}