{"id":20157,"date":"2019-09-06T12:09:57","date_gmt":"2019-09-06T10:09:57","guid":{"rendered":"https:\/\/vosgesinfo.fr\/remiremontinfo\/2019\/09\/rupt-moselle-gaec-de-saulx-doublement-labellise\/"},"modified":"2019-09-06T12:09:57","modified_gmt":"2019-09-06T10:09:57","slug":"rupt-moselle-gaec-de-saulx-doublement-labellise","status":"publish","type":"post","link":"https:\/\/vosgesinfo.fr\/remiremontinfo\/2019\/09\/rupt-moselle-gaec-de-saulx-doublement-labellise\/","title":{"rendered":"Rupt-Sur-Moselle : le Gaec de Saulx doublement labellis\u00e9 !"},"content":{"rendered":"<h2 class=\"p1\"><a href=\"\/2019\/09\/P1420309.jpg\"><img decoding=\"async\" class=\"alignnone size-large wp-image-267894\" src=\"\/2019\/09\/P1420309-1024x768.jpg\" alt=\"P1420309\" width=\"960\" height=\"720\" \/><\/a><\/h2>\n<h2 class=\"p1\"><span style=\"font-size: 12pt;\"><strong><span class=\"s1\">Le service Agritourisme de la Chambre d&rsquo;Agriculture des Vosges organisait ce matin une commission d\u00e9partementale d&rsquo;agr\u00e9ment \u00ab Bienvenue \u00e0 la ferme\u00a0&#8211; Produits de la ferme \u00bb dans l\u2019exploitation agricole de Claudine Feivet et de ses deux fils \u00e0 Rupt-Sur-Moselle.<\/span><\/strong><\/span><\/h2>\n<p class=\"p1\"><span class=\"s1\">La commission s\u2019est tenue au c\u0153ur de la ferme, en compagnie des exploitants et en pleine activit\u00e9 de r\u00e9colte dans les champs et les serres. Le jury \u00e9tait compos\u00e9 de 4 membres aux profils diff\u00e9rents : deux agricultrices tout d\u2019abord, Celine Duc et Isabelle Perry, le maire de la commune et le repr\u00e9sentant de l\u2019Office de Tourisme. Ayant d\u00e9j\u00e0 rejoint le r\u00e9seau Vosges Terroir en juin dernier, le Gaec de Saulx a obtenu son agr\u00e9ment \u00e0 l\u2019issue de la d\u00e9lib\u00e9ration et rejoint \u00ab Bienvenue \u00e0 la ferme \u00bb, premier r\u00e9seau d\u2019agri-tourisme fran\u00e7ais. C\u2019est le 39\u00e8me \u00e9tablissement a recevoir ce label dans les Vosges. Ils sont pr\u00e8s de 9.000 en France. La qualit\u00e9 des lieux et de l\u2019accueil ont \u00e9t\u00e9 unanimement salu\u00e9s.<\/span><\/p>\n<p class=\"p1\"><span class=\"s1\">Le Gaec de Saulx, c\u2019est une histoire de famille. L\u2019activit\u00e9 se d\u00e9veloppe depuis 3 g\u00e9n\u00e9rations sur le territoire de la commune de Rupt-Sur-Moselle, route du Ch\u00eane. Andr\u00e9 et Odette Pinot, \u00ab\u00a0les grand-parents\u00a0\u00bb, se sont install\u00e9s en 1965, avec seulement un cheval et un boeuf. Leurs enfants ont suivi. Aujourd\u2019hui, leurs petits fils poursuivent leur travail avec leur m\u00e8re Claudine Feivet et continuent de faire \u00e9voluer l\u2019exploitation. En 2010, ils se mettent au maraichage et \u00e0 la vente directe de fruits et l\u00e9gumes. Ce commerce monte en puissance ces derni\u00e8res ann\u00e9es. <\/span><\/p>\n<p class=\"p1\"><span class=\"s1\">La marque \u00ab Bienvenue \u00e0 la Ferme \u00bb vise \u00e0 satisfaire aux attentes des consommateurs en termes d\u2019authenticit\u00e9, de d\u00e9tente dans un environnement naturel et pr\u00e9serv\u00e9. Elle a \u00e9galement pour objectif de faire conna\u00eetre le m\u00e9tier d\u2019agriculteur et la r\u00e9alit\u00e9 de l\u2019activit\u00e9 agricole, valoriser les produits des exploitations et les savoir-faire des agriculteurs et pr\u00e9server le patrimoine agricole et rural. Les agriculteurs agr\u00e9\u00e9s \u00ab Bienvenue \u00e0 la Ferme \u00bb s\u2019engagent ainsi \u00e0 offrir \u00e0 leurs h\u00f4tes un accueil personnalis\u00e9 et professionnel, dans un environnement soign\u00e9 et a \u00eatre les ambassadeurs d\u2019une agriculture durable et responsable, enracin\u00e9e dans les territoires.<\/span><\/p>\n<p class=\"p1\"><span class=\"s1\">Au magasin, on trouve des l\u00e9gumes de saisons ainsi que des produits r\u00e9gionaux (farine, fromage, bi\u00e8res, etc). Un rayon de fruits, de saisons, est \u00e0 votre disposition. Des steaks hach\u00e9s congel\u00e9s issus de l\u2019\u00e9levage sont aussi en vente. Le Gaec assure \u00e9galement l\u2019approvisionnement d\u2019\u00e9tablissements scolaires et de restaurants de la r\u00e9gion avec lesquels il est en contrat. Juste \u00e0 c\u00f4t\u00e9 de la boutique se trouve le b\u00e2timent qui abrite les vaches, principalement de race \u2018Holstein, avec aussi quelques montb\u00e9liardes. La production laiti\u00e8re fournit notamment la fromagerie l\u2019Ermitage.<\/span><\/p>\n\n","protected":false},"excerpt":{"rendered":"<p>Le service Agritourisme de la Chambre d&rsquo;Agriculture des Vosges organisait ce matin une commission d\u00e9partementale d&rsquo;agr\u00e9ment \u00ab Bienvenue \u00e0 la [&hellip;]<\/p>\n","protected":false},"author":407,"featured_media":20158,"comment_status":"open","ping_status":"open","sticky":false,"template":"","format":"standard","meta":{"footnotes":""},"categories":[26,47,37,250],"tags":[],"class_list":["post-20157","post","type-post","status-publish","format-standard","has-post-thumbnail","hentry","category-a-la-une","category-agriculture","category-le-thillot-son-canton","category-rupt-sur-moselle"],"acf":[],"yoast_head":"<!-- This site is optimized with the Yoast SEO plugin v22.5 - https:\/\/yoast.com\/wordpress\/plugins\/seo\/ -->\n<title>Rupt-Sur-Moselle : le Gaec de Saulx doublement labellis\u00e9 ! - Remiremont Info<\/title>\n<meta name=\"robots\" content=\"index, follow, max-snippet:-1, max-image-preview:large, max-video-preview:-1\" \/>\n<link rel=\"canonical\" href=\"https:\/\/vosgesinfo.fr\/remiremontinfo\/2019\/09\/rupt-moselle-gaec-de-saulx-doublement-labellise\/\" \/>\n<meta name=\"twitter:card\" content=\"summary_large_image\" \/>\n<meta name=\"twitter:title\" content=\"Rupt-Sur-Moselle : le Gaec de Saulx doublement labellis\u00e9 ! - Remiremont Info\" \/>\n<meta name=\"twitter:description\" content=\"Le service Agritourisme de la Chambre d&rsquo;Agriculture des Vosges organisait ce matin une commission d\u00e9partementale d&rsquo;agr\u00e9ment \u00ab Bienvenue \u00e0 la [&hellip;]\" \/>\n<meta name=\"twitter:image\" content=\"https:\/\/vosgesinfo.fr\/app\/uploads\/sites\/5\/2024\/09\/201909p1420309.jpg\" \/>\n<meta name=\"twitter:creator\" content=\"@VosgesInfo88\" \/>\n<meta name=\"twitter:site\" content=\"@VosgesInfo88\" \/>\n<meta name=\"twitter:label1\" content=\"\u00c9crit par\" \/>\n\t<meta name=\"twitter:data1\" content=\"C D\" \/>\n\t<meta name=\"twitter:label2\" content=\"Dur\u00e9e de lecture estim\u00e9e\" \/>\n\t<meta name=\"twitter:data2\" content=\"2 minutes\" \/>\n<script type=\"application\/ld+json\" class=\"yoast-schema-graph\">{\"@context\":\"https:\/\/schema.org\",\"@graph\":[{\"@type\":\"Article\",\"@id\":\"https:\/\/vosgesinfo.fr\/remiremontinfo\/2019\/09\/rupt-moselle-gaec-de-saulx-doublement-labellise\/#article\",\"isPartOf\":{\"@id\":\"https:\/\/vosgesinfo.fr\/remiremontinfo\/2019\/09\/rupt-moselle-gaec-de-saulx-doublement-labellise\/\"},\"author\":{\"name\":\"C D\",\"@id\":\"https:\/\/vosgesinfo.fr\/remiremontinfo\/#\/schema\/person\/3bfd164d5218a185b1db68655a265316\"},\"headline\":\"Rupt-Sur-Moselle : le Gaec de Saulx doublement labellis\u00e9 !\",\"datePublished\":\"2019-09-06T10:09:57+00:00\",\"dateModified\":\"2019-09-06T10:09:57+00:00\",\"mainEntityOfPage\":{\"@id\":\"https:\/\/vosgesinfo.fr\/remiremontinfo\/2019\/09\/rupt-moselle-gaec-de-saulx-doublement-labellise\/\"},\"wordCount\":492,\"commentCount\":0,\"publisher\":{\"@id\":\"https:\/\/vosgesinfo.fr\/remiremontinfo\/#organization\"},\"image\":{\"@id\":\"https:\/\/vosgesinfo.fr\/remiremontinfo\/2019\/09\/rupt-moselle-gaec-de-saulx-doublement-labellise\/#primaryimage\"},\"thumbnailUrl\":\"https:\/\/vosgesinfo.fr\/app\/uploads\/sites\/5\/2024\/09\/201909p1420309.jpg\",\"articleSection\":[\"A la Une\",\"Agriculture\",\"Le Thillot &amp; son canton\",\"Rupt-Sur-Moselle\"],\"inLanguage\":\"fr-FR\",\"potentialAction\":[{\"@type\":\"CommentAction\",\"name\":\"Comment\",\"target\":[\"https:\/\/vosgesinfo.fr\/remiremontinfo\/2019\/09\/rupt-moselle-gaec-de-saulx-doublement-labellise\/#respond\"]}]},{\"@type\":\"WebPage\",\"@id\":\"https:\/\/vosgesinfo.fr\/remiremontinfo\/2019\/09\/rupt-moselle-gaec-de-saulx-doublement-labellise\/\",\"url\":\"https:\/\/vosgesinfo.fr\/remiremontinfo\/2019\/09\/rupt-moselle-gaec-de-saulx-doublement-labellise\/\",\"name\":\"Rupt-Sur-Moselle : le Gaec de Saulx doublement labellis\u00e9 ! - Remiremont Info\",\"isPartOf\":{\"@id\":\"https:\/\/vosgesinfo.fr\/remiremontinfo\/#website\"},\"primaryImageOfPage\":{\"@id\":\"https:\/\/vosgesinfo.fr\/remiremontinfo\/2019\/09\/rupt-moselle-gaec-de-saulx-doublement-labellise\/#primaryimage\"},\"image\":{\"@id\":\"https:\/\/vosgesinfo.fr\/remiremontinfo\/2019\/09\/rupt-moselle-gaec-de-saulx-doublement-labellise\/#primaryimage\"},\"thumbnailUrl\":\"https:\/\/vosgesinfo.fr\/app\/uploads\/sites\/5\/2024\/09\/201909p1420309.jpg\",\"datePublished\":\"2019-09-06T10:09:57+00:00\",\"dateModified\":\"2019-09-06T10:09:57+00:00\",\"breadcrumb\":{\"@id\":\"https:\/\/vosgesinfo.fr\/remiremontinfo\/2019\/09\/rupt-moselle-gaec-de-saulx-doublement-labellise\/#breadcrumb\"},\"inLanguage\":\"fr-FR\",\"potentialAction\":[{\"@type\":\"ReadAction\",\"target\":[\"https:\/\/vosgesinfo.fr\/remiremontinfo\/2019\/09\/rupt-moselle-gaec-de-saulx-doublement-labellise\/\"]}]},{\"@type\":\"ImageObject\",\"inLanguage\":\"fr-FR\",\"@id\":\"https:\/\/vosgesinfo.fr\/remiremontinfo\/2019\/09\/rupt-moselle-gaec-de-saulx-doublement-labellise\/#primaryimage\",\"url\":\"https:\/\/vosgesinfo.fr\/app\/uploads\/sites\/5\/2024\/09\/201909p1420309.jpg\",\"contentUrl\":\"https:\/\/vosgesinfo.fr\/app\/uploads\/sites\/5\/2024\/09\/201909p1420309.jpg\",\"width\":2048,\"height\":1536},{\"@type\":\"BreadcrumbList\",\"@id\":\"https:\/\/vosgesinfo.fr\/remiremontinfo\/2019\/09\/rupt-moselle-gaec-de-saulx-doublement-labellise\/#breadcrumb\",\"itemListElement\":[{\"@type\":\"ListItem\",\"position\":1,\"name\":\"Home\",\"item\":\"https:\/\/vosgesinfo.fr\/remiremontinfo\/\"},{\"@type\":\"ListItem\",\"position\":2,\"name\":\"Rupt-Sur-Moselle : le Gaec de Saulx doublement labellis\u00e9 !\"}]},{\"@type\":\"WebSite\",\"@id\":\"https:\/\/vosgesinfo.fr\/remiremontinfo\/#website\",\"url\":\"https:\/\/vosgesinfo.fr\/remiremontinfo\/\",\"name\":\"Remiremont Info\",\"description\":\"Toute l&#039;actualit\u00e9 de Remiremont\",\"publisher\":{\"@id\":\"https:\/\/vosgesinfo.fr\/remiremontinfo\/#organization\"},\"alternateName\":\"Toute l'actualit\u00e9 de Remiremont\",\"potentialAction\":[{\"@type\":\"SearchAction\",\"target\":{\"@type\":\"EntryPoint\",\"urlTemplate\":\"https:\/\/vosgesinfo.fr\/remiremontinfo\/?s={search_term_string}\"},\"query-input\":\"required name=search_term_string\"}],\"inLanguage\":\"fr-FR\"},{\"@type\":\"Organization\",\"@id\":\"https:\/\/vosgesinfo.fr\/remiremontinfo\/#organization\",\"name\":\"Remiremont Info\",\"url\":\"https:\/\/vosgesinfo.fr\/remiremontinfo\/\",\"logo\":{\"@type\":\"ImageObject\",\"inLanguage\":\"fr-FR\",\"@id\":\"https:\/\/vosgesinfo.fr\/remiremontinfo\/#\/schema\/logo\/image\/\",\"url\":\"https:\/\/vosgesinfo.fr\/app\/uploads\/sites\/5\/2023\/08\/favicon-remiremontinfo.png\",\"contentUrl\":\"https:\/\/vosgesinfo.fr\/app\/uploads\/sites\/5\/2023\/08\/favicon-remiremontinfo.png\",\"width\":512,\"height\":512,\"caption\":\"Remiremont Info\"},\"image\":{\"@id\":\"https:\/\/vosgesinfo.fr\/remiremontinfo\/#\/schema\/logo\/image\/\"},\"sameAs\":[\"https:\/\/www.facebook.com\/remiremontinfo\",\"https:\/\/x.com\/VosgesInfo88\",\"https:\/\/www.youtube.com\/@vosgesinfo\"]},{\"@type\":\"Person\",\"@id\":\"https:\/\/vosgesinfo.fr\/remiremontinfo\/#\/schema\/person\/3bfd164d5218a185b1db68655a265316\",\"name\":\"C D\",\"image\":{\"@type\":\"ImageObject\",\"inLanguage\":\"fr-FR\",\"@id\":\"https:\/\/vosgesinfo.fr\/remiremontinfo\/#\/schema\/person\/image\/\",\"url\":\"https:\/\/secure.gravatar.com\/avatar\/1f9a70007336511a47468b8f1c66f922b8b7cf617b02a31149ada43893a5d48f?s=96&d=mm&r=g\",\"contentUrl\":\"https:\/\/secure.gravatar.com\/avatar\/1f9a70007336511a47468b8f1c66f922b8b7cf617b02a31149ada43893a5d48f?s=96&d=mm&r=g\",\"caption\":\"C D\"},\"url\":\"https:\/\/vosgesinfo.fr\/remiremontinfo\/author\/cedric-drevet\/\"}]}<\/script>\n<!-- \/ Yoast SEO plugin. -->","yoast_head_json":{"title":"Rupt-Sur-Moselle : le Gaec de Saulx doublement labellis\u00e9 ! - Remiremont Info","robots":{"index":"index","follow":"follow","max-snippet":"max-snippet:-1","max-image-preview":"max-image-preview:large","max-video-preview":"max-video-preview:-1"},"canonical":"https:\/\/vosgesinfo.fr\/remiremontinfo\/2019\/09\/rupt-moselle-gaec-de-saulx-doublement-labellise\/","twitter_card":"summary_large_image","twitter_title":"Rupt-Sur-Moselle : le Gaec de Saulx doublement labellis\u00e9 ! - Remiremont Info","twitter_description":"Le service Agritourisme de la Chambre d&rsquo;Agriculture des Vosges organisait ce matin une commission d\u00e9partementale d&rsquo;agr\u00e9ment \u00ab Bienvenue \u00e0 la [&hellip;]","twitter_image":"https:\/\/vosgesinfo.fr\/app\/uploads\/sites\/5\/2024\/09\/201909p1420309.jpg","twitter_creator":"@VosgesInfo88","twitter_site":"@VosgesInfo88","twitter_misc":{"\u00c9crit par":"C D","Dur\u00e9e de lecture estim\u00e9e":"2 minutes"},"schema":{"@context":"https:\/\/schema.org","@graph":[{"@type":"Article","@id":"https:\/\/vosgesinfo.fr\/remiremontinfo\/2019\/09\/rupt-moselle-gaec-de-saulx-doublement-labellise\/#article","isPartOf":{"@id":"https:\/\/vosgesinfo.fr\/remiremontinfo\/2019\/09\/rupt-moselle-gaec-de-saulx-doublement-labellise\/"},"author":{"name":"C D","@id":"https:\/\/vosgesinfo.fr\/remiremontinfo\/#\/schema\/person\/3bfd164d5218a185b1db68655a265316"},"headline":"Rupt-Sur-Moselle : le Gaec de Saulx doublement labellis\u00e9 !","datePublished":"2019-09-06T10:09:57+00:00","dateModified":"2019-09-06T10:09:57+00:00","mainEntityOfPage":{"@id":"https:\/\/vosgesinfo.fr\/remiremontinfo\/2019\/09\/rupt-moselle-gaec-de-saulx-doublement-labellise\/"},"wordCount":492,"commentCount":0,"publisher":{"@id":"https:\/\/vosgesinfo.fr\/remiremontinfo\/#organization"},"image":{"@id":"https:\/\/vosgesinfo.fr\/remiremontinfo\/2019\/09\/rupt-moselle-gaec-de-saulx-doublement-labellise\/#primaryimage"},"thumbnailUrl":"https:\/\/vosgesinfo.fr\/app\/uploads\/sites\/5\/2024\/09\/201909p1420309.jpg","articleSection":["A la Une","Agriculture","Le Thillot &amp; son canton","Rupt-Sur-Moselle"],"inLanguage":"fr-FR","potentialAction":[{"@type":"CommentAction","name":"Comment","target":["https:\/\/vosgesinfo.fr\/remiremontinfo\/2019\/09\/rupt-moselle-gaec-de-saulx-doublement-labellise\/#respond"]}]},{"@type":"WebPage","@id":"https:\/\/vosgesinfo.fr\/remiremontinfo\/2019\/09\/rupt-moselle-gaec-de-saulx-doublement-labellise\/","url":"https:\/\/vosgesinfo.fr\/remiremontinfo\/2019\/09\/rupt-moselle-gaec-de-saulx-doublement-labellise\/","name":"Rupt-Sur-Moselle : le Gaec de Saulx doublement labellis\u00e9 ! - Remiremont Info","isPartOf":{"@id":"https:\/\/vosgesinfo.fr\/remiremontinfo\/#website"},"primaryImageOfPage":{"@id":"https:\/\/vosgesinfo.fr\/remiremontinfo\/2019\/09\/rupt-moselle-gaec-de-saulx-doublement-labellise\/#primaryimage"},"image":{"@id":"https:\/\/vosgesinfo.fr\/remiremontinfo\/2019\/09\/rupt-moselle-gaec-de-saulx-doublement-labellise\/#primaryimage"},"thumbnailUrl":"https:\/\/vosgesinfo.fr\/app\/uploads\/sites\/5\/2024\/09\/201909p1420309.jpg","datePublished":"2019-09-06T10:09:57+00:00","dateModified":"2019-09-06T10:09:57+00:00","breadcrumb":{"@id":"https:\/\/vosgesinfo.fr\/remiremontinfo\/2019\/09\/rupt-moselle-gaec-de-saulx-doublement-labellise\/#breadcrumb"},"inLanguage":"fr-FR","potentialAction":[{"@type":"ReadAction","target":["https:\/\/vosgesinfo.fr\/remiremontinfo\/2019\/09\/rupt-moselle-gaec-de-saulx-doublement-labellise\/"]}]},{"@type":"ImageObject","inLanguage":"fr-FR","@id":"https:\/\/vosgesinfo.fr\/remiremontinfo\/2019\/09\/rupt-moselle-gaec-de-saulx-doublement-labellise\/#primaryimage","url":"https:\/\/vosgesinfo.fr\/app\/uploads\/sites\/5\/2024\/09\/201909p1420309.jpg","contentUrl":"https:\/\/vosgesinfo.fr\/app\/uploads\/sites\/5\/2024\/09\/201909p1420309.jpg","width":2048,"height":1536},{"@type":"BreadcrumbList","@id":"https:\/\/vosgesinfo.fr\/remiremontinfo\/2019\/09\/rupt-moselle-gaec-de-saulx-doublement-labellise\/#breadcrumb","itemListElement":[{"@type":"ListItem","position":1,"name":"Home","item":"https:\/\/vosgesinfo.fr\/remiremontinfo\/"},{"@type":"ListItem","position":2,"name":"Rupt-Sur-Moselle : le Gaec de Saulx doublement labellis\u00e9 !"}]},{"@type":"WebSite","@id":"https:\/\/vosgesinfo.fr\/remiremontinfo\/#website","url":"https:\/\/vosgesinfo.fr\/remiremontinfo\/","name":"Remiremont Info","description":"Toute l&#039;actualit\u00e9 de Remiremont","publisher":{"@id":"https:\/\/vosgesinfo.fr\/remiremontinfo\/#organization"},"alternateName":"Toute l'actualit\u00e9 de Remiremont","potentialAction":[{"@type":"SearchAction","target":{"@type":"EntryPoint","urlTemplate":"https:\/\/vosgesinfo.fr\/remiremontinfo\/?s={search_term_string}"},"query-input":"required name=search_term_string"}],"inLanguage":"fr-FR"},{"@type":"Organization","@id":"https:\/\/vosgesinfo.fr\/remiremontinfo\/#organization","name":"Remiremont Info","url":"https:\/\/vosgesinfo.fr\/remiremontinfo\/","logo":{"@type":"ImageObject","inLanguage":"fr-FR","@id":"https:\/\/vosgesinfo.fr\/remiremontinfo\/#\/schema\/logo\/image\/","url":"https:\/\/vosgesinfo.fr\/app\/uploads\/sites\/5\/2023\/08\/favicon-remiremontinfo.png","contentUrl":"https:\/\/vosgesinfo.fr\/app\/uploads\/sites\/5\/2023\/08\/favicon-remiremontinfo.png","width":512,"height":512,"caption":"Remiremont Info"},"image":{"@id":"https:\/\/vosgesinfo.fr\/remiremontinfo\/#\/schema\/logo\/image\/"},"sameAs":["https:\/\/www.facebook.com\/remiremontinfo","https:\/\/x.com\/VosgesInfo88","https:\/\/www.youtube.com\/@vosgesinfo"]},{"@type":"Person","@id":"https:\/\/vosgesinfo.fr\/remiremontinfo\/#\/schema\/person\/3bfd164d5218a185b1db68655a265316","name":"C D","image":{"@type":"ImageObject","inLanguage":"fr-FR","@id":"https:\/\/vosgesinfo.fr\/remiremontinfo\/#\/schema\/person\/image\/","url":"https:\/\/secure.gravatar.com\/avatar\/1f9a70007336511a47468b8f1c66f922b8b7cf617b02a31149ada43893a5d48f?s=96&d=mm&r=g","contentUrl":"https:\/\/secure.gravatar.com\/avatar\/1f9a70007336511a47468b8f1c66f922b8b7cf617b02a31149ada43893a5d48f?s=96&d=mm&r=g","caption":"C D"},"url":"https:\/\/vosgesinfo.fr\/remiremontinfo\/author\/cedric-drevet\/"}]}},"_links":{"self":[{"href":"https:\/\/vosgesinfo.fr\/remiremontinfo\/wp-json\/wp\/v2\/posts\/20157","targetHints":{"allow":["GET"]}}],"collection":[{"href":"https:\/\/vosgesinfo.fr\/remiremontinfo\/wp-json\/wp\/v2\/posts"}],"about":[{"href":"https:\/\/vosgesinfo.fr\/remiremontinfo\/wp-json\/wp\/v2\/types\/post"}],"author":[{"embeddable":true,"href":"https:\/\/vosgesinfo.fr\/remiremontinfo\/wp-json\/wp\/v2\/users\/407"}],"replies":[{"embeddable":true,"href":"https:\/\/vosgesinfo.fr\/remiremontinfo\/wp-json\/wp\/v2\/comments?post=20157"}],"version-history":[{"count":0,"href":"https:\/\/vosgesinfo.fr\/remiremontinfo\/wp-json\/wp\/v2\/posts\/20157\/revisions"}],"wp:featuredmedia":[{"embeddable":true,"href":"https:\/\/vosgesinfo.fr\/remiremontinfo\/wp-json\/wp\/v2\/media\/20158"}],"wp:attachment":[{"href":"https:\/\/vosgesinfo.fr\/remiremontinfo\/wp-json\/wp\/v2\/media?parent=20157"}],"wp:term":[{"taxonomy":"category","embeddable":true,"href":"https:\/\/vosgesinfo.fr\/remiremontinfo\/wp-json\/wp\/v2\/categories?post=20157"},{"taxonomy":"post_tag","embeddable":true,"href":"https:\/\/vosgesinfo.fr\/remiremontinfo\/wp-json\/wp\/v2\/tags?post=20157"}],"curies":[{"name":"wp","href":"https:\/\/api.w.org\/{rel}","templated":true}]}}