{"id":20595,"date":"2024-09-06T14:03:12","date_gmt":"2024-09-06T12:03:12","guid":{"rendered":"https:\/\/vosgesinfo.fr\/remiremontinfo\/?p=20595"},"modified":"2024-09-06T14:07:50","modified_gmt":"2024-09-06T12:07:50","slug":"remiremont-circulation-et-stationnement-interdit-faubourg-depinal-a-compter-du-9-septembre","status":"publish","type":"post","link":"https:\/\/vosgesinfo.fr\/remiremontinfo\/2024\/09\/remiremont-circulation-et-stationnement-interdit-faubourg-depinal-a-compter-du-9-septembre\/","title":{"rendered":"Remiremont : Circulation et stationnement interdits Faubourg d\u2019\u00c9pinal \u00e0 compter du 9 septembre"},"content":{"rendered":"<p style=\"text-align: center;\"><strong>AVIS DE TRAVAUX<\/strong><\/p>\n<p><a href=\"https:\/\/vosgesinfo.fr\/app\/uploads\/sites\/5\/2024\/09\/img62.jpg\"><img decoding=\"async\" class=\"aligncenter size-full wp-image-20596\" src=\"https:\/\/vosgesinfo.fr\/app\/uploads\/sites\/5\/2024\/09\/img62.jpg\" alt=\"\" width=\"966\" height=\"764\" srcset=\"https:\/\/vosgesinfo.fr\/app\/uploads\/sites\/5\/2024\/09\/img62.jpg 966w, https:\/\/vosgesinfo.fr\/app\/uploads\/sites\/5\/2024\/09\/img62-300x237.jpg 300w, https:\/\/vosgesinfo.fr\/app\/uploads\/sites\/5\/2024\/09\/img62-768x607.jpg 768w\" sizes=\"(max-width: 966px) 100vw, 966px\" \/><\/a><br \/>\nR\u00e9seau de Chaleur Urbaine \/ Remiremont Energie &#8211; Dalkia<br \/>\nFaubourg d\u2019Epinal &#8211; Chemin de l\u2019Epinette &#8211; Promenade du Tertre<\/p>\n<p>A compter du lundi 9 septembre et pour une dur\u00e9e estim\u00e9e \u00e0 4 semaines, des travaux relatifs \u00e0 l&rsquo;installation, par l&rsquo;entreprise DALKIA, du nouveau R\u00e9seau de Chaleur Urbaine de Remiremont seront r\u00e9alis\u00e9s Faubourg d&rsquo;Epinal .<br \/>\nEn cons\u00e9quence, la circulation et le stationnement seront interdits dans la portion du Faubourg d&rsquo;Epinal comprise entre la Rue du Canton, la Rampe de la Joncherie et le Chemin de l&rsquo;Epinette.<br \/>\nD&rsquo;autres travaux sont \u00e9galement en cours Chemin de l&rsquo;Epinette et la Promenade du Tertre, pour une dur\u00e9e restante estim\u00e9e \u00e0 2 semaines. La circulation et le stationnement y sont \u00e9galement interdits.<br \/>\nLes riverains seront invit\u00e9s \u00e0 stationner leurs v\u00e9hicules hors de l&#8217;emprise des chantiers et des zones de stockage des mat\u00e9riaux, afin de ne pas perturber leurs \u00e9ventuels d\u00e9placements.<\/p>\n<p>Nous remercions les habitants et automobilistes pour leur compr\u00e9hension.<\/p>\n<p>&nbsp;<\/p>\n<p style=\"text-align: center;\"><strong>Arr\u00eat\u00e9s du maire<\/strong><\/p>\n<p><a href=\"https:\/\/vosgesinfo.fr\/app\/uploads\/sites\/5\/2024\/09\/a10772024-page-0001.jpg\"><img decoding=\"async\" class=\"aligncenter size-large wp-image-20598\" src=\"https:\/\/vosgesinfo.fr\/app\/uploads\/sites\/5\/2024\/09\/a10772024-page-0001-725x1024.jpg\" alt=\"\" width=\"725\" height=\"1024\" srcset=\"https:\/\/vosgesinfo.fr\/app\/uploads\/sites\/5\/2024\/09\/a10772024-page-0001-725x1024.jpg 725w, https:\/\/vosgesinfo.fr\/app\/uploads\/sites\/5\/2024\/09\/a10772024-page-0001-212x300.jpg 212w, https:\/\/vosgesinfo.fr\/app\/uploads\/sites\/5\/2024\/09\/a10772024-page-0001-768x1085.jpg 768w, https:\/\/vosgesinfo.fr\/app\/uploads\/sites\/5\/2024\/09\/a10772024-page-0001-1087x1536.jpg 1087w, https:\/\/vosgesinfo.fr\/app\/uploads\/sites\/5\/2024\/09\/a10772024-page-0001.jpg 1241w\" sizes=\"(max-width: 725px) 100vw, 725px\" \/><\/a><a href=\"https:\/\/vosgesinfo.fr\/app\/uploads\/sites\/5\/2024\/09\/a10772024-page-0002.jpg\"><img decoding=\"async\" class=\"aligncenter size-large wp-image-20597\" src=\"https:\/\/vosgesinfo.fr\/app\/uploads\/sites\/5\/2024\/09\/a10772024-page-0002-725x1024.jpg\" alt=\"\" width=\"725\" height=\"1024\" srcset=\"https:\/\/vosgesinfo.fr\/app\/uploads\/sites\/5\/2024\/09\/a10772024-page-0002-725x1024.jpg 725w, https:\/\/vosgesinfo.fr\/app\/uploads\/sites\/5\/2024\/09\/a10772024-page-0002-212x300.jpg 212w, https:\/\/vosgesinfo.fr\/app\/uploads\/sites\/5\/2024\/09\/a10772024-page-0002-768x1085.jpg 768w, https:\/\/vosgesinfo.fr\/app\/uploads\/sites\/5\/2024\/09\/a10772024-page-0002-1087x1536.jpg 1087w, https:\/\/vosgesinfo.fr\/app\/uploads\/sites\/5\/2024\/09\/a10772024-page-0002.jpg 1241w\" sizes=\"(max-width: 725px) 100vw, 725px\" \/><\/a><\/p>\n","protected":false},"excerpt":{"rendered":"<p>AVIS DE TRAVAUX R\u00e9seau de Chaleur Urbaine \/ Remiremont Energie &#8211; Dalkia Faubourg d\u2019Epinal &#8211; Chemin de l\u2019Epinette &#8211; Promenade [&hellip;]<\/p>\n","protected":false},"author":391,"featured_media":20596,"comment_status":"open","ping_status":"open","sticky":false,"template":"","format":"standard","meta":{"footnotes":""},"categories":[26,594,226,1556],"tags":[1330,44,1301,136],"class_list":["post-20595","post","type-post","status-publish","format-standard","has-post-thumbnail","hentry","category-a-la-une","category-agenda","category-annonce-legale","category-remiremont-remiremont-son-canton-2","tag-arretes-du-maire","tag-remiremont","tag-reseau-de-chaleur-urbaine","tag-travaux"],"acf":[],"yoast_head":"<!-- This site is optimized with the Yoast SEO plugin v22.5 - https:\/\/yoast.com\/wordpress\/plugins\/seo\/ -->\n<title>Remiremont : Circulation et stationnement interdits Faubourg d\u2019\u00c9pinal \u00e0 compter du 9 septembre - Remiremont Info<\/title>\n<meta name=\"robots\" content=\"index, follow, max-snippet:-1, max-image-preview:large, max-video-preview:-1\" \/>\n<link rel=\"canonical\" href=\"https:\/\/vosgesinfo.fr\/remiremontinfo\/2024\/09\/remiremont-circulation-et-stationnement-interdit-faubourg-depinal-a-compter-du-9-septembre\/\" \/>\n<meta name=\"twitter:card\" content=\"summary_large_image\" \/>\n<meta name=\"twitter:title\" content=\"Remiremont : Circulation et stationnement interdits Faubourg d\u2019\u00c9pinal \u00e0 compter du 9 septembre - Remiremont Info\" \/>\n<meta name=\"twitter:description\" content=\"AVIS DE TRAVAUX R\u00e9seau de Chaleur Urbaine \/ Remiremont Energie &#8211; Dalkia Faubourg d\u2019Epinal &#8211; Chemin de l\u2019Epinette &#8211; Promenade [&hellip;]\" \/>\n<meta name=\"twitter:image\" content=\"https:\/\/vosgesinfo.fr\/app\/uploads\/sites\/5\/2024\/09\/img62.jpg\" \/>\n<meta name=\"twitter:creator\" content=\"@VosgesInfo88\" \/>\n<meta name=\"twitter:site\" content=\"@VosgesInfo88\" \/>\n<meta name=\"twitter:label1\" content=\"\u00c9crit par\" \/>\n\t<meta name=\"twitter:data1\" content=\"La redaction\" \/>\n\t<meta name=\"twitter:label2\" content=\"Dur\u00e9e de lecture estim\u00e9e\" \/>\n\t<meta name=\"twitter:data2\" content=\"2 minutes\" \/>\n<script type=\"application\/ld+json\" class=\"yoast-schema-graph\">{\"@context\":\"https:\/\/schema.org\",\"@graph\":[{\"@type\":\"Article\",\"@id\":\"https:\/\/vosgesinfo.fr\/remiremontinfo\/2024\/09\/remiremont-circulation-et-stationnement-interdit-faubourg-depinal-a-compter-du-9-septembre\/#article\",\"isPartOf\":{\"@id\":\"https:\/\/vosgesinfo.fr\/remiremontinfo\/2024\/09\/remiremont-circulation-et-stationnement-interdit-faubourg-depinal-a-compter-du-9-septembre\/\"},\"author\":{\"name\":\"La redaction\",\"@id\":\"https:\/\/vosgesinfo.fr\/remiremontinfo\/#\/schema\/person\/27a3695b06db98895b354c0765cdfc31\"},\"headline\":\"Remiremont : Circulation et stationnement interdits Faubourg d\u2019\u00c9pinal \u00e0 compter du 9 septembre\",\"datePublished\":\"2024-09-06T12:03:12+00:00\",\"dateModified\":\"2024-09-06T12:07:50+00:00\",\"mainEntityOfPage\":{\"@id\":\"https:\/\/vosgesinfo.fr\/remiremontinfo\/2024\/09\/remiremont-circulation-et-stationnement-interdit-faubourg-depinal-a-compter-du-9-septembre\/\"},\"wordCount\":188,\"commentCount\":0,\"publisher\":{\"@id\":\"https:\/\/vosgesinfo.fr\/remiremontinfo\/#organization\"},\"image\":{\"@id\":\"https:\/\/vosgesinfo.fr\/remiremontinfo\/2024\/09\/remiremont-circulation-et-stationnement-interdit-faubourg-depinal-a-compter-du-9-septembre\/#primaryimage\"},\"thumbnailUrl\":\"https:\/\/vosgesinfo.fr\/app\/uploads\/sites\/5\/2024\/09\/img62.jpg\",\"keywords\":[\"arr\u00eat\u00e9s du maire\",\"remiremont\",\"r\u00e9seau de chaleur urbaine\",\"travaux\"],\"articleSection\":[\"A la Une\",\"Agenda\",\"Annonce l\u00e9gale\",\"Remiremont\"],\"inLanguage\":\"fr-FR\",\"potentialAction\":[{\"@type\":\"CommentAction\",\"name\":\"Comment\",\"target\":[\"https:\/\/vosgesinfo.fr\/remiremontinfo\/2024\/09\/remiremont-circulation-et-stationnement-interdit-faubourg-depinal-a-compter-du-9-septembre\/#respond\"]}]},{\"@type\":\"WebPage\",\"@id\":\"https:\/\/vosgesinfo.fr\/remiremontinfo\/2024\/09\/remiremont-circulation-et-stationnement-interdit-faubourg-depinal-a-compter-du-9-septembre\/\",\"url\":\"https:\/\/vosgesinfo.fr\/remiremontinfo\/2024\/09\/remiremont-circulation-et-stationnement-interdit-faubourg-depinal-a-compter-du-9-septembre\/\",\"name\":\"Remiremont : Circulation et stationnement interdits Faubourg d\u2019\u00c9pinal \u00e0 compter du 9 septembre - Remiremont Info\",\"isPartOf\":{\"@id\":\"https:\/\/vosgesinfo.fr\/remiremontinfo\/#website\"},\"primaryImageOfPage\":{\"@id\":\"https:\/\/vosgesinfo.fr\/remiremontinfo\/2024\/09\/remiremont-circulation-et-stationnement-interdit-faubourg-depinal-a-compter-du-9-septembre\/#primaryimage\"},\"image\":{\"@id\":\"https:\/\/vosgesinfo.fr\/remiremontinfo\/2024\/09\/remiremont-circulation-et-stationnement-interdit-faubourg-depinal-a-compter-du-9-septembre\/#primaryimage\"},\"thumbnailUrl\":\"https:\/\/vosgesinfo.fr\/app\/uploads\/sites\/5\/2024\/09\/img62.jpg\",\"datePublished\":\"2024-09-06T12:03:12+00:00\",\"dateModified\":\"2024-09-06T12:07:50+00:00\",\"breadcrumb\":{\"@id\":\"https:\/\/vosgesinfo.fr\/remiremontinfo\/2024\/09\/remiremont-circulation-et-stationnement-interdit-faubourg-depinal-a-compter-du-9-septembre\/#breadcrumb\"},\"inLanguage\":\"fr-FR\",\"potentialAction\":[{\"@type\":\"ReadAction\",\"target\":[\"https:\/\/vosgesinfo.fr\/remiremontinfo\/2024\/09\/remiremont-circulation-et-stationnement-interdit-faubourg-depinal-a-compter-du-9-septembre\/\"]}]},{\"@type\":\"ImageObject\",\"inLanguage\":\"fr-FR\",\"@id\":\"https:\/\/vosgesinfo.fr\/remiremontinfo\/2024\/09\/remiremont-circulation-et-stationnement-interdit-faubourg-depinal-a-compter-du-9-septembre\/#primaryimage\",\"url\":\"https:\/\/vosgesinfo.fr\/app\/uploads\/sites\/5\/2024\/09\/img62.jpg\",\"contentUrl\":\"https:\/\/vosgesinfo.fr\/app\/uploads\/sites\/5\/2024\/09\/img62.jpg\",\"width\":966,\"height\":764},{\"@type\":\"BreadcrumbList\",\"@id\":\"https:\/\/vosgesinfo.fr\/remiremontinfo\/2024\/09\/remiremont-circulation-et-stationnement-interdit-faubourg-depinal-a-compter-du-9-septembre\/#breadcrumb\",\"itemListElement\":[{\"@type\":\"ListItem\",\"position\":1,\"name\":\"Home\",\"item\":\"https:\/\/vosgesinfo.fr\/remiremontinfo\/\"},{\"@type\":\"ListItem\",\"position\":2,\"name\":\"Remiremont : Circulation et stationnement interdits Faubourg d\u2019\u00c9pinal \u00e0 compter du 9 septembre\"}]},{\"@type\":\"WebSite\",\"@id\":\"https:\/\/vosgesinfo.fr\/remiremontinfo\/#website\",\"url\":\"https:\/\/vosgesinfo.fr\/remiremontinfo\/\",\"name\":\"Remiremont Info\",\"description\":\"Toute l&#039;actualit\u00e9 de Remiremont\",\"publisher\":{\"@id\":\"https:\/\/vosgesinfo.fr\/remiremontinfo\/#organization\"},\"alternateName\":\"Toute l'actualit\u00e9 de Remiremont\",\"potentialAction\":[{\"@type\":\"SearchAction\",\"target\":{\"@type\":\"EntryPoint\",\"urlTemplate\":\"https:\/\/vosgesinfo.fr\/remiremontinfo\/?s={search_term_string}\"},\"query-input\":\"required name=search_term_string\"}],\"inLanguage\":\"fr-FR\"},{\"@type\":\"Organization\",\"@id\":\"https:\/\/vosgesinfo.fr\/remiremontinfo\/#organization\",\"name\":\"Remiremont Info\",\"url\":\"https:\/\/vosgesinfo.fr\/remiremontinfo\/\",\"logo\":{\"@type\":\"ImageObject\",\"inLanguage\":\"fr-FR\",\"@id\":\"https:\/\/vosgesinfo.fr\/remiremontinfo\/#\/schema\/logo\/image\/\",\"url\":\"https:\/\/vosgesinfo.fr\/app\/uploads\/sites\/5\/2023\/08\/favicon-remiremontinfo.png\",\"contentUrl\":\"https:\/\/vosgesinfo.fr\/app\/uploads\/sites\/5\/2023\/08\/favicon-remiremontinfo.png\",\"width\":512,\"height\":512,\"caption\":\"Remiremont Info\"},\"image\":{\"@id\":\"https:\/\/vosgesinfo.fr\/remiremontinfo\/#\/schema\/logo\/image\/\"},\"sameAs\":[\"https:\/\/www.facebook.com\/remiremontinfo\",\"https:\/\/x.com\/VosgesInfo88\",\"https:\/\/www.youtube.com\/@vosgesinfo\"]},{\"@type\":\"Person\",\"@id\":\"https:\/\/vosgesinfo.fr\/remiremontinfo\/#\/schema\/person\/27a3695b06db98895b354c0765cdfc31\",\"name\":\"La redaction\",\"image\":{\"@type\":\"ImageObject\",\"inLanguage\":\"fr-FR\",\"@id\":\"https:\/\/vosgesinfo.fr\/remiremontinfo\/#\/schema\/person\/image\/\",\"url\":\"https:\/\/secure.gravatar.com\/avatar\/64c76a78e501cedee55736f43f332df901e1896ae9cd8fad269ae2236dd0e8b6?s=96&d=mm&r=g\",\"contentUrl\":\"https:\/\/secure.gravatar.com\/avatar\/64c76a78e501cedee55736f43f332df901e1896ae9cd8fad269ae2236dd0e8b6?s=96&d=mm&r=g\",\"caption\":\"La redaction\"},\"url\":\"https:\/\/vosgesinfo.fr\/remiremontinfo\/author\/la-redaction\/\"}]}<\/script>\n<!-- \/ Yoast SEO plugin. -->","yoast_head_json":{"title":"Remiremont : Circulation et stationnement interdits Faubourg d\u2019\u00c9pinal \u00e0 compter du 9 septembre - Remiremont Info","robots":{"index":"index","follow":"follow","max-snippet":"max-snippet:-1","max-image-preview":"max-image-preview:large","max-video-preview":"max-video-preview:-1"},"canonical":"https:\/\/vosgesinfo.fr\/remiremontinfo\/2024\/09\/remiremont-circulation-et-stationnement-interdit-faubourg-depinal-a-compter-du-9-septembre\/","twitter_card":"summary_large_image","twitter_title":"Remiremont : Circulation et stationnement interdits Faubourg d\u2019\u00c9pinal \u00e0 compter du 9 septembre - Remiremont Info","twitter_description":"AVIS DE TRAVAUX R\u00e9seau de Chaleur Urbaine \/ Remiremont Energie &#8211; Dalkia Faubourg d\u2019Epinal &#8211; Chemin de l\u2019Epinette &#8211; Promenade [&hellip;]","twitter_image":"https:\/\/vosgesinfo.fr\/app\/uploads\/sites\/5\/2024\/09\/img62.jpg","twitter_creator":"@VosgesInfo88","twitter_site":"@VosgesInfo88","twitter_misc":{"\u00c9crit par":"La redaction","Dur\u00e9e de lecture estim\u00e9e":"2 minutes"},"schema":{"@context":"https:\/\/schema.org","@graph":[{"@type":"Article","@id":"https:\/\/vosgesinfo.fr\/remiremontinfo\/2024\/09\/remiremont-circulation-et-stationnement-interdit-faubourg-depinal-a-compter-du-9-septembre\/#article","isPartOf":{"@id":"https:\/\/vosgesinfo.fr\/remiremontinfo\/2024\/09\/remiremont-circulation-et-stationnement-interdit-faubourg-depinal-a-compter-du-9-septembre\/"},"author":{"name":"La redaction","@id":"https:\/\/vosgesinfo.fr\/remiremontinfo\/#\/schema\/person\/27a3695b06db98895b354c0765cdfc31"},"headline":"Remiremont : Circulation et stationnement interdits Faubourg d\u2019\u00c9pinal \u00e0 compter du 9 septembre","datePublished":"2024-09-06T12:03:12+00:00","dateModified":"2024-09-06T12:07:50+00:00","mainEntityOfPage":{"@id":"https:\/\/vosgesinfo.fr\/remiremontinfo\/2024\/09\/remiremont-circulation-et-stationnement-interdit-faubourg-depinal-a-compter-du-9-septembre\/"},"wordCount":188,"commentCount":0,"publisher":{"@id":"https:\/\/vosgesinfo.fr\/remiremontinfo\/#organization"},"image":{"@id":"https:\/\/vosgesinfo.fr\/remiremontinfo\/2024\/09\/remiremont-circulation-et-stationnement-interdit-faubourg-depinal-a-compter-du-9-septembre\/#primaryimage"},"thumbnailUrl":"https:\/\/vosgesinfo.fr\/app\/uploads\/sites\/5\/2024\/09\/img62.jpg","keywords":["arr\u00eat\u00e9s du maire","remiremont","r\u00e9seau de chaleur urbaine","travaux"],"articleSection":["A la Une","Agenda","Annonce l\u00e9gale","Remiremont"],"inLanguage":"fr-FR","potentialAction":[{"@type":"CommentAction","name":"Comment","target":["https:\/\/vosgesinfo.fr\/remiremontinfo\/2024\/09\/remiremont-circulation-et-stationnement-interdit-faubourg-depinal-a-compter-du-9-septembre\/#respond"]}]},{"@type":"WebPage","@id":"https:\/\/vosgesinfo.fr\/remiremontinfo\/2024\/09\/remiremont-circulation-et-stationnement-interdit-faubourg-depinal-a-compter-du-9-septembre\/","url":"https:\/\/vosgesinfo.fr\/remiremontinfo\/2024\/09\/remiremont-circulation-et-stationnement-interdit-faubourg-depinal-a-compter-du-9-septembre\/","name":"Remiremont : Circulation et stationnement interdits Faubourg d\u2019\u00c9pinal \u00e0 compter du 9 septembre - Remiremont Info","isPartOf":{"@id":"https:\/\/vosgesinfo.fr\/remiremontinfo\/#website"},"primaryImageOfPage":{"@id":"https:\/\/vosgesinfo.fr\/remiremontinfo\/2024\/09\/remiremont-circulation-et-stationnement-interdit-faubourg-depinal-a-compter-du-9-septembre\/#primaryimage"},"image":{"@id":"https:\/\/vosgesinfo.fr\/remiremontinfo\/2024\/09\/remiremont-circulation-et-stationnement-interdit-faubourg-depinal-a-compter-du-9-septembre\/#primaryimage"},"thumbnailUrl":"https:\/\/vosgesinfo.fr\/app\/uploads\/sites\/5\/2024\/09\/img62.jpg","datePublished":"2024-09-06T12:03:12+00:00","dateModified":"2024-09-06T12:07:50+00:00","breadcrumb":{"@id":"https:\/\/vosgesinfo.fr\/remiremontinfo\/2024\/09\/remiremont-circulation-et-stationnement-interdit-faubourg-depinal-a-compter-du-9-septembre\/#breadcrumb"},"inLanguage":"fr-FR","potentialAction":[{"@type":"ReadAction","target":["https:\/\/vosgesinfo.fr\/remiremontinfo\/2024\/09\/remiremont-circulation-et-stationnement-interdit-faubourg-depinal-a-compter-du-9-septembre\/"]}]},{"@type":"ImageObject","inLanguage":"fr-FR","@id":"https:\/\/vosgesinfo.fr\/remiremontinfo\/2024\/09\/remiremont-circulation-et-stationnement-interdit-faubourg-depinal-a-compter-du-9-septembre\/#primaryimage","url":"https:\/\/vosgesinfo.fr\/app\/uploads\/sites\/5\/2024\/09\/img62.jpg","contentUrl":"https:\/\/vosgesinfo.fr\/app\/uploads\/sites\/5\/2024\/09\/img62.jpg","width":966,"height":764},{"@type":"BreadcrumbList","@id":"https:\/\/vosgesinfo.fr\/remiremontinfo\/2024\/09\/remiremont-circulation-et-stationnement-interdit-faubourg-depinal-a-compter-du-9-septembre\/#breadcrumb","itemListElement":[{"@type":"ListItem","position":1,"name":"Home","item":"https:\/\/vosgesinfo.fr\/remiremontinfo\/"},{"@type":"ListItem","position":2,"name":"Remiremont : Circulation et stationnement interdits Faubourg d\u2019\u00c9pinal \u00e0 compter du 9 septembre"}]},{"@type":"WebSite","@id":"https:\/\/vosgesinfo.fr\/remiremontinfo\/#website","url":"https:\/\/vosgesinfo.fr\/remiremontinfo\/","name":"Remiremont Info","description":"Toute l&#039;actualit\u00e9 de Remiremont","publisher":{"@id":"https:\/\/vosgesinfo.fr\/remiremontinfo\/#organization"},"alternateName":"Toute l'actualit\u00e9 de Remiremont","potentialAction":[{"@type":"SearchAction","target":{"@type":"EntryPoint","urlTemplate":"https:\/\/vosgesinfo.fr\/remiremontinfo\/?s={search_term_string}"},"query-input":"required name=search_term_string"}],"inLanguage":"fr-FR"},{"@type":"Organization","@id":"https:\/\/vosgesinfo.fr\/remiremontinfo\/#organization","name":"Remiremont Info","url":"https:\/\/vosgesinfo.fr\/remiremontinfo\/","logo":{"@type":"ImageObject","inLanguage":"fr-FR","@id":"https:\/\/vosgesinfo.fr\/remiremontinfo\/#\/schema\/logo\/image\/","url":"https:\/\/vosgesinfo.fr\/app\/uploads\/sites\/5\/2023\/08\/favicon-remiremontinfo.png","contentUrl":"https:\/\/vosgesinfo.fr\/app\/uploads\/sites\/5\/2023\/08\/favicon-remiremontinfo.png","width":512,"height":512,"caption":"Remiremont Info"},"image":{"@id":"https:\/\/vosgesinfo.fr\/remiremontinfo\/#\/schema\/logo\/image\/"},"sameAs":["https:\/\/www.facebook.com\/remiremontinfo","https:\/\/x.com\/VosgesInfo88","https:\/\/www.youtube.com\/@vosgesinfo"]},{"@type":"Person","@id":"https:\/\/vosgesinfo.fr\/remiremontinfo\/#\/schema\/person\/27a3695b06db98895b354c0765cdfc31","name":"La redaction","image":{"@type":"ImageObject","inLanguage":"fr-FR","@id":"https:\/\/vosgesinfo.fr\/remiremontinfo\/#\/schema\/person\/image\/","url":"https:\/\/secure.gravatar.com\/avatar\/64c76a78e501cedee55736f43f332df901e1896ae9cd8fad269ae2236dd0e8b6?s=96&d=mm&r=g","contentUrl":"https:\/\/secure.gravatar.com\/avatar\/64c76a78e501cedee55736f43f332df901e1896ae9cd8fad269ae2236dd0e8b6?s=96&d=mm&r=g","caption":"La redaction"},"url":"https:\/\/vosgesinfo.fr\/remiremontinfo\/author\/la-redaction\/"}]}},"_links":{"self":[{"href":"https:\/\/vosgesinfo.fr\/remiremontinfo\/wp-json\/wp\/v2\/posts\/20595","targetHints":{"allow":["GET"]}}],"collection":[{"href":"https:\/\/vosgesinfo.fr\/remiremontinfo\/wp-json\/wp\/v2\/posts"}],"about":[{"href":"https:\/\/vosgesinfo.fr\/remiremontinfo\/wp-json\/wp\/v2\/types\/post"}],"author":[{"embeddable":true,"href":"https:\/\/vosgesinfo.fr\/remiremontinfo\/wp-json\/wp\/v2\/users\/391"}],"replies":[{"embeddable":true,"href":"https:\/\/vosgesinfo.fr\/remiremontinfo\/wp-json\/wp\/v2\/comments?post=20595"}],"version-history":[{"count":2,"href":"https:\/\/vosgesinfo.fr\/remiremontinfo\/wp-json\/wp\/v2\/posts\/20595\/revisions"}],"predecessor-version":[{"id":20600,"href":"https:\/\/vosgesinfo.fr\/remiremontinfo\/wp-json\/wp\/v2\/posts\/20595\/revisions\/20600"}],"wp:featuredmedia":[{"embeddable":true,"href":"https:\/\/vosgesinfo.fr\/remiremontinfo\/wp-json\/wp\/v2\/media\/20596"}],"wp:attachment":[{"href":"https:\/\/vosgesinfo.fr\/remiremontinfo\/wp-json\/wp\/v2\/media?parent=20595"}],"wp:term":[{"taxonomy":"category","embeddable":true,"href":"https:\/\/vosgesinfo.fr\/remiremontinfo\/wp-json\/wp\/v2\/categories?post=20595"},{"taxonomy":"post_tag","embeddable":true,"href":"https:\/\/vosgesinfo.fr\/remiremontinfo\/wp-json\/wp\/v2\/tags?post=20595"}],"curies":[{"name":"wp","href":"https:\/\/api.w.org\/{rel}","templated":true}]}}