{"id":20618,"date":"2019-09-18T04:50:08","date_gmt":"2019-09-18T02:50:08","guid":{"rendered":"https:\/\/vosgesinfo.fr\/remiremontinfo\/2019\/09\/places-vosges-application-consacree-patrimoine-vosgien\/"},"modified":"2019-09-18T04:50:08","modified_gmt":"2019-09-18T02:50:08","slug":"places-vosges-application-consacree-patrimoine-vosgien","status":"publish","type":"post","link":"https:\/\/vosgesinfo.fr\/remiremontinfo\/2019\/09\/places-vosges-application-consacree-patrimoine-vosgien\/","title":{"rendered":"Places des Vosges : une application consacr\u00e9e au patrimoine vosgien"},"content":{"rendered":"<h2><a href=\"\/2019\/09\/telephone-586266_1280.jpg\"><img decoding=\"async\" class=\"alignnone size-large wp-image-268725\" src=\"\/2019\/09\/telephone-586266_1280-1024x682.jpg\" alt=\"telephone-586266_1280\" width=\"960\" height=\"639\" \/><\/a><\/h2>\n<h2><span style=\"font-size: 12pt;\"><strong>D\u00e8s le 21 septembre 2019, \u00e0 l\u2019occasion des Journ\u00e9es Europ\u00e9ennes du Patrimoine, une nouvelle application gratuite fait son entr\u00e9e dans les stores : Places des Vosges. Une appli gratuite propos\u00e9e Conseil d\u00e9partemental, et enrichie par les collectivit\u00e9s vosgiennes.<\/strong><\/span><\/h2>\n<p>Une fois t\u00e9l\u00e9charg\u00e9e, elle donne acc\u00e8s \u00e0 plus de 88 sites vosgiens, expliqu\u00e9s de mani\u00e8re \u00e0 la fois courte et<br \/>\npr\u00e9cise, \u00e0 l\u2019aide de photos, commentaires d\u2019\u0153uvres, fiches d\u2019artistes, etc. Un parcours, associant plusieurs<br \/>\nsites, est \u00e9galement propos\u00e9, permettant la d\u00e9couverte itin\u00e9rante de l\u2019histoire de la 2e Division Blind\u00e9e autour de Dompaire. D\u00e9sormais, pour d\u00e9couvrir les richesses historiques du patrimoine vosgien, des chapelles aux monuments, des lavoirs aux \u00e9glises, des statues m\u00e9di\u00e9vales aux tableaux de ma\u00eetres, plus besoin des guides, cartes et autres catalogues : il suffira\u2026 d\u2019activer son t\u00e9l\u00e9phone\u00a0!<\/p>\n<p><em><strong>Comment \u00e7a marche\u00a0?<\/strong><\/em><\/p>\n<p>Places des Vosges s\u2019ouvre sur une carte : les sites remarquables autour de vous y figurent, vous pouvez consulter leurs \u0153uvres, les commentaires, etc. L\u2019application peut m\u00eame vous alerter si vous vous approchez d\u2019un site remarquable : avez-vous remarqu\u00e9 ce portail ? Savez-vous que ce tableau de ma\u00eetre se situe pr\u00e8s de vous ? En cliquant sur les zones signal\u00e9es sur l\u2019image, vous d\u00e9couvrez ses secrets ! Des fiches encyclop\u00e9diques (femmes et hommes c\u00e9l\u00e8bres, faits majeurs de l\u2019histoire\u2026) sont propos\u00e9es pour approfondir.<\/p>\n<p>Et pour parfaire la visite, l\u2019application peut vous conduire au site de votre choix gr\u00e2ce \u00e0 l\u2019outil Google Maps. Une recherche th\u00e9matique des sites est aussi possible (thermalisme, J. d\u2019Arc, Seconde guerre mondiale\u2026). L\u2019application peut m\u00eame vous concocter un parcours personnalis\u00e9, consacr\u00e9 \u00e0 vos centres d\u2019int\u00e9r\u00eat. Vous ne souhaitez pas \u00eatre \u00ab pist\u00e9 \u00bb ? Aucun probl\u00e8me : Places des Vosges n\u2019enregistre ni ne transmet aucune information personnelle. Vous pouvez tr\u00e8s bien l\u2019utiliser en d\u00e9sactivant la localisation de votre t\u00e9l\u00e9phone.<\/p>\n<p>Une application amen\u00e9e \u00e0 \u00e9voluer Son contenu sera ouvert aux contributions des collectivit\u00e9s locales (communaut\u00e9s de communes, communes) qui souhaiteront ainsi \u00e9largir l\u2019offre initiale. D\u00e8s le printemps 2020, Places des Vosges s\u2019enrichira d\u2019un contenu ludique, avec des quiz, des jeux, un parcours photos. Faire des Vosges un territoire au patrimoine connect\u00e9 : telle est l\u2019ambition de la nouvelle application \u00ab Places des Vosges \u00bb.<\/p>\n<p><em>Communiqu\u00e9 du Conseil D\u00e9partemental des Vosges<\/em><\/p>\n","protected":false},"excerpt":{"rendered":"<p>D\u00e8s le 21 septembre 2019, \u00e0 l\u2019occasion des Journ\u00e9es Europ\u00e9ennes du Patrimoine, une nouvelle application gratuite fait son entr\u00e9e dans [&hellip;]<\/p>\n","protected":false},"author":407,"featured_media":20619,"comment_status":"open","ping_status":"open","sticky":false,"template":"","format":"standard","meta":{"footnotes":""},"categories":[26,4,18],"tags":[],"class_list":["post-20618","post","type-post","status-publish","format-standard","has-post-thumbnail","hentry","category-a-la-une","category-culture","category-vosges"],"acf":[],"yoast_head":"<!-- This site is optimized with the Yoast SEO plugin v22.5 - https:\/\/yoast.com\/wordpress\/plugins\/seo\/ -->\n<title>Places des Vosges : une application consacr\u00e9e au patrimoine vosgien - Remiremont Info<\/title>\n<meta name=\"robots\" content=\"index, follow, max-snippet:-1, max-image-preview:large, max-video-preview:-1\" \/>\n<link rel=\"canonical\" href=\"https:\/\/vosgesinfo.fr\/remiremontinfo\/2019\/09\/places-vosges-application-consacree-patrimoine-vosgien\/\" \/>\n<meta name=\"twitter:card\" content=\"summary_large_image\" \/>\n<meta name=\"twitter:title\" content=\"Places des Vosges : une application consacr\u00e9e au patrimoine vosgien - Remiremont Info\" \/>\n<meta name=\"twitter:description\" content=\"D\u00e8s le 21 septembre 2019, \u00e0 l\u2019occasion des Journ\u00e9es Europ\u00e9ennes du Patrimoine, une nouvelle application gratuite fait son entr\u00e9e dans [&hellip;]\" \/>\n<meta name=\"twitter:image\" content=\"https:\/\/vosgesinfo.fr\/app\/uploads\/sites\/5\/2024\/09\/201909telephone-586266-1280.jpg\" \/>\n<meta name=\"twitter:creator\" content=\"@VosgesInfo88\" \/>\n<meta name=\"twitter:site\" content=\"@VosgesInfo88\" \/>\n<meta name=\"twitter:label1\" content=\"\u00c9crit par\" \/>\n\t<meta name=\"twitter:data1\" content=\"C D\" \/>\n\t<meta name=\"twitter:label2\" content=\"Dur\u00e9e de lecture estim\u00e9e\" \/>\n\t<meta name=\"twitter:data2\" content=\"2 minutes\" \/>\n<script type=\"application\/ld+json\" class=\"yoast-schema-graph\">{\"@context\":\"https:\/\/schema.org\",\"@graph\":[{\"@type\":\"Article\",\"@id\":\"https:\/\/vosgesinfo.fr\/remiremontinfo\/2019\/09\/places-vosges-application-consacree-patrimoine-vosgien\/#article\",\"isPartOf\":{\"@id\":\"https:\/\/vosgesinfo.fr\/remiremontinfo\/2019\/09\/places-vosges-application-consacree-patrimoine-vosgien\/\"},\"author\":{\"name\":\"C D\",\"@id\":\"https:\/\/vosgesinfo.fr\/remiremontinfo\/#\/schema\/person\/3bfd164d5218a185b1db68655a265316\"},\"headline\":\"Places des Vosges : une application consacr\u00e9e au patrimoine vosgien\",\"datePublished\":\"2019-09-18T02:50:08+00:00\",\"dateModified\":\"2019-09-18T02:50:08+00:00\",\"mainEntityOfPage\":{\"@id\":\"https:\/\/vosgesinfo.fr\/remiremontinfo\/2019\/09\/places-vosges-application-consacree-patrimoine-vosgien\/\"},\"wordCount\":418,\"commentCount\":0,\"publisher\":{\"@id\":\"https:\/\/vosgesinfo.fr\/remiremontinfo\/#organization\"},\"image\":{\"@id\":\"https:\/\/vosgesinfo.fr\/remiremontinfo\/2019\/09\/places-vosges-application-consacree-patrimoine-vosgien\/#primaryimage\"},\"thumbnailUrl\":\"https:\/\/vosgesinfo.fr\/app\/uploads\/sites\/5\/2024\/09\/201909telephone-586266-1280.jpg\",\"articleSection\":[\"A la Une\",\"Culture\",\"Vosges\"],\"inLanguage\":\"fr-FR\",\"potentialAction\":[{\"@type\":\"CommentAction\",\"name\":\"Comment\",\"target\":[\"https:\/\/vosgesinfo.fr\/remiremontinfo\/2019\/09\/places-vosges-application-consacree-patrimoine-vosgien\/#respond\"]}]},{\"@type\":\"WebPage\",\"@id\":\"https:\/\/vosgesinfo.fr\/remiremontinfo\/2019\/09\/places-vosges-application-consacree-patrimoine-vosgien\/\",\"url\":\"https:\/\/vosgesinfo.fr\/remiremontinfo\/2019\/09\/places-vosges-application-consacree-patrimoine-vosgien\/\",\"name\":\"Places des Vosges : une application consacr\u00e9e au patrimoine vosgien - Remiremont Info\",\"isPartOf\":{\"@id\":\"https:\/\/vosgesinfo.fr\/remiremontinfo\/#website\"},\"primaryImageOfPage\":{\"@id\":\"https:\/\/vosgesinfo.fr\/remiremontinfo\/2019\/09\/places-vosges-application-consacree-patrimoine-vosgien\/#primaryimage\"},\"image\":{\"@id\":\"https:\/\/vosgesinfo.fr\/remiremontinfo\/2019\/09\/places-vosges-application-consacree-patrimoine-vosgien\/#primaryimage\"},\"thumbnailUrl\":\"https:\/\/vosgesinfo.fr\/app\/uploads\/sites\/5\/2024\/09\/201909telephone-586266-1280.jpg\",\"datePublished\":\"2019-09-18T02:50:08+00:00\",\"dateModified\":\"2019-09-18T02:50:08+00:00\",\"breadcrumb\":{\"@id\":\"https:\/\/vosgesinfo.fr\/remiremontinfo\/2019\/09\/places-vosges-application-consacree-patrimoine-vosgien\/#breadcrumb\"},\"inLanguage\":\"fr-FR\",\"potentialAction\":[{\"@type\":\"ReadAction\",\"target\":[\"https:\/\/vosgesinfo.fr\/remiremontinfo\/2019\/09\/places-vosges-application-consacree-patrimoine-vosgien\/\"]}]},{\"@type\":\"ImageObject\",\"inLanguage\":\"fr-FR\",\"@id\":\"https:\/\/vosgesinfo.fr\/remiremontinfo\/2019\/09\/places-vosges-application-consacree-patrimoine-vosgien\/#primaryimage\",\"url\":\"https:\/\/vosgesinfo.fr\/app\/uploads\/sites\/5\/2024\/09\/201909telephone-586266-1280.jpg\",\"contentUrl\":\"https:\/\/vosgesinfo.fr\/app\/uploads\/sites\/5\/2024\/09\/201909telephone-586266-1280.jpg\",\"width\":1280,\"height\":853},{\"@type\":\"BreadcrumbList\",\"@id\":\"https:\/\/vosgesinfo.fr\/remiremontinfo\/2019\/09\/places-vosges-application-consacree-patrimoine-vosgien\/#breadcrumb\",\"itemListElement\":[{\"@type\":\"ListItem\",\"position\":1,\"name\":\"Home\",\"item\":\"https:\/\/vosgesinfo.fr\/remiremontinfo\/\"},{\"@type\":\"ListItem\",\"position\":2,\"name\":\"Places des Vosges : une application consacr\u00e9e au patrimoine vosgien\"}]},{\"@type\":\"WebSite\",\"@id\":\"https:\/\/vosgesinfo.fr\/remiremontinfo\/#website\",\"url\":\"https:\/\/vosgesinfo.fr\/remiremontinfo\/\",\"name\":\"Remiremont Info\",\"description\":\"Toute l&#039;actualit\u00e9 de Remiremont\",\"publisher\":{\"@id\":\"https:\/\/vosgesinfo.fr\/remiremontinfo\/#organization\"},\"alternateName\":\"Toute l'actualit\u00e9 de Remiremont\",\"potentialAction\":[{\"@type\":\"SearchAction\",\"target\":{\"@type\":\"EntryPoint\",\"urlTemplate\":\"https:\/\/vosgesinfo.fr\/remiremontinfo\/?s={search_term_string}\"},\"query-input\":\"required name=search_term_string\"}],\"inLanguage\":\"fr-FR\"},{\"@type\":\"Organization\",\"@id\":\"https:\/\/vosgesinfo.fr\/remiremontinfo\/#organization\",\"name\":\"Remiremont Info\",\"url\":\"https:\/\/vosgesinfo.fr\/remiremontinfo\/\",\"logo\":{\"@type\":\"ImageObject\",\"inLanguage\":\"fr-FR\",\"@id\":\"https:\/\/vosgesinfo.fr\/remiremontinfo\/#\/schema\/logo\/image\/\",\"url\":\"https:\/\/vosgesinfo.fr\/app\/uploads\/sites\/5\/2023\/08\/favicon-remiremontinfo.png\",\"contentUrl\":\"https:\/\/vosgesinfo.fr\/app\/uploads\/sites\/5\/2023\/08\/favicon-remiremontinfo.png\",\"width\":512,\"height\":512,\"caption\":\"Remiremont Info\"},\"image\":{\"@id\":\"https:\/\/vosgesinfo.fr\/remiremontinfo\/#\/schema\/logo\/image\/\"},\"sameAs\":[\"https:\/\/www.facebook.com\/remiremontinfo\",\"https:\/\/x.com\/VosgesInfo88\",\"https:\/\/www.youtube.com\/@vosgesinfo\"]},{\"@type\":\"Person\",\"@id\":\"https:\/\/vosgesinfo.fr\/remiremontinfo\/#\/schema\/person\/3bfd164d5218a185b1db68655a265316\",\"name\":\"C D\",\"image\":{\"@type\":\"ImageObject\",\"inLanguage\":\"fr-FR\",\"@id\":\"https:\/\/vosgesinfo.fr\/remiremontinfo\/#\/schema\/person\/image\/\",\"url\":\"https:\/\/secure.gravatar.com\/avatar\/1f9a70007336511a47468b8f1c66f922b8b7cf617b02a31149ada43893a5d48f?s=96&d=mm&r=g\",\"contentUrl\":\"https:\/\/secure.gravatar.com\/avatar\/1f9a70007336511a47468b8f1c66f922b8b7cf617b02a31149ada43893a5d48f?s=96&d=mm&r=g\",\"caption\":\"C D\"},\"url\":\"https:\/\/vosgesinfo.fr\/remiremontinfo\/author\/cedric-drevet\/\"}]}<\/script>\n<!-- \/ Yoast SEO plugin. -->","yoast_head_json":{"title":"Places des Vosges : une application consacr\u00e9e au patrimoine vosgien - Remiremont Info","robots":{"index":"index","follow":"follow","max-snippet":"max-snippet:-1","max-image-preview":"max-image-preview:large","max-video-preview":"max-video-preview:-1"},"canonical":"https:\/\/vosgesinfo.fr\/remiremontinfo\/2019\/09\/places-vosges-application-consacree-patrimoine-vosgien\/","twitter_card":"summary_large_image","twitter_title":"Places des Vosges : une application consacr\u00e9e au patrimoine vosgien - Remiremont Info","twitter_description":"D\u00e8s le 21 septembre 2019, \u00e0 l\u2019occasion des Journ\u00e9es Europ\u00e9ennes du Patrimoine, une nouvelle application gratuite fait son entr\u00e9e dans [&hellip;]","twitter_image":"https:\/\/vosgesinfo.fr\/app\/uploads\/sites\/5\/2024\/09\/201909telephone-586266-1280.jpg","twitter_creator":"@VosgesInfo88","twitter_site":"@VosgesInfo88","twitter_misc":{"\u00c9crit par":"C D","Dur\u00e9e de lecture estim\u00e9e":"2 minutes"},"schema":{"@context":"https:\/\/schema.org","@graph":[{"@type":"Article","@id":"https:\/\/vosgesinfo.fr\/remiremontinfo\/2019\/09\/places-vosges-application-consacree-patrimoine-vosgien\/#article","isPartOf":{"@id":"https:\/\/vosgesinfo.fr\/remiremontinfo\/2019\/09\/places-vosges-application-consacree-patrimoine-vosgien\/"},"author":{"name":"C D","@id":"https:\/\/vosgesinfo.fr\/remiremontinfo\/#\/schema\/person\/3bfd164d5218a185b1db68655a265316"},"headline":"Places des Vosges : une application consacr\u00e9e au patrimoine vosgien","datePublished":"2019-09-18T02:50:08+00:00","dateModified":"2019-09-18T02:50:08+00:00","mainEntityOfPage":{"@id":"https:\/\/vosgesinfo.fr\/remiremontinfo\/2019\/09\/places-vosges-application-consacree-patrimoine-vosgien\/"},"wordCount":418,"commentCount":0,"publisher":{"@id":"https:\/\/vosgesinfo.fr\/remiremontinfo\/#organization"},"image":{"@id":"https:\/\/vosgesinfo.fr\/remiremontinfo\/2019\/09\/places-vosges-application-consacree-patrimoine-vosgien\/#primaryimage"},"thumbnailUrl":"https:\/\/vosgesinfo.fr\/app\/uploads\/sites\/5\/2024\/09\/201909telephone-586266-1280.jpg","articleSection":["A la Une","Culture","Vosges"],"inLanguage":"fr-FR","potentialAction":[{"@type":"CommentAction","name":"Comment","target":["https:\/\/vosgesinfo.fr\/remiremontinfo\/2019\/09\/places-vosges-application-consacree-patrimoine-vosgien\/#respond"]}]},{"@type":"WebPage","@id":"https:\/\/vosgesinfo.fr\/remiremontinfo\/2019\/09\/places-vosges-application-consacree-patrimoine-vosgien\/","url":"https:\/\/vosgesinfo.fr\/remiremontinfo\/2019\/09\/places-vosges-application-consacree-patrimoine-vosgien\/","name":"Places des Vosges : une application consacr\u00e9e au patrimoine vosgien - Remiremont Info","isPartOf":{"@id":"https:\/\/vosgesinfo.fr\/remiremontinfo\/#website"},"primaryImageOfPage":{"@id":"https:\/\/vosgesinfo.fr\/remiremontinfo\/2019\/09\/places-vosges-application-consacree-patrimoine-vosgien\/#primaryimage"},"image":{"@id":"https:\/\/vosgesinfo.fr\/remiremontinfo\/2019\/09\/places-vosges-application-consacree-patrimoine-vosgien\/#primaryimage"},"thumbnailUrl":"https:\/\/vosgesinfo.fr\/app\/uploads\/sites\/5\/2024\/09\/201909telephone-586266-1280.jpg","datePublished":"2019-09-18T02:50:08+00:00","dateModified":"2019-09-18T02:50:08+00:00","breadcrumb":{"@id":"https:\/\/vosgesinfo.fr\/remiremontinfo\/2019\/09\/places-vosges-application-consacree-patrimoine-vosgien\/#breadcrumb"},"inLanguage":"fr-FR","potentialAction":[{"@type":"ReadAction","target":["https:\/\/vosgesinfo.fr\/remiremontinfo\/2019\/09\/places-vosges-application-consacree-patrimoine-vosgien\/"]}]},{"@type":"ImageObject","inLanguage":"fr-FR","@id":"https:\/\/vosgesinfo.fr\/remiremontinfo\/2019\/09\/places-vosges-application-consacree-patrimoine-vosgien\/#primaryimage","url":"https:\/\/vosgesinfo.fr\/app\/uploads\/sites\/5\/2024\/09\/201909telephone-586266-1280.jpg","contentUrl":"https:\/\/vosgesinfo.fr\/app\/uploads\/sites\/5\/2024\/09\/201909telephone-586266-1280.jpg","width":1280,"height":853},{"@type":"BreadcrumbList","@id":"https:\/\/vosgesinfo.fr\/remiremontinfo\/2019\/09\/places-vosges-application-consacree-patrimoine-vosgien\/#breadcrumb","itemListElement":[{"@type":"ListItem","position":1,"name":"Home","item":"https:\/\/vosgesinfo.fr\/remiremontinfo\/"},{"@type":"ListItem","position":2,"name":"Places des Vosges : une application consacr\u00e9e au patrimoine vosgien"}]},{"@type":"WebSite","@id":"https:\/\/vosgesinfo.fr\/remiremontinfo\/#website","url":"https:\/\/vosgesinfo.fr\/remiremontinfo\/","name":"Remiremont Info","description":"Toute l&#039;actualit\u00e9 de Remiremont","publisher":{"@id":"https:\/\/vosgesinfo.fr\/remiremontinfo\/#organization"},"alternateName":"Toute l'actualit\u00e9 de Remiremont","potentialAction":[{"@type":"SearchAction","target":{"@type":"EntryPoint","urlTemplate":"https:\/\/vosgesinfo.fr\/remiremontinfo\/?s={search_term_string}"},"query-input":"required name=search_term_string"}],"inLanguage":"fr-FR"},{"@type":"Organization","@id":"https:\/\/vosgesinfo.fr\/remiremontinfo\/#organization","name":"Remiremont Info","url":"https:\/\/vosgesinfo.fr\/remiremontinfo\/","logo":{"@type":"ImageObject","inLanguage":"fr-FR","@id":"https:\/\/vosgesinfo.fr\/remiremontinfo\/#\/schema\/logo\/image\/","url":"https:\/\/vosgesinfo.fr\/app\/uploads\/sites\/5\/2023\/08\/favicon-remiremontinfo.png","contentUrl":"https:\/\/vosgesinfo.fr\/app\/uploads\/sites\/5\/2023\/08\/favicon-remiremontinfo.png","width":512,"height":512,"caption":"Remiremont Info"},"image":{"@id":"https:\/\/vosgesinfo.fr\/remiremontinfo\/#\/schema\/logo\/image\/"},"sameAs":["https:\/\/www.facebook.com\/remiremontinfo","https:\/\/x.com\/VosgesInfo88","https:\/\/www.youtube.com\/@vosgesinfo"]},{"@type":"Person","@id":"https:\/\/vosgesinfo.fr\/remiremontinfo\/#\/schema\/person\/3bfd164d5218a185b1db68655a265316","name":"C D","image":{"@type":"ImageObject","inLanguage":"fr-FR","@id":"https:\/\/vosgesinfo.fr\/remiremontinfo\/#\/schema\/person\/image\/","url":"https:\/\/secure.gravatar.com\/avatar\/1f9a70007336511a47468b8f1c66f922b8b7cf617b02a31149ada43893a5d48f?s=96&d=mm&r=g","contentUrl":"https:\/\/secure.gravatar.com\/avatar\/1f9a70007336511a47468b8f1c66f922b8b7cf617b02a31149ada43893a5d48f?s=96&d=mm&r=g","caption":"C D"},"url":"https:\/\/vosgesinfo.fr\/remiremontinfo\/author\/cedric-drevet\/"}]}},"_links":{"self":[{"href":"https:\/\/vosgesinfo.fr\/remiremontinfo\/wp-json\/wp\/v2\/posts\/20618","targetHints":{"allow":["GET"]}}],"collection":[{"href":"https:\/\/vosgesinfo.fr\/remiremontinfo\/wp-json\/wp\/v2\/posts"}],"about":[{"href":"https:\/\/vosgesinfo.fr\/remiremontinfo\/wp-json\/wp\/v2\/types\/post"}],"author":[{"embeddable":true,"href":"https:\/\/vosgesinfo.fr\/remiremontinfo\/wp-json\/wp\/v2\/users\/407"}],"replies":[{"embeddable":true,"href":"https:\/\/vosgesinfo.fr\/remiremontinfo\/wp-json\/wp\/v2\/comments?post=20618"}],"version-history":[{"count":0,"href":"https:\/\/vosgesinfo.fr\/remiremontinfo\/wp-json\/wp\/v2\/posts\/20618\/revisions"}],"wp:featuredmedia":[{"embeddable":true,"href":"https:\/\/vosgesinfo.fr\/remiremontinfo\/wp-json\/wp\/v2\/media\/20619"}],"wp:attachment":[{"href":"https:\/\/vosgesinfo.fr\/remiremontinfo\/wp-json\/wp\/v2\/media?parent=20618"}],"wp:term":[{"taxonomy":"category","embeddable":true,"href":"https:\/\/vosgesinfo.fr\/remiremontinfo\/wp-json\/wp\/v2\/categories?post=20618"},{"taxonomy":"post_tag","embeddable":true,"href":"https:\/\/vosgesinfo.fr\/remiremontinfo\/wp-json\/wp\/v2\/tags?post=20618"}],"curies":[{"name":"wp","href":"https:\/\/api.w.org\/{rel}","templated":true}]}}