{"id":20624,"date":"2019-09-18T04:30:35","date_gmt":"2019-09-18T02:30:35","guid":{"rendered":"https:\/\/vosgesinfo.fr\/remiremontinfo\/2019\/09\/bussang-week-end-vert-emeraude\/"},"modified":"2019-09-18T04:30:35","modified_gmt":"2019-09-18T02:30:35","slug":"bussang-week-end-vert-emeraude","status":"publish","type":"post","link":"https:\/\/vosgesinfo.fr\/remiremontinfo\/2019\/09\/bussang-week-end-vert-emeraude\/","title":{"rendered":"Bussang : un week-end \u00ab\u00a0vert \u00e9meraude\u00a0\u00bb !"},"content":{"rendered":"<p style=\"text-align: center;\"><a href=\"\/2019\/09\/29.jpg\"><img decoding=\"async\" class=\"alignnone size-large wp-image-268748\" src=\"\/2019\/09\/29-1024x576.jpg\" alt=\"2\" width=\"960\" height=\"540\" \/><\/a><\/p>\n<p style=\"text-align: center;\">\n<em>Communiqu\u00e9<\/em><\/p>\n<h2><span style=\"font-size: 12pt;\"><strong>Apr\u00e8s l\u2019inauguration de la nouvelle balade autour du Th\u00e9\u00e2tre du Peuple , dimanche 8. Apr\u00e8s le week end bleu ( parcours Pottecher, atelier bleu, bleus de l\u2019\u00e2me), voici le week end vert \u00e9meraude.<\/strong><\/span><\/h2>\n<p><em>Samedi 21<\/em><\/p>\n<p>Balade\u00a0\u00bbrituelle\u00a0\u00bb \u00e0 la Kinsmuss , avec Francis Cuny, Fr\u00e9d\u00e9ric Durand. Simple et sympa ..Un bain de for\u00eat\u00a0! Au travers de quelques uns des 80 bancs\/troncs de \u00ab\u00a0l\u2019Hercule des Vosges\u00a0\u00bb qu\u2019est Francis\u00a0! Cette balade remonte \u00e0 2012 . lors du Ballons en balade mis en place par le Parc Naturel R\u00e9gional des Ballons des Vosges .\u00a0Alors la convergence sur la Kinsmuss\u00a0, haute terre \u00e0 1000m, \u00ab\u00a0terra incognita\u00a0\u00bb contig\u00fce aux 6 communes de Bussang\u00a0, Le M\u00e9nil, Ventron, Cornimont, Fresse, le Thillot, est apparue comme fortement attirante. Cette foret et tourbi\u00e8re connut une vie humaine vivace avant la Premi\u00e8re Guerre Mondiale . 5 fermes y \u00e9taient, en ruine maintenant .La Kinsmuss \u00e9tait alors un lien entre les gens de la r\u00e9gion, qui la parcouraient pour se rendre d\u2019une commune \u00e0 l\u2019autre, pour des f\u00eates notamment .Lieu d\u2019activit\u00e9s anciennes ( tourbe, recherche mythique de \u00ab\u00a0mines d\u2019or\u00a0\u00bb), elle est depuis 7 ans, en plus du ski de fond l\u2019hiver, remise au c\u0153ur symbolique de la proche r\u00e9gion,<\/p>\n<p>Avec l\u2019aide des communes riveraines, Francis Cuny y a d\u00e9ploy\u00e9 avec ampleur, au points cl\u00e9 de la foret, sa vaste \u0153uvre\u00a0: bancs taill\u00e9s dans les arbres tomb\u00e9s , \u00ab\u00a0pour leur rendre hommage\u00a0\u00bb dit Francis . Au centre m\u00eame de la for\u00eat, \u00e0 Fortgoutte, \u00e0 la jonction de Bussang, Ventron, le M\u00e9nil, l\u00e0 o\u00f9 est encore une borne limite de Lorraine du XVIII \u00e8 si-cle, Fr\u00e9d\u00e9ric Durand a \u00e9difi\u00e9 un \u00ab\u00a0monument \u00e0 la vie\u00a0\u00bb, le t\u00e9tra\u00e8dre , en bois\u00a0: il repr\u00e9sente l\u2019atome fondamental de carbone . \u00ab\u00a0Il existe des monuments aux morts, dit Fr\u00e9d\u00e9ric, j\u2019ai pens\u00e9 donc \u00e0 un monument \u00e0 la vie\u00a0, \u00e0 la paix \u00bb<\/p>\n<p>D\u00e9parts 10 h de Bussang ( parking au dessus d\u2019Azureva ) et 10 h de Ventron devant<br \/>\nl\u2019h\u00f4tel de l\u2019Ermitage , repas \u00e0 12 h ,\u00e9criture rapide et \u00e9change po\u00e9tique au t\u00e9tra\u00e8dre. Le soir, final amical\u00a0, po\u00e9tique, musical, en un lieu surprise.<\/p>\n<p><em>Dimanche 22<\/em><\/p>\n<p>Parcours th\u00e9\u00e2tral et musical avec la troupe RECRE\u00a0: Champs D\u00e9li\u00e9s , Chemins de Lisi\u00e8re III au Parc de la Mouline , d\u00e9part 15 h Halle de la Mouline \u00a0A la recherche des mines de l&rsquo;imaginaire perdu, un jeune couple et un vieil allum\u00e9 voyagent et rencontrent ..dans un\u00a0futur proche, des \u00eatres d\u00e9glingu\u00e9s surgis des meurtrissures industrielles ou guerri\u00e8res du XX\u00a0\u00e8 et d\u00e9but XXI \u00e8 si\u00e8cle.. Une enfant \u00e9merveill\u00e9e avec eux en recherche d&rsquo;une r\u00e9volution possible ..Ou Rimbaud qui perce l&rsquo;oppression noire de la soci\u00e9t\u00e9 par la force de\u00a0la po\u00e9sie\u00a0&#8230;\u00a0\u00bbbateau ivre\u00a0\u00bb&#8230;. Ils embarquent\u00a0ainsi sur un fleuve r\u00e9el ou imaginaire, ou les deux , o\u00f9 des \u00eatres fantastiques les accostent : f\u00e9es, ondines, dieux&#8230;Et aussi bien les morts qui ne sont pas tout \u00e0 fait morts &#8230;Tous embarqu\u00e9s dans un voyage initiatique par, pour l&rsquo;Eldo Radeau &#8230; Le public sera emmen\u00e9 de sc\u00e8ne en sc\u00e8ne le long du Parc de la Mouline. Repli \u00e0 la salle des F\u00eates en cas de mauvais temps<\/p>\n<p>TexteVincent Decombis<br \/>\nMusicien : Michel G\u00e9nini ( Chant et guitare)<\/p>\n<p><a href=\"\/2019\/09\/2-13.jpg\"><img decoding=\"async\" class=\" wp-image-268747 alignright\" src=\"\/2019\/09\/2-13-1024x681.jpg\" alt=\"2-1\" width=\"435\" height=\"289\" \/><\/a><\/p>\n<p>Ce parcours th\u00e9\u00e2tral a \u00e9t\u00e9 jou\u00e9 en partie aux Mines du Thillot, lors de la Nuit de la Mine, dans la Halle des Congr\u00e8s de la Bresse, lors de la semaine du Paysage, \u00e0 Fontenoy le Ch\u00e2teau lors de l\u2019Escale d\u2019une nuit d\u2019\u00e9t\u00e9 . Il se situe dans la suite de Chemins de lisi\u00e8re I, jou\u00e9 au Lac de Blanchemer en 2014,Chemins de lisi\u00e8re II Eldo Radeau donn\u00e9 en 2018 encore aux Mines, au Lac des Blanchemer et aux Cascades de Tendon.<\/p>\n<p>Ces deux journ\u00e9es du Patrimoine sont aussi des jours de visite gratuits du Th\u00e9\u00e2tre du Peuple<\/p>\n<p>Rappel du 4 \u00e8 week end\u00a0:Au Thillot. Week end cuivre et argent\u00a0: arch\u00e9ologique minier par la SESAM sur l&rsquo;hydraulique des Mines.<\/p>\n<p>Samedi 28 20h 30\u00a0: Conf\u00e9rence \u00e0 la m\u00e9diath\u00e8que, salle JP Sac par Francis PIERRE\u00a0: Les derniers r\u00e9sultats des recherches sur l\u2019installation et le fonctionnement des \u00ab\u00a0engins\u00a0\u00bb de pompage des mines du Thillot et de Fresse.<\/p>\n<p>Dimanche 29 \u00e0 14 h\u00a0: Balade sur le parcours en surface des syst\u00e8mes hydrauliques du Thillot ( \u00e9tangs, grande roue, cheminement des tirants, et visite des pompes et maquettes au mus\u00e9e etc \u2026) Balade de 2h dans les secteurs non am\u00e9nag\u00e9s du site minier, pr\u00e9voir des chaussures de marche, rdv 14h au parking chemin des mines.<\/p>\n<p>Tous ces rendez-vous sont gratuits\u00a0! Renseignements et inscriptions recommand\u00e9es \u00e0 associationrecre@yahoo.fr et 06 83 17 66 36<\/p>\n","protected":false},"excerpt":{"rendered":"<p>Communiqu\u00e9 Apr\u00e8s l\u2019inauguration de la nouvelle balade autour du Th\u00e9\u00e2tre du Peuple , dimanche 8. Apr\u00e8s le week end bleu [&hellip;]<\/p>\n","protected":false},"author":407,"featured_media":20625,"comment_status":"open","ping_status":"open","sticky":false,"template":"","format":"standard","meta":{"footnotes":""},"categories":[26,38,4,37,54],"tags":[],"class_list":["post-20624","post","type-post","status-publish","format-standard","has-post-thumbnail","hentry","category-a-la-une","category-bussang","category-culture","category-le-thillot-son-canton","category-loisirs"],"acf":[],"yoast_head":"<!-- This site is optimized with the Yoast SEO plugin v22.5 - https:\/\/yoast.com\/wordpress\/plugins\/seo\/ -->\n<title>Bussang : un week-end &quot;vert \u00e9meraude&quot; ! - Remiremont Info<\/title>\n<meta name=\"robots\" content=\"index, follow, max-snippet:-1, max-image-preview:large, max-video-preview:-1\" \/>\n<link rel=\"canonical\" href=\"https:\/\/vosgesinfo.fr\/remiremontinfo\/2019\/09\/bussang-week-end-vert-emeraude\/\" \/>\n<meta name=\"twitter:card\" content=\"summary_large_image\" \/>\n<meta name=\"twitter:title\" content=\"Bussang : un week-end &quot;vert \u00e9meraude&quot; ! - Remiremont Info\" \/>\n<meta name=\"twitter:description\" content=\"Communiqu\u00e9 Apr\u00e8s l\u2019inauguration de la nouvelle balade autour du Th\u00e9\u00e2tre du Peuple , dimanche 8. Apr\u00e8s le week end bleu [&hellip;]\" \/>\n<meta name=\"twitter:image\" content=\"https:\/\/vosgesinfo.fr\/app\/uploads\/sites\/5\/2024\/09\/2019092-13.jpg\" \/>\n<meta name=\"twitter:creator\" content=\"@VosgesInfo88\" \/>\n<meta name=\"twitter:site\" content=\"@VosgesInfo88\" \/>\n<meta name=\"twitter:label1\" content=\"\u00c9crit par\" \/>\n\t<meta name=\"twitter:data1\" content=\"C D\" \/>\n\t<meta name=\"twitter:label2\" content=\"Dur\u00e9e de lecture estim\u00e9e\" \/>\n\t<meta name=\"twitter:data2\" content=\"4 minutes\" \/>\n<script type=\"application\/ld+json\" class=\"yoast-schema-graph\">{\"@context\":\"https:\/\/schema.org\",\"@graph\":[{\"@type\":\"Article\",\"@id\":\"https:\/\/vosgesinfo.fr\/remiremontinfo\/2019\/09\/bussang-week-end-vert-emeraude\/#article\",\"isPartOf\":{\"@id\":\"https:\/\/vosgesinfo.fr\/remiremontinfo\/2019\/09\/bussang-week-end-vert-emeraude\/\"},\"author\":{\"name\":\"C D\",\"@id\":\"https:\/\/vosgesinfo.fr\/remiremontinfo\/#\/schema\/person\/3bfd164d5218a185b1db68655a265316\"},\"headline\":\"Bussang : un week-end \u00ab\u00a0vert \u00e9meraude\u00a0\u00bb !\",\"datePublished\":\"2019-09-18T02:30:35+00:00\",\"dateModified\":\"2019-09-18T02:30:35+00:00\",\"mainEntityOfPage\":{\"@id\":\"https:\/\/vosgesinfo.fr\/remiremontinfo\/2019\/09\/bussang-week-end-vert-emeraude\/\"},\"wordCount\":792,\"commentCount\":0,\"publisher\":{\"@id\":\"https:\/\/vosgesinfo.fr\/remiremontinfo\/#organization\"},\"image\":{\"@id\":\"https:\/\/vosgesinfo.fr\/remiremontinfo\/2019\/09\/bussang-week-end-vert-emeraude\/#primaryimage\"},\"thumbnailUrl\":\"https:\/\/vosgesinfo.fr\/app\/uploads\/sites\/5\/2024\/09\/2019092-13.jpg\",\"articleSection\":[\"A la Une\",\"Bussang\",\"Culture\",\"Le Thillot &amp; son canton\",\"Loisirs\"],\"inLanguage\":\"fr-FR\",\"potentialAction\":[{\"@type\":\"CommentAction\",\"name\":\"Comment\",\"target\":[\"https:\/\/vosgesinfo.fr\/remiremontinfo\/2019\/09\/bussang-week-end-vert-emeraude\/#respond\"]}]},{\"@type\":\"WebPage\",\"@id\":\"https:\/\/vosgesinfo.fr\/remiremontinfo\/2019\/09\/bussang-week-end-vert-emeraude\/\",\"url\":\"https:\/\/vosgesinfo.fr\/remiremontinfo\/2019\/09\/bussang-week-end-vert-emeraude\/\",\"name\":\"Bussang : un week-end \\\"vert \u00e9meraude\\\" ! - Remiremont Info\",\"isPartOf\":{\"@id\":\"https:\/\/vosgesinfo.fr\/remiremontinfo\/#website\"},\"primaryImageOfPage\":{\"@id\":\"https:\/\/vosgesinfo.fr\/remiremontinfo\/2019\/09\/bussang-week-end-vert-emeraude\/#primaryimage\"},\"image\":{\"@id\":\"https:\/\/vosgesinfo.fr\/remiremontinfo\/2019\/09\/bussang-week-end-vert-emeraude\/#primaryimage\"},\"thumbnailUrl\":\"https:\/\/vosgesinfo.fr\/app\/uploads\/sites\/5\/2024\/09\/2019092-13.jpg\",\"datePublished\":\"2019-09-18T02:30:35+00:00\",\"dateModified\":\"2019-09-18T02:30:35+00:00\",\"breadcrumb\":{\"@id\":\"https:\/\/vosgesinfo.fr\/remiremontinfo\/2019\/09\/bussang-week-end-vert-emeraude\/#breadcrumb\"},\"inLanguage\":\"fr-FR\",\"potentialAction\":[{\"@type\":\"ReadAction\",\"target\":[\"https:\/\/vosgesinfo.fr\/remiremontinfo\/2019\/09\/bussang-week-end-vert-emeraude\/\"]}]},{\"@type\":\"ImageObject\",\"inLanguage\":\"fr-FR\",\"@id\":\"https:\/\/vosgesinfo.fr\/remiremontinfo\/2019\/09\/bussang-week-end-vert-emeraude\/#primaryimage\",\"url\":\"https:\/\/vosgesinfo.fr\/app\/uploads\/sites\/5\/2024\/09\/2019092-13.jpg\",\"contentUrl\":\"https:\/\/vosgesinfo.fr\/app\/uploads\/sites\/5\/2024\/09\/2019092-13.jpg\",\"width\":1935,\"height\":1286},{\"@type\":\"BreadcrumbList\",\"@id\":\"https:\/\/vosgesinfo.fr\/remiremontinfo\/2019\/09\/bussang-week-end-vert-emeraude\/#breadcrumb\",\"itemListElement\":[{\"@type\":\"ListItem\",\"position\":1,\"name\":\"Home\",\"item\":\"https:\/\/vosgesinfo.fr\/remiremontinfo\/\"},{\"@type\":\"ListItem\",\"position\":2,\"name\":\"Bussang : un week-end \u00ab\u00a0vert \u00e9meraude\u00a0\u00bb !\"}]},{\"@type\":\"WebSite\",\"@id\":\"https:\/\/vosgesinfo.fr\/remiremontinfo\/#website\",\"url\":\"https:\/\/vosgesinfo.fr\/remiremontinfo\/\",\"name\":\"Remiremont Info\",\"description\":\"Toute l&#039;actualit\u00e9 de Remiremont\",\"publisher\":{\"@id\":\"https:\/\/vosgesinfo.fr\/remiremontinfo\/#organization\"},\"alternateName\":\"Toute l'actualit\u00e9 de Remiremont\",\"potentialAction\":[{\"@type\":\"SearchAction\",\"target\":{\"@type\":\"EntryPoint\",\"urlTemplate\":\"https:\/\/vosgesinfo.fr\/remiremontinfo\/?s={search_term_string}\"},\"query-input\":\"required name=search_term_string\"}],\"inLanguage\":\"fr-FR\"},{\"@type\":\"Organization\",\"@id\":\"https:\/\/vosgesinfo.fr\/remiremontinfo\/#organization\",\"name\":\"Remiremont Info\",\"url\":\"https:\/\/vosgesinfo.fr\/remiremontinfo\/\",\"logo\":{\"@type\":\"ImageObject\",\"inLanguage\":\"fr-FR\",\"@id\":\"https:\/\/vosgesinfo.fr\/remiremontinfo\/#\/schema\/logo\/image\/\",\"url\":\"https:\/\/vosgesinfo.fr\/app\/uploads\/sites\/5\/2023\/08\/favicon-remiremontinfo.png\",\"contentUrl\":\"https:\/\/vosgesinfo.fr\/app\/uploads\/sites\/5\/2023\/08\/favicon-remiremontinfo.png\",\"width\":512,\"height\":512,\"caption\":\"Remiremont Info\"},\"image\":{\"@id\":\"https:\/\/vosgesinfo.fr\/remiremontinfo\/#\/schema\/logo\/image\/\"},\"sameAs\":[\"https:\/\/www.facebook.com\/remiremontinfo\",\"https:\/\/x.com\/VosgesInfo88\",\"https:\/\/www.youtube.com\/@vosgesinfo\"]},{\"@type\":\"Person\",\"@id\":\"https:\/\/vosgesinfo.fr\/remiremontinfo\/#\/schema\/person\/3bfd164d5218a185b1db68655a265316\",\"name\":\"C D\",\"image\":{\"@type\":\"ImageObject\",\"inLanguage\":\"fr-FR\",\"@id\":\"https:\/\/vosgesinfo.fr\/remiremontinfo\/#\/schema\/person\/image\/\",\"url\":\"https:\/\/secure.gravatar.com\/avatar\/1f9a70007336511a47468b8f1c66f922b8b7cf617b02a31149ada43893a5d48f?s=96&d=mm&r=g\",\"contentUrl\":\"https:\/\/secure.gravatar.com\/avatar\/1f9a70007336511a47468b8f1c66f922b8b7cf617b02a31149ada43893a5d48f?s=96&d=mm&r=g\",\"caption\":\"C D\"},\"url\":\"https:\/\/vosgesinfo.fr\/remiremontinfo\/author\/cedric-drevet\/\"}]}<\/script>\n<!-- \/ Yoast SEO plugin. -->","yoast_head_json":{"title":"Bussang : un week-end \"vert \u00e9meraude\" ! - Remiremont Info","robots":{"index":"index","follow":"follow","max-snippet":"max-snippet:-1","max-image-preview":"max-image-preview:large","max-video-preview":"max-video-preview:-1"},"canonical":"https:\/\/vosgesinfo.fr\/remiremontinfo\/2019\/09\/bussang-week-end-vert-emeraude\/","twitter_card":"summary_large_image","twitter_title":"Bussang : un week-end \"vert \u00e9meraude\" ! - Remiremont Info","twitter_description":"Communiqu\u00e9 Apr\u00e8s l\u2019inauguration de la nouvelle balade autour du Th\u00e9\u00e2tre du Peuple , dimanche 8. Apr\u00e8s le week end bleu [&hellip;]","twitter_image":"https:\/\/vosgesinfo.fr\/app\/uploads\/sites\/5\/2024\/09\/2019092-13.jpg","twitter_creator":"@VosgesInfo88","twitter_site":"@VosgesInfo88","twitter_misc":{"\u00c9crit par":"C D","Dur\u00e9e de lecture estim\u00e9e":"4 minutes"},"schema":{"@context":"https:\/\/schema.org","@graph":[{"@type":"Article","@id":"https:\/\/vosgesinfo.fr\/remiremontinfo\/2019\/09\/bussang-week-end-vert-emeraude\/#article","isPartOf":{"@id":"https:\/\/vosgesinfo.fr\/remiremontinfo\/2019\/09\/bussang-week-end-vert-emeraude\/"},"author":{"name":"C D","@id":"https:\/\/vosgesinfo.fr\/remiremontinfo\/#\/schema\/person\/3bfd164d5218a185b1db68655a265316"},"headline":"Bussang : un week-end \u00ab\u00a0vert \u00e9meraude\u00a0\u00bb !","datePublished":"2019-09-18T02:30:35+00:00","dateModified":"2019-09-18T02:30:35+00:00","mainEntityOfPage":{"@id":"https:\/\/vosgesinfo.fr\/remiremontinfo\/2019\/09\/bussang-week-end-vert-emeraude\/"},"wordCount":792,"commentCount":0,"publisher":{"@id":"https:\/\/vosgesinfo.fr\/remiremontinfo\/#organization"},"image":{"@id":"https:\/\/vosgesinfo.fr\/remiremontinfo\/2019\/09\/bussang-week-end-vert-emeraude\/#primaryimage"},"thumbnailUrl":"https:\/\/vosgesinfo.fr\/app\/uploads\/sites\/5\/2024\/09\/2019092-13.jpg","articleSection":["A la Une","Bussang","Culture","Le Thillot &amp; son canton","Loisirs"],"inLanguage":"fr-FR","potentialAction":[{"@type":"CommentAction","name":"Comment","target":["https:\/\/vosgesinfo.fr\/remiremontinfo\/2019\/09\/bussang-week-end-vert-emeraude\/#respond"]}]},{"@type":"WebPage","@id":"https:\/\/vosgesinfo.fr\/remiremontinfo\/2019\/09\/bussang-week-end-vert-emeraude\/","url":"https:\/\/vosgesinfo.fr\/remiremontinfo\/2019\/09\/bussang-week-end-vert-emeraude\/","name":"Bussang : un week-end \"vert \u00e9meraude\" ! - Remiremont Info","isPartOf":{"@id":"https:\/\/vosgesinfo.fr\/remiremontinfo\/#website"},"primaryImageOfPage":{"@id":"https:\/\/vosgesinfo.fr\/remiremontinfo\/2019\/09\/bussang-week-end-vert-emeraude\/#primaryimage"},"image":{"@id":"https:\/\/vosgesinfo.fr\/remiremontinfo\/2019\/09\/bussang-week-end-vert-emeraude\/#primaryimage"},"thumbnailUrl":"https:\/\/vosgesinfo.fr\/app\/uploads\/sites\/5\/2024\/09\/2019092-13.jpg","datePublished":"2019-09-18T02:30:35+00:00","dateModified":"2019-09-18T02:30:35+00:00","breadcrumb":{"@id":"https:\/\/vosgesinfo.fr\/remiremontinfo\/2019\/09\/bussang-week-end-vert-emeraude\/#breadcrumb"},"inLanguage":"fr-FR","potentialAction":[{"@type":"ReadAction","target":["https:\/\/vosgesinfo.fr\/remiremontinfo\/2019\/09\/bussang-week-end-vert-emeraude\/"]}]},{"@type":"ImageObject","inLanguage":"fr-FR","@id":"https:\/\/vosgesinfo.fr\/remiremontinfo\/2019\/09\/bussang-week-end-vert-emeraude\/#primaryimage","url":"https:\/\/vosgesinfo.fr\/app\/uploads\/sites\/5\/2024\/09\/2019092-13.jpg","contentUrl":"https:\/\/vosgesinfo.fr\/app\/uploads\/sites\/5\/2024\/09\/2019092-13.jpg","width":1935,"height":1286},{"@type":"BreadcrumbList","@id":"https:\/\/vosgesinfo.fr\/remiremontinfo\/2019\/09\/bussang-week-end-vert-emeraude\/#breadcrumb","itemListElement":[{"@type":"ListItem","position":1,"name":"Home","item":"https:\/\/vosgesinfo.fr\/remiremontinfo\/"},{"@type":"ListItem","position":2,"name":"Bussang : un week-end \u00ab\u00a0vert \u00e9meraude\u00a0\u00bb !"}]},{"@type":"WebSite","@id":"https:\/\/vosgesinfo.fr\/remiremontinfo\/#website","url":"https:\/\/vosgesinfo.fr\/remiremontinfo\/","name":"Remiremont Info","description":"Toute l&#039;actualit\u00e9 de Remiremont","publisher":{"@id":"https:\/\/vosgesinfo.fr\/remiremontinfo\/#organization"},"alternateName":"Toute l'actualit\u00e9 de Remiremont","potentialAction":[{"@type":"SearchAction","target":{"@type":"EntryPoint","urlTemplate":"https:\/\/vosgesinfo.fr\/remiremontinfo\/?s={search_term_string}"},"query-input":"required name=search_term_string"}],"inLanguage":"fr-FR"},{"@type":"Organization","@id":"https:\/\/vosgesinfo.fr\/remiremontinfo\/#organization","name":"Remiremont Info","url":"https:\/\/vosgesinfo.fr\/remiremontinfo\/","logo":{"@type":"ImageObject","inLanguage":"fr-FR","@id":"https:\/\/vosgesinfo.fr\/remiremontinfo\/#\/schema\/logo\/image\/","url":"https:\/\/vosgesinfo.fr\/app\/uploads\/sites\/5\/2023\/08\/favicon-remiremontinfo.png","contentUrl":"https:\/\/vosgesinfo.fr\/app\/uploads\/sites\/5\/2023\/08\/favicon-remiremontinfo.png","width":512,"height":512,"caption":"Remiremont Info"},"image":{"@id":"https:\/\/vosgesinfo.fr\/remiremontinfo\/#\/schema\/logo\/image\/"},"sameAs":["https:\/\/www.facebook.com\/remiremontinfo","https:\/\/x.com\/VosgesInfo88","https:\/\/www.youtube.com\/@vosgesinfo"]},{"@type":"Person","@id":"https:\/\/vosgesinfo.fr\/remiremontinfo\/#\/schema\/person\/3bfd164d5218a185b1db68655a265316","name":"C D","image":{"@type":"ImageObject","inLanguage":"fr-FR","@id":"https:\/\/vosgesinfo.fr\/remiremontinfo\/#\/schema\/person\/image\/","url":"https:\/\/secure.gravatar.com\/avatar\/1f9a70007336511a47468b8f1c66f922b8b7cf617b02a31149ada43893a5d48f?s=96&d=mm&r=g","contentUrl":"https:\/\/secure.gravatar.com\/avatar\/1f9a70007336511a47468b8f1c66f922b8b7cf617b02a31149ada43893a5d48f?s=96&d=mm&r=g","caption":"C D"},"url":"https:\/\/vosgesinfo.fr\/remiremontinfo\/author\/cedric-drevet\/"}]}},"_links":{"self":[{"href":"https:\/\/vosgesinfo.fr\/remiremontinfo\/wp-json\/wp\/v2\/posts\/20624","targetHints":{"allow":["GET"]}}],"collection":[{"href":"https:\/\/vosgesinfo.fr\/remiremontinfo\/wp-json\/wp\/v2\/posts"}],"about":[{"href":"https:\/\/vosgesinfo.fr\/remiremontinfo\/wp-json\/wp\/v2\/types\/post"}],"author":[{"embeddable":true,"href":"https:\/\/vosgesinfo.fr\/remiremontinfo\/wp-json\/wp\/v2\/users\/407"}],"replies":[{"embeddable":true,"href":"https:\/\/vosgesinfo.fr\/remiremontinfo\/wp-json\/wp\/v2\/comments?post=20624"}],"version-history":[{"count":0,"href":"https:\/\/vosgesinfo.fr\/remiremontinfo\/wp-json\/wp\/v2\/posts\/20624\/revisions"}],"wp:featuredmedia":[{"embeddable":true,"href":"https:\/\/vosgesinfo.fr\/remiremontinfo\/wp-json\/wp\/v2\/media\/20625"}],"wp:attachment":[{"href":"https:\/\/vosgesinfo.fr\/remiremontinfo\/wp-json\/wp\/v2\/media?parent=20624"}],"wp:term":[{"taxonomy":"category","embeddable":true,"href":"https:\/\/vosgesinfo.fr\/remiremontinfo\/wp-json\/wp\/v2\/categories?post=20624"},{"taxonomy":"post_tag","embeddable":true,"href":"https:\/\/vosgesinfo.fr\/remiremontinfo\/wp-json\/wp\/v2\/tags?post=20624"}],"curies":[{"name":"wp","href":"https:\/\/api.w.org\/{rel}","templated":true}]}}