{"id":20628,"date":"2019-09-18T04:05:19","date_gmt":"2019-09-18T02:05:19","guid":{"rendered":"https:\/\/vosgesinfo.fr\/remiremontinfo\/2019\/09\/bresse-salon-rockabilly-bigoudis-week-end\/"},"modified":"2019-09-18T04:05:19","modified_gmt":"2019-09-18T02:05:19","slug":"bresse-salon-rockabilly-bigoudis-week-end","status":"publish","type":"post","link":"https:\/\/vosgesinfo.fr\/remiremontinfo\/2019\/09\/bresse-salon-rockabilly-bigoudis-week-end\/","title":{"rendered":"La Bresse : Salon Rockabilly et Bigoudis ce week-end !"},"content":{"rendered":"<h2><a href=\"\/2019\/09\/69126050_414741562479823_4456992660908933120_n.jpg\"><img decoding=\"async\" class=\"alignnone size-full wp-image-268743\" src=\"\/2019\/09\/69126050_414741562479823_4456992660908933120_n.jpg\" alt=\"69126050_414741562479823_4456992660908933120_n\" width=\"960\" height=\"502\" \/><\/a><br \/>\n<span style=\"font-size: 12pt;\"><strong>Les organisateurs Tandem Events ont le plaisir de vous annoncer la 1\u00e8re \u00e9dition du salon Vintage, Rockabilly et Bigoudis qui se d\u00e9roulera le samedi 21 et dimanche 22 septembre 2019 pour le plaisir des passionn\u00e9s de vintage des ann\u00e9es 40 \u00e0 80&rsquo;s.<\/strong><\/span><\/h2>\n<p>Cet \u00e9v\u00e9nement regroupe plus de nombreux exposants proposant un v\u00e9ritable vintage market o\u00f9 vous retrouverez de nombreux objets d\u00e9co, mobilier, articles musicaux (vinyles, platines), pr\u00eat \u00e0 porter et accessoires de Mode&#8230; Vous plongerez dans un univers retro et tendance unique. C&rsquo;est un concept qui s&rsquo;adresse aux femmes et aux hommes, amoureux de la mode, des accessoires, des objets, du Rock&rsquo;n Roll, des ann\u00e9es hippies \u00e0 80&rsquo;s, de la d\u00e9co qui font toute l&rsquo;ambiance \u00ab old school \u00bb et le design des ann\u00e9es 40 aux ann\u00e9es 80.<\/p>\n<p>On trouvera sur place de nombreux exposants qui proposeront de l&rsquo;authentique, du tendance, du n\u00e9o et pure vintage :<\/p>\n<ul>\n<li>Accessoires de Mode Vintage : Bijoux, Chaussures, sacs, chapeaux, lunettes pour hommes et femmes. Vinyles, livres et magazines anciens, affiches anciennes, plaques \u00e9maill\u00e9es<\/li>\n<li>Pr\u00eat \u00e0 porter neuf et d&rsquo;occasion, fripes<\/li>\n<li>Art d\u00e9co et mobilier design des ann\u00e9es 50 \u00e0 80&rsquo;s authentiques et n\u00e9o vintage<\/li>\n<li>Jeux et jouets anciens, retrogaming, produits d\u00e9riv\u00e9s s\u00e9ries TV ou Cin\u00e9ma,<\/li>\n<li>Articles d\u00e9co US et brocante vintage<\/li>\n<li>Cr\u00e9ateurs d&rsquo;objets, d\u00e9co, Mode et upcycling&#8230;. etc&#8230;.<\/li>\n<li>Concert Rockabilly et Lindy Hop<\/li>\n<\/ul>\n<p><a href=\"\/2019\/09\/unnamed1.jpg\"><img decoding=\"async\" class=\"wp-image-268744 alignright\" src=\"\/2019\/09\/unnamed1-725x1024.jpg\" alt=\"unnamed\" width=\"398\" height=\"562\" \/><\/a>Durant les 2 jours, Rick Cavan animera le salon et rendra hommage au King Elvis Presley lors de diff\u00e9rents show durant le week-end. Samedi midi, Dj Lolo vous proposera un Madison Party endiabl\u00e9 dans une ambiance conviviable&#8230; Ne manquez pas le concert Rockabilly&#8230; 100% Teddy Boy avec le groupe The Evil Teds, jeune groupe sauvage et assoiff\u00e9 de bi\u00e8re&#8230; Ils se produiront sur la sc\u00e8ne du Halle des Congr\u00e8s le samedi 21 septembre \u00e0 15h et 17h&#8230;<\/p>\n<p>Vous pourrez d\u00e9couvrir la danse que tout le monde parle , le Lindy Hop, l&rsquo;anc\u00eatre du Rock&rsquo;n Roll&#8230; Le Club Hanicia Danse vous proposera une initiation Lindy Hop dimanche \u00e0 11h30 et d\u00e9monstration dimanche \u00e0 14h et 16h30.<\/p>\n<p><em>Repartez avec une photo souvenir !<\/em><\/p>\n<p>Sur le stand de Sarah, petit relooking vestimentaire, 2 \u00e0 3 flash&#8230; Et vous repartez avec un photo souvenir offerte par l&rsquo;organisation&#8230; Si vous d\u00e9sirez un relooking plus approfondi&#8230;. Le stand de Marina vous proposera un maquillage et coiffure d&rsquo;antan.<\/p>\n<p><em>Concours Miss Bigoudis et Mister Gomina !<\/em><\/p>\n<p>Les nombreux candidats femmes, hommes ou couples pr\u00e9 s\u00e9lectionn\u00e9s via la page facebook de l&rsquo;\u00e9v\u00e9nement avec un look r\u00e9tro, rockabilly, Pin-up, chic, dandy, hippie, disco, punk, ou d\u00e9cal\u00e9&#8230; vous donnent rdv dimanche 22 Septembre \u00e0 15h pour l&rsquo;\u00e9lection Miss bigoudis et Mister Gomina&#8230; Venez nombreux les d\u00e9couvrir et les encourager !<\/p>\n<p><em>Restauration :<\/em><\/p>\n<p>Sur place, foodtruck dans une magnifique caravane airstream am\u00e9ricaine.<br \/>\nEntr\u00e9e : 4 euros (3 euros en pr\u00e9vente)<br \/>\nPASS Week-end : 6 euros (5 euros en pr\u00e9-vente)<br \/>\nGRATUIT pour les -12 ans<br \/>\nSAMEDI 21 et DIMANCHE 22 SEPTEMBRE 2019<br \/>\nSamedi de 10h \u00e0 19h \/ Dimanche de 10h \u00e0 18h<br \/>\nHALLE DES CONGRES \u2013 88250 LA BRESSE<br \/>\nORGANISATION : TANDEM EVENTS<\/p>\n<p>Contact : vintage@tandem.events ou Tel : 06 68 31 79 05<br \/>\nD\u00e9couvrez et partagez l&rsquo;\u00e9v\u00e9nement facebook : <a href=\"https:\/\/www.facebook.com\/events\/1291375591037248\/\">https:\/\/www.facebook.com\/events\/1291375591037248\/<\/a><\/p>\n","protected":false},"excerpt":{"rendered":"<p>Les organisateurs Tandem Events ont le plaisir de vous annoncer la 1\u00e8re \u00e9dition du salon Vintage, Rockabilly et Bigoudis qui [&hellip;]<\/p>\n","protected":false},"author":407,"featured_media":20629,"comment_status":"open","ping_status":"open","sticky":false,"template":"","format":"standard","meta":{"footnotes":""},"categories":[26,4,104,25,54],"tags":[],"class_list":["post-20628","post","type-post","status-publish","format-standard","has-post-thumbnail","hentry","category-a-la-une","category-culture","category-la-bresse-la-bresse-son-canton","category-la-bresse-son-canton","category-loisirs"],"acf":[],"yoast_head":"<!-- This site is optimized with the Yoast SEO plugin v22.5 - https:\/\/yoast.com\/wordpress\/plugins\/seo\/ -->\n<title>La Bresse : Salon Rockabilly et Bigoudis ce week-end ! - Remiremont Info<\/title>\n<meta name=\"robots\" content=\"index, follow, max-snippet:-1, max-image-preview:large, max-video-preview:-1\" \/>\n<link rel=\"canonical\" href=\"https:\/\/vosgesinfo.fr\/remiremontinfo\/2019\/09\/bresse-salon-rockabilly-bigoudis-week-end\/\" \/>\n<meta name=\"twitter:card\" content=\"summary_large_image\" \/>\n<meta name=\"twitter:title\" content=\"La Bresse : Salon Rockabilly et Bigoudis ce week-end ! - Remiremont Info\" \/>\n<meta name=\"twitter:description\" content=\"Les organisateurs Tandem Events ont le plaisir de vous annoncer la 1\u00e8re \u00e9dition du salon Vintage, Rockabilly et Bigoudis qui [&hellip;]\" \/>\n<meta name=\"twitter:image\" content=\"https:\/\/vosgesinfo.fr\/app\/uploads\/sites\/5\/2024\/09\/20190969126050-414741562479823-4456992660908933120-n.jpg\" \/>\n<meta name=\"twitter:creator\" content=\"@VosgesInfo88\" \/>\n<meta name=\"twitter:site\" content=\"@VosgesInfo88\" \/>\n<meta name=\"twitter:label1\" content=\"\u00c9crit par\" \/>\n\t<meta name=\"twitter:data1\" content=\"C D\" \/>\n\t<meta name=\"twitter:label2\" content=\"Dur\u00e9e de lecture estim\u00e9e\" \/>\n\t<meta name=\"twitter:data2\" content=\"3 minutes\" \/>\n<script type=\"application\/ld+json\" class=\"yoast-schema-graph\">{\"@context\":\"https:\/\/schema.org\",\"@graph\":[{\"@type\":\"Article\",\"@id\":\"https:\/\/vosgesinfo.fr\/remiremontinfo\/2019\/09\/bresse-salon-rockabilly-bigoudis-week-end\/#article\",\"isPartOf\":{\"@id\":\"https:\/\/vosgesinfo.fr\/remiremontinfo\/2019\/09\/bresse-salon-rockabilly-bigoudis-week-end\/\"},\"author\":{\"name\":\"C D\",\"@id\":\"https:\/\/vosgesinfo.fr\/remiremontinfo\/#\/schema\/person\/3bfd164d5218a185b1db68655a265316\"},\"headline\":\"La Bresse : Salon Rockabilly et Bigoudis ce week-end !\",\"datePublished\":\"2019-09-18T02:05:19+00:00\",\"dateModified\":\"2019-09-18T02:05:19+00:00\",\"mainEntityOfPage\":{\"@id\":\"https:\/\/vosgesinfo.fr\/remiremontinfo\/2019\/09\/bresse-salon-rockabilly-bigoudis-week-end\/\"},\"wordCount\":536,\"commentCount\":0,\"publisher\":{\"@id\":\"https:\/\/vosgesinfo.fr\/remiremontinfo\/#organization\"},\"image\":{\"@id\":\"https:\/\/vosgesinfo.fr\/remiremontinfo\/2019\/09\/bresse-salon-rockabilly-bigoudis-week-end\/#primaryimage\"},\"thumbnailUrl\":\"https:\/\/vosgesinfo.fr\/app\/uploads\/sites\/5\/2024\/09\/20190969126050-414741562479823-4456992660908933120-n.jpg\",\"articleSection\":[\"A la Une\",\"Culture\",\"La Bresse\",\"La Bresse &amp; son canton\",\"Loisirs\"],\"inLanguage\":\"fr-FR\",\"potentialAction\":[{\"@type\":\"CommentAction\",\"name\":\"Comment\",\"target\":[\"https:\/\/vosgesinfo.fr\/remiremontinfo\/2019\/09\/bresse-salon-rockabilly-bigoudis-week-end\/#respond\"]}]},{\"@type\":\"WebPage\",\"@id\":\"https:\/\/vosgesinfo.fr\/remiremontinfo\/2019\/09\/bresse-salon-rockabilly-bigoudis-week-end\/\",\"url\":\"https:\/\/vosgesinfo.fr\/remiremontinfo\/2019\/09\/bresse-salon-rockabilly-bigoudis-week-end\/\",\"name\":\"La Bresse : Salon Rockabilly et Bigoudis ce week-end ! - Remiremont Info\",\"isPartOf\":{\"@id\":\"https:\/\/vosgesinfo.fr\/remiremontinfo\/#website\"},\"primaryImageOfPage\":{\"@id\":\"https:\/\/vosgesinfo.fr\/remiremontinfo\/2019\/09\/bresse-salon-rockabilly-bigoudis-week-end\/#primaryimage\"},\"image\":{\"@id\":\"https:\/\/vosgesinfo.fr\/remiremontinfo\/2019\/09\/bresse-salon-rockabilly-bigoudis-week-end\/#primaryimage\"},\"thumbnailUrl\":\"https:\/\/vosgesinfo.fr\/app\/uploads\/sites\/5\/2024\/09\/20190969126050-414741562479823-4456992660908933120-n.jpg\",\"datePublished\":\"2019-09-18T02:05:19+00:00\",\"dateModified\":\"2019-09-18T02:05:19+00:00\",\"breadcrumb\":{\"@id\":\"https:\/\/vosgesinfo.fr\/remiremontinfo\/2019\/09\/bresse-salon-rockabilly-bigoudis-week-end\/#breadcrumb\"},\"inLanguage\":\"fr-FR\",\"potentialAction\":[{\"@type\":\"ReadAction\",\"target\":[\"https:\/\/vosgesinfo.fr\/remiremontinfo\/2019\/09\/bresse-salon-rockabilly-bigoudis-week-end\/\"]}]},{\"@type\":\"ImageObject\",\"inLanguage\":\"fr-FR\",\"@id\":\"https:\/\/vosgesinfo.fr\/remiremontinfo\/2019\/09\/bresse-salon-rockabilly-bigoudis-week-end\/#primaryimage\",\"url\":\"https:\/\/vosgesinfo.fr\/app\/uploads\/sites\/5\/2024\/09\/20190969126050-414741562479823-4456992660908933120-n.jpg\",\"contentUrl\":\"https:\/\/vosgesinfo.fr\/app\/uploads\/sites\/5\/2024\/09\/20190969126050-414741562479823-4456992660908933120-n.jpg\",\"width\":960,\"height\":502},{\"@type\":\"BreadcrumbList\",\"@id\":\"https:\/\/vosgesinfo.fr\/remiremontinfo\/2019\/09\/bresse-salon-rockabilly-bigoudis-week-end\/#breadcrumb\",\"itemListElement\":[{\"@type\":\"ListItem\",\"position\":1,\"name\":\"Home\",\"item\":\"https:\/\/vosgesinfo.fr\/remiremontinfo\/\"},{\"@type\":\"ListItem\",\"position\":2,\"name\":\"La Bresse : Salon Rockabilly et Bigoudis ce week-end !\"}]},{\"@type\":\"WebSite\",\"@id\":\"https:\/\/vosgesinfo.fr\/remiremontinfo\/#website\",\"url\":\"https:\/\/vosgesinfo.fr\/remiremontinfo\/\",\"name\":\"Remiremont Info\",\"description\":\"Toute l&#039;actualit\u00e9 de Remiremont\",\"publisher\":{\"@id\":\"https:\/\/vosgesinfo.fr\/remiremontinfo\/#organization\"},\"alternateName\":\"Toute l'actualit\u00e9 de Remiremont\",\"potentialAction\":[{\"@type\":\"SearchAction\",\"target\":{\"@type\":\"EntryPoint\",\"urlTemplate\":\"https:\/\/vosgesinfo.fr\/remiremontinfo\/?s={search_term_string}\"},\"query-input\":\"required name=search_term_string\"}],\"inLanguage\":\"fr-FR\"},{\"@type\":\"Organization\",\"@id\":\"https:\/\/vosgesinfo.fr\/remiremontinfo\/#organization\",\"name\":\"Remiremont Info\",\"url\":\"https:\/\/vosgesinfo.fr\/remiremontinfo\/\",\"logo\":{\"@type\":\"ImageObject\",\"inLanguage\":\"fr-FR\",\"@id\":\"https:\/\/vosgesinfo.fr\/remiremontinfo\/#\/schema\/logo\/image\/\",\"url\":\"https:\/\/vosgesinfo.fr\/app\/uploads\/sites\/5\/2023\/08\/favicon-remiremontinfo.png\",\"contentUrl\":\"https:\/\/vosgesinfo.fr\/app\/uploads\/sites\/5\/2023\/08\/favicon-remiremontinfo.png\",\"width\":512,\"height\":512,\"caption\":\"Remiremont Info\"},\"image\":{\"@id\":\"https:\/\/vosgesinfo.fr\/remiremontinfo\/#\/schema\/logo\/image\/\"},\"sameAs\":[\"https:\/\/www.facebook.com\/remiremontinfo\",\"https:\/\/x.com\/VosgesInfo88\",\"https:\/\/www.youtube.com\/@vosgesinfo\"]},{\"@type\":\"Person\",\"@id\":\"https:\/\/vosgesinfo.fr\/remiremontinfo\/#\/schema\/person\/3bfd164d5218a185b1db68655a265316\",\"name\":\"C D\",\"image\":{\"@type\":\"ImageObject\",\"inLanguage\":\"fr-FR\",\"@id\":\"https:\/\/vosgesinfo.fr\/remiremontinfo\/#\/schema\/person\/image\/\",\"url\":\"https:\/\/secure.gravatar.com\/avatar\/1f9a70007336511a47468b8f1c66f922b8b7cf617b02a31149ada43893a5d48f?s=96&d=mm&r=g\",\"contentUrl\":\"https:\/\/secure.gravatar.com\/avatar\/1f9a70007336511a47468b8f1c66f922b8b7cf617b02a31149ada43893a5d48f?s=96&d=mm&r=g\",\"caption\":\"C D\"},\"url\":\"https:\/\/vosgesinfo.fr\/remiremontinfo\/author\/cedric-drevet\/\"}]}<\/script>\n<!-- \/ Yoast SEO plugin. -->","yoast_head_json":{"title":"La Bresse : Salon Rockabilly et Bigoudis ce week-end ! - Remiremont Info","robots":{"index":"index","follow":"follow","max-snippet":"max-snippet:-1","max-image-preview":"max-image-preview:large","max-video-preview":"max-video-preview:-1"},"canonical":"https:\/\/vosgesinfo.fr\/remiremontinfo\/2019\/09\/bresse-salon-rockabilly-bigoudis-week-end\/","twitter_card":"summary_large_image","twitter_title":"La Bresse : Salon Rockabilly et Bigoudis ce week-end ! - Remiremont Info","twitter_description":"Les organisateurs Tandem Events ont le plaisir de vous annoncer la 1\u00e8re \u00e9dition du salon Vintage, Rockabilly et Bigoudis qui [&hellip;]","twitter_image":"https:\/\/vosgesinfo.fr\/app\/uploads\/sites\/5\/2024\/09\/20190969126050-414741562479823-4456992660908933120-n.jpg","twitter_creator":"@VosgesInfo88","twitter_site":"@VosgesInfo88","twitter_misc":{"\u00c9crit par":"C D","Dur\u00e9e de lecture estim\u00e9e":"3 minutes"},"schema":{"@context":"https:\/\/schema.org","@graph":[{"@type":"Article","@id":"https:\/\/vosgesinfo.fr\/remiremontinfo\/2019\/09\/bresse-salon-rockabilly-bigoudis-week-end\/#article","isPartOf":{"@id":"https:\/\/vosgesinfo.fr\/remiremontinfo\/2019\/09\/bresse-salon-rockabilly-bigoudis-week-end\/"},"author":{"name":"C D","@id":"https:\/\/vosgesinfo.fr\/remiremontinfo\/#\/schema\/person\/3bfd164d5218a185b1db68655a265316"},"headline":"La Bresse : Salon Rockabilly et Bigoudis ce week-end !","datePublished":"2019-09-18T02:05:19+00:00","dateModified":"2019-09-18T02:05:19+00:00","mainEntityOfPage":{"@id":"https:\/\/vosgesinfo.fr\/remiremontinfo\/2019\/09\/bresse-salon-rockabilly-bigoudis-week-end\/"},"wordCount":536,"commentCount":0,"publisher":{"@id":"https:\/\/vosgesinfo.fr\/remiremontinfo\/#organization"},"image":{"@id":"https:\/\/vosgesinfo.fr\/remiremontinfo\/2019\/09\/bresse-salon-rockabilly-bigoudis-week-end\/#primaryimage"},"thumbnailUrl":"https:\/\/vosgesinfo.fr\/app\/uploads\/sites\/5\/2024\/09\/20190969126050-414741562479823-4456992660908933120-n.jpg","articleSection":["A la Une","Culture","La Bresse","La Bresse &amp; son canton","Loisirs"],"inLanguage":"fr-FR","potentialAction":[{"@type":"CommentAction","name":"Comment","target":["https:\/\/vosgesinfo.fr\/remiremontinfo\/2019\/09\/bresse-salon-rockabilly-bigoudis-week-end\/#respond"]}]},{"@type":"WebPage","@id":"https:\/\/vosgesinfo.fr\/remiremontinfo\/2019\/09\/bresse-salon-rockabilly-bigoudis-week-end\/","url":"https:\/\/vosgesinfo.fr\/remiremontinfo\/2019\/09\/bresse-salon-rockabilly-bigoudis-week-end\/","name":"La Bresse : Salon Rockabilly et Bigoudis ce week-end ! - Remiremont Info","isPartOf":{"@id":"https:\/\/vosgesinfo.fr\/remiremontinfo\/#website"},"primaryImageOfPage":{"@id":"https:\/\/vosgesinfo.fr\/remiremontinfo\/2019\/09\/bresse-salon-rockabilly-bigoudis-week-end\/#primaryimage"},"image":{"@id":"https:\/\/vosgesinfo.fr\/remiremontinfo\/2019\/09\/bresse-salon-rockabilly-bigoudis-week-end\/#primaryimage"},"thumbnailUrl":"https:\/\/vosgesinfo.fr\/app\/uploads\/sites\/5\/2024\/09\/20190969126050-414741562479823-4456992660908933120-n.jpg","datePublished":"2019-09-18T02:05:19+00:00","dateModified":"2019-09-18T02:05:19+00:00","breadcrumb":{"@id":"https:\/\/vosgesinfo.fr\/remiremontinfo\/2019\/09\/bresse-salon-rockabilly-bigoudis-week-end\/#breadcrumb"},"inLanguage":"fr-FR","potentialAction":[{"@type":"ReadAction","target":["https:\/\/vosgesinfo.fr\/remiremontinfo\/2019\/09\/bresse-salon-rockabilly-bigoudis-week-end\/"]}]},{"@type":"ImageObject","inLanguage":"fr-FR","@id":"https:\/\/vosgesinfo.fr\/remiremontinfo\/2019\/09\/bresse-salon-rockabilly-bigoudis-week-end\/#primaryimage","url":"https:\/\/vosgesinfo.fr\/app\/uploads\/sites\/5\/2024\/09\/20190969126050-414741562479823-4456992660908933120-n.jpg","contentUrl":"https:\/\/vosgesinfo.fr\/app\/uploads\/sites\/5\/2024\/09\/20190969126050-414741562479823-4456992660908933120-n.jpg","width":960,"height":502},{"@type":"BreadcrumbList","@id":"https:\/\/vosgesinfo.fr\/remiremontinfo\/2019\/09\/bresse-salon-rockabilly-bigoudis-week-end\/#breadcrumb","itemListElement":[{"@type":"ListItem","position":1,"name":"Home","item":"https:\/\/vosgesinfo.fr\/remiremontinfo\/"},{"@type":"ListItem","position":2,"name":"La Bresse : Salon Rockabilly et Bigoudis ce week-end !"}]},{"@type":"WebSite","@id":"https:\/\/vosgesinfo.fr\/remiremontinfo\/#website","url":"https:\/\/vosgesinfo.fr\/remiremontinfo\/","name":"Remiremont Info","description":"Toute l&#039;actualit\u00e9 de Remiremont","publisher":{"@id":"https:\/\/vosgesinfo.fr\/remiremontinfo\/#organization"},"alternateName":"Toute l'actualit\u00e9 de Remiremont","potentialAction":[{"@type":"SearchAction","target":{"@type":"EntryPoint","urlTemplate":"https:\/\/vosgesinfo.fr\/remiremontinfo\/?s={search_term_string}"},"query-input":"required name=search_term_string"}],"inLanguage":"fr-FR"},{"@type":"Organization","@id":"https:\/\/vosgesinfo.fr\/remiremontinfo\/#organization","name":"Remiremont Info","url":"https:\/\/vosgesinfo.fr\/remiremontinfo\/","logo":{"@type":"ImageObject","inLanguage":"fr-FR","@id":"https:\/\/vosgesinfo.fr\/remiremontinfo\/#\/schema\/logo\/image\/","url":"https:\/\/vosgesinfo.fr\/app\/uploads\/sites\/5\/2023\/08\/favicon-remiremontinfo.png","contentUrl":"https:\/\/vosgesinfo.fr\/app\/uploads\/sites\/5\/2023\/08\/favicon-remiremontinfo.png","width":512,"height":512,"caption":"Remiremont Info"},"image":{"@id":"https:\/\/vosgesinfo.fr\/remiremontinfo\/#\/schema\/logo\/image\/"},"sameAs":["https:\/\/www.facebook.com\/remiremontinfo","https:\/\/x.com\/VosgesInfo88","https:\/\/www.youtube.com\/@vosgesinfo"]},{"@type":"Person","@id":"https:\/\/vosgesinfo.fr\/remiremontinfo\/#\/schema\/person\/3bfd164d5218a185b1db68655a265316","name":"C D","image":{"@type":"ImageObject","inLanguage":"fr-FR","@id":"https:\/\/vosgesinfo.fr\/remiremontinfo\/#\/schema\/person\/image\/","url":"https:\/\/secure.gravatar.com\/avatar\/1f9a70007336511a47468b8f1c66f922b8b7cf617b02a31149ada43893a5d48f?s=96&d=mm&r=g","contentUrl":"https:\/\/secure.gravatar.com\/avatar\/1f9a70007336511a47468b8f1c66f922b8b7cf617b02a31149ada43893a5d48f?s=96&d=mm&r=g","caption":"C D"},"url":"https:\/\/vosgesinfo.fr\/remiremontinfo\/author\/cedric-drevet\/"}]}},"_links":{"self":[{"href":"https:\/\/vosgesinfo.fr\/remiremontinfo\/wp-json\/wp\/v2\/posts\/20628","targetHints":{"allow":["GET"]}}],"collection":[{"href":"https:\/\/vosgesinfo.fr\/remiremontinfo\/wp-json\/wp\/v2\/posts"}],"about":[{"href":"https:\/\/vosgesinfo.fr\/remiremontinfo\/wp-json\/wp\/v2\/types\/post"}],"author":[{"embeddable":true,"href":"https:\/\/vosgesinfo.fr\/remiremontinfo\/wp-json\/wp\/v2\/users\/407"}],"replies":[{"embeddable":true,"href":"https:\/\/vosgesinfo.fr\/remiremontinfo\/wp-json\/wp\/v2\/comments?post=20628"}],"version-history":[{"count":0,"href":"https:\/\/vosgesinfo.fr\/remiremontinfo\/wp-json\/wp\/v2\/posts\/20628\/revisions"}],"wp:featuredmedia":[{"embeddable":true,"href":"https:\/\/vosgesinfo.fr\/remiremontinfo\/wp-json\/wp\/v2\/media\/20629"}],"wp:attachment":[{"href":"https:\/\/vosgesinfo.fr\/remiremontinfo\/wp-json\/wp\/v2\/media?parent=20628"}],"wp:term":[{"taxonomy":"category","embeddable":true,"href":"https:\/\/vosgesinfo.fr\/remiremontinfo\/wp-json\/wp\/v2\/categories?post=20628"},{"taxonomy":"post_tag","embeddable":true,"href":"https:\/\/vosgesinfo.fr\/remiremontinfo\/wp-json\/wp\/v2\/tags?post=20628"}],"curies":[{"name":"wp","href":"https:\/\/api.w.org\/{rel}","templated":true}]}}