{"id":2087,"date":"2023-10-18T13:49:44","date_gmt":"2023-10-18T11:49:44","guid":{"rendered":"https:\/\/vosgesinfo.fr\/remiremontinfo\/2023\/10\/vagney-parrainage-de-la-tombe-dun-gi-tombe-a-vagney-en-octobre-1944\/"},"modified":"2023-10-18T13:49:44","modified_gmt":"2023-10-18T11:49:44","slug":"vagney-parrainage-de-la-tombe-dun-gi-tombe-a-vagney-en-octobre-1944","status":"publish","type":"post","link":"https:\/\/vosgesinfo.fr\/remiremontinfo\/2023\/10\/vagney-parrainage-de-la-tombe-dun-gi-tombe-a-vagney-en-octobre-1944\/","title":{"rendered":"Vagney : Parrainage de la tombe d&rsquo;un GI tomb\u00e9 \u00e0 Vagney en octobre 1944"},"content":{"rendered":"<p style=\"font-weight: 400;\">Samedi 7 octobre, quinze enfants \u00e9lus au Conseil Municipal des Jeunes de Vagney, accompagn\u00e9s de Didier HOUOT, maire de la commune, d\u2019\u00e9lus, de parents et d\u2019un agent,<a href=\"https:\/\/remiremontinfo.fr\/wp-content\/uploads\/2023\/10\/25.jpg\"><img decoding=\"async\" class=\"alignright size-medium wp-image-378290\" src=\"https:\/\/vosgesinfo.fr\/app\/uploads\/sites\/5\/2023\/10\/25.jpg\" alt=\"25\" width=\"340\" height=\"255\" \/><\/a> se\u00a0sont rendus au cimeti\u00e8re am\u00e9ricain de Dinoz\u00e9.<\/p>\n<p style=\"font-weight: 400;\">Un membre de l\u2019association \u00ab\u00a0US Memory Grand Est France\u00a0\u00bb leur a propos\u00e9 une visite guid\u00e9e. Ils ont ainsi pu d\u00e9couvrir le M\u00e9morial dont les mosa\u00efques retracent le parcours de la 3<sup>\u00e8me<\/sup>\u00a0DIA du d\u00e9barquement en Provence \u00e0 l\u2019Allemagne en passant par les Vosges, et le cimeti\u00e8re, m\u00e9ticuleusement entretenu, dans lequel s\u2019alignent les croix \u00e0 perte de vue. Les explications se sont r\u00e9v\u00e9l\u00e9es riches et passionn\u00e9es, allant des faits historiques aux anecdotes.<\/p>\n<p style=\"font-weight: 400;\">\u00a0Madame PAPELARD-BRESCIA, pr\u00e9sidente de l\u2019association, a ensuite conduit, avec \u00e9motion, la c\u00e9r\u00e9monie de parrainage de la tombe d\u2019un soldat par le CMJ voinraud. Ce soldat, Raymond J. PAWLAK, originaire du Michigan, mari\u00e9 et papa d\u2019une petite fille, d\u00e9barque en Provence le 15 ao\u00fbt 1944. Avec son unit\u00e9, il avance ensuite le long du<a href=\"https:\/\/remiremontinfo.fr\/wp-content\/uploads\/2023\/10\/222.jpg\"><img decoding=\"async\" class=\"alignright size-medium wp-image-378285\" src=\"https:\/\/vosgesinfo.fr\/app\/uploads\/sites\/5\/2023\/10\/222.jpg\" alt=\"22\" width=\"340\" height=\"255\" \/><\/a> Rh\u00f4ne jusqu\u2019\u00e0 atteindre notre d\u00e9partement.\u00a0C\u2019est au cours de la bataille pour la lib\u00e9ration de Vagney que Raymond Joseph PAWLAK d\u00e9c\u00e8dera le 6 octobre 1944, apr\u00e8s avoir\u00a0re\u00e7u des fragments d\u2019obus. Il avait 19 ans.<\/p>\n<p style=\"font-weight: 400;\">Vagney sera lib\u00e9r\u00e9e le lendemain.<\/p>\n<p style=\"font-weight: 400;\">\u00a0Ce parrainage est un engagement fort des jeunes \u00e9lus de la commune qui s\u2019inscrira dans la dur\u00e9e et aura vocation \u00e0 promouvoir la m\u00e9moire de ce jeune G.I., tomb\u00e9 pour la lib\u00e9ration de la commune,\u00a0 et de ses camarades.<\/p>\n<p style=\"font-weight: 400;\">\n","protected":false},"excerpt":{"rendered":"<p>Samedi 7 octobre, quinze enfants \u00e9lus au Conseil Municipal des Jeunes de Vagney, accompagn\u00e9s de Didier HOUOT, maire de la [&hellip;]<\/p>\n","protected":false},"author":412,"featured_media":2088,"comment_status":"open","ping_status":"open","sticky":false,"template":"","format":"standard","meta":{"footnotes":""},"categories":[26,25,10,36],"tags":[305,160,32],"class_list":["post-2087","post","type-post","status-publish","format-standard","has-post-thumbnail","hentry","category-a-la-une","category-la-bresse-son-canton","category-politique","category-vagney","tag-commemoration","tag-vagney","tag-vosges"],"acf":[],"yoast_head":"<!-- This site is optimized with the Yoast SEO plugin v22.5 - https:\/\/yoast.com\/wordpress\/plugins\/seo\/ -->\n<title>Vagney : Parrainage de la tombe d&#039;un GI tomb\u00e9 \u00e0 Vagney en octobre 1944 - Remiremont Info<\/title>\n<meta name=\"robots\" content=\"index, follow, max-snippet:-1, max-image-preview:large, max-video-preview:-1\" \/>\n<link rel=\"canonical\" href=\"https:\/\/vosgesinfo.fr\/remiremontinfo\/2023\/10\/vagney-parrainage-de-la-tombe-dun-gi-tombe-a-vagney-en-octobre-1944\/\" \/>\n<meta name=\"twitter:card\" content=\"summary_large_image\" \/>\n<meta name=\"twitter:title\" content=\"Vagney : Parrainage de la tombe d&#039;un GI tomb\u00e9 \u00e0 Vagney en octobre 1944 - Remiremont Info\" \/>\n<meta name=\"twitter:description\" content=\"Samedi 7 octobre, quinze enfants \u00e9lus au Conseil Municipal des Jeunes de Vagney, accompagn\u00e9s de Didier HOUOT, maire de la [&hellip;]\" \/>\n<meta name=\"twitter:image\" content=\"https:\/\/vosgesinfo.fr\/app\/uploads\/sites\/5\/2023\/10\/23.jpg\" \/>\n<meta name=\"twitter:creator\" content=\"@VosgesInfo88\" \/>\n<meta name=\"twitter:site\" content=\"@VosgesInfo88\" \/>\n<meta name=\"twitter:label1\" content=\"\u00c9crit par\" \/>\n\t<meta name=\"twitter:data1\" content=\"Stany Maurice\" \/>\n\t<meta name=\"twitter:label2\" content=\"Dur\u00e9e de lecture estim\u00e9e\" \/>\n\t<meta name=\"twitter:data2\" content=\"1 minute\" \/>\n<script type=\"application\/ld+json\" class=\"yoast-schema-graph\">{\"@context\":\"https:\/\/schema.org\",\"@graph\":[{\"@type\":\"Article\",\"@id\":\"https:\/\/vosgesinfo.fr\/remiremontinfo\/2023\/10\/vagney-parrainage-de-la-tombe-dun-gi-tombe-a-vagney-en-octobre-1944\/#article\",\"isPartOf\":{\"@id\":\"https:\/\/vosgesinfo.fr\/remiremontinfo\/2023\/10\/vagney-parrainage-de-la-tombe-dun-gi-tombe-a-vagney-en-octobre-1944\/\"},\"author\":{\"name\":\"Stany Maurice\",\"@id\":\"https:\/\/vosgesinfo.fr\/remiremontinfo\/#\/schema\/person\/bec388675ce53b5a637aec04392f977e\"},\"headline\":\"Vagney : Parrainage de la tombe d&rsquo;un GI tomb\u00e9 \u00e0 Vagney en octobre 1944\",\"datePublished\":\"2023-10-18T11:49:44+00:00\",\"dateModified\":\"2023-10-18T11:49:44+00:00\",\"mainEntityOfPage\":{\"@id\":\"https:\/\/vosgesinfo.fr\/remiremontinfo\/2023\/10\/vagney-parrainage-de-la-tombe-dun-gi-tombe-a-vagney-en-octobre-1944\/\"},\"wordCount\":284,\"commentCount\":0,\"publisher\":{\"@id\":\"https:\/\/vosgesinfo.fr\/remiremontinfo\/#organization\"},\"image\":{\"@id\":\"https:\/\/vosgesinfo.fr\/remiremontinfo\/2023\/10\/vagney-parrainage-de-la-tombe-dun-gi-tombe-a-vagney-en-octobre-1944\/#primaryimage\"},\"thumbnailUrl\":\"https:\/\/vosgesinfo.fr\/app\/uploads\/sites\/5\/2023\/10\/23.jpg\",\"keywords\":[\"comm\u00e9moration\",\"vagney\",\"Vosges\"],\"articleSection\":[\"A la Une\",\"La Bresse &amp; son canton\",\"Politique\",\"Vagney\"],\"inLanguage\":\"fr-FR\",\"potentialAction\":[{\"@type\":\"CommentAction\",\"name\":\"Comment\",\"target\":[\"https:\/\/vosgesinfo.fr\/remiremontinfo\/2023\/10\/vagney-parrainage-de-la-tombe-dun-gi-tombe-a-vagney-en-octobre-1944\/#respond\"]}]},{\"@type\":\"WebPage\",\"@id\":\"https:\/\/vosgesinfo.fr\/remiremontinfo\/2023\/10\/vagney-parrainage-de-la-tombe-dun-gi-tombe-a-vagney-en-octobre-1944\/\",\"url\":\"https:\/\/vosgesinfo.fr\/remiremontinfo\/2023\/10\/vagney-parrainage-de-la-tombe-dun-gi-tombe-a-vagney-en-octobre-1944\/\",\"name\":\"Vagney : Parrainage de la tombe d'un GI tomb\u00e9 \u00e0 Vagney en octobre 1944 - Remiremont Info\",\"isPartOf\":{\"@id\":\"https:\/\/vosgesinfo.fr\/remiremontinfo\/#website\"},\"primaryImageOfPage\":{\"@id\":\"https:\/\/vosgesinfo.fr\/remiremontinfo\/2023\/10\/vagney-parrainage-de-la-tombe-dun-gi-tombe-a-vagney-en-octobre-1944\/#primaryimage\"},\"image\":{\"@id\":\"https:\/\/vosgesinfo.fr\/remiremontinfo\/2023\/10\/vagney-parrainage-de-la-tombe-dun-gi-tombe-a-vagney-en-octobre-1944\/#primaryimage\"},\"thumbnailUrl\":\"https:\/\/vosgesinfo.fr\/app\/uploads\/sites\/5\/2023\/10\/23.jpg\",\"datePublished\":\"2023-10-18T11:49:44+00:00\",\"dateModified\":\"2023-10-18T11:49:44+00:00\",\"breadcrumb\":{\"@id\":\"https:\/\/vosgesinfo.fr\/remiremontinfo\/2023\/10\/vagney-parrainage-de-la-tombe-dun-gi-tombe-a-vagney-en-octobre-1944\/#breadcrumb\"},\"inLanguage\":\"fr-FR\",\"potentialAction\":[{\"@type\":\"ReadAction\",\"target\":[\"https:\/\/vosgesinfo.fr\/remiremontinfo\/2023\/10\/vagney-parrainage-de-la-tombe-dun-gi-tombe-a-vagney-en-octobre-1944\/\"]}]},{\"@type\":\"ImageObject\",\"inLanguage\":\"fr-FR\",\"@id\":\"https:\/\/vosgesinfo.fr\/remiremontinfo\/2023\/10\/vagney-parrainage-de-la-tombe-dun-gi-tombe-a-vagney-en-octobre-1944\/#primaryimage\",\"url\":\"https:\/\/vosgesinfo.fr\/app\/uploads\/sites\/5\/2023\/10\/23.jpg\",\"contentUrl\":\"https:\/\/vosgesinfo.fr\/app\/uploads\/sites\/5\/2023\/10\/23.jpg\",\"width\":1600,\"height\":1200},{\"@type\":\"BreadcrumbList\",\"@id\":\"https:\/\/vosgesinfo.fr\/remiremontinfo\/2023\/10\/vagney-parrainage-de-la-tombe-dun-gi-tombe-a-vagney-en-octobre-1944\/#breadcrumb\",\"itemListElement\":[{\"@type\":\"ListItem\",\"position\":1,\"name\":\"Home\",\"item\":\"https:\/\/vosgesinfo.fr\/remiremontinfo\/\"},{\"@type\":\"ListItem\",\"position\":2,\"name\":\"Vagney : Parrainage de la tombe d&rsquo;un GI tomb\u00e9 \u00e0 Vagney en octobre 1944\"}]},{\"@type\":\"WebSite\",\"@id\":\"https:\/\/vosgesinfo.fr\/remiremontinfo\/#website\",\"url\":\"https:\/\/vosgesinfo.fr\/remiremontinfo\/\",\"name\":\"Remiremont Info\",\"description\":\"Toute l&#039;actualit\u00e9 de Remiremont\",\"publisher\":{\"@id\":\"https:\/\/vosgesinfo.fr\/remiremontinfo\/#organization\"},\"alternateName\":\"Toute l'actualit\u00e9 de Remiremont\",\"potentialAction\":[{\"@type\":\"SearchAction\",\"target\":{\"@type\":\"EntryPoint\",\"urlTemplate\":\"https:\/\/vosgesinfo.fr\/remiremontinfo\/?s={search_term_string}\"},\"query-input\":\"required name=search_term_string\"}],\"inLanguage\":\"fr-FR\"},{\"@type\":\"Organization\",\"@id\":\"https:\/\/vosgesinfo.fr\/remiremontinfo\/#organization\",\"name\":\"Remiremont Info\",\"url\":\"https:\/\/vosgesinfo.fr\/remiremontinfo\/\",\"logo\":{\"@type\":\"ImageObject\",\"inLanguage\":\"fr-FR\",\"@id\":\"https:\/\/vosgesinfo.fr\/remiremontinfo\/#\/schema\/logo\/image\/\",\"url\":\"https:\/\/vosgesinfo.fr\/app\/uploads\/sites\/5\/2023\/08\/favicon-remiremontinfo.png\",\"contentUrl\":\"https:\/\/vosgesinfo.fr\/app\/uploads\/sites\/5\/2023\/08\/favicon-remiremontinfo.png\",\"width\":512,\"height\":512,\"caption\":\"Remiremont Info\"},\"image\":{\"@id\":\"https:\/\/vosgesinfo.fr\/remiremontinfo\/#\/schema\/logo\/image\/\"},\"sameAs\":[\"https:\/\/www.facebook.com\/remiremontinfo\",\"https:\/\/x.com\/VosgesInfo88\",\"https:\/\/www.youtube.com\/@vosgesinfo\"]},{\"@type\":\"Person\",\"@id\":\"https:\/\/vosgesinfo.fr\/remiremontinfo\/#\/schema\/person\/bec388675ce53b5a637aec04392f977e\",\"name\":\"Stany Maurice\",\"image\":{\"@type\":\"ImageObject\",\"inLanguage\":\"fr-FR\",\"@id\":\"https:\/\/vosgesinfo.fr\/remiremontinfo\/#\/schema\/person\/image\/\",\"url\":\"https:\/\/secure.gravatar.com\/avatar\/68520b0c74251371bd10958bd19c3ce39a212093b8fff0dc3edbfcfddd089807?s=96&d=mm&r=g\",\"contentUrl\":\"https:\/\/secure.gravatar.com\/avatar\/68520b0c74251371bd10958bd19c3ce39a212093b8fff0dc3edbfcfddd089807?s=96&d=mm&r=g\",\"caption\":\"Stany Maurice\"},\"url\":\"https:\/\/vosgesinfo.fr\/remiremontinfo\/author\/s-maurice\/\"}]}<\/script>\n<!-- \/ Yoast SEO plugin. -->","yoast_head_json":{"title":"Vagney : Parrainage de la tombe d'un GI tomb\u00e9 \u00e0 Vagney en octobre 1944 - Remiremont Info","robots":{"index":"index","follow":"follow","max-snippet":"max-snippet:-1","max-image-preview":"max-image-preview:large","max-video-preview":"max-video-preview:-1"},"canonical":"https:\/\/vosgesinfo.fr\/remiremontinfo\/2023\/10\/vagney-parrainage-de-la-tombe-dun-gi-tombe-a-vagney-en-octobre-1944\/","twitter_card":"summary_large_image","twitter_title":"Vagney : Parrainage de la tombe d'un GI tomb\u00e9 \u00e0 Vagney en octobre 1944 - Remiremont Info","twitter_description":"Samedi 7 octobre, quinze enfants \u00e9lus au Conseil Municipal des Jeunes de Vagney, accompagn\u00e9s de Didier HOUOT, maire de la [&hellip;]","twitter_image":"https:\/\/vosgesinfo.fr\/app\/uploads\/sites\/5\/2023\/10\/23.jpg","twitter_creator":"@VosgesInfo88","twitter_site":"@VosgesInfo88","twitter_misc":{"\u00c9crit par":"Stany Maurice","Dur\u00e9e de lecture estim\u00e9e":"1 minute"},"schema":{"@context":"https:\/\/schema.org","@graph":[{"@type":"Article","@id":"https:\/\/vosgesinfo.fr\/remiremontinfo\/2023\/10\/vagney-parrainage-de-la-tombe-dun-gi-tombe-a-vagney-en-octobre-1944\/#article","isPartOf":{"@id":"https:\/\/vosgesinfo.fr\/remiremontinfo\/2023\/10\/vagney-parrainage-de-la-tombe-dun-gi-tombe-a-vagney-en-octobre-1944\/"},"author":{"name":"Stany Maurice","@id":"https:\/\/vosgesinfo.fr\/remiremontinfo\/#\/schema\/person\/bec388675ce53b5a637aec04392f977e"},"headline":"Vagney : Parrainage de la tombe d&rsquo;un GI tomb\u00e9 \u00e0 Vagney en octobre 1944","datePublished":"2023-10-18T11:49:44+00:00","dateModified":"2023-10-18T11:49:44+00:00","mainEntityOfPage":{"@id":"https:\/\/vosgesinfo.fr\/remiremontinfo\/2023\/10\/vagney-parrainage-de-la-tombe-dun-gi-tombe-a-vagney-en-octobre-1944\/"},"wordCount":284,"commentCount":0,"publisher":{"@id":"https:\/\/vosgesinfo.fr\/remiremontinfo\/#organization"},"image":{"@id":"https:\/\/vosgesinfo.fr\/remiremontinfo\/2023\/10\/vagney-parrainage-de-la-tombe-dun-gi-tombe-a-vagney-en-octobre-1944\/#primaryimage"},"thumbnailUrl":"https:\/\/vosgesinfo.fr\/app\/uploads\/sites\/5\/2023\/10\/23.jpg","keywords":["comm\u00e9moration","vagney","Vosges"],"articleSection":["A la Une","La Bresse &amp; son canton","Politique","Vagney"],"inLanguage":"fr-FR","potentialAction":[{"@type":"CommentAction","name":"Comment","target":["https:\/\/vosgesinfo.fr\/remiremontinfo\/2023\/10\/vagney-parrainage-de-la-tombe-dun-gi-tombe-a-vagney-en-octobre-1944\/#respond"]}]},{"@type":"WebPage","@id":"https:\/\/vosgesinfo.fr\/remiremontinfo\/2023\/10\/vagney-parrainage-de-la-tombe-dun-gi-tombe-a-vagney-en-octobre-1944\/","url":"https:\/\/vosgesinfo.fr\/remiremontinfo\/2023\/10\/vagney-parrainage-de-la-tombe-dun-gi-tombe-a-vagney-en-octobre-1944\/","name":"Vagney : Parrainage de la tombe d'un GI tomb\u00e9 \u00e0 Vagney en octobre 1944 - Remiremont Info","isPartOf":{"@id":"https:\/\/vosgesinfo.fr\/remiremontinfo\/#website"},"primaryImageOfPage":{"@id":"https:\/\/vosgesinfo.fr\/remiremontinfo\/2023\/10\/vagney-parrainage-de-la-tombe-dun-gi-tombe-a-vagney-en-octobre-1944\/#primaryimage"},"image":{"@id":"https:\/\/vosgesinfo.fr\/remiremontinfo\/2023\/10\/vagney-parrainage-de-la-tombe-dun-gi-tombe-a-vagney-en-octobre-1944\/#primaryimage"},"thumbnailUrl":"https:\/\/vosgesinfo.fr\/app\/uploads\/sites\/5\/2023\/10\/23.jpg","datePublished":"2023-10-18T11:49:44+00:00","dateModified":"2023-10-18T11:49:44+00:00","breadcrumb":{"@id":"https:\/\/vosgesinfo.fr\/remiremontinfo\/2023\/10\/vagney-parrainage-de-la-tombe-dun-gi-tombe-a-vagney-en-octobre-1944\/#breadcrumb"},"inLanguage":"fr-FR","potentialAction":[{"@type":"ReadAction","target":["https:\/\/vosgesinfo.fr\/remiremontinfo\/2023\/10\/vagney-parrainage-de-la-tombe-dun-gi-tombe-a-vagney-en-octobre-1944\/"]}]},{"@type":"ImageObject","inLanguage":"fr-FR","@id":"https:\/\/vosgesinfo.fr\/remiremontinfo\/2023\/10\/vagney-parrainage-de-la-tombe-dun-gi-tombe-a-vagney-en-octobre-1944\/#primaryimage","url":"https:\/\/vosgesinfo.fr\/app\/uploads\/sites\/5\/2023\/10\/23.jpg","contentUrl":"https:\/\/vosgesinfo.fr\/app\/uploads\/sites\/5\/2023\/10\/23.jpg","width":1600,"height":1200},{"@type":"BreadcrumbList","@id":"https:\/\/vosgesinfo.fr\/remiremontinfo\/2023\/10\/vagney-parrainage-de-la-tombe-dun-gi-tombe-a-vagney-en-octobre-1944\/#breadcrumb","itemListElement":[{"@type":"ListItem","position":1,"name":"Home","item":"https:\/\/vosgesinfo.fr\/remiremontinfo\/"},{"@type":"ListItem","position":2,"name":"Vagney : Parrainage de la tombe d&rsquo;un GI tomb\u00e9 \u00e0 Vagney en octobre 1944"}]},{"@type":"WebSite","@id":"https:\/\/vosgesinfo.fr\/remiremontinfo\/#website","url":"https:\/\/vosgesinfo.fr\/remiremontinfo\/","name":"Remiremont Info","description":"Toute l&#039;actualit\u00e9 de Remiremont","publisher":{"@id":"https:\/\/vosgesinfo.fr\/remiremontinfo\/#organization"},"alternateName":"Toute l'actualit\u00e9 de Remiremont","potentialAction":[{"@type":"SearchAction","target":{"@type":"EntryPoint","urlTemplate":"https:\/\/vosgesinfo.fr\/remiremontinfo\/?s={search_term_string}"},"query-input":"required name=search_term_string"}],"inLanguage":"fr-FR"},{"@type":"Organization","@id":"https:\/\/vosgesinfo.fr\/remiremontinfo\/#organization","name":"Remiremont Info","url":"https:\/\/vosgesinfo.fr\/remiremontinfo\/","logo":{"@type":"ImageObject","inLanguage":"fr-FR","@id":"https:\/\/vosgesinfo.fr\/remiremontinfo\/#\/schema\/logo\/image\/","url":"https:\/\/vosgesinfo.fr\/app\/uploads\/sites\/5\/2023\/08\/favicon-remiremontinfo.png","contentUrl":"https:\/\/vosgesinfo.fr\/app\/uploads\/sites\/5\/2023\/08\/favicon-remiremontinfo.png","width":512,"height":512,"caption":"Remiremont Info"},"image":{"@id":"https:\/\/vosgesinfo.fr\/remiremontinfo\/#\/schema\/logo\/image\/"},"sameAs":["https:\/\/www.facebook.com\/remiremontinfo","https:\/\/x.com\/VosgesInfo88","https:\/\/www.youtube.com\/@vosgesinfo"]},{"@type":"Person","@id":"https:\/\/vosgesinfo.fr\/remiremontinfo\/#\/schema\/person\/bec388675ce53b5a637aec04392f977e","name":"Stany Maurice","image":{"@type":"ImageObject","inLanguage":"fr-FR","@id":"https:\/\/vosgesinfo.fr\/remiremontinfo\/#\/schema\/person\/image\/","url":"https:\/\/secure.gravatar.com\/avatar\/68520b0c74251371bd10958bd19c3ce39a212093b8fff0dc3edbfcfddd089807?s=96&d=mm&r=g","contentUrl":"https:\/\/secure.gravatar.com\/avatar\/68520b0c74251371bd10958bd19c3ce39a212093b8fff0dc3edbfcfddd089807?s=96&d=mm&r=g","caption":"Stany Maurice"},"url":"https:\/\/vosgesinfo.fr\/remiremontinfo\/author\/s-maurice\/"}]}},"_links":{"self":[{"href":"https:\/\/vosgesinfo.fr\/remiremontinfo\/wp-json\/wp\/v2\/posts\/2087","targetHints":{"allow":["GET"]}}],"collection":[{"href":"https:\/\/vosgesinfo.fr\/remiremontinfo\/wp-json\/wp\/v2\/posts"}],"about":[{"href":"https:\/\/vosgesinfo.fr\/remiremontinfo\/wp-json\/wp\/v2\/types\/post"}],"author":[{"embeddable":true,"href":"https:\/\/vosgesinfo.fr\/remiremontinfo\/wp-json\/wp\/v2\/users\/412"}],"replies":[{"embeddable":true,"href":"https:\/\/vosgesinfo.fr\/remiremontinfo\/wp-json\/wp\/v2\/comments?post=2087"}],"version-history":[{"count":0,"href":"https:\/\/vosgesinfo.fr\/remiremontinfo\/wp-json\/wp\/v2\/posts\/2087\/revisions"}],"wp:featuredmedia":[{"embeddable":true,"href":"https:\/\/vosgesinfo.fr\/remiremontinfo\/wp-json\/wp\/v2\/media\/2088"}],"wp:attachment":[{"href":"https:\/\/vosgesinfo.fr\/remiremontinfo\/wp-json\/wp\/v2\/media?parent=2087"}],"wp:term":[{"taxonomy":"category","embeddable":true,"href":"https:\/\/vosgesinfo.fr\/remiremontinfo\/wp-json\/wp\/v2\/categories?post=2087"},{"taxonomy":"post_tag","embeddable":true,"href":"https:\/\/vosgesinfo.fr\/remiremontinfo\/wp-json\/wp\/v2\/tags?post=2087"}],"curies":[{"name":"wp","href":"https:\/\/api.w.org\/{rel}","templated":true}]}}