{"id":2109,"date":"2023-10-19T14:45:49","date_gmt":"2023-10-19T12:45:49","guid":{"rendered":"https:\/\/vosgesinfo.fr\/remiremontinfo\/2023\/10\/bussang-fermeture-exceptionnelle-de-la-mairie\/"},"modified":"2023-10-19T14:45:49","modified_gmt":"2023-10-19T12:45:49","slug":"bussang-fermeture-exceptionnelle-de-la-mairie","status":"publish","type":"post","link":"https:\/\/vosgesinfo.fr\/remiremontinfo\/2023\/10\/bussang-fermeture-exceptionnelle-de-la-mairie\/","title":{"rendered":"Bussang : Fermeture exceptionnelle de la mairie"},"content":{"rendered":"<p class=\"yiv2931193258MsoNormal\">\u00ab\u00a0La mairie sera exceptionnellement ferm\u00e9e les apr\u00e8s-midis du 02 au 17 novembre 2023 en raison des travaux de r\u00e9fection des marches de l\u2019entr\u00e9e. L\u2019accueil sera assur\u00e9 les matins et l\u2019acc\u00e8s se fera par l\u2019arri\u00e8re du b\u00e2timent .\u00a0\u00bb<\/p>\n<p class=\"yiv2931193258MsoNormal\">\n","protected":false},"excerpt":{"rendered":"<p>\u00ab\u00a0La mairie sera exceptionnellement ferm\u00e9e les apr\u00e8s-midis du 02 au 17 novembre 2023 en raison des travaux de r\u00e9fection des [&hellip;]<\/p>\n","protected":false},"author":412,"featured_media":419,"comment_status":"open","ping_status":"open","sticky":false,"template":"","format":"standard","meta":{"footnotes":""},"categories":[26,3,38,37,18],"tags":[88,111,32],"class_list":["post-2109","post","type-post","status-publish","format-standard","has-post-thumbnail","hentry","category-a-la-une","category-breves","category-bussang","category-le-thillot-son-canton","category-vosges","tag-bussang","tag-communique","tag-vosges"],"acf":[],"yoast_head":"<!-- This site is optimized with the Yoast SEO plugin v22.5 - https:\/\/yoast.com\/wordpress\/plugins\/seo\/ -->\n<title>Bussang : Fermeture exceptionnelle de la mairie - Remiremont Info<\/title>\n<meta name=\"robots\" content=\"index, follow, max-snippet:-1, max-image-preview:large, max-video-preview:-1\" \/>\n<link rel=\"canonical\" href=\"https:\/\/vosgesinfo.fr\/remiremontinfo\/2023\/10\/bussang-fermeture-exceptionnelle-de-la-mairie\/\" \/>\n<meta name=\"twitter:card\" content=\"summary_large_image\" \/>\n<meta name=\"twitter:title\" content=\"Bussang : Fermeture exceptionnelle de la mairie - Remiremont Info\" \/>\n<meta name=\"twitter:description\" content=\"\u00ab\u00a0La mairie sera exceptionnellement ferm\u00e9e les apr\u00e8s-midis du 02 au 17 novembre 2023 en raison des travaux de r\u00e9fection des [&hellip;]\" \/>\n<meta name=\"twitter:image\" content=\"https:\/\/vosgesinfo.fr\/app\/uploads\/sites\/5\/2023\/06\/blason-bussang.jpg\" \/>\n<meta name=\"twitter:creator\" content=\"@VosgesInfo88\" \/>\n<meta name=\"twitter:site\" content=\"@VosgesInfo88\" \/>\n<meta name=\"twitter:label1\" content=\"\u00c9crit par\" \/>\n\t<meta name=\"twitter:data1\" content=\"Stany Maurice\" \/>\n<script type=\"application\/ld+json\" class=\"yoast-schema-graph\">{\"@context\":\"https:\/\/schema.org\",\"@graph\":[{\"@type\":\"Article\",\"@id\":\"https:\/\/vosgesinfo.fr\/remiremontinfo\/2023\/10\/bussang-fermeture-exceptionnelle-de-la-mairie\/#article\",\"isPartOf\":{\"@id\":\"https:\/\/vosgesinfo.fr\/remiremontinfo\/2023\/10\/bussang-fermeture-exceptionnelle-de-la-mairie\/\"},\"author\":{\"name\":\"Stany Maurice\",\"@id\":\"https:\/\/vosgesinfo.fr\/remiremontinfo\/#\/schema\/person\/bec388675ce53b5a637aec04392f977e\"},\"headline\":\"Bussang : Fermeture exceptionnelle de la mairie\",\"datePublished\":\"2023-10-19T12:45:49+00:00\",\"dateModified\":\"2023-10-19T12:45:49+00:00\",\"mainEntityOfPage\":{\"@id\":\"https:\/\/vosgesinfo.fr\/remiremontinfo\/2023\/10\/bussang-fermeture-exceptionnelle-de-la-mairie\/\"},\"wordCount\":50,\"commentCount\":0,\"publisher\":{\"@id\":\"https:\/\/vosgesinfo.fr\/remiremontinfo\/#organization\"},\"image\":{\"@id\":\"https:\/\/vosgesinfo.fr\/remiremontinfo\/2023\/10\/bussang-fermeture-exceptionnelle-de-la-mairie\/#primaryimage\"},\"thumbnailUrl\":\"https:\/\/vosgesinfo.fr\/app\/uploads\/sites\/5\/2023\/06\/blason-bussang.jpg\",\"keywords\":[\"bussang\",\"communiqu\u00e9\",\"Vosges\"],\"articleSection\":[\"A la Une\",\"Br\u00e8ves\",\"Bussang\",\"Le Thillot &amp; son canton\",\"Vosges\"],\"inLanguage\":\"fr-FR\",\"potentialAction\":[{\"@type\":\"CommentAction\",\"name\":\"Comment\",\"target\":[\"https:\/\/vosgesinfo.fr\/remiremontinfo\/2023\/10\/bussang-fermeture-exceptionnelle-de-la-mairie\/#respond\"]}]},{\"@type\":\"WebPage\",\"@id\":\"https:\/\/vosgesinfo.fr\/remiremontinfo\/2023\/10\/bussang-fermeture-exceptionnelle-de-la-mairie\/\",\"url\":\"https:\/\/vosgesinfo.fr\/remiremontinfo\/2023\/10\/bussang-fermeture-exceptionnelle-de-la-mairie\/\",\"name\":\"Bussang : Fermeture exceptionnelle de la mairie - Remiremont Info\",\"isPartOf\":{\"@id\":\"https:\/\/vosgesinfo.fr\/remiremontinfo\/#website\"},\"primaryImageOfPage\":{\"@id\":\"https:\/\/vosgesinfo.fr\/remiremontinfo\/2023\/10\/bussang-fermeture-exceptionnelle-de-la-mairie\/#primaryimage\"},\"image\":{\"@id\":\"https:\/\/vosgesinfo.fr\/remiremontinfo\/2023\/10\/bussang-fermeture-exceptionnelle-de-la-mairie\/#primaryimage\"},\"thumbnailUrl\":\"https:\/\/vosgesinfo.fr\/app\/uploads\/sites\/5\/2023\/06\/blason-bussang.jpg\",\"datePublished\":\"2023-10-19T12:45:49+00:00\",\"dateModified\":\"2023-10-19T12:45:49+00:00\",\"breadcrumb\":{\"@id\":\"https:\/\/vosgesinfo.fr\/remiremontinfo\/2023\/10\/bussang-fermeture-exceptionnelle-de-la-mairie\/#breadcrumb\"},\"inLanguage\":\"fr-FR\",\"potentialAction\":[{\"@type\":\"ReadAction\",\"target\":[\"https:\/\/vosgesinfo.fr\/remiremontinfo\/2023\/10\/bussang-fermeture-exceptionnelle-de-la-mairie\/\"]}]},{\"@type\":\"ImageObject\",\"inLanguage\":\"fr-FR\",\"@id\":\"https:\/\/vosgesinfo.fr\/remiremontinfo\/2023\/10\/bussang-fermeture-exceptionnelle-de-la-mairie\/#primaryimage\",\"url\":\"https:\/\/vosgesinfo.fr\/app\/uploads\/sites\/5\/2023\/06\/blason-bussang.jpg\",\"contentUrl\":\"https:\/\/vosgesinfo.fr\/app\/uploads\/sites\/5\/2023\/06\/blason-bussang.jpg\",\"width\":187,\"height\":151},{\"@type\":\"BreadcrumbList\",\"@id\":\"https:\/\/vosgesinfo.fr\/remiremontinfo\/2023\/10\/bussang-fermeture-exceptionnelle-de-la-mairie\/#breadcrumb\",\"itemListElement\":[{\"@type\":\"ListItem\",\"position\":1,\"name\":\"Home\",\"item\":\"https:\/\/vosgesinfo.fr\/remiremontinfo\/\"},{\"@type\":\"ListItem\",\"position\":2,\"name\":\"Bussang : Fermeture exceptionnelle de la mairie\"}]},{\"@type\":\"WebSite\",\"@id\":\"https:\/\/vosgesinfo.fr\/remiremontinfo\/#website\",\"url\":\"https:\/\/vosgesinfo.fr\/remiremontinfo\/\",\"name\":\"Remiremont Info\",\"description\":\"Toute l&#039;actualit\u00e9 de Remiremont\",\"publisher\":{\"@id\":\"https:\/\/vosgesinfo.fr\/remiremontinfo\/#organization\"},\"alternateName\":\"Toute l'actualit\u00e9 de Remiremont\",\"potentialAction\":[{\"@type\":\"SearchAction\",\"target\":{\"@type\":\"EntryPoint\",\"urlTemplate\":\"https:\/\/vosgesinfo.fr\/remiremontinfo\/?s={search_term_string}\"},\"query-input\":\"required name=search_term_string\"}],\"inLanguage\":\"fr-FR\"},{\"@type\":\"Organization\",\"@id\":\"https:\/\/vosgesinfo.fr\/remiremontinfo\/#organization\",\"name\":\"Remiremont Info\",\"url\":\"https:\/\/vosgesinfo.fr\/remiremontinfo\/\",\"logo\":{\"@type\":\"ImageObject\",\"inLanguage\":\"fr-FR\",\"@id\":\"https:\/\/vosgesinfo.fr\/remiremontinfo\/#\/schema\/logo\/image\/\",\"url\":\"https:\/\/vosgesinfo.fr\/app\/uploads\/sites\/5\/2023\/08\/favicon-remiremontinfo.png\",\"contentUrl\":\"https:\/\/vosgesinfo.fr\/app\/uploads\/sites\/5\/2023\/08\/favicon-remiremontinfo.png\",\"width\":512,\"height\":512,\"caption\":\"Remiremont Info\"},\"image\":{\"@id\":\"https:\/\/vosgesinfo.fr\/remiremontinfo\/#\/schema\/logo\/image\/\"},\"sameAs\":[\"https:\/\/www.facebook.com\/remiremontinfo\",\"https:\/\/x.com\/VosgesInfo88\",\"https:\/\/www.youtube.com\/@vosgesinfo\"]},{\"@type\":\"Person\",\"@id\":\"https:\/\/vosgesinfo.fr\/remiremontinfo\/#\/schema\/person\/bec388675ce53b5a637aec04392f977e\",\"name\":\"Stany Maurice\",\"image\":{\"@type\":\"ImageObject\",\"inLanguage\":\"fr-FR\",\"@id\":\"https:\/\/vosgesinfo.fr\/remiremontinfo\/#\/schema\/person\/image\/\",\"url\":\"https:\/\/secure.gravatar.com\/avatar\/68520b0c74251371bd10958bd19c3ce39a212093b8fff0dc3edbfcfddd089807?s=96&d=mm&r=g\",\"contentUrl\":\"https:\/\/secure.gravatar.com\/avatar\/68520b0c74251371bd10958bd19c3ce39a212093b8fff0dc3edbfcfddd089807?s=96&d=mm&r=g\",\"caption\":\"Stany Maurice\"},\"url\":\"https:\/\/vosgesinfo.fr\/remiremontinfo\/author\/s-maurice\/\"}]}<\/script>\n<!-- \/ Yoast SEO plugin. -->","yoast_head_json":{"title":"Bussang : Fermeture exceptionnelle de la mairie - Remiremont Info","robots":{"index":"index","follow":"follow","max-snippet":"max-snippet:-1","max-image-preview":"max-image-preview:large","max-video-preview":"max-video-preview:-1"},"canonical":"https:\/\/vosgesinfo.fr\/remiremontinfo\/2023\/10\/bussang-fermeture-exceptionnelle-de-la-mairie\/","twitter_card":"summary_large_image","twitter_title":"Bussang : Fermeture exceptionnelle de la mairie - Remiremont Info","twitter_description":"\u00ab\u00a0La mairie sera exceptionnellement ferm\u00e9e les apr\u00e8s-midis du 02 au 17 novembre 2023 en raison des travaux de r\u00e9fection des [&hellip;]","twitter_image":"https:\/\/vosgesinfo.fr\/app\/uploads\/sites\/5\/2023\/06\/blason-bussang.jpg","twitter_creator":"@VosgesInfo88","twitter_site":"@VosgesInfo88","twitter_misc":{"\u00c9crit par":"Stany Maurice"},"schema":{"@context":"https:\/\/schema.org","@graph":[{"@type":"Article","@id":"https:\/\/vosgesinfo.fr\/remiremontinfo\/2023\/10\/bussang-fermeture-exceptionnelle-de-la-mairie\/#article","isPartOf":{"@id":"https:\/\/vosgesinfo.fr\/remiremontinfo\/2023\/10\/bussang-fermeture-exceptionnelle-de-la-mairie\/"},"author":{"name":"Stany Maurice","@id":"https:\/\/vosgesinfo.fr\/remiremontinfo\/#\/schema\/person\/bec388675ce53b5a637aec04392f977e"},"headline":"Bussang : Fermeture exceptionnelle de la mairie","datePublished":"2023-10-19T12:45:49+00:00","dateModified":"2023-10-19T12:45:49+00:00","mainEntityOfPage":{"@id":"https:\/\/vosgesinfo.fr\/remiremontinfo\/2023\/10\/bussang-fermeture-exceptionnelle-de-la-mairie\/"},"wordCount":50,"commentCount":0,"publisher":{"@id":"https:\/\/vosgesinfo.fr\/remiremontinfo\/#organization"},"image":{"@id":"https:\/\/vosgesinfo.fr\/remiremontinfo\/2023\/10\/bussang-fermeture-exceptionnelle-de-la-mairie\/#primaryimage"},"thumbnailUrl":"https:\/\/vosgesinfo.fr\/app\/uploads\/sites\/5\/2023\/06\/blason-bussang.jpg","keywords":["bussang","communiqu\u00e9","Vosges"],"articleSection":["A la Une","Br\u00e8ves","Bussang","Le Thillot &amp; son canton","Vosges"],"inLanguage":"fr-FR","potentialAction":[{"@type":"CommentAction","name":"Comment","target":["https:\/\/vosgesinfo.fr\/remiremontinfo\/2023\/10\/bussang-fermeture-exceptionnelle-de-la-mairie\/#respond"]}]},{"@type":"WebPage","@id":"https:\/\/vosgesinfo.fr\/remiremontinfo\/2023\/10\/bussang-fermeture-exceptionnelle-de-la-mairie\/","url":"https:\/\/vosgesinfo.fr\/remiremontinfo\/2023\/10\/bussang-fermeture-exceptionnelle-de-la-mairie\/","name":"Bussang : Fermeture exceptionnelle de la mairie - Remiremont Info","isPartOf":{"@id":"https:\/\/vosgesinfo.fr\/remiremontinfo\/#website"},"primaryImageOfPage":{"@id":"https:\/\/vosgesinfo.fr\/remiremontinfo\/2023\/10\/bussang-fermeture-exceptionnelle-de-la-mairie\/#primaryimage"},"image":{"@id":"https:\/\/vosgesinfo.fr\/remiremontinfo\/2023\/10\/bussang-fermeture-exceptionnelle-de-la-mairie\/#primaryimage"},"thumbnailUrl":"https:\/\/vosgesinfo.fr\/app\/uploads\/sites\/5\/2023\/06\/blason-bussang.jpg","datePublished":"2023-10-19T12:45:49+00:00","dateModified":"2023-10-19T12:45:49+00:00","breadcrumb":{"@id":"https:\/\/vosgesinfo.fr\/remiremontinfo\/2023\/10\/bussang-fermeture-exceptionnelle-de-la-mairie\/#breadcrumb"},"inLanguage":"fr-FR","potentialAction":[{"@type":"ReadAction","target":["https:\/\/vosgesinfo.fr\/remiremontinfo\/2023\/10\/bussang-fermeture-exceptionnelle-de-la-mairie\/"]}]},{"@type":"ImageObject","inLanguage":"fr-FR","@id":"https:\/\/vosgesinfo.fr\/remiremontinfo\/2023\/10\/bussang-fermeture-exceptionnelle-de-la-mairie\/#primaryimage","url":"https:\/\/vosgesinfo.fr\/app\/uploads\/sites\/5\/2023\/06\/blason-bussang.jpg","contentUrl":"https:\/\/vosgesinfo.fr\/app\/uploads\/sites\/5\/2023\/06\/blason-bussang.jpg","width":187,"height":151},{"@type":"BreadcrumbList","@id":"https:\/\/vosgesinfo.fr\/remiremontinfo\/2023\/10\/bussang-fermeture-exceptionnelle-de-la-mairie\/#breadcrumb","itemListElement":[{"@type":"ListItem","position":1,"name":"Home","item":"https:\/\/vosgesinfo.fr\/remiremontinfo\/"},{"@type":"ListItem","position":2,"name":"Bussang : Fermeture exceptionnelle de la mairie"}]},{"@type":"WebSite","@id":"https:\/\/vosgesinfo.fr\/remiremontinfo\/#website","url":"https:\/\/vosgesinfo.fr\/remiremontinfo\/","name":"Remiremont Info","description":"Toute l&#039;actualit\u00e9 de Remiremont","publisher":{"@id":"https:\/\/vosgesinfo.fr\/remiremontinfo\/#organization"},"alternateName":"Toute l'actualit\u00e9 de Remiremont","potentialAction":[{"@type":"SearchAction","target":{"@type":"EntryPoint","urlTemplate":"https:\/\/vosgesinfo.fr\/remiremontinfo\/?s={search_term_string}"},"query-input":"required name=search_term_string"}],"inLanguage":"fr-FR"},{"@type":"Organization","@id":"https:\/\/vosgesinfo.fr\/remiremontinfo\/#organization","name":"Remiremont Info","url":"https:\/\/vosgesinfo.fr\/remiremontinfo\/","logo":{"@type":"ImageObject","inLanguage":"fr-FR","@id":"https:\/\/vosgesinfo.fr\/remiremontinfo\/#\/schema\/logo\/image\/","url":"https:\/\/vosgesinfo.fr\/app\/uploads\/sites\/5\/2023\/08\/favicon-remiremontinfo.png","contentUrl":"https:\/\/vosgesinfo.fr\/app\/uploads\/sites\/5\/2023\/08\/favicon-remiremontinfo.png","width":512,"height":512,"caption":"Remiremont Info"},"image":{"@id":"https:\/\/vosgesinfo.fr\/remiremontinfo\/#\/schema\/logo\/image\/"},"sameAs":["https:\/\/www.facebook.com\/remiremontinfo","https:\/\/x.com\/VosgesInfo88","https:\/\/www.youtube.com\/@vosgesinfo"]},{"@type":"Person","@id":"https:\/\/vosgesinfo.fr\/remiremontinfo\/#\/schema\/person\/bec388675ce53b5a637aec04392f977e","name":"Stany Maurice","image":{"@type":"ImageObject","inLanguage":"fr-FR","@id":"https:\/\/vosgesinfo.fr\/remiremontinfo\/#\/schema\/person\/image\/","url":"https:\/\/secure.gravatar.com\/avatar\/68520b0c74251371bd10958bd19c3ce39a212093b8fff0dc3edbfcfddd089807?s=96&d=mm&r=g","contentUrl":"https:\/\/secure.gravatar.com\/avatar\/68520b0c74251371bd10958bd19c3ce39a212093b8fff0dc3edbfcfddd089807?s=96&d=mm&r=g","caption":"Stany Maurice"},"url":"https:\/\/vosgesinfo.fr\/remiremontinfo\/author\/s-maurice\/"}]}},"_links":{"self":[{"href":"https:\/\/vosgesinfo.fr\/remiremontinfo\/wp-json\/wp\/v2\/posts\/2109","targetHints":{"allow":["GET"]}}],"collection":[{"href":"https:\/\/vosgesinfo.fr\/remiremontinfo\/wp-json\/wp\/v2\/posts"}],"about":[{"href":"https:\/\/vosgesinfo.fr\/remiremontinfo\/wp-json\/wp\/v2\/types\/post"}],"author":[{"embeddable":true,"href":"https:\/\/vosgesinfo.fr\/remiremontinfo\/wp-json\/wp\/v2\/users\/412"}],"replies":[{"embeddable":true,"href":"https:\/\/vosgesinfo.fr\/remiremontinfo\/wp-json\/wp\/v2\/comments?post=2109"}],"version-history":[{"count":0,"href":"https:\/\/vosgesinfo.fr\/remiremontinfo\/wp-json\/wp\/v2\/posts\/2109\/revisions"}],"wp:featuredmedia":[{"embeddable":true,"href":"https:\/\/vosgesinfo.fr\/remiremontinfo\/wp-json\/wp\/v2\/media\/419"}],"wp:attachment":[{"href":"https:\/\/vosgesinfo.fr\/remiremontinfo\/wp-json\/wp\/v2\/media?parent=2109"}],"wp:term":[{"taxonomy":"category","embeddable":true,"href":"https:\/\/vosgesinfo.fr\/remiremontinfo\/wp-json\/wp\/v2\/categories?post=2109"},{"taxonomy":"post_tag","embeddable":true,"href":"https:\/\/vosgesinfo.fr\/remiremontinfo\/wp-json\/wp\/v2\/tags?post=2109"}],"curies":[{"name":"wp","href":"https:\/\/api.w.org\/{rel}","templated":true}]}}