{"id":21131,"date":"2019-10-02T06:42:46","date_gmt":"2019-10-02T04:42:46","guid":{"rendered":"https:\/\/vosgesinfo.fr\/remiremontinfo\/2019\/10\/deploiement-de-5g-associations-appellent-a-moratoire\/"},"modified":"2019-10-02T06:42:46","modified_gmt":"2019-10-02T04:42:46","slug":"deploiement-de-5g-associations-appellent-a-moratoire","status":"publish","type":"post","link":"https:\/\/vosgesinfo.fr\/remiremontinfo\/2019\/10\/deploiement-de-5g-associations-appellent-a-moratoire\/","title":{"rendered":"D\u00e9ploiement de la 5G : des associations appellent \u00e0 un moratoire"},"content":{"rendered":"<p class=\"spip\" style=\"text-align: center;\"><a href=\"\/2019\/10\/2019-10-02-09_26_49-49-mercredi.png\"><img decoding=\"async\" class=\"alignnone size-full wp-image-269667\" src=\"\/2019\/10\/2019-10-02-09_26_49-49-mercredi.png\" alt=\"2019-10-02-09_26_49-49-mercredi\" width=\"572\" height=\"187\" \/><\/a><\/p>\n<p class=\"spip\" style=\"text-align: center;\"><em>Communiqu\u00e9<\/em><\/p>\n<p class=\"spip\">A l\u2019occasion de la tenue le 2 octobre du comit\u00e9 national de dialogue des fr\u00e9quences qui sera consacr\u00e9 au d\u00e9ploiement de la 5G, les associations lancent une\u00a0<strong class=\"spip\">alerte g\u00e9n\u00e9rale<\/strong>\u00a0contre ce projet qui fera basculer la plan\u00e8te et la soci\u00e9t\u00e9 dans un monde aux cons\u00e9quences hors de contr\u00f4le.<\/p>\n<p class=\"spip\">Force est de constater que, dans de nombreux domaines, les technologies de la communication sans fil et du num\u00e9rique ont d\u00e9j\u00e0 des impacts qui n\u2019ont rien de virtuel\u00a0: risques pour la sant\u00e9 physique et mentale, hyper-connexion dans le monde du travail et chez les jeunes, sols, paysage et \u00e9cosyst\u00e8mes impact\u00e9s, facture \u00e9nerg\u00e9tique grandissante, gaspillage de ressources, risques du Big Data sur les libert\u00e9s, poids des lobbies sur la science et les politiques publiques&#8230;<\/p>\n<p class=\"spip\">La 5G, programme pharaonique de plusieurs milliards d\u2019euros, qui vise \u00e0 communiquer avec tout (internet des objets, mobilit\u00e9 des robots&#8230;), partout, tout le temps et sans limite \u2013 selon les termes du think thank \u00ab\u00a0Idate Digiworld\u00a0\u00bb \u2013 conduit in\u00e9luctablement \u00e0 aggraver cet \u00e9tat de fait. Son d\u00e9ploiement se fait \u00e0 marche forc\u00e9e, dans la plus grande pr\u00e9cipitation,\u00a0<i class=\"spip\">sans qu\u2019aucune \u00e9valuation sanitaire ni aucun d\u00e9bat d\u00e9mocratique sur les effets de cette technologie sur nos soci\u00e9t\u00e9s n\u2019aient pu \u00eatre men\u00e9s<\/i>.<\/p>\n<p class=\"spip\">\u00c0 l\u2019heure o\u00f9 l\u2019humanit\u00e9 est confront\u00e9e \u00e0 des d\u00e9fis majeurs \u00e0 relever \u2013 d\u00e9r\u00e8glement climatique, sixi\u00e8me crise d\u2019extinction de la biodiversit\u00e9, \u00e9pid\u00e9mie mondiale de maladies chroniques, tensions sur les ressources en eau, en m\u00e9taux rares, en \u00e9nergie \u2013 d\u00e9velopper un programme qui modifiera durablement l\u2019environnement \u00e9lectromagn\u00e9tique de la plan\u00e8te, les interactions homme-machine et le fonctionnement global de notre soci\u00e9t\u00e9,\u00a0<strong class=\"spip\">ne peut \u00eatre imagin\u00e9 sans une r\u00e9flexion et un d\u00e9bat citoyen approfondis<\/strong>.<\/p>\n<p class=\"spip\">C\u2019est pourquoi, en amont du comit\u00e9 national de dialogue sur les fr\u00e9quences, les associations participantes signataires \u2013 soutenues d\u2019ores et d\u00e9j\u00e0 par d\u2019autres ONG,\u00a0<strong class=\"spip\">demandent un moratoire du d\u00e9ploiement de la 5G<\/strong>\u00a0et\u00a0<strong class=\"spip\">la mise en place d\u2019un d\u00e9bat public sous l\u2019\u00e9gide de la Commission Nationale du D\u00e9bat Public<\/strong>, autorit\u00e9 ind\u00e9pendante dont la loi impose la saisine pr\u00e9alablement au d\u00e9veloppement de projets d\u2019infrastructures ou de programme d\u2019ampleur.<\/p>\n<p>http:\/\/www.priartem.fr\/5G-Les-associations-appellent-a-un.html<\/p>\n<p class=\"spip\"><em>Appel \u00e0 l\u2019initiative de PRIARTEM et Agir pour l\u2019environnement. Les signataires\u00a0:<\/em><\/p>\n<p class=\"spip\" style=\"text-align: center;\"><a href=\"\/2019\/10\/partenaires.png\"><img decoding=\"async\" class=\"alignnone size-full wp-image-269668\" src=\"\/2019\/10\/partenaires.png\" alt=\"partenaires\" width=\"716\" height=\"226\" \/><\/a><\/p>\n<p>&nbsp;<\/p>\n","protected":false},"excerpt":{"rendered":"<p>Communiqu\u00e9 A l\u2019occasion de la tenue le 2 octobre du comit\u00e9 national de dialogue des fr\u00e9quences qui sera consacr\u00e9 au [&hellip;]<\/p>\n","protected":false},"author":407,"featured_media":21132,"comment_status":"open","ping_status":"open","sticky":false,"template":"","format":"standard","meta":{"footnotes":""},"categories":[26,7,12],"tags":[],"class_list":["post-21131","post","type-post","status-publish","format-standard","has-post-thumbnail","hentry","category-a-la-une","category-environnement","category-sante"],"acf":[],"yoast_head":"<!-- This site is optimized with the Yoast SEO plugin v22.5 - https:\/\/yoast.com\/wordpress\/plugins\/seo\/ -->\n<title>D\u00e9ploiement de la 5G : des associations appellent \u00e0 un moratoire - Remiremont Info<\/title>\n<meta name=\"robots\" content=\"index, follow, max-snippet:-1, max-image-preview:large, max-video-preview:-1\" \/>\n<link rel=\"canonical\" href=\"https:\/\/vosgesinfo.fr\/remiremontinfo\/2019\/10\/deploiement-de-5g-associations-appellent-a-moratoire\/\" \/>\n<meta name=\"twitter:card\" content=\"summary_large_image\" \/>\n<meta name=\"twitter:title\" content=\"D\u00e9ploiement de la 5G : des associations appellent \u00e0 un moratoire - Remiremont Info\" \/>\n<meta name=\"twitter:description\" content=\"Communiqu\u00e9 A l\u2019occasion de la tenue le 2 octobre du comit\u00e9 national de dialogue des fr\u00e9quences qui sera consacr\u00e9 au [&hellip;]\" \/>\n<meta name=\"twitter:image\" content=\"https:\/\/vosgesinfo.fr\/app\/uploads\/sites\/5\/2024\/09\/201910accessibility-3570138-1280.jpg\" \/>\n<meta name=\"twitter:creator\" content=\"@VosgesInfo88\" \/>\n<meta name=\"twitter:site\" content=\"@VosgesInfo88\" \/>\n<meta name=\"twitter:label1\" content=\"\u00c9crit par\" \/>\n\t<meta name=\"twitter:data1\" content=\"C D\" \/>\n\t<meta name=\"twitter:label2\" content=\"Dur\u00e9e de lecture estim\u00e9e\" \/>\n\t<meta name=\"twitter:data2\" content=\"2 minutes\" \/>\n<script type=\"application\/ld+json\" class=\"yoast-schema-graph\">{\"@context\":\"https:\/\/schema.org\",\"@graph\":[{\"@type\":\"Article\",\"@id\":\"https:\/\/vosgesinfo.fr\/remiremontinfo\/2019\/10\/deploiement-de-5g-associations-appellent-a-moratoire\/#article\",\"isPartOf\":{\"@id\":\"https:\/\/vosgesinfo.fr\/remiremontinfo\/2019\/10\/deploiement-de-5g-associations-appellent-a-moratoire\/\"},\"author\":{\"name\":\"C D\",\"@id\":\"https:\/\/vosgesinfo.fr\/remiremontinfo\/#\/schema\/person\/3bfd164d5218a185b1db68655a265316\"},\"headline\":\"D\u00e9ploiement de la 5G : des associations appellent \u00e0 un moratoire\",\"datePublished\":\"2019-10-02T04:42:46+00:00\",\"dateModified\":\"2019-10-02T04:42:46+00:00\",\"mainEntityOfPage\":{\"@id\":\"https:\/\/vosgesinfo.fr\/remiremontinfo\/2019\/10\/deploiement-de-5g-associations-appellent-a-moratoire\/\"},\"wordCount\":415,\"commentCount\":0,\"publisher\":{\"@id\":\"https:\/\/vosgesinfo.fr\/remiremontinfo\/#organization\"},\"image\":{\"@id\":\"https:\/\/vosgesinfo.fr\/remiremontinfo\/2019\/10\/deploiement-de-5g-associations-appellent-a-moratoire\/#primaryimage\"},\"thumbnailUrl\":\"https:\/\/vosgesinfo.fr\/app\/uploads\/sites\/5\/2024\/09\/201910accessibility-3570138-1280.jpg\",\"articleSection\":[\"A la Une\",\"Environnement\",\"Sant\u00e9\"],\"inLanguage\":\"fr-FR\",\"potentialAction\":[{\"@type\":\"CommentAction\",\"name\":\"Comment\",\"target\":[\"https:\/\/vosgesinfo.fr\/remiremontinfo\/2019\/10\/deploiement-de-5g-associations-appellent-a-moratoire\/#respond\"]}]},{\"@type\":\"WebPage\",\"@id\":\"https:\/\/vosgesinfo.fr\/remiremontinfo\/2019\/10\/deploiement-de-5g-associations-appellent-a-moratoire\/\",\"url\":\"https:\/\/vosgesinfo.fr\/remiremontinfo\/2019\/10\/deploiement-de-5g-associations-appellent-a-moratoire\/\",\"name\":\"D\u00e9ploiement de la 5G : des associations appellent \u00e0 un moratoire - Remiremont Info\",\"isPartOf\":{\"@id\":\"https:\/\/vosgesinfo.fr\/remiremontinfo\/#website\"},\"primaryImageOfPage\":{\"@id\":\"https:\/\/vosgesinfo.fr\/remiremontinfo\/2019\/10\/deploiement-de-5g-associations-appellent-a-moratoire\/#primaryimage\"},\"image\":{\"@id\":\"https:\/\/vosgesinfo.fr\/remiremontinfo\/2019\/10\/deploiement-de-5g-associations-appellent-a-moratoire\/#primaryimage\"},\"thumbnailUrl\":\"https:\/\/vosgesinfo.fr\/app\/uploads\/sites\/5\/2024\/09\/201910accessibility-3570138-1280.jpg\",\"datePublished\":\"2019-10-02T04:42:46+00:00\",\"dateModified\":\"2019-10-02T04:42:46+00:00\",\"breadcrumb\":{\"@id\":\"https:\/\/vosgesinfo.fr\/remiremontinfo\/2019\/10\/deploiement-de-5g-associations-appellent-a-moratoire\/#breadcrumb\"},\"inLanguage\":\"fr-FR\",\"potentialAction\":[{\"@type\":\"ReadAction\",\"target\":[\"https:\/\/vosgesinfo.fr\/remiremontinfo\/2019\/10\/deploiement-de-5g-associations-appellent-a-moratoire\/\"]}]},{\"@type\":\"ImageObject\",\"inLanguage\":\"fr-FR\",\"@id\":\"https:\/\/vosgesinfo.fr\/remiremontinfo\/2019\/10\/deploiement-de-5g-associations-appellent-a-moratoire\/#primaryimage\",\"url\":\"https:\/\/vosgesinfo.fr\/app\/uploads\/sites\/5\/2024\/09\/201910accessibility-3570138-1280.jpg\",\"contentUrl\":\"https:\/\/vosgesinfo.fr\/app\/uploads\/sites\/5\/2024\/09\/201910accessibility-3570138-1280.jpg\",\"width\":1280,\"height\":797},{\"@type\":\"BreadcrumbList\",\"@id\":\"https:\/\/vosgesinfo.fr\/remiremontinfo\/2019\/10\/deploiement-de-5g-associations-appellent-a-moratoire\/#breadcrumb\",\"itemListElement\":[{\"@type\":\"ListItem\",\"position\":1,\"name\":\"Home\",\"item\":\"https:\/\/vosgesinfo.fr\/remiremontinfo\/\"},{\"@type\":\"ListItem\",\"position\":2,\"name\":\"D\u00e9ploiement de la 5G : des associations appellent \u00e0 un moratoire\"}]},{\"@type\":\"WebSite\",\"@id\":\"https:\/\/vosgesinfo.fr\/remiremontinfo\/#website\",\"url\":\"https:\/\/vosgesinfo.fr\/remiremontinfo\/\",\"name\":\"Remiremont Info\",\"description\":\"Toute l&#039;actualit\u00e9 de Remiremont\",\"publisher\":{\"@id\":\"https:\/\/vosgesinfo.fr\/remiremontinfo\/#organization\"},\"alternateName\":\"Toute l'actualit\u00e9 de Remiremont\",\"potentialAction\":[{\"@type\":\"SearchAction\",\"target\":{\"@type\":\"EntryPoint\",\"urlTemplate\":\"https:\/\/vosgesinfo.fr\/remiremontinfo\/?s={search_term_string}\"},\"query-input\":\"required name=search_term_string\"}],\"inLanguage\":\"fr-FR\"},{\"@type\":\"Organization\",\"@id\":\"https:\/\/vosgesinfo.fr\/remiremontinfo\/#organization\",\"name\":\"Remiremont Info\",\"url\":\"https:\/\/vosgesinfo.fr\/remiremontinfo\/\",\"logo\":{\"@type\":\"ImageObject\",\"inLanguage\":\"fr-FR\",\"@id\":\"https:\/\/vosgesinfo.fr\/remiremontinfo\/#\/schema\/logo\/image\/\",\"url\":\"https:\/\/vosgesinfo.fr\/app\/uploads\/sites\/5\/2023\/08\/favicon-remiremontinfo.png\",\"contentUrl\":\"https:\/\/vosgesinfo.fr\/app\/uploads\/sites\/5\/2023\/08\/favicon-remiremontinfo.png\",\"width\":512,\"height\":512,\"caption\":\"Remiremont Info\"},\"image\":{\"@id\":\"https:\/\/vosgesinfo.fr\/remiremontinfo\/#\/schema\/logo\/image\/\"},\"sameAs\":[\"https:\/\/www.facebook.com\/remiremontinfo\",\"https:\/\/x.com\/VosgesInfo88\",\"https:\/\/www.youtube.com\/@vosgesinfo\"]},{\"@type\":\"Person\",\"@id\":\"https:\/\/vosgesinfo.fr\/remiremontinfo\/#\/schema\/person\/3bfd164d5218a185b1db68655a265316\",\"name\":\"C D\",\"image\":{\"@type\":\"ImageObject\",\"inLanguage\":\"fr-FR\",\"@id\":\"https:\/\/vosgesinfo.fr\/remiremontinfo\/#\/schema\/person\/image\/\",\"url\":\"https:\/\/secure.gravatar.com\/avatar\/1f9a70007336511a47468b8f1c66f922b8b7cf617b02a31149ada43893a5d48f?s=96&d=mm&r=g\",\"contentUrl\":\"https:\/\/secure.gravatar.com\/avatar\/1f9a70007336511a47468b8f1c66f922b8b7cf617b02a31149ada43893a5d48f?s=96&d=mm&r=g\",\"caption\":\"C D\"},\"url\":\"https:\/\/vosgesinfo.fr\/remiremontinfo\/author\/cedric-drevet\/\"}]}<\/script>\n<!-- \/ Yoast SEO plugin. -->","yoast_head_json":{"title":"D\u00e9ploiement de la 5G : des associations appellent \u00e0 un moratoire - Remiremont Info","robots":{"index":"index","follow":"follow","max-snippet":"max-snippet:-1","max-image-preview":"max-image-preview:large","max-video-preview":"max-video-preview:-1"},"canonical":"https:\/\/vosgesinfo.fr\/remiremontinfo\/2019\/10\/deploiement-de-5g-associations-appellent-a-moratoire\/","twitter_card":"summary_large_image","twitter_title":"D\u00e9ploiement de la 5G : des associations appellent \u00e0 un moratoire - Remiremont Info","twitter_description":"Communiqu\u00e9 A l\u2019occasion de la tenue le 2 octobre du comit\u00e9 national de dialogue des fr\u00e9quences qui sera consacr\u00e9 au [&hellip;]","twitter_image":"https:\/\/vosgesinfo.fr\/app\/uploads\/sites\/5\/2024\/09\/201910accessibility-3570138-1280.jpg","twitter_creator":"@VosgesInfo88","twitter_site":"@VosgesInfo88","twitter_misc":{"\u00c9crit par":"C D","Dur\u00e9e de lecture estim\u00e9e":"2 minutes"},"schema":{"@context":"https:\/\/schema.org","@graph":[{"@type":"Article","@id":"https:\/\/vosgesinfo.fr\/remiremontinfo\/2019\/10\/deploiement-de-5g-associations-appellent-a-moratoire\/#article","isPartOf":{"@id":"https:\/\/vosgesinfo.fr\/remiremontinfo\/2019\/10\/deploiement-de-5g-associations-appellent-a-moratoire\/"},"author":{"name":"C D","@id":"https:\/\/vosgesinfo.fr\/remiremontinfo\/#\/schema\/person\/3bfd164d5218a185b1db68655a265316"},"headline":"D\u00e9ploiement de la 5G : des associations appellent \u00e0 un moratoire","datePublished":"2019-10-02T04:42:46+00:00","dateModified":"2019-10-02T04:42:46+00:00","mainEntityOfPage":{"@id":"https:\/\/vosgesinfo.fr\/remiremontinfo\/2019\/10\/deploiement-de-5g-associations-appellent-a-moratoire\/"},"wordCount":415,"commentCount":0,"publisher":{"@id":"https:\/\/vosgesinfo.fr\/remiremontinfo\/#organization"},"image":{"@id":"https:\/\/vosgesinfo.fr\/remiremontinfo\/2019\/10\/deploiement-de-5g-associations-appellent-a-moratoire\/#primaryimage"},"thumbnailUrl":"https:\/\/vosgesinfo.fr\/app\/uploads\/sites\/5\/2024\/09\/201910accessibility-3570138-1280.jpg","articleSection":["A la Une","Environnement","Sant\u00e9"],"inLanguage":"fr-FR","potentialAction":[{"@type":"CommentAction","name":"Comment","target":["https:\/\/vosgesinfo.fr\/remiremontinfo\/2019\/10\/deploiement-de-5g-associations-appellent-a-moratoire\/#respond"]}]},{"@type":"WebPage","@id":"https:\/\/vosgesinfo.fr\/remiremontinfo\/2019\/10\/deploiement-de-5g-associations-appellent-a-moratoire\/","url":"https:\/\/vosgesinfo.fr\/remiremontinfo\/2019\/10\/deploiement-de-5g-associations-appellent-a-moratoire\/","name":"D\u00e9ploiement de la 5G : des associations appellent \u00e0 un moratoire - Remiremont Info","isPartOf":{"@id":"https:\/\/vosgesinfo.fr\/remiremontinfo\/#website"},"primaryImageOfPage":{"@id":"https:\/\/vosgesinfo.fr\/remiremontinfo\/2019\/10\/deploiement-de-5g-associations-appellent-a-moratoire\/#primaryimage"},"image":{"@id":"https:\/\/vosgesinfo.fr\/remiremontinfo\/2019\/10\/deploiement-de-5g-associations-appellent-a-moratoire\/#primaryimage"},"thumbnailUrl":"https:\/\/vosgesinfo.fr\/app\/uploads\/sites\/5\/2024\/09\/201910accessibility-3570138-1280.jpg","datePublished":"2019-10-02T04:42:46+00:00","dateModified":"2019-10-02T04:42:46+00:00","breadcrumb":{"@id":"https:\/\/vosgesinfo.fr\/remiremontinfo\/2019\/10\/deploiement-de-5g-associations-appellent-a-moratoire\/#breadcrumb"},"inLanguage":"fr-FR","potentialAction":[{"@type":"ReadAction","target":["https:\/\/vosgesinfo.fr\/remiremontinfo\/2019\/10\/deploiement-de-5g-associations-appellent-a-moratoire\/"]}]},{"@type":"ImageObject","inLanguage":"fr-FR","@id":"https:\/\/vosgesinfo.fr\/remiremontinfo\/2019\/10\/deploiement-de-5g-associations-appellent-a-moratoire\/#primaryimage","url":"https:\/\/vosgesinfo.fr\/app\/uploads\/sites\/5\/2024\/09\/201910accessibility-3570138-1280.jpg","contentUrl":"https:\/\/vosgesinfo.fr\/app\/uploads\/sites\/5\/2024\/09\/201910accessibility-3570138-1280.jpg","width":1280,"height":797},{"@type":"BreadcrumbList","@id":"https:\/\/vosgesinfo.fr\/remiremontinfo\/2019\/10\/deploiement-de-5g-associations-appellent-a-moratoire\/#breadcrumb","itemListElement":[{"@type":"ListItem","position":1,"name":"Home","item":"https:\/\/vosgesinfo.fr\/remiremontinfo\/"},{"@type":"ListItem","position":2,"name":"D\u00e9ploiement de la 5G : des associations appellent \u00e0 un moratoire"}]},{"@type":"WebSite","@id":"https:\/\/vosgesinfo.fr\/remiremontinfo\/#website","url":"https:\/\/vosgesinfo.fr\/remiremontinfo\/","name":"Remiremont Info","description":"Toute l&#039;actualit\u00e9 de Remiremont","publisher":{"@id":"https:\/\/vosgesinfo.fr\/remiremontinfo\/#organization"},"alternateName":"Toute l'actualit\u00e9 de Remiremont","potentialAction":[{"@type":"SearchAction","target":{"@type":"EntryPoint","urlTemplate":"https:\/\/vosgesinfo.fr\/remiremontinfo\/?s={search_term_string}"},"query-input":"required name=search_term_string"}],"inLanguage":"fr-FR"},{"@type":"Organization","@id":"https:\/\/vosgesinfo.fr\/remiremontinfo\/#organization","name":"Remiremont Info","url":"https:\/\/vosgesinfo.fr\/remiremontinfo\/","logo":{"@type":"ImageObject","inLanguage":"fr-FR","@id":"https:\/\/vosgesinfo.fr\/remiremontinfo\/#\/schema\/logo\/image\/","url":"https:\/\/vosgesinfo.fr\/app\/uploads\/sites\/5\/2023\/08\/favicon-remiremontinfo.png","contentUrl":"https:\/\/vosgesinfo.fr\/app\/uploads\/sites\/5\/2023\/08\/favicon-remiremontinfo.png","width":512,"height":512,"caption":"Remiremont Info"},"image":{"@id":"https:\/\/vosgesinfo.fr\/remiremontinfo\/#\/schema\/logo\/image\/"},"sameAs":["https:\/\/www.facebook.com\/remiremontinfo","https:\/\/x.com\/VosgesInfo88","https:\/\/www.youtube.com\/@vosgesinfo"]},{"@type":"Person","@id":"https:\/\/vosgesinfo.fr\/remiremontinfo\/#\/schema\/person\/3bfd164d5218a185b1db68655a265316","name":"C D","image":{"@type":"ImageObject","inLanguage":"fr-FR","@id":"https:\/\/vosgesinfo.fr\/remiremontinfo\/#\/schema\/person\/image\/","url":"https:\/\/secure.gravatar.com\/avatar\/1f9a70007336511a47468b8f1c66f922b8b7cf617b02a31149ada43893a5d48f?s=96&d=mm&r=g","contentUrl":"https:\/\/secure.gravatar.com\/avatar\/1f9a70007336511a47468b8f1c66f922b8b7cf617b02a31149ada43893a5d48f?s=96&d=mm&r=g","caption":"C D"},"url":"https:\/\/vosgesinfo.fr\/remiremontinfo\/author\/cedric-drevet\/"}]}},"_links":{"self":[{"href":"https:\/\/vosgesinfo.fr\/remiremontinfo\/wp-json\/wp\/v2\/posts\/21131","targetHints":{"allow":["GET"]}}],"collection":[{"href":"https:\/\/vosgesinfo.fr\/remiremontinfo\/wp-json\/wp\/v2\/posts"}],"about":[{"href":"https:\/\/vosgesinfo.fr\/remiremontinfo\/wp-json\/wp\/v2\/types\/post"}],"author":[{"embeddable":true,"href":"https:\/\/vosgesinfo.fr\/remiremontinfo\/wp-json\/wp\/v2\/users\/407"}],"replies":[{"embeddable":true,"href":"https:\/\/vosgesinfo.fr\/remiremontinfo\/wp-json\/wp\/v2\/comments?post=21131"}],"version-history":[{"count":0,"href":"https:\/\/vosgesinfo.fr\/remiremontinfo\/wp-json\/wp\/v2\/posts\/21131\/revisions"}],"wp:featuredmedia":[{"embeddable":true,"href":"https:\/\/vosgesinfo.fr\/remiremontinfo\/wp-json\/wp\/v2\/media\/21132"}],"wp:attachment":[{"href":"https:\/\/vosgesinfo.fr\/remiremontinfo\/wp-json\/wp\/v2\/media?parent=21131"}],"wp:term":[{"taxonomy":"category","embeddable":true,"href":"https:\/\/vosgesinfo.fr\/remiremontinfo\/wp-json\/wp\/v2\/categories?post=21131"},{"taxonomy":"post_tag","embeddable":true,"href":"https:\/\/vosgesinfo.fr\/remiremontinfo\/wp-json\/wp\/v2\/tags?post=21131"}],"curies":[{"name":"wp","href":"https:\/\/api.w.org\/{rel}","templated":true}]}}