{"id":21162,"date":"2019-10-03T05:05:48","date_gmt":"2019-10-03T03:05:48","guid":{"rendered":"https:\/\/vosgesinfo.fr\/remiremontinfo\/2019\/10\/chomage-grand-tendance-a-baisse-se-confirme\/"},"modified":"2019-10-03T05:05:48","modified_gmt":"2019-10-03T03:05:48","slug":"chomage-grand-tendance-a-baisse-se-confirme","status":"publish","type":"post","link":"https:\/\/vosgesinfo.fr\/remiremontinfo\/2019\/10\/chomage-grand-tendance-a-baisse-se-confirme\/","title":{"rendered":"Ch\u00f4mage dans le Grand Est : la tendance \u00e0 la baisse se confirme"},"content":{"rendered":"<h2 class=\"x_MsoNormal\"><a href=\"\/2019\/10\/handshake-2056023_1280.jpg\"><img decoding=\"async\" class=\"alignnone size-large wp-image-269722\" src=\"\/2019\/10\/handshake-2056023_1280-1024x681.jpg\" alt=\"handshake-2056023_1280\" width=\"960\" height=\"638\" \/><\/a><\/h2>\n<p class=\"x_MsoNormal\" style=\"text-align: center;\"><em>Communiqu\u00e9 de la R\u00e9gion Grand-Est<\/em><\/p>\n<h2 class=\"x_MsoNormal\">Jean Rottner, Pr\u00e9sident de la R\u00e9gion Grand Est, ne peut se satisfaire du nombre encore trop \u00e9lev\u00e9 d\u2019habitants du Grand Est \u00e0 la recherche d\u2019un emploi mais il se r\u00e9jouit que les politiques r\u00e9gionales mises en \u0153uvre depuis 2016 concourent \u00e0 une baisse significative et constante du taux de ch\u00f4mage dans les dix d\u00e9partements du Grand Est.<\/h2>\n<p class=\"x_MsoNormal\">\u00a0Conjonction entre une situation \u00e9conomique plus favorable au niveau national et des politiques offensives au niveau r\u00e9gional, le taux de ch\u00f4mage est pass\u00e9, selon l\u2019INSEE, de 10,1% au d\u00e9but de l\u2019actuelle mandature en 2016 \u00e0 8,1% au 2<sup>\u00e8me<\/sup>\u00a0trimestre 2019. Cette tendance positive est encore plus marqu\u00e9e durant les derniers mois avec une baisse du nombre de demandeurs d\u2019emploi sur une ann\u00e9e de 2,2% entre 2018 et 2019.<\/p>\n<p class=\"x_MsoNormal\">Ces bons chiffres au niveau du Grand Est (8,1%), qui font passer la r\u00e9gion sous la moyenne nationale (8,5%) pour la premi\u00e8re fois, t\u00e9moignent d\u2019une reprise nette de son activit\u00e9 \u00e9conomique et son attractivit\u00e9 au niveau mondial, soutenue fortement par la collectivit\u00e9 r\u00e9gionale, comme en t\u00e9moignent les implantations \u00e9trang\u00e8res en R\u00e9gion Grand Est qui concentrent presque la moiti\u00e9 des plus forts investissements au niveau national. Nous rappelons qu\u2019en 2018, 6 des 15 plus grands investissements industriels ont \u00e9t\u00e9 r\u00e9alis\u00e9s dans la R\u00e9gion. Selon Business France, le Grand Est est la 2<sup>\u00e8me<\/sup>\u00a0R\u00e9gion d\u2019accueil des projets d\u2019investissements (2 milliards d\u2019euros en 2018) et la 1<sup>\u00e8re<\/sup>\u00a0R\u00e9gion en nombre d\u2019emplois cr\u00e9\u00e9s par les investissements \u00e9trangers (5 000 emplois).<\/p>\n<p class=\"x_MsoNormal\">Les actions de valorisation du Grand Est, men\u00e9es par la R\u00e9gion et ses partenaires locaux, permettent d\u2019attirer de nouveaux investisseurs et, parall\u00e8lement, le soutien actif aux ETI, PME et artisans leur permet de reprendre confiance en l\u2019avenir et d\u2019engager des investissements ou de cr\u00e9er des entreprises (+12,2% sur une ann\u00e9e).<\/p>\n<p class=\"x_MsoNormal\">Au-del\u00e0 de ces chiffres positifs, Jean Rottner, Pr\u00e9sident de la R\u00e9gion Grand Est, est convaincu, au regard de ses fr\u00e9quentes rencontres sur le terrain, au sein des entreprises, qu\u2019un climat plus serein r\u00e8gne d\u00e9sormais dans le monde \u00e9conomique du Grand Est, conscient d\u2019\u00eatre enfin encourag\u00e9, accompagn\u00e9 et soutenu par des \u00e9lus qui connaissent parfaitement les attentes locales et les enjeux nationaux ou internationaux pour les c\u00f4toyer au quotidien.<\/p>\n<p class=\"x_MsoNormal\">Naturellement, une collectivit\u00e9 publique n\u2019a que peu de moyens d\u2019influer sur l\u2019\u00e9conomie r\u00e9elle en d\u00e9pit de sa volont\u00e9 forte. \u00ab\u00a0<i>Seul, on peut aller vite, ensemble on va toujours loin\u00a0!<\/i>\u00a0\u00bb\u2026. Ainsi ce r\u00e9sume l\u2019action de la R\u00e9gion Grand Est et les r\u00e9sultats sont l\u00e0\u00a0!<\/p>\n<p class=\"x_MsoNormal\"><em>Communiqu\u00e9 de la R\u00e9gion Grand-Est<\/em><\/p>\n<div class=\"really_simple_share really_simple_share_button robots-nocontent snap_nopreview\"><\/div>\n","protected":false},"excerpt":{"rendered":"<p>Communiqu\u00e9 de la R\u00e9gion Grand-Est Jean Rottner, Pr\u00e9sident de la R\u00e9gion Grand Est, ne peut se satisfaire du nombre encore [&hellip;]<\/p>\n","protected":false},"author":407,"featured_media":21163,"comment_status":"open","ping_status":"open","sticky":false,"template":"","format":"standard","meta":{"footnotes":""},"categories":[26,18],"tags":[],"class_list":["post-21162","post","type-post","status-publish","format-standard","has-post-thumbnail","hentry","category-a-la-une","category-vosges"],"acf":[],"yoast_head":"<!-- This site is optimized with the Yoast SEO plugin v22.5 - https:\/\/yoast.com\/wordpress\/plugins\/seo\/ -->\n<title>Ch\u00f4mage dans le Grand Est : la tendance \u00e0 la baisse se confirme - Remiremont Info<\/title>\n<meta name=\"robots\" content=\"index, follow, max-snippet:-1, max-image-preview:large, max-video-preview:-1\" \/>\n<link rel=\"canonical\" href=\"https:\/\/vosgesinfo.fr\/remiremontinfo\/2019\/10\/chomage-grand-tendance-a-baisse-se-confirme\/\" \/>\n<meta name=\"twitter:card\" content=\"summary_large_image\" \/>\n<meta name=\"twitter:title\" content=\"Ch\u00f4mage dans le Grand Est : la tendance \u00e0 la baisse se confirme - Remiremont Info\" \/>\n<meta name=\"twitter:description\" content=\"Communiqu\u00e9 de la R\u00e9gion Grand-Est Jean Rottner, Pr\u00e9sident de la R\u00e9gion Grand Est, ne peut se satisfaire du nombre encore [&hellip;]\" \/>\n<meta name=\"twitter:image\" content=\"https:\/\/vosgesinfo.fr\/app\/uploads\/sites\/5\/2024\/09\/201910handshake-2056023-1280.jpg\" \/>\n<meta name=\"twitter:creator\" content=\"@VosgesInfo88\" \/>\n<meta name=\"twitter:site\" content=\"@VosgesInfo88\" \/>\n<meta name=\"twitter:label1\" content=\"\u00c9crit par\" \/>\n\t<meta name=\"twitter:data1\" content=\"C D\" \/>\n\t<meta name=\"twitter:label2\" content=\"Dur\u00e9e de lecture estim\u00e9e\" \/>\n\t<meta name=\"twitter:data2\" content=\"2 minutes\" \/>\n<script type=\"application\/ld+json\" class=\"yoast-schema-graph\">{\"@context\":\"https:\/\/schema.org\",\"@graph\":[{\"@type\":\"Article\",\"@id\":\"https:\/\/vosgesinfo.fr\/remiremontinfo\/2019\/10\/chomage-grand-tendance-a-baisse-se-confirme\/#article\",\"isPartOf\":{\"@id\":\"https:\/\/vosgesinfo.fr\/remiremontinfo\/2019\/10\/chomage-grand-tendance-a-baisse-se-confirme\/\"},\"author\":{\"name\":\"C D\",\"@id\":\"https:\/\/vosgesinfo.fr\/remiremontinfo\/#\/schema\/person\/3bfd164d5218a185b1db68655a265316\"},\"headline\":\"Ch\u00f4mage dans le Grand Est : la tendance \u00e0 la baisse se confirme\",\"datePublished\":\"2019-10-03T03:05:48+00:00\",\"dateModified\":\"2019-10-03T03:05:48+00:00\",\"mainEntityOfPage\":{\"@id\":\"https:\/\/vosgesinfo.fr\/remiremontinfo\/2019\/10\/chomage-grand-tendance-a-baisse-se-confirme\/\"},\"wordCount\":465,\"commentCount\":0,\"publisher\":{\"@id\":\"https:\/\/vosgesinfo.fr\/remiremontinfo\/#organization\"},\"image\":{\"@id\":\"https:\/\/vosgesinfo.fr\/remiremontinfo\/2019\/10\/chomage-grand-tendance-a-baisse-se-confirme\/#primaryimage\"},\"thumbnailUrl\":\"https:\/\/vosgesinfo.fr\/app\/uploads\/sites\/5\/2024\/09\/201910handshake-2056023-1280.jpg\",\"articleSection\":[\"A la Une\",\"Vosges\"],\"inLanguage\":\"fr-FR\",\"potentialAction\":[{\"@type\":\"CommentAction\",\"name\":\"Comment\",\"target\":[\"https:\/\/vosgesinfo.fr\/remiremontinfo\/2019\/10\/chomage-grand-tendance-a-baisse-se-confirme\/#respond\"]}]},{\"@type\":\"WebPage\",\"@id\":\"https:\/\/vosgesinfo.fr\/remiremontinfo\/2019\/10\/chomage-grand-tendance-a-baisse-se-confirme\/\",\"url\":\"https:\/\/vosgesinfo.fr\/remiremontinfo\/2019\/10\/chomage-grand-tendance-a-baisse-se-confirme\/\",\"name\":\"Ch\u00f4mage dans le Grand Est : la tendance \u00e0 la baisse se confirme - Remiremont Info\",\"isPartOf\":{\"@id\":\"https:\/\/vosgesinfo.fr\/remiremontinfo\/#website\"},\"primaryImageOfPage\":{\"@id\":\"https:\/\/vosgesinfo.fr\/remiremontinfo\/2019\/10\/chomage-grand-tendance-a-baisse-se-confirme\/#primaryimage\"},\"image\":{\"@id\":\"https:\/\/vosgesinfo.fr\/remiremontinfo\/2019\/10\/chomage-grand-tendance-a-baisse-se-confirme\/#primaryimage\"},\"thumbnailUrl\":\"https:\/\/vosgesinfo.fr\/app\/uploads\/sites\/5\/2024\/09\/201910handshake-2056023-1280.jpg\",\"datePublished\":\"2019-10-03T03:05:48+00:00\",\"dateModified\":\"2019-10-03T03:05:48+00:00\",\"breadcrumb\":{\"@id\":\"https:\/\/vosgesinfo.fr\/remiremontinfo\/2019\/10\/chomage-grand-tendance-a-baisse-se-confirme\/#breadcrumb\"},\"inLanguage\":\"fr-FR\",\"potentialAction\":[{\"@type\":\"ReadAction\",\"target\":[\"https:\/\/vosgesinfo.fr\/remiremontinfo\/2019\/10\/chomage-grand-tendance-a-baisse-se-confirme\/\"]}]},{\"@type\":\"ImageObject\",\"inLanguage\":\"fr-FR\",\"@id\":\"https:\/\/vosgesinfo.fr\/remiremontinfo\/2019\/10\/chomage-grand-tendance-a-baisse-se-confirme\/#primaryimage\",\"url\":\"https:\/\/vosgesinfo.fr\/app\/uploads\/sites\/5\/2024\/09\/201910handshake-2056023-1280.jpg\",\"contentUrl\":\"https:\/\/vosgesinfo.fr\/app\/uploads\/sites\/5\/2024\/09\/201910handshake-2056023-1280.jpg\",\"width\":1280,\"height\":851},{\"@type\":\"BreadcrumbList\",\"@id\":\"https:\/\/vosgesinfo.fr\/remiremontinfo\/2019\/10\/chomage-grand-tendance-a-baisse-se-confirme\/#breadcrumb\",\"itemListElement\":[{\"@type\":\"ListItem\",\"position\":1,\"name\":\"Home\",\"item\":\"https:\/\/vosgesinfo.fr\/remiremontinfo\/\"},{\"@type\":\"ListItem\",\"position\":2,\"name\":\"Ch\u00f4mage dans le Grand Est : la tendance \u00e0 la baisse se confirme\"}]},{\"@type\":\"WebSite\",\"@id\":\"https:\/\/vosgesinfo.fr\/remiremontinfo\/#website\",\"url\":\"https:\/\/vosgesinfo.fr\/remiremontinfo\/\",\"name\":\"Remiremont Info\",\"description\":\"Toute l&#039;actualit\u00e9 de Remiremont\",\"publisher\":{\"@id\":\"https:\/\/vosgesinfo.fr\/remiremontinfo\/#organization\"},\"alternateName\":\"Toute l'actualit\u00e9 de Remiremont\",\"potentialAction\":[{\"@type\":\"SearchAction\",\"target\":{\"@type\":\"EntryPoint\",\"urlTemplate\":\"https:\/\/vosgesinfo.fr\/remiremontinfo\/?s={search_term_string}\"},\"query-input\":\"required name=search_term_string\"}],\"inLanguage\":\"fr-FR\"},{\"@type\":\"Organization\",\"@id\":\"https:\/\/vosgesinfo.fr\/remiremontinfo\/#organization\",\"name\":\"Remiremont Info\",\"url\":\"https:\/\/vosgesinfo.fr\/remiremontinfo\/\",\"logo\":{\"@type\":\"ImageObject\",\"inLanguage\":\"fr-FR\",\"@id\":\"https:\/\/vosgesinfo.fr\/remiremontinfo\/#\/schema\/logo\/image\/\",\"url\":\"https:\/\/vosgesinfo.fr\/app\/uploads\/sites\/5\/2023\/08\/favicon-remiremontinfo.png\",\"contentUrl\":\"https:\/\/vosgesinfo.fr\/app\/uploads\/sites\/5\/2023\/08\/favicon-remiremontinfo.png\",\"width\":512,\"height\":512,\"caption\":\"Remiremont Info\"},\"image\":{\"@id\":\"https:\/\/vosgesinfo.fr\/remiremontinfo\/#\/schema\/logo\/image\/\"},\"sameAs\":[\"https:\/\/www.facebook.com\/remiremontinfo\",\"https:\/\/x.com\/VosgesInfo88\",\"https:\/\/www.youtube.com\/@vosgesinfo\"]},{\"@type\":\"Person\",\"@id\":\"https:\/\/vosgesinfo.fr\/remiremontinfo\/#\/schema\/person\/3bfd164d5218a185b1db68655a265316\",\"name\":\"C D\",\"image\":{\"@type\":\"ImageObject\",\"inLanguage\":\"fr-FR\",\"@id\":\"https:\/\/vosgesinfo.fr\/remiremontinfo\/#\/schema\/person\/image\/\",\"url\":\"https:\/\/secure.gravatar.com\/avatar\/1f9a70007336511a47468b8f1c66f922b8b7cf617b02a31149ada43893a5d48f?s=96&d=mm&r=g\",\"contentUrl\":\"https:\/\/secure.gravatar.com\/avatar\/1f9a70007336511a47468b8f1c66f922b8b7cf617b02a31149ada43893a5d48f?s=96&d=mm&r=g\",\"caption\":\"C D\"},\"url\":\"https:\/\/vosgesinfo.fr\/remiremontinfo\/author\/cedric-drevet\/\"}]}<\/script>\n<!-- \/ Yoast SEO plugin. -->","yoast_head_json":{"title":"Ch\u00f4mage dans le Grand Est : la tendance \u00e0 la baisse se confirme - Remiremont Info","robots":{"index":"index","follow":"follow","max-snippet":"max-snippet:-1","max-image-preview":"max-image-preview:large","max-video-preview":"max-video-preview:-1"},"canonical":"https:\/\/vosgesinfo.fr\/remiremontinfo\/2019\/10\/chomage-grand-tendance-a-baisse-se-confirme\/","twitter_card":"summary_large_image","twitter_title":"Ch\u00f4mage dans le Grand Est : la tendance \u00e0 la baisse se confirme - Remiremont Info","twitter_description":"Communiqu\u00e9 de la R\u00e9gion Grand-Est Jean Rottner, Pr\u00e9sident de la R\u00e9gion Grand Est, ne peut se satisfaire du nombre encore [&hellip;]","twitter_image":"https:\/\/vosgesinfo.fr\/app\/uploads\/sites\/5\/2024\/09\/201910handshake-2056023-1280.jpg","twitter_creator":"@VosgesInfo88","twitter_site":"@VosgesInfo88","twitter_misc":{"\u00c9crit par":"C D","Dur\u00e9e de lecture estim\u00e9e":"2 minutes"},"schema":{"@context":"https:\/\/schema.org","@graph":[{"@type":"Article","@id":"https:\/\/vosgesinfo.fr\/remiremontinfo\/2019\/10\/chomage-grand-tendance-a-baisse-se-confirme\/#article","isPartOf":{"@id":"https:\/\/vosgesinfo.fr\/remiremontinfo\/2019\/10\/chomage-grand-tendance-a-baisse-se-confirme\/"},"author":{"name":"C D","@id":"https:\/\/vosgesinfo.fr\/remiremontinfo\/#\/schema\/person\/3bfd164d5218a185b1db68655a265316"},"headline":"Ch\u00f4mage dans le Grand Est : la tendance \u00e0 la baisse se confirme","datePublished":"2019-10-03T03:05:48+00:00","dateModified":"2019-10-03T03:05:48+00:00","mainEntityOfPage":{"@id":"https:\/\/vosgesinfo.fr\/remiremontinfo\/2019\/10\/chomage-grand-tendance-a-baisse-se-confirme\/"},"wordCount":465,"commentCount":0,"publisher":{"@id":"https:\/\/vosgesinfo.fr\/remiremontinfo\/#organization"},"image":{"@id":"https:\/\/vosgesinfo.fr\/remiremontinfo\/2019\/10\/chomage-grand-tendance-a-baisse-se-confirme\/#primaryimage"},"thumbnailUrl":"https:\/\/vosgesinfo.fr\/app\/uploads\/sites\/5\/2024\/09\/201910handshake-2056023-1280.jpg","articleSection":["A la Une","Vosges"],"inLanguage":"fr-FR","potentialAction":[{"@type":"CommentAction","name":"Comment","target":["https:\/\/vosgesinfo.fr\/remiremontinfo\/2019\/10\/chomage-grand-tendance-a-baisse-se-confirme\/#respond"]}]},{"@type":"WebPage","@id":"https:\/\/vosgesinfo.fr\/remiremontinfo\/2019\/10\/chomage-grand-tendance-a-baisse-se-confirme\/","url":"https:\/\/vosgesinfo.fr\/remiremontinfo\/2019\/10\/chomage-grand-tendance-a-baisse-se-confirme\/","name":"Ch\u00f4mage dans le Grand Est : la tendance \u00e0 la baisse se confirme - Remiremont Info","isPartOf":{"@id":"https:\/\/vosgesinfo.fr\/remiremontinfo\/#website"},"primaryImageOfPage":{"@id":"https:\/\/vosgesinfo.fr\/remiremontinfo\/2019\/10\/chomage-grand-tendance-a-baisse-se-confirme\/#primaryimage"},"image":{"@id":"https:\/\/vosgesinfo.fr\/remiremontinfo\/2019\/10\/chomage-grand-tendance-a-baisse-se-confirme\/#primaryimage"},"thumbnailUrl":"https:\/\/vosgesinfo.fr\/app\/uploads\/sites\/5\/2024\/09\/201910handshake-2056023-1280.jpg","datePublished":"2019-10-03T03:05:48+00:00","dateModified":"2019-10-03T03:05:48+00:00","breadcrumb":{"@id":"https:\/\/vosgesinfo.fr\/remiremontinfo\/2019\/10\/chomage-grand-tendance-a-baisse-se-confirme\/#breadcrumb"},"inLanguage":"fr-FR","potentialAction":[{"@type":"ReadAction","target":["https:\/\/vosgesinfo.fr\/remiremontinfo\/2019\/10\/chomage-grand-tendance-a-baisse-se-confirme\/"]}]},{"@type":"ImageObject","inLanguage":"fr-FR","@id":"https:\/\/vosgesinfo.fr\/remiremontinfo\/2019\/10\/chomage-grand-tendance-a-baisse-se-confirme\/#primaryimage","url":"https:\/\/vosgesinfo.fr\/app\/uploads\/sites\/5\/2024\/09\/201910handshake-2056023-1280.jpg","contentUrl":"https:\/\/vosgesinfo.fr\/app\/uploads\/sites\/5\/2024\/09\/201910handshake-2056023-1280.jpg","width":1280,"height":851},{"@type":"BreadcrumbList","@id":"https:\/\/vosgesinfo.fr\/remiremontinfo\/2019\/10\/chomage-grand-tendance-a-baisse-se-confirme\/#breadcrumb","itemListElement":[{"@type":"ListItem","position":1,"name":"Home","item":"https:\/\/vosgesinfo.fr\/remiremontinfo\/"},{"@type":"ListItem","position":2,"name":"Ch\u00f4mage dans le Grand Est : la tendance \u00e0 la baisse se confirme"}]},{"@type":"WebSite","@id":"https:\/\/vosgesinfo.fr\/remiremontinfo\/#website","url":"https:\/\/vosgesinfo.fr\/remiremontinfo\/","name":"Remiremont Info","description":"Toute l&#039;actualit\u00e9 de Remiremont","publisher":{"@id":"https:\/\/vosgesinfo.fr\/remiremontinfo\/#organization"},"alternateName":"Toute l'actualit\u00e9 de Remiremont","potentialAction":[{"@type":"SearchAction","target":{"@type":"EntryPoint","urlTemplate":"https:\/\/vosgesinfo.fr\/remiremontinfo\/?s={search_term_string}"},"query-input":"required name=search_term_string"}],"inLanguage":"fr-FR"},{"@type":"Organization","@id":"https:\/\/vosgesinfo.fr\/remiremontinfo\/#organization","name":"Remiremont Info","url":"https:\/\/vosgesinfo.fr\/remiremontinfo\/","logo":{"@type":"ImageObject","inLanguage":"fr-FR","@id":"https:\/\/vosgesinfo.fr\/remiremontinfo\/#\/schema\/logo\/image\/","url":"https:\/\/vosgesinfo.fr\/app\/uploads\/sites\/5\/2023\/08\/favicon-remiremontinfo.png","contentUrl":"https:\/\/vosgesinfo.fr\/app\/uploads\/sites\/5\/2023\/08\/favicon-remiremontinfo.png","width":512,"height":512,"caption":"Remiremont Info"},"image":{"@id":"https:\/\/vosgesinfo.fr\/remiremontinfo\/#\/schema\/logo\/image\/"},"sameAs":["https:\/\/www.facebook.com\/remiremontinfo","https:\/\/x.com\/VosgesInfo88","https:\/\/www.youtube.com\/@vosgesinfo"]},{"@type":"Person","@id":"https:\/\/vosgesinfo.fr\/remiremontinfo\/#\/schema\/person\/3bfd164d5218a185b1db68655a265316","name":"C D","image":{"@type":"ImageObject","inLanguage":"fr-FR","@id":"https:\/\/vosgesinfo.fr\/remiremontinfo\/#\/schema\/person\/image\/","url":"https:\/\/secure.gravatar.com\/avatar\/1f9a70007336511a47468b8f1c66f922b8b7cf617b02a31149ada43893a5d48f?s=96&d=mm&r=g","contentUrl":"https:\/\/secure.gravatar.com\/avatar\/1f9a70007336511a47468b8f1c66f922b8b7cf617b02a31149ada43893a5d48f?s=96&d=mm&r=g","caption":"C D"},"url":"https:\/\/vosgesinfo.fr\/remiremontinfo\/author\/cedric-drevet\/"}]}},"_links":{"self":[{"href":"https:\/\/vosgesinfo.fr\/remiremontinfo\/wp-json\/wp\/v2\/posts\/21162","targetHints":{"allow":["GET"]}}],"collection":[{"href":"https:\/\/vosgesinfo.fr\/remiremontinfo\/wp-json\/wp\/v2\/posts"}],"about":[{"href":"https:\/\/vosgesinfo.fr\/remiremontinfo\/wp-json\/wp\/v2\/types\/post"}],"author":[{"embeddable":true,"href":"https:\/\/vosgesinfo.fr\/remiremontinfo\/wp-json\/wp\/v2\/users\/407"}],"replies":[{"embeddable":true,"href":"https:\/\/vosgesinfo.fr\/remiremontinfo\/wp-json\/wp\/v2\/comments?post=21162"}],"version-history":[{"count":0,"href":"https:\/\/vosgesinfo.fr\/remiremontinfo\/wp-json\/wp\/v2\/posts\/21162\/revisions"}],"wp:featuredmedia":[{"embeddable":true,"href":"https:\/\/vosgesinfo.fr\/remiremontinfo\/wp-json\/wp\/v2\/media\/21163"}],"wp:attachment":[{"href":"https:\/\/vosgesinfo.fr\/remiremontinfo\/wp-json\/wp\/v2\/media?parent=21162"}],"wp:term":[{"taxonomy":"category","embeddable":true,"href":"https:\/\/vosgesinfo.fr\/remiremontinfo\/wp-json\/wp\/v2\/categories?post=21162"},{"taxonomy":"post_tag","embeddable":true,"href":"https:\/\/vosgesinfo.fr\/remiremontinfo\/wp-json\/wp\/v2\/tags?post=21162"}],"curies":[{"name":"wp","href":"https:\/\/api.w.org\/{rel}","templated":true}]}}