{"id":21164,"date":"2019-10-03T05:03:44","date_gmt":"2019-10-03T03:03:44","guid":{"rendered":"https:\/\/vosgesinfo.fr\/remiremontinfo\/2019\/10\/thillot-coquelicots-de-moselotte-preparent-rassemblement\/"},"modified":"2019-10-03T05:03:44","modified_gmt":"2019-10-03T03:03:44","slug":"thillot-coquelicots-de-moselotte-preparent-rassemblement","status":"publish","type":"post","link":"https:\/\/vosgesinfo.fr\/remiremontinfo\/2019\/10\/thillot-coquelicots-de-moselotte-preparent-rassemblement\/","title":{"rendered":"Le Thillot : les Coquelicots de la Moselotte pr\u00e9parent un rassemblement"},"content":{"rendered":"<h2 align=\"JUSTIFY\"><a href=\"\/2019\/10\/IMG_0389.jpg\"><img decoding=\"async\" class=\"alignnone size-large wp-image-269739\" src=\"\/2019\/10\/IMG_0389-1024x768.jpg\" alt=\"IMG_0389\" width=\"960\" height=\"720\" \/><\/a><\/h2>\n<p style=\"text-align: center;\" align=\"JUSTIFY\"><em>Communiqu\u00e9<\/em><\/p>\n<h2 align=\"JUSTIFY\"><span style=\"font-size: 12pt;\"><strong><span style=\"font-family: Arial, sans-serif;\">Le rassemblement des Coquelicots de la Moselotte de ce mois d&rsquo;octobre se tiendra au Thillot le vendredi 4 octobre prochain \u00e0 18h30 devant la mairie.<\/span><\/strong><\/span><\/h2>\n<p align=\"JUSTIFY\"><span style=\"font-family: Arial, sans-serif;\">Nous devons encore \u00eatres plus nombreux pour ce douzi\u00e8me rassemblement, premier anniversaire de notre mouvement. Localement 15 000 signatures papiers, 9 personnes sur 10 interpell\u00e9es signent sans r\u00e9serve et se disent pr\u00e9occup\u00e9es. 12 motions de soutien \u00e0 notre mouvement de la part des conseils municipaux de notre territoire.<\/span><\/p>\n<p align=\"JUSTIFY\"><span style=\"font-family: Arial, sans-serif;\">Si sur le terrain le citoyen, le consommateur, l&rsquo;\u00e9lu refuse ces pratiques empoisonnantes de tout notre vivant, il est d&rsquo;autres sph\u00e8res o\u00f9 les pratiques assassines continuent \u00e0 aller bon train. Le SDHI puissant fongicide a pour cible la fonction respiratoire des champignons appel\u00e9 SDH. Hors cette SDH existe chez tous les \u00eatres vivants. L&rsquo;ANSES a autoris\u00e9 sa mise sur le march\u00e9, malgr\u00e9 encore une fois l&rsquo;alerte des scientifiques. Le SDHI sera plus que probablement un jour au rang de l\u2019amiante et du M\u00e9diator\u00a0! A la r\u00e9cente f\u00eate des simples nous avons interpell\u00e9 notre d\u00e9put\u00e9 Christophe Monsieur Naegelen sur cette probl\u00e9matique.<\/span><\/p>\n<p align=\"JUSTIFY\"><span style=\"font-family: Arial, sans-serif;\">Cons\u00e9quemment le mouvement des coquelicots a toute sa place et sa repr\u00e9sentativit\u00e9 nationalement et localement. Il est urgent et plus qu&rsquo;imp\u00e9ratif que ce combat s&rsquo;intensifie. Il faut ajouter, nous avons grand besoin de nos paysans, de nos producteurs. Cette lutte n&rsquo;est pas contre eux mais contre les pratiques auxquelles ils ont \u00e9t\u00e9 contraints. Nous demandons des aides \u00e0 la reconversion, \u00e0 l&rsquo;installation de producteurs bio. Nous demandons des r\u00e9serves fonci\u00e8res destin\u00e9es \u00e0 ces productions locales. C&rsquo;est aussi l&rsquo;action de concertation et de sensibilisation que nous menons aupr\u00e8s de nos \u00e9lus.<\/span><\/p>\n<p align=\"JUSTIFY\"><a href=\"\/2019\/10\/IMG_0388.jpg\"><img decoding=\"async\" class=\"alignnone size-large wp-image-269738\" src=\"\/2019\/10\/IMG_0388-1024x768.jpg\" alt=\"IMG_0388\" width=\"960\" height=\"720\" \/><\/a><\/p>\n","protected":false},"excerpt":{"rendered":"<p>Communiqu\u00e9 Le rassemblement des Coquelicots de la Moselotte de ce mois d&rsquo;octobre se tiendra au Thillot le vendredi 4 octobre [&hellip;]<\/p>\n","protected":false},"author":407,"featured_media":21165,"comment_status":"open","ping_status":"open","sticky":false,"template":"","format":"standard","meta":{"footnotes":""},"categories":[26,7,212,37,17],"tags":[],"class_list":["post-21164","post","type-post","status-publish","format-standard","has-post-thumbnail","hentry","category-a-la-une","category-environnement","category-le-thillot-le-thillot-son-canton","category-le-thillot-son-canton","category-vie-associative"],"acf":[],"yoast_head":"<!-- This site is optimized with the Yoast SEO plugin v22.5 - https:\/\/yoast.com\/wordpress\/plugins\/seo\/ -->\n<title>Le Thillot : les Coquelicots de la Moselotte pr\u00e9parent un rassemblement - Remiremont Info<\/title>\n<meta name=\"robots\" content=\"index, follow, max-snippet:-1, max-image-preview:large, max-video-preview:-1\" \/>\n<link rel=\"canonical\" href=\"https:\/\/vosgesinfo.fr\/remiremontinfo\/2019\/10\/thillot-coquelicots-de-moselotte-preparent-rassemblement\/\" \/>\n<meta name=\"twitter:card\" content=\"summary_large_image\" \/>\n<meta name=\"twitter:title\" content=\"Le Thillot : les Coquelicots de la Moselotte pr\u00e9parent un rassemblement - Remiremont Info\" \/>\n<meta name=\"twitter:description\" content=\"Communiqu\u00e9 Le rassemblement des Coquelicots de la Moselotte de ce mois d&rsquo;octobre se tiendra au Thillot le vendredi 4 octobre [&hellip;]\" \/>\n<meta name=\"twitter:image\" content=\"https:\/\/vosgesinfo.fr\/app\/uploads\/sites\/5\/2024\/09\/201910img-0389-scaled.jpg\" \/>\n<meta name=\"twitter:creator\" content=\"@VosgesInfo88\" \/>\n<meta name=\"twitter:site\" content=\"@VosgesInfo88\" \/>\n<meta name=\"twitter:label1\" content=\"\u00c9crit par\" \/>\n\t<meta name=\"twitter:data1\" content=\"C D\" \/>\n\t<meta name=\"twitter:label2\" content=\"Dur\u00e9e de lecture estim\u00e9e\" \/>\n\t<meta name=\"twitter:data2\" content=\"1 minute\" \/>\n<script type=\"application\/ld+json\" class=\"yoast-schema-graph\">{\"@context\":\"https:\/\/schema.org\",\"@graph\":[{\"@type\":\"Article\",\"@id\":\"https:\/\/vosgesinfo.fr\/remiremontinfo\/2019\/10\/thillot-coquelicots-de-moselotte-preparent-rassemblement\/#article\",\"isPartOf\":{\"@id\":\"https:\/\/vosgesinfo.fr\/remiremontinfo\/2019\/10\/thillot-coquelicots-de-moselotte-preparent-rassemblement\/\"},\"author\":{\"name\":\"C D\",\"@id\":\"https:\/\/vosgesinfo.fr\/remiremontinfo\/#\/schema\/person\/3bfd164d5218a185b1db68655a265316\"},\"headline\":\"Le Thillot : les Coquelicots de la Moselotte pr\u00e9parent un rassemblement\",\"datePublished\":\"2019-10-03T03:03:44+00:00\",\"dateModified\":\"2019-10-03T03:03:44+00:00\",\"mainEntityOfPage\":{\"@id\":\"https:\/\/vosgesinfo.fr\/remiremontinfo\/2019\/10\/thillot-coquelicots-de-moselotte-preparent-rassemblement\/\"},\"wordCount\":293,\"commentCount\":0,\"publisher\":{\"@id\":\"https:\/\/vosgesinfo.fr\/remiremontinfo\/#organization\"},\"image\":{\"@id\":\"https:\/\/vosgesinfo.fr\/remiremontinfo\/2019\/10\/thillot-coquelicots-de-moselotte-preparent-rassemblement\/#primaryimage\"},\"thumbnailUrl\":\"https:\/\/vosgesinfo.fr\/app\/uploads\/sites\/5\/2024\/09\/201910img-0389-scaled.jpg\",\"articleSection\":[\"A la Une\",\"Environnement\",\"Le Thillot\",\"Le Thillot &amp; son canton\",\"Vie associative\"],\"inLanguage\":\"fr-FR\",\"potentialAction\":[{\"@type\":\"CommentAction\",\"name\":\"Comment\",\"target\":[\"https:\/\/vosgesinfo.fr\/remiremontinfo\/2019\/10\/thillot-coquelicots-de-moselotte-preparent-rassemblement\/#respond\"]}]},{\"@type\":\"WebPage\",\"@id\":\"https:\/\/vosgesinfo.fr\/remiremontinfo\/2019\/10\/thillot-coquelicots-de-moselotte-preparent-rassemblement\/\",\"url\":\"https:\/\/vosgesinfo.fr\/remiremontinfo\/2019\/10\/thillot-coquelicots-de-moselotte-preparent-rassemblement\/\",\"name\":\"Le Thillot : les Coquelicots de la Moselotte pr\u00e9parent un rassemblement - Remiremont Info\",\"isPartOf\":{\"@id\":\"https:\/\/vosgesinfo.fr\/remiremontinfo\/#website\"},\"primaryImageOfPage\":{\"@id\":\"https:\/\/vosgesinfo.fr\/remiremontinfo\/2019\/10\/thillot-coquelicots-de-moselotte-preparent-rassemblement\/#primaryimage\"},\"image\":{\"@id\":\"https:\/\/vosgesinfo.fr\/remiremontinfo\/2019\/10\/thillot-coquelicots-de-moselotte-preparent-rassemblement\/#primaryimage\"},\"thumbnailUrl\":\"https:\/\/vosgesinfo.fr\/app\/uploads\/sites\/5\/2024\/09\/201910img-0389-scaled.jpg\",\"datePublished\":\"2019-10-03T03:03:44+00:00\",\"dateModified\":\"2019-10-03T03:03:44+00:00\",\"breadcrumb\":{\"@id\":\"https:\/\/vosgesinfo.fr\/remiremontinfo\/2019\/10\/thillot-coquelicots-de-moselotte-preparent-rassemblement\/#breadcrumb\"},\"inLanguage\":\"fr-FR\",\"potentialAction\":[{\"@type\":\"ReadAction\",\"target\":[\"https:\/\/vosgesinfo.fr\/remiremontinfo\/2019\/10\/thillot-coquelicots-de-moselotte-preparent-rassemblement\/\"]}]},{\"@type\":\"ImageObject\",\"inLanguage\":\"fr-FR\",\"@id\":\"https:\/\/vosgesinfo.fr\/remiremontinfo\/2019\/10\/thillot-coquelicots-de-moselotte-preparent-rassemblement\/#primaryimage\",\"url\":\"https:\/\/vosgesinfo.fr\/app\/uploads\/sites\/5\/2024\/09\/201910img-0389-scaled.jpg\",\"contentUrl\":\"https:\/\/vosgesinfo.fr\/app\/uploads\/sites\/5\/2024\/09\/201910img-0389-scaled.jpg\",\"width\":2560,\"height\":1920},{\"@type\":\"BreadcrumbList\",\"@id\":\"https:\/\/vosgesinfo.fr\/remiremontinfo\/2019\/10\/thillot-coquelicots-de-moselotte-preparent-rassemblement\/#breadcrumb\",\"itemListElement\":[{\"@type\":\"ListItem\",\"position\":1,\"name\":\"Home\",\"item\":\"https:\/\/vosgesinfo.fr\/remiremontinfo\/\"},{\"@type\":\"ListItem\",\"position\":2,\"name\":\"Le Thillot : les Coquelicots de la Moselotte pr\u00e9parent un rassemblement\"}]},{\"@type\":\"WebSite\",\"@id\":\"https:\/\/vosgesinfo.fr\/remiremontinfo\/#website\",\"url\":\"https:\/\/vosgesinfo.fr\/remiremontinfo\/\",\"name\":\"Remiremont Info\",\"description\":\"Toute l&#039;actualit\u00e9 de Remiremont\",\"publisher\":{\"@id\":\"https:\/\/vosgesinfo.fr\/remiremontinfo\/#organization\"},\"alternateName\":\"Toute l'actualit\u00e9 de Remiremont\",\"potentialAction\":[{\"@type\":\"SearchAction\",\"target\":{\"@type\":\"EntryPoint\",\"urlTemplate\":\"https:\/\/vosgesinfo.fr\/remiremontinfo\/?s={search_term_string}\"},\"query-input\":\"required name=search_term_string\"}],\"inLanguage\":\"fr-FR\"},{\"@type\":\"Organization\",\"@id\":\"https:\/\/vosgesinfo.fr\/remiremontinfo\/#organization\",\"name\":\"Remiremont Info\",\"url\":\"https:\/\/vosgesinfo.fr\/remiremontinfo\/\",\"logo\":{\"@type\":\"ImageObject\",\"inLanguage\":\"fr-FR\",\"@id\":\"https:\/\/vosgesinfo.fr\/remiremontinfo\/#\/schema\/logo\/image\/\",\"url\":\"https:\/\/vosgesinfo.fr\/app\/uploads\/sites\/5\/2023\/08\/favicon-remiremontinfo.png\",\"contentUrl\":\"https:\/\/vosgesinfo.fr\/app\/uploads\/sites\/5\/2023\/08\/favicon-remiremontinfo.png\",\"width\":512,\"height\":512,\"caption\":\"Remiremont Info\"},\"image\":{\"@id\":\"https:\/\/vosgesinfo.fr\/remiremontinfo\/#\/schema\/logo\/image\/\"},\"sameAs\":[\"https:\/\/www.facebook.com\/remiremontinfo\",\"https:\/\/x.com\/VosgesInfo88\",\"https:\/\/www.youtube.com\/@vosgesinfo\"]},{\"@type\":\"Person\",\"@id\":\"https:\/\/vosgesinfo.fr\/remiremontinfo\/#\/schema\/person\/3bfd164d5218a185b1db68655a265316\",\"name\":\"C D\",\"image\":{\"@type\":\"ImageObject\",\"inLanguage\":\"fr-FR\",\"@id\":\"https:\/\/vosgesinfo.fr\/remiremontinfo\/#\/schema\/person\/image\/\",\"url\":\"https:\/\/secure.gravatar.com\/avatar\/1f9a70007336511a47468b8f1c66f922b8b7cf617b02a31149ada43893a5d48f?s=96&d=mm&r=g\",\"contentUrl\":\"https:\/\/secure.gravatar.com\/avatar\/1f9a70007336511a47468b8f1c66f922b8b7cf617b02a31149ada43893a5d48f?s=96&d=mm&r=g\",\"caption\":\"C D\"},\"url\":\"https:\/\/vosgesinfo.fr\/remiremontinfo\/author\/cedric-drevet\/\"}]}<\/script>\n<!-- \/ Yoast SEO plugin. -->","yoast_head_json":{"title":"Le Thillot : les Coquelicots de la Moselotte pr\u00e9parent un rassemblement - Remiremont Info","robots":{"index":"index","follow":"follow","max-snippet":"max-snippet:-1","max-image-preview":"max-image-preview:large","max-video-preview":"max-video-preview:-1"},"canonical":"https:\/\/vosgesinfo.fr\/remiremontinfo\/2019\/10\/thillot-coquelicots-de-moselotte-preparent-rassemblement\/","twitter_card":"summary_large_image","twitter_title":"Le Thillot : les Coquelicots de la Moselotte pr\u00e9parent un rassemblement - Remiremont Info","twitter_description":"Communiqu\u00e9 Le rassemblement des Coquelicots de la Moselotte de ce mois d&rsquo;octobre se tiendra au Thillot le vendredi 4 octobre [&hellip;]","twitter_image":"https:\/\/vosgesinfo.fr\/app\/uploads\/sites\/5\/2024\/09\/201910img-0389-scaled.jpg","twitter_creator":"@VosgesInfo88","twitter_site":"@VosgesInfo88","twitter_misc":{"\u00c9crit par":"C D","Dur\u00e9e de lecture estim\u00e9e":"1 minute"},"schema":{"@context":"https:\/\/schema.org","@graph":[{"@type":"Article","@id":"https:\/\/vosgesinfo.fr\/remiremontinfo\/2019\/10\/thillot-coquelicots-de-moselotte-preparent-rassemblement\/#article","isPartOf":{"@id":"https:\/\/vosgesinfo.fr\/remiremontinfo\/2019\/10\/thillot-coquelicots-de-moselotte-preparent-rassemblement\/"},"author":{"name":"C D","@id":"https:\/\/vosgesinfo.fr\/remiremontinfo\/#\/schema\/person\/3bfd164d5218a185b1db68655a265316"},"headline":"Le Thillot : les Coquelicots de la Moselotte pr\u00e9parent un rassemblement","datePublished":"2019-10-03T03:03:44+00:00","dateModified":"2019-10-03T03:03:44+00:00","mainEntityOfPage":{"@id":"https:\/\/vosgesinfo.fr\/remiremontinfo\/2019\/10\/thillot-coquelicots-de-moselotte-preparent-rassemblement\/"},"wordCount":293,"commentCount":0,"publisher":{"@id":"https:\/\/vosgesinfo.fr\/remiremontinfo\/#organization"},"image":{"@id":"https:\/\/vosgesinfo.fr\/remiremontinfo\/2019\/10\/thillot-coquelicots-de-moselotte-preparent-rassemblement\/#primaryimage"},"thumbnailUrl":"https:\/\/vosgesinfo.fr\/app\/uploads\/sites\/5\/2024\/09\/201910img-0389-scaled.jpg","articleSection":["A la Une","Environnement","Le Thillot","Le Thillot &amp; son canton","Vie associative"],"inLanguage":"fr-FR","potentialAction":[{"@type":"CommentAction","name":"Comment","target":["https:\/\/vosgesinfo.fr\/remiremontinfo\/2019\/10\/thillot-coquelicots-de-moselotte-preparent-rassemblement\/#respond"]}]},{"@type":"WebPage","@id":"https:\/\/vosgesinfo.fr\/remiremontinfo\/2019\/10\/thillot-coquelicots-de-moselotte-preparent-rassemblement\/","url":"https:\/\/vosgesinfo.fr\/remiremontinfo\/2019\/10\/thillot-coquelicots-de-moselotte-preparent-rassemblement\/","name":"Le Thillot : les Coquelicots de la Moselotte pr\u00e9parent un rassemblement - Remiremont Info","isPartOf":{"@id":"https:\/\/vosgesinfo.fr\/remiremontinfo\/#website"},"primaryImageOfPage":{"@id":"https:\/\/vosgesinfo.fr\/remiremontinfo\/2019\/10\/thillot-coquelicots-de-moselotte-preparent-rassemblement\/#primaryimage"},"image":{"@id":"https:\/\/vosgesinfo.fr\/remiremontinfo\/2019\/10\/thillot-coquelicots-de-moselotte-preparent-rassemblement\/#primaryimage"},"thumbnailUrl":"https:\/\/vosgesinfo.fr\/app\/uploads\/sites\/5\/2024\/09\/201910img-0389-scaled.jpg","datePublished":"2019-10-03T03:03:44+00:00","dateModified":"2019-10-03T03:03:44+00:00","breadcrumb":{"@id":"https:\/\/vosgesinfo.fr\/remiremontinfo\/2019\/10\/thillot-coquelicots-de-moselotte-preparent-rassemblement\/#breadcrumb"},"inLanguage":"fr-FR","potentialAction":[{"@type":"ReadAction","target":["https:\/\/vosgesinfo.fr\/remiremontinfo\/2019\/10\/thillot-coquelicots-de-moselotte-preparent-rassemblement\/"]}]},{"@type":"ImageObject","inLanguage":"fr-FR","@id":"https:\/\/vosgesinfo.fr\/remiremontinfo\/2019\/10\/thillot-coquelicots-de-moselotte-preparent-rassemblement\/#primaryimage","url":"https:\/\/vosgesinfo.fr\/app\/uploads\/sites\/5\/2024\/09\/201910img-0389-scaled.jpg","contentUrl":"https:\/\/vosgesinfo.fr\/app\/uploads\/sites\/5\/2024\/09\/201910img-0389-scaled.jpg","width":2560,"height":1920},{"@type":"BreadcrumbList","@id":"https:\/\/vosgesinfo.fr\/remiremontinfo\/2019\/10\/thillot-coquelicots-de-moselotte-preparent-rassemblement\/#breadcrumb","itemListElement":[{"@type":"ListItem","position":1,"name":"Home","item":"https:\/\/vosgesinfo.fr\/remiremontinfo\/"},{"@type":"ListItem","position":2,"name":"Le Thillot : les Coquelicots de la Moselotte pr\u00e9parent un rassemblement"}]},{"@type":"WebSite","@id":"https:\/\/vosgesinfo.fr\/remiremontinfo\/#website","url":"https:\/\/vosgesinfo.fr\/remiremontinfo\/","name":"Remiremont Info","description":"Toute l&#039;actualit\u00e9 de Remiremont","publisher":{"@id":"https:\/\/vosgesinfo.fr\/remiremontinfo\/#organization"},"alternateName":"Toute l'actualit\u00e9 de Remiremont","potentialAction":[{"@type":"SearchAction","target":{"@type":"EntryPoint","urlTemplate":"https:\/\/vosgesinfo.fr\/remiremontinfo\/?s={search_term_string}"},"query-input":"required name=search_term_string"}],"inLanguage":"fr-FR"},{"@type":"Organization","@id":"https:\/\/vosgesinfo.fr\/remiremontinfo\/#organization","name":"Remiremont Info","url":"https:\/\/vosgesinfo.fr\/remiremontinfo\/","logo":{"@type":"ImageObject","inLanguage":"fr-FR","@id":"https:\/\/vosgesinfo.fr\/remiremontinfo\/#\/schema\/logo\/image\/","url":"https:\/\/vosgesinfo.fr\/app\/uploads\/sites\/5\/2023\/08\/favicon-remiremontinfo.png","contentUrl":"https:\/\/vosgesinfo.fr\/app\/uploads\/sites\/5\/2023\/08\/favicon-remiremontinfo.png","width":512,"height":512,"caption":"Remiremont Info"},"image":{"@id":"https:\/\/vosgesinfo.fr\/remiremontinfo\/#\/schema\/logo\/image\/"},"sameAs":["https:\/\/www.facebook.com\/remiremontinfo","https:\/\/x.com\/VosgesInfo88","https:\/\/www.youtube.com\/@vosgesinfo"]},{"@type":"Person","@id":"https:\/\/vosgesinfo.fr\/remiremontinfo\/#\/schema\/person\/3bfd164d5218a185b1db68655a265316","name":"C D","image":{"@type":"ImageObject","inLanguage":"fr-FR","@id":"https:\/\/vosgesinfo.fr\/remiremontinfo\/#\/schema\/person\/image\/","url":"https:\/\/secure.gravatar.com\/avatar\/1f9a70007336511a47468b8f1c66f922b8b7cf617b02a31149ada43893a5d48f?s=96&d=mm&r=g","contentUrl":"https:\/\/secure.gravatar.com\/avatar\/1f9a70007336511a47468b8f1c66f922b8b7cf617b02a31149ada43893a5d48f?s=96&d=mm&r=g","caption":"C D"},"url":"https:\/\/vosgesinfo.fr\/remiremontinfo\/author\/cedric-drevet\/"}]}},"_links":{"self":[{"href":"https:\/\/vosgesinfo.fr\/remiremontinfo\/wp-json\/wp\/v2\/posts\/21164","targetHints":{"allow":["GET"]}}],"collection":[{"href":"https:\/\/vosgesinfo.fr\/remiremontinfo\/wp-json\/wp\/v2\/posts"}],"about":[{"href":"https:\/\/vosgesinfo.fr\/remiremontinfo\/wp-json\/wp\/v2\/types\/post"}],"author":[{"embeddable":true,"href":"https:\/\/vosgesinfo.fr\/remiremontinfo\/wp-json\/wp\/v2\/users\/407"}],"replies":[{"embeddable":true,"href":"https:\/\/vosgesinfo.fr\/remiremontinfo\/wp-json\/wp\/v2\/comments?post=21164"}],"version-history":[{"count":0,"href":"https:\/\/vosgesinfo.fr\/remiremontinfo\/wp-json\/wp\/v2\/posts\/21164\/revisions"}],"wp:featuredmedia":[{"embeddable":true,"href":"https:\/\/vosgesinfo.fr\/remiremontinfo\/wp-json\/wp\/v2\/media\/21165"}],"wp:attachment":[{"href":"https:\/\/vosgesinfo.fr\/remiremontinfo\/wp-json\/wp\/v2\/media?parent=21164"}],"wp:term":[{"taxonomy":"category","embeddable":true,"href":"https:\/\/vosgesinfo.fr\/remiremontinfo\/wp-json\/wp\/v2\/categories?post=21164"},{"taxonomy":"post_tag","embeddable":true,"href":"https:\/\/vosgesinfo.fr\/remiremontinfo\/wp-json\/wp\/v2\/tags?post=21164"}],"curies":[{"name":"wp","href":"https:\/\/api.w.org\/{rel}","templated":true}]}}