{"id":21170,"date":"2019-10-03T04:52:13","date_gmt":"2019-10-03T02:52:13","guid":{"rendered":"https:\/\/vosgesinfo.fr\/remiremontinfo\/2019\/10\/bresse-20h04-de-lidee-detour-2\/"},"modified":"2019-10-03T04:52:13","modified_gmt":"2019-10-03T02:52:13","slug":"bresse-20h04-de-lidee-detour-2","status":"publish","type":"post","link":"https:\/\/vosgesinfo.fr\/remiremontinfo\/2019\/10\/bresse-20h04-de-lidee-detour-2\/","title":{"rendered":"La Bresse : 20h04, de l&rsquo;id\u00e9e sans d\u00e9tour"},"content":{"rendered":"<p><a href=\"\/2019\/10\/1200x900_photo-Y-776102857-776003832-455297.jpg\"><img decoding=\"async\" class=\"alignnone size-full wp-image-269747\" src=\"\/2019\/10\/1200x900_photo-Y-776102857-776003832-455297.jpg\" alt=\"1200x900_photo-Y-776102857-776003832-455297\" width=\"800\" height=\"600\" \/><\/a><\/p>\n<h2><span style=\"font-size: 12pt;\"><strong>Pour la troisi\u00e8me ann\u00e9e cons\u00e9cutive, le \u00ab 20h04, de l&rsquo;id\u00e9e sans d\u00e9tour \u00bb va recevoir des conf\u00e9renciers du Festival International de G\u00e9ographie de Saint-Di\u00e9-des-Vosges. Cette ann\u00e9e, le th\u00e8me porte sur les migrations, ainsi trois intervenants vont nous interpeller sur diff\u00e9rents types de mobilit\u00e9s.<\/strong><\/span><\/h2>\n<p>Christian Grataloup, g\u00e9ohistorien, nous expliquera pourquoi migrer, c\u2019est changer de soci\u00e9t\u00e9, mais aussi franchir une discontinuit\u00e9 (dont Sud\/Nord) et enfin construire du discontinu. Le ph\u00e9nom\u00e8ne de migration s\u2019inscrit dans la longue dur\u00e9e de l\u2019humanit\u00e9, ainsi le puzzle de soci\u00e9t\u00e9s qui cr\u00e9ent notre monde en d\u00e9coule largement.<\/p>\n<p>Brenda Le Bigot, docteure en g\u00e9ographie, s\u2019int\u00e9resse aux migrations et plus particuli\u00e8rement aux mobilit\u00e9s, dites privil\u00e9gi\u00e9es. Du retrait\u00e9 international au \u00ab nomade digital \u00bb, les figures du touriste et de l\u2019expatri\u00e9 ne suffisent plus pour qualifier les mobilit\u00e9s depuis les Nords. Ses investigations sur les backpackers en Tha\u00eflande et les hivernants au Maroc l\u2019ont amen\u00e9 \u00e0 une question : Les mobilit\u00e9s de ces personnes peuvent-elles aussi \u00eatre nomm\u00e9es \u00abmigrations\u00bb ?<\/p>\n<p>Catherine Fournet-Gu\u00e9rin est docteure et agr\u00e9g\u00e9e de g\u00e9ographie, un de ses th\u00e8mes de recherches privil\u00e9gi\u00e9s portent sur les villes d\u2019Afrique. Elle nous pr\u00e9sentera ici une diaspora peu connue malgr\u00e9 son empreinte sur tous les continents : celle des Congolais originaires de RDC. Cet exemple illustrera ainsi un ph\u00e9nom\u00e8ne migratoire mondialis\u00e9 alors que le pays d\u2019origine est l\u2019un des plus pauvres du monde.<\/p>\n<p>Magu\u00e9ye Sarr : Artiste s\u00e9n\u00e9galais, Magu\u00e9ye est danseur, chor\u00e9graphe, chanteurcompositeur et musicien ! Il enchantera la soir\u00e9e par ses multiples talents. Pour rappel, les soir\u00e9es \u00ab 20h04, de l\u2019id\u00e9e sans d\u00e9tour \u00bb, ce sont 4 intervenants (dont 1 artiste) qui ont chacun 20 minutes pour vous passionner. \u00c7a commence \u00e0 20h04 tapantes et la soir\u00e9e se termine autour d\u2019un pot pour continuer \u00e0 \u00e9changer avec la personne qui vous a le plus int\u00e9ress\u00e9e.<\/p>\n","protected":false},"excerpt":{"rendered":"<p>Pour la troisi\u00e8me ann\u00e9e cons\u00e9cutive, le \u00ab 20h04, de l&rsquo;id\u00e9e sans d\u00e9tour \u00bb va recevoir des conf\u00e9renciers du Festival International [&hellip;]<\/p>\n","protected":false},"author":407,"featured_media":21171,"comment_status":"open","ping_status":"open","sticky":false,"template":"","format":"standard","meta":{"footnotes":""},"categories":[26,4,104,25,54],"tags":[],"class_list":["post-21170","post","type-post","status-publish","format-standard","has-post-thumbnail","hentry","category-a-la-une","category-culture","category-la-bresse-la-bresse-son-canton","category-la-bresse-son-canton","category-loisirs"],"acf":[],"yoast_head":"<!-- This site is optimized with the Yoast SEO plugin v22.5 - https:\/\/yoast.com\/wordpress\/plugins\/seo\/ -->\n<title>La Bresse : 20h04, de l&#039;id\u00e9e sans d\u00e9tour - Remiremont Info<\/title>\n<meta name=\"robots\" content=\"index, follow, max-snippet:-1, max-image-preview:large, max-video-preview:-1\" \/>\n<link rel=\"canonical\" href=\"https:\/\/vosgesinfo.fr\/remiremontinfo\/2019\/10\/bresse-20h04-de-lidee-detour-2\/\" \/>\n<meta name=\"twitter:card\" content=\"summary_large_image\" \/>\n<meta name=\"twitter:title\" content=\"La Bresse : 20h04, de l&#039;id\u00e9e sans d\u00e9tour - Remiremont Info\" \/>\n<meta name=\"twitter:description\" content=\"Pour la troisi\u00e8me ann\u00e9e cons\u00e9cutive, le \u00ab 20h04, de l&rsquo;id\u00e9e sans d\u00e9tour \u00bb va recevoir des conf\u00e9renciers du Festival International [&hellip;]\" \/>\n<meta name=\"twitter:image\" content=\"https:\/\/vosgesinfo.fr\/app\/uploads\/sites\/5\/2024\/09\/2019101200x900-photo-y-776102857-776003832-455297.jpg\" \/>\n<meta name=\"twitter:creator\" content=\"@VosgesInfo88\" \/>\n<meta name=\"twitter:site\" content=\"@VosgesInfo88\" \/>\n<meta name=\"twitter:label1\" content=\"\u00c9crit par\" \/>\n\t<meta name=\"twitter:data1\" content=\"C D\" \/>\n\t<meta name=\"twitter:label2\" content=\"Dur\u00e9e de lecture estim\u00e9e\" \/>\n\t<meta name=\"twitter:data2\" content=\"2 minutes\" \/>\n<script type=\"application\/ld+json\" class=\"yoast-schema-graph\">{\"@context\":\"https:\/\/schema.org\",\"@graph\":[{\"@type\":\"Article\",\"@id\":\"https:\/\/vosgesinfo.fr\/remiremontinfo\/2019\/10\/bresse-20h04-de-lidee-detour-2\/#article\",\"isPartOf\":{\"@id\":\"https:\/\/vosgesinfo.fr\/remiremontinfo\/2019\/10\/bresse-20h04-de-lidee-detour-2\/\"},\"author\":{\"name\":\"C D\",\"@id\":\"https:\/\/vosgesinfo.fr\/remiremontinfo\/#\/schema\/person\/3bfd164d5218a185b1db68655a265316\"},\"headline\":\"La Bresse : 20h04, de l&rsquo;id\u00e9e sans d\u00e9tour\",\"datePublished\":\"2019-10-03T02:52:13+00:00\",\"dateModified\":\"2019-10-03T02:52:13+00:00\",\"mainEntityOfPage\":{\"@id\":\"https:\/\/vosgesinfo.fr\/remiremontinfo\/2019\/10\/bresse-20h04-de-lidee-detour-2\/\"},\"wordCount\":353,\"commentCount\":0,\"publisher\":{\"@id\":\"https:\/\/vosgesinfo.fr\/remiremontinfo\/#organization\"},\"image\":{\"@id\":\"https:\/\/vosgesinfo.fr\/remiremontinfo\/2019\/10\/bresse-20h04-de-lidee-detour-2\/#primaryimage\"},\"thumbnailUrl\":\"https:\/\/vosgesinfo.fr\/app\/uploads\/sites\/5\/2024\/09\/2019101200x900-photo-y-776102857-776003832-455297.jpg\",\"articleSection\":[\"A la Une\",\"Culture\",\"La Bresse\",\"La Bresse &amp; son canton\",\"Loisirs\"],\"inLanguage\":\"fr-FR\",\"potentialAction\":[{\"@type\":\"CommentAction\",\"name\":\"Comment\",\"target\":[\"https:\/\/vosgesinfo.fr\/remiremontinfo\/2019\/10\/bresse-20h04-de-lidee-detour-2\/#respond\"]}]},{\"@type\":\"WebPage\",\"@id\":\"https:\/\/vosgesinfo.fr\/remiremontinfo\/2019\/10\/bresse-20h04-de-lidee-detour-2\/\",\"url\":\"https:\/\/vosgesinfo.fr\/remiremontinfo\/2019\/10\/bresse-20h04-de-lidee-detour-2\/\",\"name\":\"La Bresse : 20h04, de l'id\u00e9e sans d\u00e9tour - Remiremont Info\",\"isPartOf\":{\"@id\":\"https:\/\/vosgesinfo.fr\/remiremontinfo\/#website\"},\"primaryImageOfPage\":{\"@id\":\"https:\/\/vosgesinfo.fr\/remiremontinfo\/2019\/10\/bresse-20h04-de-lidee-detour-2\/#primaryimage\"},\"image\":{\"@id\":\"https:\/\/vosgesinfo.fr\/remiremontinfo\/2019\/10\/bresse-20h04-de-lidee-detour-2\/#primaryimage\"},\"thumbnailUrl\":\"https:\/\/vosgesinfo.fr\/app\/uploads\/sites\/5\/2024\/09\/2019101200x900-photo-y-776102857-776003832-455297.jpg\",\"datePublished\":\"2019-10-03T02:52:13+00:00\",\"dateModified\":\"2019-10-03T02:52:13+00:00\",\"breadcrumb\":{\"@id\":\"https:\/\/vosgesinfo.fr\/remiremontinfo\/2019\/10\/bresse-20h04-de-lidee-detour-2\/#breadcrumb\"},\"inLanguage\":\"fr-FR\",\"potentialAction\":[{\"@type\":\"ReadAction\",\"target\":[\"https:\/\/vosgesinfo.fr\/remiremontinfo\/2019\/10\/bresse-20h04-de-lidee-detour-2\/\"]}]},{\"@type\":\"ImageObject\",\"inLanguage\":\"fr-FR\",\"@id\":\"https:\/\/vosgesinfo.fr\/remiremontinfo\/2019\/10\/bresse-20h04-de-lidee-detour-2\/#primaryimage\",\"url\":\"https:\/\/vosgesinfo.fr\/app\/uploads\/sites\/5\/2024\/09\/2019101200x900-photo-y-776102857-776003832-455297.jpg\",\"contentUrl\":\"https:\/\/vosgesinfo.fr\/app\/uploads\/sites\/5\/2024\/09\/2019101200x900-photo-y-776102857-776003832-455297.jpg\",\"width\":800,\"height\":600},{\"@type\":\"BreadcrumbList\",\"@id\":\"https:\/\/vosgesinfo.fr\/remiremontinfo\/2019\/10\/bresse-20h04-de-lidee-detour-2\/#breadcrumb\",\"itemListElement\":[{\"@type\":\"ListItem\",\"position\":1,\"name\":\"Home\",\"item\":\"https:\/\/vosgesinfo.fr\/remiremontinfo\/\"},{\"@type\":\"ListItem\",\"position\":2,\"name\":\"La Bresse : 20h04, de l&rsquo;id\u00e9e sans d\u00e9tour\"}]},{\"@type\":\"WebSite\",\"@id\":\"https:\/\/vosgesinfo.fr\/remiremontinfo\/#website\",\"url\":\"https:\/\/vosgesinfo.fr\/remiremontinfo\/\",\"name\":\"Remiremont Info\",\"description\":\"Toute l&#039;actualit\u00e9 de Remiremont\",\"publisher\":{\"@id\":\"https:\/\/vosgesinfo.fr\/remiremontinfo\/#organization\"},\"alternateName\":\"Toute l'actualit\u00e9 de Remiremont\",\"potentialAction\":[{\"@type\":\"SearchAction\",\"target\":{\"@type\":\"EntryPoint\",\"urlTemplate\":\"https:\/\/vosgesinfo.fr\/remiremontinfo\/?s={search_term_string}\"},\"query-input\":\"required name=search_term_string\"}],\"inLanguage\":\"fr-FR\"},{\"@type\":\"Organization\",\"@id\":\"https:\/\/vosgesinfo.fr\/remiremontinfo\/#organization\",\"name\":\"Remiremont Info\",\"url\":\"https:\/\/vosgesinfo.fr\/remiremontinfo\/\",\"logo\":{\"@type\":\"ImageObject\",\"inLanguage\":\"fr-FR\",\"@id\":\"https:\/\/vosgesinfo.fr\/remiremontinfo\/#\/schema\/logo\/image\/\",\"url\":\"https:\/\/vosgesinfo.fr\/app\/uploads\/sites\/5\/2023\/08\/favicon-remiremontinfo.png\",\"contentUrl\":\"https:\/\/vosgesinfo.fr\/app\/uploads\/sites\/5\/2023\/08\/favicon-remiremontinfo.png\",\"width\":512,\"height\":512,\"caption\":\"Remiremont Info\"},\"image\":{\"@id\":\"https:\/\/vosgesinfo.fr\/remiremontinfo\/#\/schema\/logo\/image\/\"},\"sameAs\":[\"https:\/\/www.facebook.com\/remiremontinfo\",\"https:\/\/x.com\/VosgesInfo88\",\"https:\/\/www.youtube.com\/@vosgesinfo\"]},{\"@type\":\"Person\",\"@id\":\"https:\/\/vosgesinfo.fr\/remiremontinfo\/#\/schema\/person\/3bfd164d5218a185b1db68655a265316\",\"name\":\"C D\",\"image\":{\"@type\":\"ImageObject\",\"inLanguage\":\"fr-FR\",\"@id\":\"https:\/\/vosgesinfo.fr\/remiremontinfo\/#\/schema\/person\/image\/\",\"url\":\"https:\/\/secure.gravatar.com\/avatar\/1f9a70007336511a47468b8f1c66f922b8b7cf617b02a31149ada43893a5d48f?s=96&d=mm&r=g\",\"contentUrl\":\"https:\/\/secure.gravatar.com\/avatar\/1f9a70007336511a47468b8f1c66f922b8b7cf617b02a31149ada43893a5d48f?s=96&d=mm&r=g\",\"caption\":\"C D\"},\"url\":\"https:\/\/vosgesinfo.fr\/remiremontinfo\/author\/cedric-drevet\/\"}]}<\/script>\n<!-- \/ Yoast SEO plugin. -->","yoast_head_json":{"title":"La Bresse : 20h04, de l'id\u00e9e sans d\u00e9tour - Remiremont Info","robots":{"index":"index","follow":"follow","max-snippet":"max-snippet:-1","max-image-preview":"max-image-preview:large","max-video-preview":"max-video-preview:-1"},"canonical":"https:\/\/vosgesinfo.fr\/remiremontinfo\/2019\/10\/bresse-20h04-de-lidee-detour-2\/","twitter_card":"summary_large_image","twitter_title":"La Bresse : 20h04, de l'id\u00e9e sans d\u00e9tour - Remiremont Info","twitter_description":"Pour la troisi\u00e8me ann\u00e9e cons\u00e9cutive, le \u00ab 20h04, de l&rsquo;id\u00e9e sans d\u00e9tour \u00bb va recevoir des conf\u00e9renciers du Festival International [&hellip;]","twitter_image":"https:\/\/vosgesinfo.fr\/app\/uploads\/sites\/5\/2024\/09\/2019101200x900-photo-y-776102857-776003832-455297.jpg","twitter_creator":"@VosgesInfo88","twitter_site":"@VosgesInfo88","twitter_misc":{"\u00c9crit par":"C D","Dur\u00e9e de lecture estim\u00e9e":"2 minutes"},"schema":{"@context":"https:\/\/schema.org","@graph":[{"@type":"Article","@id":"https:\/\/vosgesinfo.fr\/remiremontinfo\/2019\/10\/bresse-20h04-de-lidee-detour-2\/#article","isPartOf":{"@id":"https:\/\/vosgesinfo.fr\/remiremontinfo\/2019\/10\/bresse-20h04-de-lidee-detour-2\/"},"author":{"name":"C D","@id":"https:\/\/vosgesinfo.fr\/remiremontinfo\/#\/schema\/person\/3bfd164d5218a185b1db68655a265316"},"headline":"La Bresse : 20h04, de l&rsquo;id\u00e9e sans d\u00e9tour","datePublished":"2019-10-03T02:52:13+00:00","dateModified":"2019-10-03T02:52:13+00:00","mainEntityOfPage":{"@id":"https:\/\/vosgesinfo.fr\/remiremontinfo\/2019\/10\/bresse-20h04-de-lidee-detour-2\/"},"wordCount":353,"commentCount":0,"publisher":{"@id":"https:\/\/vosgesinfo.fr\/remiremontinfo\/#organization"},"image":{"@id":"https:\/\/vosgesinfo.fr\/remiremontinfo\/2019\/10\/bresse-20h04-de-lidee-detour-2\/#primaryimage"},"thumbnailUrl":"https:\/\/vosgesinfo.fr\/app\/uploads\/sites\/5\/2024\/09\/2019101200x900-photo-y-776102857-776003832-455297.jpg","articleSection":["A la Une","Culture","La Bresse","La Bresse &amp; son canton","Loisirs"],"inLanguage":"fr-FR","potentialAction":[{"@type":"CommentAction","name":"Comment","target":["https:\/\/vosgesinfo.fr\/remiremontinfo\/2019\/10\/bresse-20h04-de-lidee-detour-2\/#respond"]}]},{"@type":"WebPage","@id":"https:\/\/vosgesinfo.fr\/remiremontinfo\/2019\/10\/bresse-20h04-de-lidee-detour-2\/","url":"https:\/\/vosgesinfo.fr\/remiremontinfo\/2019\/10\/bresse-20h04-de-lidee-detour-2\/","name":"La Bresse : 20h04, de l'id\u00e9e sans d\u00e9tour - Remiremont Info","isPartOf":{"@id":"https:\/\/vosgesinfo.fr\/remiremontinfo\/#website"},"primaryImageOfPage":{"@id":"https:\/\/vosgesinfo.fr\/remiremontinfo\/2019\/10\/bresse-20h04-de-lidee-detour-2\/#primaryimage"},"image":{"@id":"https:\/\/vosgesinfo.fr\/remiremontinfo\/2019\/10\/bresse-20h04-de-lidee-detour-2\/#primaryimage"},"thumbnailUrl":"https:\/\/vosgesinfo.fr\/app\/uploads\/sites\/5\/2024\/09\/2019101200x900-photo-y-776102857-776003832-455297.jpg","datePublished":"2019-10-03T02:52:13+00:00","dateModified":"2019-10-03T02:52:13+00:00","breadcrumb":{"@id":"https:\/\/vosgesinfo.fr\/remiremontinfo\/2019\/10\/bresse-20h04-de-lidee-detour-2\/#breadcrumb"},"inLanguage":"fr-FR","potentialAction":[{"@type":"ReadAction","target":["https:\/\/vosgesinfo.fr\/remiremontinfo\/2019\/10\/bresse-20h04-de-lidee-detour-2\/"]}]},{"@type":"ImageObject","inLanguage":"fr-FR","@id":"https:\/\/vosgesinfo.fr\/remiremontinfo\/2019\/10\/bresse-20h04-de-lidee-detour-2\/#primaryimage","url":"https:\/\/vosgesinfo.fr\/app\/uploads\/sites\/5\/2024\/09\/2019101200x900-photo-y-776102857-776003832-455297.jpg","contentUrl":"https:\/\/vosgesinfo.fr\/app\/uploads\/sites\/5\/2024\/09\/2019101200x900-photo-y-776102857-776003832-455297.jpg","width":800,"height":600},{"@type":"BreadcrumbList","@id":"https:\/\/vosgesinfo.fr\/remiremontinfo\/2019\/10\/bresse-20h04-de-lidee-detour-2\/#breadcrumb","itemListElement":[{"@type":"ListItem","position":1,"name":"Home","item":"https:\/\/vosgesinfo.fr\/remiremontinfo\/"},{"@type":"ListItem","position":2,"name":"La Bresse : 20h04, de l&rsquo;id\u00e9e sans d\u00e9tour"}]},{"@type":"WebSite","@id":"https:\/\/vosgesinfo.fr\/remiremontinfo\/#website","url":"https:\/\/vosgesinfo.fr\/remiremontinfo\/","name":"Remiremont Info","description":"Toute l&#039;actualit\u00e9 de Remiremont","publisher":{"@id":"https:\/\/vosgesinfo.fr\/remiremontinfo\/#organization"},"alternateName":"Toute l'actualit\u00e9 de Remiremont","potentialAction":[{"@type":"SearchAction","target":{"@type":"EntryPoint","urlTemplate":"https:\/\/vosgesinfo.fr\/remiremontinfo\/?s={search_term_string}"},"query-input":"required name=search_term_string"}],"inLanguage":"fr-FR"},{"@type":"Organization","@id":"https:\/\/vosgesinfo.fr\/remiremontinfo\/#organization","name":"Remiremont Info","url":"https:\/\/vosgesinfo.fr\/remiremontinfo\/","logo":{"@type":"ImageObject","inLanguage":"fr-FR","@id":"https:\/\/vosgesinfo.fr\/remiremontinfo\/#\/schema\/logo\/image\/","url":"https:\/\/vosgesinfo.fr\/app\/uploads\/sites\/5\/2023\/08\/favicon-remiremontinfo.png","contentUrl":"https:\/\/vosgesinfo.fr\/app\/uploads\/sites\/5\/2023\/08\/favicon-remiremontinfo.png","width":512,"height":512,"caption":"Remiremont Info"},"image":{"@id":"https:\/\/vosgesinfo.fr\/remiremontinfo\/#\/schema\/logo\/image\/"},"sameAs":["https:\/\/www.facebook.com\/remiremontinfo","https:\/\/x.com\/VosgesInfo88","https:\/\/www.youtube.com\/@vosgesinfo"]},{"@type":"Person","@id":"https:\/\/vosgesinfo.fr\/remiremontinfo\/#\/schema\/person\/3bfd164d5218a185b1db68655a265316","name":"C D","image":{"@type":"ImageObject","inLanguage":"fr-FR","@id":"https:\/\/vosgesinfo.fr\/remiremontinfo\/#\/schema\/person\/image\/","url":"https:\/\/secure.gravatar.com\/avatar\/1f9a70007336511a47468b8f1c66f922b8b7cf617b02a31149ada43893a5d48f?s=96&d=mm&r=g","contentUrl":"https:\/\/secure.gravatar.com\/avatar\/1f9a70007336511a47468b8f1c66f922b8b7cf617b02a31149ada43893a5d48f?s=96&d=mm&r=g","caption":"C D"},"url":"https:\/\/vosgesinfo.fr\/remiremontinfo\/author\/cedric-drevet\/"}]}},"_links":{"self":[{"href":"https:\/\/vosgesinfo.fr\/remiremontinfo\/wp-json\/wp\/v2\/posts\/21170","targetHints":{"allow":["GET"]}}],"collection":[{"href":"https:\/\/vosgesinfo.fr\/remiremontinfo\/wp-json\/wp\/v2\/posts"}],"about":[{"href":"https:\/\/vosgesinfo.fr\/remiremontinfo\/wp-json\/wp\/v2\/types\/post"}],"author":[{"embeddable":true,"href":"https:\/\/vosgesinfo.fr\/remiremontinfo\/wp-json\/wp\/v2\/users\/407"}],"replies":[{"embeddable":true,"href":"https:\/\/vosgesinfo.fr\/remiremontinfo\/wp-json\/wp\/v2\/comments?post=21170"}],"version-history":[{"count":0,"href":"https:\/\/vosgesinfo.fr\/remiremontinfo\/wp-json\/wp\/v2\/posts\/21170\/revisions"}],"wp:featuredmedia":[{"embeddable":true,"href":"https:\/\/vosgesinfo.fr\/remiremontinfo\/wp-json\/wp\/v2\/media\/21171"}],"wp:attachment":[{"href":"https:\/\/vosgesinfo.fr\/remiremontinfo\/wp-json\/wp\/v2\/media?parent=21170"}],"wp:term":[{"taxonomy":"category","embeddable":true,"href":"https:\/\/vosgesinfo.fr\/remiremontinfo\/wp-json\/wp\/v2\/categories?post=21170"},{"taxonomy":"post_tag","embeddable":true,"href":"https:\/\/vosgesinfo.fr\/remiremontinfo\/wp-json\/wp\/v2\/tags?post=21170"}],"curies":[{"name":"wp","href":"https:\/\/api.w.org\/{rel}","templated":true}]}}