{"id":21186,"date":"2019-10-04T05:19:47","date_gmt":"2019-10-04T03:19:47","guid":{"rendered":"https:\/\/vosgesinfo.fr\/remiremontinfo\/2019\/10\/festivartcades-vente-aux-encheres-naura-lieu-parking-terrain-de-filature\/"},"modified":"2019-10-04T05:19:47","modified_gmt":"2019-10-04T03:19:47","slug":"festivartcades-vente-aux-encheres-naura-lieu-parking-terrain-de-filature","status":"publish","type":"post","link":"https:\/\/vosgesinfo.fr\/remiremontinfo\/2019\/10\/festivartcades-vente-aux-encheres-naura-lieu-parking-terrain-de-filature\/","title":{"rendered":"Festivart\u2019cades : la vente aux ench\u00e8res n\u2019aura pas lieu dans le parking sous-terrain de la Filature"},"content":{"rendered":"<p class=\"p1\"><a href=\"\/2019\/10\/street-art-1-1.jpg\"><img decoding=\"async\" class=\"alignnone size-large wp-image-269778\" src=\"\/2019\/10\/street-art-1-1-1024x768.jpg\" alt=\"street-art-1-1\" width=\"960\" height=\"720\" \/><\/a><\/p>\n<h2 class=\"p1\"><span style=\"font-size: 12pt;\"><strong><span class=\"s1\">Lors de la premi\u00e8re du festival Festivart\u2019cades, le 27 juillet dernier, une dizaine d\u2019artistes graffeurs ont r\u00e9alis\u00e9 des graffitis en direct dans les rues de Remiremont. Une vente aux ench\u00e8res \u00e9tait pr\u00e9vue dans le parking sous-terrain de l\u2019\u00e9co-quartier de la filature. 4 r\u00e9sidents \u00e0 la Filature s\u2019opposent \u00e0 la tenue de l\u2019\u00e9v\u00e9nement \u00e0 cet endroit. <\/span><\/strong><\/span><\/h2>\n<p class=\"p1\"><span class=\"s1\">C\u2019est finalement dans la galerie situ\u00e9e au 12 place de Lattre que les ench\u00e8res auront lieu le 11 octobre prochain \u00e0 partir de 20h. En attendant, il est possible de voir les toiles au m\u00eame endroit dans une galerie \u00e9ph\u00e9m\u00e8re ouverte tous les apr\u00e8s-midis y compris le samedi de 14h \u00e0 19h. La plupart des oeuvres sont \u00e9galement \u00e0 retrouver sur le site <a href=\"http:\/\/festivartcades.net\">festivartcades.net<\/a> o\u00f9 vous pourrez faire une proposition de prix, sup\u00e9rieure bien s\u00fbr \u00e0 celui fix\u00e9 par l\u2019artiste, qui deviendra alors la mise \u00e0 prix de d\u00e9part lors de la vente aux ench\u00e8res.<\/span><\/p>\n","protected":false},"excerpt":{"rendered":"<p>Lors de la premi\u00e8re du festival Festivart\u2019cades, le 27 juillet dernier, une dizaine d\u2019artistes graffeurs ont r\u00e9alis\u00e9 des graffitis en [&hellip;]<\/p>\n","protected":false},"author":407,"featured_media":21187,"comment_status":"open","ping_status":"open","sticky":false,"template":"","format":"standard","meta":{"footnotes":""},"categories":[26,4,54,1556,35],"tags":[],"class_list":["post-21186","post","type-post","status-publish","format-standard","has-post-thumbnail","hentry","category-a-la-une","category-culture","category-loisirs","category-remiremont-remiremont-son-canton-2","category-remiremont-son-canton"],"acf":[],"yoast_head":"<!-- This site is optimized with the Yoast SEO plugin v22.5 - https:\/\/yoast.com\/wordpress\/plugins\/seo\/ -->\n<title>Festivart\u2019cades : la vente aux ench\u00e8res n\u2019aura pas lieu dans le parking sous-terrain de la Filature - Remiremont Info<\/title>\n<meta name=\"robots\" content=\"index, follow, max-snippet:-1, max-image-preview:large, max-video-preview:-1\" \/>\n<link rel=\"canonical\" href=\"https:\/\/vosgesinfo.fr\/remiremontinfo\/2019\/10\/festivartcades-vente-aux-encheres-naura-lieu-parking-terrain-de-filature\/\" \/>\n<meta name=\"twitter:card\" content=\"summary_large_image\" \/>\n<meta name=\"twitter:title\" content=\"Festivart\u2019cades : la vente aux ench\u00e8res n\u2019aura pas lieu dans le parking sous-terrain de la Filature - Remiremont Info\" \/>\n<meta name=\"twitter:description\" content=\"Lors de la premi\u00e8re du festival Festivart\u2019cades, le 27 juillet dernier, une dizaine d\u2019artistes graffeurs ont r\u00e9alis\u00e9 des graffitis en [&hellip;]\" \/>\n<meta name=\"twitter:image\" content=\"https:\/\/vosgesinfo.fr\/app\/uploads\/sites\/5\/2024\/09\/201910festivartcades-7.jpg\" \/>\n<meta name=\"twitter:creator\" content=\"@VosgesInfo88\" \/>\n<meta name=\"twitter:site\" content=\"@VosgesInfo88\" \/>\n<meta name=\"twitter:label1\" content=\"\u00c9crit par\" \/>\n\t<meta name=\"twitter:data1\" content=\"C D\" \/>\n\t<meta name=\"twitter:label2\" content=\"Dur\u00e9e de lecture estim\u00e9e\" \/>\n\t<meta name=\"twitter:data2\" content=\"1 minute\" \/>\n<script type=\"application\/ld+json\" class=\"yoast-schema-graph\">{\"@context\":\"https:\/\/schema.org\",\"@graph\":[{\"@type\":\"Article\",\"@id\":\"https:\/\/vosgesinfo.fr\/remiremontinfo\/2019\/10\/festivartcades-vente-aux-encheres-naura-lieu-parking-terrain-de-filature\/#article\",\"isPartOf\":{\"@id\":\"https:\/\/vosgesinfo.fr\/remiremontinfo\/2019\/10\/festivartcades-vente-aux-encheres-naura-lieu-parking-terrain-de-filature\/\"},\"author\":{\"name\":\"C D\",\"@id\":\"https:\/\/vosgesinfo.fr\/remiremontinfo\/#\/schema\/person\/3bfd164d5218a185b1db68655a265316\"},\"headline\":\"Festivart\u2019cades : la vente aux ench\u00e8res n\u2019aura pas lieu dans le parking sous-terrain de la Filature\",\"datePublished\":\"2019-10-04T03:19:47+00:00\",\"dateModified\":\"2019-10-04T03:19:47+00:00\",\"mainEntityOfPage\":{\"@id\":\"https:\/\/vosgesinfo.fr\/remiremontinfo\/2019\/10\/festivartcades-vente-aux-encheres-naura-lieu-parking-terrain-de-filature\/\"},\"wordCount\":180,\"commentCount\":0,\"publisher\":{\"@id\":\"https:\/\/vosgesinfo.fr\/remiremontinfo\/#organization\"},\"image\":{\"@id\":\"https:\/\/vosgesinfo.fr\/remiremontinfo\/2019\/10\/festivartcades-vente-aux-encheres-naura-lieu-parking-terrain-de-filature\/#primaryimage\"},\"thumbnailUrl\":\"https:\/\/vosgesinfo.fr\/app\/uploads\/sites\/5\/2024\/09\/201910festivartcades-7.jpg\",\"articleSection\":[\"A la Une\",\"Culture\",\"Loisirs\",\"Remiremont\",\"Remiremont &amp; son canton\"],\"inLanguage\":\"fr-FR\",\"potentialAction\":[{\"@type\":\"CommentAction\",\"name\":\"Comment\",\"target\":[\"https:\/\/vosgesinfo.fr\/remiremontinfo\/2019\/10\/festivartcades-vente-aux-encheres-naura-lieu-parking-terrain-de-filature\/#respond\"]}]},{\"@type\":\"WebPage\",\"@id\":\"https:\/\/vosgesinfo.fr\/remiremontinfo\/2019\/10\/festivartcades-vente-aux-encheres-naura-lieu-parking-terrain-de-filature\/\",\"url\":\"https:\/\/vosgesinfo.fr\/remiremontinfo\/2019\/10\/festivartcades-vente-aux-encheres-naura-lieu-parking-terrain-de-filature\/\",\"name\":\"Festivart\u2019cades : la vente aux ench\u00e8res n\u2019aura pas lieu dans le parking sous-terrain de la Filature - Remiremont Info\",\"isPartOf\":{\"@id\":\"https:\/\/vosgesinfo.fr\/remiremontinfo\/#website\"},\"primaryImageOfPage\":{\"@id\":\"https:\/\/vosgesinfo.fr\/remiremontinfo\/2019\/10\/festivartcades-vente-aux-encheres-naura-lieu-parking-terrain-de-filature\/#primaryimage\"},\"image\":{\"@id\":\"https:\/\/vosgesinfo.fr\/remiremontinfo\/2019\/10\/festivartcades-vente-aux-encheres-naura-lieu-parking-terrain-de-filature\/#primaryimage\"},\"thumbnailUrl\":\"https:\/\/vosgesinfo.fr\/app\/uploads\/sites\/5\/2024\/09\/201910festivartcades-7.jpg\",\"datePublished\":\"2019-10-04T03:19:47+00:00\",\"dateModified\":\"2019-10-04T03:19:47+00:00\",\"breadcrumb\":{\"@id\":\"https:\/\/vosgesinfo.fr\/remiremontinfo\/2019\/10\/festivartcades-vente-aux-encheres-naura-lieu-parking-terrain-de-filature\/#breadcrumb\"},\"inLanguage\":\"fr-FR\",\"potentialAction\":[{\"@type\":\"ReadAction\",\"target\":[\"https:\/\/vosgesinfo.fr\/remiremontinfo\/2019\/10\/festivartcades-vente-aux-encheres-naura-lieu-parking-terrain-de-filature\/\"]}]},{\"@type\":\"ImageObject\",\"inLanguage\":\"fr-FR\",\"@id\":\"https:\/\/vosgesinfo.fr\/remiremontinfo\/2019\/10\/festivartcades-vente-aux-encheres-naura-lieu-parking-terrain-de-filature\/#primaryimage\",\"url\":\"https:\/\/vosgesinfo.fr\/app\/uploads\/sites\/5\/2024\/09\/201910festivartcades-7.jpg\",\"contentUrl\":\"https:\/\/vosgesinfo.fr\/app\/uploads\/sites\/5\/2024\/09\/201910festivartcades-7.jpg\",\"width\":2016,\"height\":1512},{\"@type\":\"BreadcrumbList\",\"@id\":\"https:\/\/vosgesinfo.fr\/remiremontinfo\/2019\/10\/festivartcades-vente-aux-encheres-naura-lieu-parking-terrain-de-filature\/#breadcrumb\",\"itemListElement\":[{\"@type\":\"ListItem\",\"position\":1,\"name\":\"Home\",\"item\":\"https:\/\/vosgesinfo.fr\/remiremontinfo\/\"},{\"@type\":\"ListItem\",\"position\":2,\"name\":\"Festivart\u2019cades : la vente aux ench\u00e8res n\u2019aura pas lieu dans le parking sous-terrain de la Filature\"}]},{\"@type\":\"WebSite\",\"@id\":\"https:\/\/vosgesinfo.fr\/remiremontinfo\/#website\",\"url\":\"https:\/\/vosgesinfo.fr\/remiremontinfo\/\",\"name\":\"Remiremont Info\",\"description\":\"Toute l&#039;actualit\u00e9 de Remiremont\",\"publisher\":{\"@id\":\"https:\/\/vosgesinfo.fr\/remiremontinfo\/#organization\"},\"alternateName\":\"Toute l'actualit\u00e9 de Remiremont\",\"potentialAction\":[{\"@type\":\"SearchAction\",\"target\":{\"@type\":\"EntryPoint\",\"urlTemplate\":\"https:\/\/vosgesinfo.fr\/remiremontinfo\/?s={search_term_string}\"},\"query-input\":\"required name=search_term_string\"}],\"inLanguage\":\"fr-FR\"},{\"@type\":\"Organization\",\"@id\":\"https:\/\/vosgesinfo.fr\/remiremontinfo\/#organization\",\"name\":\"Remiremont Info\",\"url\":\"https:\/\/vosgesinfo.fr\/remiremontinfo\/\",\"logo\":{\"@type\":\"ImageObject\",\"inLanguage\":\"fr-FR\",\"@id\":\"https:\/\/vosgesinfo.fr\/remiremontinfo\/#\/schema\/logo\/image\/\",\"url\":\"https:\/\/vosgesinfo.fr\/app\/uploads\/sites\/5\/2023\/08\/favicon-remiremontinfo.png\",\"contentUrl\":\"https:\/\/vosgesinfo.fr\/app\/uploads\/sites\/5\/2023\/08\/favicon-remiremontinfo.png\",\"width\":512,\"height\":512,\"caption\":\"Remiremont Info\"},\"image\":{\"@id\":\"https:\/\/vosgesinfo.fr\/remiremontinfo\/#\/schema\/logo\/image\/\"},\"sameAs\":[\"https:\/\/www.facebook.com\/remiremontinfo\",\"https:\/\/x.com\/VosgesInfo88\",\"https:\/\/www.youtube.com\/@vosgesinfo\"]},{\"@type\":\"Person\",\"@id\":\"https:\/\/vosgesinfo.fr\/remiremontinfo\/#\/schema\/person\/3bfd164d5218a185b1db68655a265316\",\"name\":\"C D\",\"image\":{\"@type\":\"ImageObject\",\"inLanguage\":\"fr-FR\",\"@id\":\"https:\/\/vosgesinfo.fr\/remiremontinfo\/#\/schema\/person\/image\/\",\"url\":\"https:\/\/secure.gravatar.com\/avatar\/1f9a70007336511a47468b8f1c66f922b8b7cf617b02a31149ada43893a5d48f?s=96&d=mm&r=g\",\"contentUrl\":\"https:\/\/secure.gravatar.com\/avatar\/1f9a70007336511a47468b8f1c66f922b8b7cf617b02a31149ada43893a5d48f?s=96&d=mm&r=g\",\"caption\":\"C D\"},\"url\":\"https:\/\/vosgesinfo.fr\/remiremontinfo\/author\/cedric-drevet\/\"}]}<\/script>\n<!-- \/ Yoast SEO plugin. -->","yoast_head_json":{"title":"Festivart\u2019cades : la vente aux ench\u00e8res n\u2019aura pas lieu dans le parking sous-terrain de la Filature - Remiremont Info","robots":{"index":"index","follow":"follow","max-snippet":"max-snippet:-1","max-image-preview":"max-image-preview:large","max-video-preview":"max-video-preview:-1"},"canonical":"https:\/\/vosgesinfo.fr\/remiremontinfo\/2019\/10\/festivartcades-vente-aux-encheres-naura-lieu-parking-terrain-de-filature\/","twitter_card":"summary_large_image","twitter_title":"Festivart\u2019cades : la vente aux ench\u00e8res n\u2019aura pas lieu dans le parking sous-terrain de la Filature - Remiremont Info","twitter_description":"Lors de la premi\u00e8re du festival Festivart\u2019cades, le 27 juillet dernier, une dizaine d\u2019artistes graffeurs ont r\u00e9alis\u00e9 des graffitis en [&hellip;]","twitter_image":"https:\/\/vosgesinfo.fr\/app\/uploads\/sites\/5\/2024\/09\/201910festivartcades-7.jpg","twitter_creator":"@VosgesInfo88","twitter_site":"@VosgesInfo88","twitter_misc":{"\u00c9crit par":"C D","Dur\u00e9e de lecture estim\u00e9e":"1 minute"},"schema":{"@context":"https:\/\/schema.org","@graph":[{"@type":"Article","@id":"https:\/\/vosgesinfo.fr\/remiremontinfo\/2019\/10\/festivartcades-vente-aux-encheres-naura-lieu-parking-terrain-de-filature\/#article","isPartOf":{"@id":"https:\/\/vosgesinfo.fr\/remiremontinfo\/2019\/10\/festivartcades-vente-aux-encheres-naura-lieu-parking-terrain-de-filature\/"},"author":{"name":"C D","@id":"https:\/\/vosgesinfo.fr\/remiremontinfo\/#\/schema\/person\/3bfd164d5218a185b1db68655a265316"},"headline":"Festivart\u2019cades : la vente aux ench\u00e8res n\u2019aura pas lieu dans le parking sous-terrain de la Filature","datePublished":"2019-10-04T03:19:47+00:00","dateModified":"2019-10-04T03:19:47+00:00","mainEntityOfPage":{"@id":"https:\/\/vosgesinfo.fr\/remiremontinfo\/2019\/10\/festivartcades-vente-aux-encheres-naura-lieu-parking-terrain-de-filature\/"},"wordCount":180,"commentCount":0,"publisher":{"@id":"https:\/\/vosgesinfo.fr\/remiremontinfo\/#organization"},"image":{"@id":"https:\/\/vosgesinfo.fr\/remiremontinfo\/2019\/10\/festivartcades-vente-aux-encheres-naura-lieu-parking-terrain-de-filature\/#primaryimage"},"thumbnailUrl":"https:\/\/vosgesinfo.fr\/app\/uploads\/sites\/5\/2024\/09\/201910festivartcades-7.jpg","articleSection":["A la Une","Culture","Loisirs","Remiremont","Remiremont &amp; son canton"],"inLanguage":"fr-FR","potentialAction":[{"@type":"CommentAction","name":"Comment","target":["https:\/\/vosgesinfo.fr\/remiremontinfo\/2019\/10\/festivartcades-vente-aux-encheres-naura-lieu-parking-terrain-de-filature\/#respond"]}]},{"@type":"WebPage","@id":"https:\/\/vosgesinfo.fr\/remiremontinfo\/2019\/10\/festivartcades-vente-aux-encheres-naura-lieu-parking-terrain-de-filature\/","url":"https:\/\/vosgesinfo.fr\/remiremontinfo\/2019\/10\/festivartcades-vente-aux-encheres-naura-lieu-parking-terrain-de-filature\/","name":"Festivart\u2019cades : la vente aux ench\u00e8res n\u2019aura pas lieu dans le parking sous-terrain de la Filature - Remiremont Info","isPartOf":{"@id":"https:\/\/vosgesinfo.fr\/remiremontinfo\/#website"},"primaryImageOfPage":{"@id":"https:\/\/vosgesinfo.fr\/remiremontinfo\/2019\/10\/festivartcades-vente-aux-encheres-naura-lieu-parking-terrain-de-filature\/#primaryimage"},"image":{"@id":"https:\/\/vosgesinfo.fr\/remiremontinfo\/2019\/10\/festivartcades-vente-aux-encheres-naura-lieu-parking-terrain-de-filature\/#primaryimage"},"thumbnailUrl":"https:\/\/vosgesinfo.fr\/app\/uploads\/sites\/5\/2024\/09\/201910festivartcades-7.jpg","datePublished":"2019-10-04T03:19:47+00:00","dateModified":"2019-10-04T03:19:47+00:00","breadcrumb":{"@id":"https:\/\/vosgesinfo.fr\/remiremontinfo\/2019\/10\/festivartcades-vente-aux-encheres-naura-lieu-parking-terrain-de-filature\/#breadcrumb"},"inLanguage":"fr-FR","potentialAction":[{"@type":"ReadAction","target":["https:\/\/vosgesinfo.fr\/remiremontinfo\/2019\/10\/festivartcades-vente-aux-encheres-naura-lieu-parking-terrain-de-filature\/"]}]},{"@type":"ImageObject","inLanguage":"fr-FR","@id":"https:\/\/vosgesinfo.fr\/remiremontinfo\/2019\/10\/festivartcades-vente-aux-encheres-naura-lieu-parking-terrain-de-filature\/#primaryimage","url":"https:\/\/vosgesinfo.fr\/app\/uploads\/sites\/5\/2024\/09\/201910festivartcades-7.jpg","contentUrl":"https:\/\/vosgesinfo.fr\/app\/uploads\/sites\/5\/2024\/09\/201910festivartcades-7.jpg","width":2016,"height":1512},{"@type":"BreadcrumbList","@id":"https:\/\/vosgesinfo.fr\/remiremontinfo\/2019\/10\/festivartcades-vente-aux-encheres-naura-lieu-parking-terrain-de-filature\/#breadcrumb","itemListElement":[{"@type":"ListItem","position":1,"name":"Home","item":"https:\/\/vosgesinfo.fr\/remiremontinfo\/"},{"@type":"ListItem","position":2,"name":"Festivart\u2019cades : la vente aux ench\u00e8res n\u2019aura pas lieu dans le parking sous-terrain de la Filature"}]},{"@type":"WebSite","@id":"https:\/\/vosgesinfo.fr\/remiremontinfo\/#website","url":"https:\/\/vosgesinfo.fr\/remiremontinfo\/","name":"Remiremont Info","description":"Toute l&#039;actualit\u00e9 de Remiremont","publisher":{"@id":"https:\/\/vosgesinfo.fr\/remiremontinfo\/#organization"},"alternateName":"Toute l'actualit\u00e9 de Remiremont","potentialAction":[{"@type":"SearchAction","target":{"@type":"EntryPoint","urlTemplate":"https:\/\/vosgesinfo.fr\/remiremontinfo\/?s={search_term_string}"},"query-input":"required name=search_term_string"}],"inLanguage":"fr-FR"},{"@type":"Organization","@id":"https:\/\/vosgesinfo.fr\/remiremontinfo\/#organization","name":"Remiremont Info","url":"https:\/\/vosgesinfo.fr\/remiremontinfo\/","logo":{"@type":"ImageObject","inLanguage":"fr-FR","@id":"https:\/\/vosgesinfo.fr\/remiremontinfo\/#\/schema\/logo\/image\/","url":"https:\/\/vosgesinfo.fr\/app\/uploads\/sites\/5\/2023\/08\/favicon-remiremontinfo.png","contentUrl":"https:\/\/vosgesinfo.fr\/app\/uploads\/sites\/5\/2023\/08\/favicon-remiremontinfo.png","width":512,"height":512,"caption":"Remiremont Info"},"image":{"@id":"https:\/\/vosgesinfo.fr\/remiremontinfo\/#\/schema\/logo\/image\/"},"sameAs":["https:\/\/www.facebook.com\/remiremontinfo","https:\/\/x.com\/VosgesInfo88","https:\/\/www.youtube.com\/@vosgesinfo"]},{"@type":"Person","@id":"https:\/\/vosgesinfo.fr\/remiremontinfo\/#\/schema\/person\/3bfd164d5218a185b1db68655a265316","name":"C D","image":{"@type":"ImageObject","inLanguage":"fr-FR","@id":"https:\/\/vosgesinfo.fr\/remiremontinfo\/#\/schema\/person\/image\/","url":"https:\/\/secure.gravatar.com\/avatar\/1f9a70007336511a47468b8f1c66f922b8b7cf617b02a31149ada43893a5d48f?s=96&d=mm&r=g","contentUrl":"https:\/\/secure.gravatar.com\/avatar\/1f9a70007336511a47468b8f1c66f922b8b7cf617b02a31149ada43893a5d48f?s=96&d=mm&r=g","caption":"C D"},"url":"https:\/\/vosgesinfo.fr\/remiremontinfo\/author\/cedric-drevet\/"}]}},"_links":{"self":[{"href":"https:\/\/vosgesinfo.fr\/remiremontinfo\/wp-json\/wp\/v2\/posts\/21186","targetHints":{"allow":["GET"]}}],"collection":[{"href":"https:\/\/vosgesinfo.fr\/remiremontinfo\/wp-json\/wp\/v2\/posts"}],"about":[{"href":"https:\/\/vosgesinfo.fr\/remiremontinfo\/wp-json\/wp\/v2\/types\/post"}],"author":[{"embeddable":true,"href":"https:\/\/vosgesinfo.fr\/remiremontinfo\/wp-json\/wp\/v2\/users\/407"}],"replies":[{"embeddable":true,"href":"https:\/\/vosgesinfo.fr\/remiremontinfo\/wp-json\/wp\/v2\/comments?post=21186"}],"version-history":[{"count":0,"href":"https:\/\/vosgesinfo.fr\/remiremontinfo\/wp-json\/wp\/v2\/posts\/21186\/revisions"}],"wp:featuredmedia":[{"embeddable":true,"href":"https:\/\/vosgesinfo.fr\/remiremontinfo\/wp-json\/wp\/v2\/media\/21187"}],"wp:attachment":[{"href":"https:\/\/vosgesinfo.fr\/remiremontinfo\/wp-json\/wp\/v2\/media?parent=21186"}],"wp:term":[{"taxonomy":"category","embeddable":true,"href":"https:\/\/vosgesinfo.fr\/remiremontinfo\/wp-json\/wp\/v2\/categories?post=21186"},{"taxonomy":"post_tag","embeddable":true,"href":"https:\/\/vosgesinfo.fr\/remiremontinfo\/wp-json\/wp\/v2\/tags?post=21186"}],"curies":[{"name":"wp","href":"https:\/\/api.w.org\/{rel}","templated":true}]}}