{"id":21207,"date":"2019-10-05T06:24:59","date_gmt":"2019-10-05T04:24:59","guid":{"rendered":"https:\/\/vosgesinfo.fr\/remiremontinfo\/2019\/10\/fete-simples-ledition-2019-a-rassemble-plus-de-5-000-visiteurs\/"},"modified":"2019-10-05T06:24:59","modified_gmt":"2019-10-05T04:24:59","slug":"fete-simples-ledition-2019-a-rassemble-plus-de-5-000-visiteurs","status":"publish","type":"post","link":"https:\/\/vosgesinfo.fr\/remiremontinfo\/2019\/10\/fete-simples-ledition-2019-a-rassemble-plus-de-5-000-visiteurs\/","title":{"rendered":"F\u00eate des Simples : l&rsquo;\u00e9dition 2019 a rassembl\u00e9 plus de 5.000 visiteurs"},"content":{"rendered":"<div id=\"attachment_269812\" style=\"width: 970px\" class=\"wp-caption alignnone\"><a href=\"\/2019\/10\/71287546_10218204420035516_6192541511603716096_o.jpg\"><img decoding=\"async\" aria-describedby=\"caption-attachment-269812\" class=\"size-large wp-image-269812\" src=\"\/2019\/10\/71287546_10218204420035516_6192541511603716096_o-1024x683.jpg\" alt=\"Photo de Claude No\u00ebl\" width=\"960\" height=\"640\" \/><\/a><p id=\"caption-attachment-269812\" class=\"wp-caption-text\"><em>Photo de Claude No\u00ebl<\/em><\/p><\/div>\n<h2><span style=\"font-size: 12pt;\"><strong>Nul doute que cette onzi\u00e8me \u00e9dition de la F\u00eate des Simples, accueillie \u00e0 CORNIMONT le week-end dernier, marquera durablement les esprits tant au sein de l\u2019\u00e9quipe organisatrice, qu\u2019aupr\u00e8s des producteurs pr\u00e9sents et des habitants.<\/strong><\/span><\/h2>\n<p>\u00ab L\u2019investissement des Counehets a \u00e9t\u00e9 formidable. Merci \u00e0 ceux qui spontan\u00e9ment ont ouvert leurs portes pour h\u00e9berger des b\u00e9n\u00e9voles ou des exposants. Merci \u00e0 ceux qui, de pr\u00e8s ou de loin, ont pris part \u00e0 l\u2019organisation ! Et surtout merci \u00e0 la municipalit\u00e9, aux services techniques, aux \u00e9quipes de m\u00e9nage pour leur accueil, leur r\u00e9activit\u00e9 et leur efficacit\u00e9 \u00bb, dixit le comit\u00e9 d\u2019organisation de la F\u00eate. Au total, pr\u00e8s de 5000 visiteurs ont pris part aux diverses animations pro- pos\u00e9es durant deux jours. Le march\u00e9 des producteurs et des associations a fait le plein, les activit\u00e9s de l\u2019espace Familles ont enchant\u00e9 petits et grands, l\u2019espace \u00ab C\u0153ur des M\u00e9tiers \u00bb a offert une belle d\u00e9couverte de la profession de paysan herboriste, la qualit\u00e9 des conf\u00e9rences et projections ont captiv\u00e9 le public, les ateliers et sorties botaniques ont \u00e9t\u00e9 pris d\u2019assaut, les organismes de formations ont r\u00e9pondu aux nombreuses questions de futurs \u00e9l\u00e8ves &#8230; Merci \u00e0 tous !<\/p>\n<p><em>Cornimont Actu n\u00b0207<\/em><\/p>\n","protected":false},"excerpt":{"rendered":"<p>Nul doute que cette onzi\u00e8me \u00e9dition de la F\u00eate des Simples, accueillie \u00e0 CORNIMONT le week-end dernier, marquera durablement les [&hellip;]<\/p>\n","protected":false},"author":407,"featured_media":21208,"comment_status":"open","ping_status":"open","sticky":false,"template":"","format":"standard","meta":{"footnotes":""},"categories":[26,34,4,25,54],"tags":[],"class_list":["post-21207","post","type-post","status-publish","format-standard","has-post-thumbnail","hentry","category-a-la-une","category-cornimont","category-culture","category-la-bresse-son-canton","category-loisirs"],"acf":[],"yoast_head":"<!-- This site is optimized with the Yoast SEO plugin v22.5 - https:\/\/yoast.com\/wordpress\/plugins\/seo\/ -->\n<title>F\u00eate des Simples : l&#039;\u00e9dition 2019 a rassembl\u00e9 plus de 5.000 visiteurs - Remiremont Info<\/title>\n<meta name=\"robots\" content=\"index, follow, max-snippet:-1, max-image-preview:large, max-video-preview:-1\" \/>\n<link rel=\"canonical\" href=\"https:\/\/vosgesinfo.fr\/remiremontinfo\/2019\/10\/fete-simples-ledition-2019-a-rassemble-plus-de-5-000-visiteurs\/\" \/>\n<meta name=\"twitter:card\" content=\"summary_large_image\" \/>\n<meta name=\"twitter:title\" content=\"F\u00eate des Simples : l&#039;\u00e9dition 2019 a rassembl\u00e9 plus de 5.000 visiteurs - Remiremont Info\" \/>\n<meta name=\"twitter:description\" content=\"Nul doute que cette onzi\u00e8me \u00e9dition de la F\u00eate des Simples, accueillie \u00e0 CORNIMONT le week-end dernier, marquera durablement les [&hellip;]\" \/>\n<meta name=\"twitter:image\" content=\"https:\/\/vosgesinfo.fr\/app\/uploads\/sites\/5\/2024\/09\/20191071287546-10218204420035516-6192541511603716096-o.jpg\" \/>\n<meta name=\"twitter:creator\" content=\"@VosgesInfo88\" \/>\n<meta name=\"twitter:site\" content=\"@VosgesInfo88\" \/>\n<meta name=\"twitter:label1\" content=\"\u00c9crit par\" \/>\n\t<meta name=\"twitter:data1\" content=\"C D\" \/>\n\t<meta name=\"twitter:label2\" content=\"Dur\u00e9e de lecture estim\u00e9e\" \/>\n\t<meta name=\"twitter:data2\" content=\"1 minute\" \/>\n<script type=\"application\/ld+json\" class=\"yoast-schema-graph\">{\"@context\":\"https:\/\/schema.org\",\"@graph\":[{\"@type\":\"Article\",\"@id\":\"https:\/\/vosgesinfo.fr\/remiremontinfo\/2019\/10\/fete-simples-ledition-2019-a-rassemble-plus-de-5-000-visiteurs\/#article\",\"isPartOf\":{\"@id\":\"https:\/\/vosgesinfo.fr\/remiremontinfo\/2019\/10\/fete-simples-ledition-2019-a-rassemble-plus-de-5-000-visiteurs\/\"},\"author\":{\"name\":\"C D\",\"@id\":\"https:\/\/vosgesinfo.fr\/remiremontinfo\/#\/schema\/person\/3bfd164d5218a185b1db68655a265316\"},\"headline\":\"F\u00eate des Simples : l&rsquo;\u00e9dition 2019 a rassembl\u00e9 plus de 5.000 visiteurs\",\"datePublished\":\"2019-10-05T04:24:59+00:00\",\"dateModified\":\"2019-10-05T04:24:59+00:00\",\"mainEntityOfPage\":{\"@id\":\"https:\/\/vosgesinfo.fr\/remiremontinfo\/2019\/10\/fete-simples-ledition-2019-a-rassemble-plus-de-5-000-visiteurs\/\"},\"wordCount\":233,\"commentCount\":0,\"publisher\":{\"@id\":\"https:\/\/vosgesinfo.fr\/remiremontinfo\/#organization\"},\"image\":{\"@id\":\"https:\/\/vosgesinfo.fr\/remiremontinfo\/2019\/10\/fete-simples-ledition-2019-a-rassemble-plus-de-5-000-visiteurs\/#primaryimage\"},\"thumbnailUrl\":\"https:\/\/vosgesinfo.fr\/app\/uploads\/sites\/5\/2024\/09\/20191071287546-10218204420035516-6192541511603716096-o.jpg\",\"articleSection\":[\"A la Une\",\"Cornimont\",\"Culture\",\"La Bresse &amp; son canton\",\"Loisirs\"],\"inLanguage\":\"fr-FR\",\"potentialAction\":[{\"@type\":\"CommentAction\",\"name\":\"Comment\",\"target\":[\"https:\/\/vosgesinfo.fr\/remiremontinfo\/2019\/10\/fete-simples-ledition-2019-a-rassemble-plus-de-5-000-visiteurs\/#respond\"]}]},{\"@type\":\"WebPage\",\"@id\":\"https:\/\/vosgesinfo.fr\/remiremontinfo\/2019\/10\/fete-simples-ledition-2019-a-rassemble-plus-de-5-000-visiteurs\/\",\"url\":\"https:\/\/vosgesinfo.fr\/remiremontinfo\/2019\/10\/fete-simples-ledition-2019-a-rassemble-plus-de-5-000-visiteurs\/\",\"name\":\"F\u00eate des Simples : l'\u00e9dition 2019 a rassembl\u00e9 plus de 5.000 visiteurs - Remiremont Info\",\"isPartOf\":{\"@id\":\"https:\/\/vosgesinfo.fr\/remiremontinfo\/#website\"},\"primaryImageOfPage\":{\"@id\":\"https:\/\/vosgesinfo.fr\/remiremontinfo\/2019\/10\/fete-simples-ledition-2019-a-rassemble-plus-de-5-000-visiteurs\/#primaryimage\"},\"image\":{\"@id\":\"https:\/\/vosgesinfo.fr\/remiremontinfo\/2019\/10\/fete-simples-ledition-2019-a-rassemble-plus-de-5-000-visiteurs\/#primaryimage\"},\"thumbnailUrl\":\"https:\/\/vosgesinfo.fr\/app\/uploads\/sites\/5\/2024\/09\/20191071287546-10218204420035516-6192541511603716096-o.jpg\",\"datePublished\":\"2019-10-05T04:24:59+00:00\",\"dateModified\":\"2019-10-05T04:24:59+00:00\",\"breadcrumb\":{\"@id\":\"https:\/\/vosgesinfo.fr\/remiremontinfo\/2019\/10\/fete-simples-ledition-2019-a-rassemble-plus-de-5-000-visiteurs\/#breadcrumb\"},\"inLanguage\":\"fr-FR\",\"potentialAction\":[{\"@type\":\"ReadAction\",\"target\":[\"https:\/\/vosgesinfo.fr\/remiremontinfo\/2019\/10\/fete-simples-ledition-2019-a-rassemble-plus-de-5-000-visiteurs\/\"]}]},{\"@type\":\"ImageObject\",\"inLanguage\":\"fr-FR\",\"@id\":\"https:\/\/vosgesinfo.fr\/remiremontinfo\/2019\/10\/fete-simples-ledition-2019-a-rassemble-plus-de-5-000-visiteurs\/#primaryimage\",\"url\":\"https:\/\/vosgesinfo.fr\/app\/uploads\/sites\/5\/2024\/09\/20191071287546-10218204420035516-6192541511603716096-o.jpg\",\"contentUrl\":\"https:\/\/vosgesinfo.fr\/app\/uploads\/sites\/5\/2024\/09\/20191071287546-10218204420035516-6192541511603716096-o.jpg\",\"width\":2048,\"height\":1365},{\"@type\":\"BreadcrumbList\",\"@id\":\"https:\/\/vosgesinfo.fr\/remiremontinfo\/2019\/10\/fete-simples-ledition-2019-a-rassemble-plus-de-5-000-visiteurs\/#breadcrumb\",\"itemListElement\":[{\"@type\":\"ListItem\",\"position\":1,\"name\":\"Home\",\"item\":\"https:\/\/vosgesinfo.fr\/remiremontinfo\/\"},{\"@type\":\"ListItem\",\"position\":2,\"name\":\"F\u00eate des Simples : l&rsquo;\u00e9dition 2019 a rassembl\u00e9 plus de 5.000 visiteurs\"}]},{\"@type\":\"WebSite\",\"@id\":\"https:\/\/vosgesinfo.fr\/remiremontinfo\/#website\",\"url\":\"https:\/\/vosgesinfo.fr\/remiremontinfo\/\",\"name\":\"Remiremont Info\",\"description\":\"Toute l&#039;actualit\u00e9 de Remiremont\",\"publisher\":{\"@id\":\"https:\/\/vosgesinfo.fr\/remiremontinfo\/#organization\"},\"alternateName\":\"Toute l'actualit\u00e9 de Remiremont\",\"potentialAction\":[{\"@type\":\"SearchAction\",\"target\":{\"@type\":\"EntryPoint\",\"urlTemplate\":\"https:\/\/vosgesinfo.fr\/remiremontinfo\/?s={search_term_string}\"},\"query-input\":\"required name=search_term_string\"}],\"inLanguage\":\"fr-FR\"},{\"@type\":\"Organization\",\"@id\":\"https:\/\/vosgesinfo.fr\/remiremontinfo\/#organization\",\"name\":\"Remiremont Info\",\"url\":\"https:\/\/vosgesinfo.fr\/remiremontinfo\/\",\"logo\":{\"@type\":\"ImageObject\",\"inLanguage\":\"fr-FR\",\"@id\":\"https:\/\/vosgesinfo.fr\/remiremontinfo\/#\/schema\/logo\/image\/\",\"url\":\"https:\/\/vosgesinfo.fr\/app\/uploads\/sites\/5\/2023\/08\/favicon-remiremontinfo.png\",\"contentUrl\":\"https:\/\/vosgesinfo.fr\/app\/uploads\/sites\/5\/2023\/08\/favicon-remiremontinfo.png\",\"width\":512,\"height\":512,\"caption\":\"Remiremont Info\"},\"image\":{\"@id\":\"https:\/\/vosgesinfo.fr\/remiremontinfo\/#\/schema\/logo\/image\/\"},\"sameAs\":[\"https:\/\/www.facebook.com\/remiremontinfo\",\"https:\/\/x.com\/VosgesInfo88\",\"https:\/\/www.youtube.com\/@vosgesinfo\"]},{\"@type\":\"Person\",\"@id\":\"https:\/\/vosgesinfo.fr\/remiremontinfo\/#\/schema\/person\/3bfd164d5218a185b1db68655a265316\",\"name\":\"C D\",\"image\":{\"@type\":\"ImageObject\",\"inLanguage\":\"fr-FR\",\"@id\":\"https:\/\/vosgesinfo.fr\/remiremontinfo\/#\/schema\/person\/image\/\",\"url\":\"https:\/\/secure.gravatar.com\/avatar\/1f9a70007336511a47468b8f1c66f922b8b7cf617b02a31149ada43893a5d48f?s=96&d=mm&r=g\",\"contentUrl\":\"https:\/\/secure.gravatar.com\/avatar\/1f9a70007336511a47468b8f1c66f922b8b7cf617b02a31149ada43893a5d48f?s=96&d=mm&r=g\",\"caption\":\"C D\"},\"url\":\"https:\/\/vosgesinfo.fr\/remiremontinfo\/author\/cedric-drevet\/\"}]}<\/script>\n<!-- \/ Yoast SEO plugin. -->","yoast_head_json":{"title":"F\u00eate des Simples : l'\u00e9dition 2019 a rassembl\u00e9 plus de 5.000 visiteurs - Remiremont Info","robots":{"index":"index","follow":"follow","max-snippet":"max-snippet:-1","max-image-preview":"max-image-preview:large","max-video-preview":"max-video-preview:-1"},"canonical":"https:\/\/vosgesinfo.fr\/remiremontinfo\/2019\/10\/fete-simples-ledition-2019-a-rassemble-plus-de-5-000-visiteurs\/","twitter_card":"summary_large_image","twitter_title":"F\u00eate des Simples : l'\u00e9dition 2019 a rassembl\u00e9 plus de 5.000 visiteurs - Remiremont Info","twitter_description":"Nul doute que cette onzi\u00e8me \u00e9dition de la F\u00eate des Simples, accueillie \u00e0 CORNIMONT le week-end dernier, marquera durablement les [&hellip;]","twitter_image":"https:\/\/vosgesinfo.fr\/app\/uploads\/sites\/5\/2024\/09\/20191071287546-10218204420035516-6192541511603716096-o.jpg","twitter_creator":"@VosgesInfo88","twitter_site":"@VosgesInfo88","twitter_misc":{"\u00c9crit par":"C D","Dur\u00e9e de lecture estim\u00e9e":"1 minute"},"schema":{"@context":"https:\/\/schema.org","@graph":[{"@type":"Article","@id":"https:\/\/vosgesinfo.fr\/remiremontinfo\/2019\/10\/fete-simples-ledition-2019-a-rassemble-plus-de-5-000-visiteurs\/#article","isPartOf":{"@id":"https:\/\/vosgesinfo.fr\/remiremontinfo\/2019\/10\/fete-simples-ledition-2019-a-rassemble-plus-de-5-000-visiteurs\/"},"author":{"name":"C D","@id":"https:\/\/vosgesinfo.fr\/remiremontinfo\/#\/schema\/person\/3bfd164d5218a185b1db68655a265316"},"headline":"F\u00eate des Simples : l&rsquo;\u00e9dition 2019 a rassembl\u00e9 plus de 5.000 visiteurs","datePublished":"2019-10-05T04:24:59+00:00","dateModified":"2019-10-05T04:24:59+00:00","mainEntityOfPage":{"@id":"https:\/\/vosgesinfo.fr\/remiremontinfo\/2019\/10\/fete-simples-ledition-2019-a-rassemble-plus-de-5-000-visiteurs\/"},"wordCount":233,"commentCount":0,"publisher":{"@id":"https:\/\/vosgesinfo.fr\/remiremontinfo\/#organization"},"image":{"@id":"https:\/\/vosgesinfo.fr\/remiremontinfo\/2019\/10\/fete-simples-ledition-2019-a-rassemble-plus-de-5-000-visiteurs\/#primaryimage"},"thumbnailUrl":"https:\/\/vosgesinfo.fr\/app\/uploads\/sites\/5\/2024\/09\/20191071287546-10218204420035516-6192541511603716096-o.jpg","articleSection":["A la Une","Cornimont","Culture","La Bresse &amp; son canton","Loisirs"],"inLanguage":"fr-FR","potentialAction":[{"@type":"CommentAction","name":"Comment","target":["https:\/\/vosgesinfo.fr\/remiremontinfo\/2019\/10\/fete-simples-ledition-2019-a-rassemble-plus-de-5-000-visiteurs\/#respond"]}]},{"@type":"WebPage","@id":"https:\/\/vosgesinfo.fr\/remiremontinfo\/2019\/10\/fete-simples-ledition-2019-a-rassemble-plus-de-5-000-visiteurs\/","url":"https:\/\/vosgesinfo.fr\/remiremontinfo\/2019\/10\/fete-simples-ledition-2019-a-rassemble-plus-de-5-000-visiteurs\/","name":"F\u00eate des Simples : l'\u00e9dition 2019 a rassembl\u00e9 plus de 5.000 visiteurs - Remiremont Info","isPartOf":{"@id":"https:\/\/vosgesinfo.fr\/remiremontinfo\/#website"},"primaryImageOfPage":{"@id":"https:\/\/vosgesinfo.fr\/remiremontinfo\/2019\/10\/fete-simples-ledition-2019-a-rassemble-plus-de-5-000-visiteurs\/#primaryimage"},"image":{"@id":"https:\/\/vosgesinfo.fr\/remiremontinfo\/2019\/10\/fete-simples-ledition-2019-a-rassemble-plus-de-5-000-visiteurs\/#primaryimage"},"thumbnailUrl":"https:\/\/vosgesinfo.fr\/app\/uploads\/sites\/5\/2024\/09\/20191071287546-10218204420035516-6192541511603716096-o.jpg","datePublished":"2019-10-05T04:24:59+00:00","dateModified":"2019-10-05T04:24:59+00:00","breadcrumb":{"@id":"https:\/\/vosgesinfo.fr\/remiremontinfo\/2019\/10\/fete-simples-ledition-2019-a-rassemble-plus-de-5-000-visiteurs\/#breadcrumb"},"inLanguage":"fr-FR","potentialAction":[{"@type":"ReadAction","target":["https:\/\/vosgesinfo.fr\/remiremontinfo\/2019\/10\/fete-simples-ledition-2019-a-rassemble-plus-de-5-000-visiteurs\/"]}]},{"@type":"ImageObject","inLanguage":"fr-FR","@id":"https:\/\/vosgesinfo.fr\/remiremontinfo\/2019\/10\/fete-simples-ledition-2019-a-rassemble-plus-de-5-000-visiteurs\/#primaryimage","url":"https:\/\/vosgesinfo.fr\/app\/uploads\/sites\/5\/2024\/09\/20191071287546-10218204420035516-6192541511603716096-o.jpg","contentUrl":"https:\/\/vosgesinfo.fr\/app\/uploads\/sites\/5\/2024\/09\/20191071287546-10218204420035516-6192541511603716096-o.jpg","width":2048,"height":1365},{"@type":"BreadcrumbList","@id":"https:\/\/vosgesinfo.fr\/remiremontinfo\/2019\/10\/fete-simples-ledition-2019-a-rassemble-plus-de-5-000-visiteurs\/#breadcrumb","itemListElement":[{"@type":"ListItem","position":1,"name":"Home","item":"https:\/\/vosgesinfo.fr\/remiremontinfo\/"},{"@type":"ListItem","position":2,"name":"F\u00eate des Simples : l&rsquo;\u00e9dition 2019 a rassembl\u00e9 plus de 5.000 visiteurs"}]},{"@type":"WebSite","@id":"https:\/\/vosgesinfo.fr\/remiremontinfo\/#website","url":"https:\/\/vosgesinfo.fr\/remiremontinfo\/","name":"Remiremont Info","description":"Toute l&#039;actualit\u00e9 de Remiremont","publisher":{"@id":"https:\/\/vosgesinfo.fr\/remiremontinfo\/#organization"},"alternateName":"Toute l'actualit\u00e9 de Remiremont","potentialAction":[{"@type":"SearchAction","target":{"@type":"EntryPoint","urlTemplate":"https:\/\/vosgesinfo.fr\/remiremontinfo\/?s={search_term_string}"},"query-input":"required name=search_term_string"}],"inLanguage":"fr-FR"},{"@type":"Organization","@id":"https:\/\/vosgesinfo.fr\/remiremontinfo\/#organization","name":"Remiremont Info","url":"https:\/\/vosgesinfo.fr\/remiremontinfo\/","logo":{"@type":"ImageObject","inLanguage":"fr-FR","@id":"https:\/\/vosgesinfo.fr\/remiremontinfo\/#\/schema\/logo\/image\/","url":"https:\/\/vosgesinfo.fr\/app\/uploads\/sites\/5\/2023\/08\/favicon-remiremontinfo.png","contentUrl":"https:\/\/vosgesinfo.fr\/app\/uploads\/sites\/5\/2023\/08\/favicon-remiremontinfo.png","width":512,"height":512,"caption":"Remiremont Info"},"image":{"@id":"https:\/\/vosgesinfo.fr\/remiremontinfo\/#\/schema\/logo\/image\/"},"sameAs":["https:\/\/www.facebook.com\/remiremontinfo","https:\/\/x.com\/VosgesInfo88","https:\/\/www.youtube.com\/@vosgesinfo"]},{"@type":"Person","@id":"https:\/\/vosgesinfo.fr\/remiremontinfo\/#\/schema\/person\/3bfd164d5218a185b1db68655a265316","name":"C D","image":{"@type":"ImageObject","inLanguage":"fr-FR","@id":"https:\/\/vosgesinfo.fr\/remiremontinfo\/#\/schema\/person\/image\/","url":"https:\/\/secure.gravatar.com\/avatar\/1f9a70007336511a47468b8f1c66f922b8b7cf617b02a31149ada43893a5d48f?s=96&d=mm&r=g","contentUrl":"https:\/\/secure.gravatar.com\/avatar\/1f9a70007336511a47468b8f1c66f922b8b7cf617b02a31149ada43893a5d48f?s=96&d=mm&r=g","caption":"C D"},"url":"https:\/\/vosgesinfo.fr\/remiremontinfo\/author\/cedric-drevet\/"}]}},"_links":{"self":[{"href":"https:\/\/vosgesinfo.fr\/remiremontinfo\/wp-json\/wp\/v2\/posts\/21207","targetHints":{"allow":["GET"]}}],"collection":[{"href":"https:\/\/vosgesinfo.fr\/remiremontinfo\/wp-json\/wp\/v2\/posts"}],"about":[{"href":"https:\/\/vosgesinfo.fr\/remiremontinfo\/wp-json\/wp\/v2\/types\/post"}],"author":[{"embeddable":true,"href":"https:\/\/vosgesinfo.fr\/remiremontinfo\/wp-json\/wp\/v2\/users\/407"}],"replies":[{"embeddable":true,"href":"https:\/\/vosgesinfo.fr\/remiremontinfo\/wp-json\/wp\/v2\/comments?post=21207"}],"version-history":[{"count":0,"href":"https:\/\/vosgesinfo.fr\/remiremontinfo\/wp-json\/wp\/v2\/posts\/21207\/revisions"}],"wp:featuredmedia":[{"embeddable":true,"href":"https:\/\/vosgesinfo.fr\/remiremontinfo\/wp-json\/wp\/v2\/media\/21208"}],"wp:attachment":[{"href":"https:\/\/vosgesinfo.fr\/remiremontinfo\/wp-json\/wp\/v2\/media?parent=21207"}],"wp:term":[{"taxonomy":"category","embeddable":true,"href":"https:\/\/vosgesinfo.fr\/remiremontinfo\/wp-json\/wp\/v2\/categories?post=21207"},{"taxonomy":"post_tag","embeddable":true,"href":"https:\/\/vosgesinfo.fr\/remiremontinfo\/wp-json\/wp\/v2\/tags?post=21207"}],"curies":[{"name":"wp","href":"https:\/\/api.w.org\/{rel}","templated":true}]}}