{"id":21209,"date":"2019-10-05T05:41:55","date_gmt":"2019-10-05T03:41:55","guid":{"rendered":"https:\/\/vosgesinfo.fr\/remiremontinfo\/2019\/10\/bresse-cest-parti-semaine-gout\/"},"modified":"2019-10-05T05:41:55","modified_gmt":"2019-10-05T03:41:55","slug":"bresse-cest-parti-semaine-gout","status":"publish","type":"post","link":"https:\/\/vosgesinfo.fr\/remiremontinfo\/2019\/10\/bresse-cest-parti-semaine-gout\/","title":{"rendered":"La Bresse : c&rsquo;est parti pour la Semaine du Go\u00fbt !"},"content":{"rendered":"<div class=\"page\" title=\"Page 2\">\n<div class=\"layoutArea\">\n<div class=\"column\">\n<h2><a href=\"\/2019\/10\/Capture-d\u2019e\u0301cran-2019-10-05-a\u0300-08.41.42.png\"><img decoding=\"async\" class=\"alignnone size-full wp-image-269820\" src=\"\/2019\/10\/Capture-d\u2019e\u0301cran-2019-10-05-a\u0300-08.41.42.png\" alt=\"Capture d\u2019e\u0301cran 2019-10-05 a\u0300 08.41.42\" width=\"890\" height=\"604\" \/><\/a><\/h2>\n<h2><span style=\"font-size: 12pt;\"><strong>La Semaine du Gou\u0302t est l\u2019e\u0301ve\u0300nement re\u0301fe\u0301rent de la transmission et de l\u2019e\u0301ducation au gou\u0302t pour le plus grand nombre. Elle favorise les rencontres entre professionnels de la terre a\u0300 l\u2019assiette avec le grand public pour sauvegarder la culture des patrimoines culinaires et le bien manger.<\/strong><\/span><\/h2>\n<p>Pour sa troisie\u0300me e\u0301dition, l\u2019Office de Tourisme de La Bresse et ses partenaires proposent au grand public un programme riche en saveurs et en de\u0301couvertes. Du 5 au 13 octobre, petits et grands pourront e\u0301veiller leurs papilles et se re\u0301galer autour de produits frais et varie\u0301s. Que ce soit a\u0300 travers des menus spe\u0301cialement e\u0301labore\u0301s par les restaurateurs ou de manie\u0300re plus ludique gra\u0302ce a\u0300 diffe\u0301rentes animations, les spe\u0301cialistes du gou\u0302t ne manqueront pas de vous surprendre !<\/p>\n<div class=\"page\" title=\"Page 3\">\n<div class=\"layoutArea\">\n<div class=\"column\">\n<p>De\u0301couvrez les menus du gou\u0302t des 10 restaurateurs participants :<\/p>\n<ul>\n<li>\u00a0Le Diamant a\u0300 La Bresse<\/li>\n<li>\u00a0La Table d\u2019Ange\u0300le a\u0300 La Bresse<\/li>\n<li>\u00a0L\u2019E\u0301bresse a\u0300 La Bresse<\/li>\n<li>\u00a0Le Chalet des Roches a\u0300 La Bresse<\/li>\n<li>\u00a0Les Terres Gourmandes a\u0300 La Bresse<\/li>\n<li>\u00a0Le Couchetat a\u0300 La Bresse<\/li>\n<li>\u00a0Les Cha\u0302telmine\u0301s a\u0300 La Bresse<\/li>\n<li>\u00a0L\u2019E\u0301table a\u0300 La Bresse<\/li>\n<li>\u00a0Le Domaine du Haut Jardin a\u0300 Rehaupal<\/li>\n<li>\u00a0Le Bram\u2019s a\u0300 Wildenstein<\/li>\n<\/ul>\n<p>Et de nombreuses animations !<\/p>\n<p style=\"text-align: center;\"><a href=\"\/2019\/10\/Capture-d\u2019e\u0301cran-2019-10-05-a\u0300-08.49.24.png\"><img decoding=\"async\" class=\"alignnone size-large wp-image-269822\" src=\"\/2019\/10\/Capture-d\u2019e\u0301cran-2019-10-05-a\u0300-08.49.24-715x1024.png\" alt=\"Capture d\u2019e\u0301cran 2019-10-05 a\u0300 08.49.24\" width=\"715\" height=\"1024\" \/><\/a> <a href=\"\/2019\/10\/Capture-d\u2019e\u0301cran-2019-10-05-a\u0300-08.49.33.png\"><img decoding=\"async\" class=\"alignnone size-large wp-image-269823\" src=\"\/2019\/10\/Capture-d\u2019e\u0301cran-2019-10-05-a\u0300-08.49.33-715x1024.png\" alt=\"Capture d\u2019e\u0301cran 2019-10-05 a\u0300 08.49.33\" width=\"715\" height=\"1024\" \/><\/a> <a href=\"\/2019\/10\/Capture-d\u2019e\u0301cran-2019-10-05-a\u0300-08.49.43.png\"><img decoding=\"async\" class=\"alignnone size-large wp-image-269824\" src=\"\/2019\/10\/Capture-d\u2019e\u0301cran-2019-10-05-a\u0300-08.49.43-716x1024.png\" alt=\"Capture d\u2019e\u0301cran 2019-10-05 a\u0300 08.49.43\" width=\"716\" height=\"1024\" \/><\/a><\/p>\n<div id=\"attachment_269840\" style=\"width: 970px\" class=\"wp-caption alignnone\"><a href=\"\/2019\/10\/asian-2970211_1280.jpg\"><img decoding=\"async\" aria-describedby=\"caption-attachment-269840\" class=\"size-large wp-image-269840\" src=\"\/2019\/10\/asian-2970211_1280-1024x683.jpg\" alt=\"Photo d'illustration\" width=\"960\" height=\"640\" \/><\/a><p id=\"caption-attachment-269840\" class=\"wp-caption-text\"><em>Photo d&rsquo;illustration<\/em><\/p><\/div>\n<\/div>\n<\/div>\n<\/div>\n<\/div>\n<\/div>\n<\/div>\n","protected":false},"excerpt":{"rendered":"<p>La Semaine du Gou\u0302t est l\u2019e\u0301ve\u0300nement re\u0301fe\u0301rent de la transmission et de l\u2019e\u0301ducation au gou\u0302t pour le plus grand nombre. [&hellip;]<\/p>\n","protected":false},"author":407,"featured_media":21210,"comment_status":"open","ping_status":"open","sticky":false,"template":"","format":"standard","meta":{"footnotes":""},"categories":[26,4,104,25,54],"tags":[],"class_list":["post-21209","post","type-post","status-publish","format-standard","has-post-thumbnail","hentry","category-a-la-une","category-culture","category-la-bresse-la-bresse-son-canton","category-la-bresse-son-canton","category-loisirs"],"acf":[],"yoast_head":"<!-- This site is optimized with the Yoast SEO plugin v22.5 - https:\/\/yoast.com\/wordpress\/plugins\/seo\/ -->\n<title>La Bresse : c&#039;est parti pour la Semaine du Go\u00fbt ! - Remiremont Info<\/title>\n<meta name=\"robots\" content=\"index, follow, max-snippet:-1, max-image-preview:large, max-video-preview:-1\" \/>\n<link rel=\"canonical\" href=\"https:\/\/vosgesinfo.fr\/remiremontinfo\/2019\/10\/bresse-cest-parti-semaine-gout\/\" \/>\n<meta name=\"twitter:card\" content=\"summary_large_image\" \/>\n<meta name=\"twitter:title\" content=\"La Bresse : c&#039;est parti pour la Semaine du Go\u00fbt ! - Remiremont Info\" \/>\n<meta name=\"twitter:description\" content=\"La Semaine du Gou\u0302t est l\u2019e\u0301ve\u0300nement re\u0301fe\u0301rent de la transmission et de l\u2019e\u0301ducation au gou\u0302t pour le plus grand nombre. [&hellip;]\" \/>\n<meta name=\"twitter:image\" content=\"https:\/\/vosgesinfo.fr\/app\/uploads\/sites\/5\/2024\/09\/201910asian-2970211-1280.jpg\" \/>\n<meta name=\"twitter:creator\" content=\"@VosgesInfo88\" \/>\n<meta name=\"twitter:site\" content=\"@VosgesInfo88\" \/>\n<meta name=\"twitter:label1\" content=\"\u00c9crit par\" \/>\n\t<meta name=\"twitter:data1\" content=\"C D\" \/>\n\t<meta name=\"twitter:label2\" content=\"Dur\u00e9e de lecture estim\u00e9e\" \/>\n\t<meta name=\"twitter:data2\" content=\"1 minute\" \/>\n<script type=\"application\/ld+json\" class=\"yoast-schema-graph\">{\"@context\":\"https:\/\/schema.org\",\"@graph\":[{\"@type\":\"Article\",\"@id\":\"https:\/\/vosgesinfo.fr\/remiremontinfo\/2019\/10\/bresse-cest-parti-semaine-gout\/#article\",\"isPartOf\":{\"@id\":\"https:\/\/vosgesinfo.fr\/remiremontinfo\/2019\/10\/bresse-cest-parti-semaine-gout\/\"},\"author\":{\"name\":\"C D\",\"@id\":\"https:\/\/vosgesinfo.fr\/remiremontinfo\/#\/schema\/person\/3bfd164d5218a185b1db68655a265316\"},\"headline\":\"La Bresse : c&rsquo;est parti pour la Semaine du Go\u00fbt !\",\"datePublished\":\"2019-10-05T03:41:55+00:00\",\"dateModified\":\"2019-10-05T03:41:55+00:00\",\"mainEntityOfPage\":{\"@id\":\"https:\/\/vosgesinfo.fr\/remiremontinfo\/2019\/10\/bresse-cest-parti-semaine-gout\/\"},\"wordCount\":243,\"commentCount\":0,\"publisher\":{\"@id\":\"https:\/\/vosgesinfo.fr\/remiremontinfo\/#organization\"},\"image\":{\"@id\":\"https:\/\/vosgesinfo.fr\/remiremontinfo\/2019\/10\/bresse-cest-parti-semaine-gout\/#primaryimage\"},\"thumbnailUrl\":\"https:\/\/vosgesinfo.fr\/app\/uploads\/sites\/5\/2024\/09\/201910asian-2970211-1280.jpg\",\"articleSection\":[\"A la Une\",\"Culture\",\"La Bresse\",\"La Bresse &amp; son canton\",\"Loisirs\"],\"inLanguage\":\"fr-FR\",\"potentialAction\":[{\"@type\":\"CommentAction\",\"name\":\"Comment\",\"target\":[\"https:\/\/vosgesinfo.fr\/remiremontinfo\/2019\/10\/bresse-cest-parti-semaine-gout\/#respond\"]}]},{\"@type\":\"WebPage\",\"@id\":\"https:\/\/vosgesinfo.fr\/remiremontinfo\/2019\/10\/bresse-cest-parti-semaine-gout\/\",\"url\":\"https:\/\/vosgesinfo.fr\/remiremontinfo\/2019\/10\/bresse-cest-parti-semaine-gout\/\",\"name\":\"La Bresse : c'est parti pour la Semaine du Go\u00fbt ! - Remiremont Info\",\"isPartOf\":{\"@id\":\"https:\/\/vosgesinfo.fr\/remiremontinfo\/#website\"},\"primaryImageOfPage\":{\"@id\":\"https:\/\/vosgesinfo.fr\/remiremontinfo\/2019\/10\/bresse-cest-parti-semaine-gout\/#primaryimage\"},\"image\":{\"@id\":\"https:\/\/vosgesinfo.fr\/remiremontinfo\/2019\/10\/bresse-cest-parti-semaine-gout\/#primaryimage\"},\"thumbnailUrl\":\"https:\/\/vosgesinfo.fr\/app\/uploads\/sites\/5\/2024\/09\/201910asian-2970211-1280.jpg\",\"datePublished\":\"2019-10-05T03:41:55+00:00\",\"dateModified\":\"2019-10-05T03:41:55+00:00\",\"breadcrumb\":{\"@id\":\"https:\/\/vosgesinfo.fr\/remiremontinfo\/2019\/10\/bresse-cest-parti-semaine-gout\/#breadcrumb\"},\"inLanguage\":\"fr-FR\",\"potentialAction\":[{\"@type\":\"ReadAction\",\"target\":[\"https:\/\/vosgesinfo.fr\/remiremontinfo\/2019\/10\/bresse-cest-parti-semaine-gout\/\"]}]},{\"@type\":\"ImageObject\",\"inLanguage\":\"fr-FR\",\"@id\":\"https:\/\/vosgesinfo.fr\/remiremontinfo\/2019\/10\/bresse-cest-parti-semaine-gout\/#primaryimage\",\"url\":\"https:\/\/vosgesinfo.fr\/app\/uploads\/sites\/5\/2024\/09\/201910asian-2970211-1280.jpg\",\"contentUrl\":\"https:\/\/vosgesinfo.fr\/app\/uploads\/sites\/5\/2024\/09\/201910asian-2970211-1280.jpg\",\"width\":1280,\"height\":854},{\"@type\":\"BreadcrumbList\",\"@id\":\"https:\/\/vosgesinfo.fr\/remiremontinfo\/2019\/10\/bresse-cest-parti-semaine-gout\/#breadcrumb\",\"itemListElement\":[{\"@type\":\"ListItem\",\"position\":1,\"name\":\"Home\",\"item\":\"https:\/\/vosgesinfo.fr\/remiremontinfo\/\"},{\"@type\":\"ListItem\",\"position\":2,\"name\":\"La Bresse : c&rsquo;est parti pour la Semaine du Go\u00fbt !\"}]},{\"@type\":\"WebSite\",\"@id\":\"https:\/\/vosgesinfo.fr\/remiremontinfo\/#website\",\"url\":\"https:\/\/vosgesinfo.fr\/remiremontinfo\/\",\"name\":\"Remiremont Info\",\"description\":\"Toute l&#039;actualit\u00e9 de Remiremont\",\"publisher\":{\"@id\":\"https:\/\/vosgesinfo.fr\/remiremontinfo\/#organization\"},\"alternateName\":\"Toute l'actualit\u00e9 de Remiremont\",\"potentialAction\":[{\"@type\":\"SearchAction\",\"target\":{\"@type\":\"EntryPoint\",\"urlTemplate\":\"https:\/\/vosgesinfo.fr\/remiremontinfo\/?s={search_term_string}\"},\"query-input\":\"required name=search_term_string\"}],\"inLanguage\":\"fr-FR\"},{\"@type\":\"Organization\",\"@id\":\"https:\/\/vosgesinfo.fr\/remiremontinfo\/#organization\",\"name\":\"Remiremont Info\",\"url\":\"https:\/\/vosgesinfo.fr\/remiremontinfo\/\",\"logo\":{\"@type\":\"ImageObject\",\"inLanguage\":\"fr-FR\",\"@id\":\"https:\/\/vosgesinfo.fr\/remiremontinfo\/#\/schema\/logo\/image\/\",\"url\":\"https:\/\/vosgesinfo.fr\/app\/uploads\/sites\/5\/2023\/08\/favicon-remiremontinfo.png\",\"contentUrl\":\"https:\/\/vosgesinfo.fr\/app\/uploads\/sites\/5\/2023\/08\/favicon-remiremontinfo.png\",\"width\":512,\"height\":512,\"caption\":\"Remiremont Info\"},\"image\":{\"@id\":\"https:\/\/vosgesinfo.fr\/remiremontinfo\/#\/schema\/logo\/image\/\"},\"sameAs\":[\"https:\/\/www.facebook.com\/remiremontinfo\",\"https:\/\/x.com\/VosgesInfo88\",\"https:\/\/www.youtube.com\/@vosgesinfo\"]},{\"@type\":\"Person\",\"@id\":\"https:\/\/vosgesinfo.fr\/remiremontinfo\/#\/schema\/person\/3bfd164d5218a185b1db68655a265316\",\"name\":\"C D\",\"image\":{\"@type\":\"ImageObject\",\"inLanguage\":\"fr-FR\",\"@id\":\"https:\/\/vosgesinfo.fr\/remiremontinfo\/#\/schema\/person\/image\/\",\"url\":\"https:\/\/secure.gravatar.com\/avatar\/1f9a70007336511a47468b8f1c66f922b8b7cf617b02a31149ada43893a5d48f?s=96&d=mm&r=g\",\"contentUrl\":\"https:\/\/secure.gravatar.com\/avatar\/1f9a70007336511a47468b8f1c66f922b8b7cf617b02a31149ada43893a5d48f?s=96&d=mm&r=g\",\"caption\":\"C D\"},\"url\":\"https:\/\/vosgesinfo.fr\/remiremontinfo\/author\/cedric-drevet\/\"}]}<\/script>\n<!-- \/ Yoast SEO plugin. -->","yoast_head_json":{"title":"La Bresse : c'est parti pour la Semaine du Go\u00fbt ! - Remiremont Info","robots":{"index":"index","follow":"follow","max-snippet":"max-snippet:-1","max-image-preview":"max-image-preview:large","max-video-preview":"max-video-preview:-1"},"canonical":"https:\/\/vosgesinfo.fr\/remiremontinfo\/2019\/10\/bresse-cest-parti-semaine-gout\/","twitter_card":"summary_large_image","twitter_title":"La Bresse : c'est parti pour la Semaine du Go\u00fbt ! - Remiremont Info","twitter_description":"La Semaine du Gou\u0302t est l\u2019e\u0301ve\u0300nement re\u0301fe\u0301rent de la transmission et de l\u2019e\u0301ducation au gou\u0302t pour le plus grand nombre. [&hellip;]","twitter_image":"https:\/\/vosgesinfo.fr\/app\/uploads\/sites\/5\/2024\/09\/201910asian-2970211-1280.jpg","twitter_creator":"@VosgesInfo88","twitter_site":"@VosgesInfo88","twitter_misc":{"\u00c9crit par":"C D","Dur\u00e9e de lecture estim\u00e9e":"1 minute"},"schema":{"@context":"https:\/\/schema.org","@graph":[{"@type":"Article","@id":"https:\/\/vosgesinfo.fr\/remiremontinfo\/2019\/10\/bresse-cest-parti-semaine-gout\/#article","isPartOf":{"@id":"https:\/\/vosgesinfo.fr\/remiremontinfo\/2019\/10\/bresse-cest-parti-semaine-gout\/"},"author":{"name":"C D","@id":"https:\/\/vosgesinfo.fr\/remiremontinfo\/#\/schema\/person\/3bfd164d5218a185b1db68655a265316"},"headline":"La Bresse : c&rsquo;est parti pour la Semaine du Go\u00fbt !","datePublished":"2019-10-05T03:41:55+00:00","dateModified":"2019-10-05T03:41:55+00:00","mainEntityOfPage":{"@id":"https:\/\/vosgesinfo.fr\/remiremontinfo\/2019\/10\/bresse-cest-parti-semaine-gout\/"},"wordCount":243,"commentCount":0,"publisher":{"@id":"https:\/\/vosgesinfo.fr\/remiremontinfo\/#organization"},"image":{"@id":"https:\/\/vosgesinfo.fr\/remiremontinfo\/2019\/10\/bresse-cest-parti-semaine-gout\/#primaryimage"},"thumbnailUrl":"https:\/\/vosgesinfo.fr\/app\/uploads\/sites\/5\/2024\/09\/201910asian-2970211-1280.jpg","articleSection":["A la Une","Culture","La Bresse","La Bresse &amp; son canton","Loisirs"],"inLanguage":"fr-FR","potentialAction":[{"@type":"CommentAction","name":"Comment","target":["https:\/\/vosgesinfo.fr\/remiremontinfo\/2019\/10\/bresse-cest-parti-semaine-gout\/#respond"]}]},{"@type":"WebPage","@id":"https:\/\/vosgesinfo.fr\/remiremontinfo\/2019\/10\/bresse-cest-parti-semaine-gout\/","url":"https:\/\/vosgesinfo.fr\/remiremontinfo\/2019\/10\/bresse-cest-parti-semaine-gout\/","name":"La Bresse : c'est parti pour la Semaine du Go\u00fbt ! - Remiremont Info","isPartOf":{"@id":"https:\/\/vosgesinfo.fr\/remiremontinfo\/#website"},"primaryImageOfPage":{"@id":"https:\/\/vosgesinfo.fr\/remiremontinfo\/2019\/10\/bresse-cest-parti-semaine-gout\/#primaryimage"},"image":{"@id":"https:\/\/vosgesinfo.fr\/remiremontinfo\/2019\/10\/bresse-cest-parti-semaine-gout\/#primaryimage"},"thumbnailUrl":"https:\/\/vosgesinfo.fr\/app\/uploads\/sites\/5\/2024\/09\/201910asian-2970211-1280.jpg","datePublished":"2019-10-05T03:41:55+00:00","dateModified":"2019-10-05T03:41:55+00:00","breadcrumb":{"@id":"https:\/\/vosgesinfo.fr\/remiremontinfo\/2019\/10\/bresse-cest-parti-semaine-gout\/#breadcrumb"},"inLanguage":"fr-FR","potentialAction":[{"@type":"ReadAction","target":["https:\/\/vosgesinfo.fr\/remiremontinfo\/2019\/10\/bresse-cest-parti-semaine-gout\/"]}]},{"@type":"ImageObject","inLanguage":"fr-FR","@id":"https:\/\/vosgesinfo.fr\/remiremontinfo\/2019\/10\/bresse-cest-parti-semaine-gout\/#primaryimage","url":"https:\/\/vosgesinfo.fr\/app\/uploads\/sites\/5\/2024\/09\/201910asian-2970211-1280.jpg","contentUrl":"https:\/\/vosgesinfo.fr\/app\/uploads\/sites\/5\/2024\/09\/201910asian-2970211-1280.jpg","width":1280,"height":854},{"@type":"BreadcrumbList","@id":"https:\/\/vosgesinfo.fr\/remiremontinfo\/2019\/10\/bresse-cest-parti-semaine-gout\/#breadcrumb","itemListElement":[{"@type":"ListItem","position":1,"name":"Home","item":"https:\/\/vosgesinfo.fr\/remiremontinfo\/"},{"@type":"ListItem","position":2,"name":"La Bresse : c&rsquo;est parti pour la Semaine du Go\u00fbt !"}]},{"@type":"WebSite","@id":"https:\/\/vosgesinfo.fr\/remiremontinfo\/#website","url":"https:\/\/vosgesinfo.fr\/remiremontinfo\/","name":"Remiremont Info","description":"Toute l&#039;actualit\u00e9 de Remiremont","publisher":{"@id":"https:\/\/vosgesinfo.fr\/remiremontinfo\/#organization"},"alternateName":"Toute l'actualit\u00e9 de Remiremont","potentialAction":[{"@type":"SearchAction","target":{"@type":"EntryPoint","urlTemplate":"https:\/\/vosgesinfo.fr\/remiremontinfo\/?s={search_term_string}"},"query-input":"required name=search_term_string"}],"inLanguage":"fr-FR"},{"@type":"Organization","@id":"https:\/\/vosgesinfo.fr\/remiremontinfo\/#organization","name":"Remiremont Info","url":"https:\/\/vosgesinfo.fr\/remiremontinfo\/","logo":{"@type":"ImageObject","inLanguage":"fr-FR","@id":"https:\/\/vosgesinfo.fr\/remiremontinfo\/#\/schema\/logo\/image\/","url":"https:\/\/vosgesinfo.fr\/app\/uploads\/sites\/5\/2023\/08\/favicon-remiremontinfo.png","contentUrl":"https:\/\/vosgesinfo.fr\/app\/uploads\/sites\/5\/2023\/08\/favicon-remiremontinfo.png","width":512,"height":512,"caption":"Remiremont Info"},"image":{"@id":"https:\/\/vosgesinfo.fr\/remiremontinfo\/#\/schema\/logo\/image\/"},"sameAs":["https:\/\/www.facebook.com\/remiremontinfo","https:\/\/x.com\/VosgesInfo88","https:\/\/www.youtube.com\/@vosgesinfo"]},{"@type":"Person","@id":"https:\/\/vosgesinfo.fr\/remiremontinfo\/#\/schema\/person\/3bfd164d5218a185b1db68655a265316","name":"C D","image":{"@type":"ImageObject","inLanguage":"fr-FR","@id":"https:\/\/vosgesinfo.fr\/remiremontinfo\/#\/schema\/person\/image\/","url":"https:\/\/secure.gravatar.com\/avatar\/1f9a70007336511a47468b8f1c66f922b8b7cf617b02a31149ada43893a5d48f?s=96&d=mm&r=g","contentUrl":"https:\/\/secure.gravatar.com\/avatar\/1f9a70007336511a47468b8f1c66f922b8b7cf617b02a31149ada43893a5d48f?s=96&d=mm&r=g","caption":"C D"},"url":"https:\/\/vosgesinfo.fr\/remiremontinfo\/author\/cedric-drevet\/"}]}},"_links":{"self":[{"href":"https:\/\/vosgesinfo.fr\/remiremontinfo\/wp-json\/wp\/v2\/posts\/21209","targetHints":{"allow":["GET"]}}],"collection":[{"href":"https:\/\/vosgesinfo.fr\/remiremontinfo\/wp-json\/wp\/v2\/posts"}],"about":[{"href":"https:\/\/vosgesinfo.fr\/remiremontinfo\/wp-json\/wp\/v2\/types\/post"}],"author":[{"embeddable":true,"href":"https:\/\/vosgesinfo.fr\/remiremontinfo\/wp-json\/wp\/v2\/users\/407"}],"replies":[{"embeddable":true,"href":"https:\/\/vosgesinfo.fr\/remiremontinfo\/wp-json\/wp\/v2\/comments?post=21209"}],"version-history":[{"count":0,"href":"https:\/\/vosgesinfo.fr\/remiremontinfo\/wp-json\/wp\/v2\/posts\/21209\/revisions"}],"wp:featuredmedia":[{"embeddable":true,"href":"https:\/\/vosgesinfo.fr\/remiremontinfo\/wp-json\/wp\/v2\/media\/21210"}],"wp:attachment":[{"href":"https:\/\/vosgesinfo.fr\/remiremontinfo\/wp-json\/wp\/v2\/media?parent=21209"}],"wp:term":[{"taxonomy":"category","embeddable":true,"href":"https:\/\/vosgesinfo.fr\/remiremontinfo\/wp-json\/wp\/v2\/categories?post=21209"},{"taxonomy":"post_tag","embeddable":true,"href":"https:\/\/vosgesinfo.fr\/remiremontinfo\/wp-json\/wp\/v2\/tags?post=21209"}],"curies":[{"name":"wp","href":"https:\/\/api.w.org\/{rel}","templated":true}]}}