{"id":21223,"date":"2019-10-05T05:00:07","date_gmt":"2019-10-05T03:00:07","guid":{"rendered":"https:\/\/vosgesinfo.fr\/remiremontinfo\/2019\/10\/vosges-30eme-festival-international-de-geographie-a-ete-officiellement-inaugure\/"},"modified":"2019-10-05T05:00:07","modified_gmt":"2019-10-05T03:00:07","slug":"vosges-30eme-festival-international-de-geographie-a-ete-officiellement-inaugure","status":"publish","type":"post","link":"https:\/\/vosgesinfo.fr\/remiremontinfo\/2019\/10\/vosges-30eme-festival-international-de-geographie-a-ete-officiellement-inaugure\/","title":{"rendered":"Vosges : le 30\u00e8me Festival International de G\u00e9ographie a \u00e9t\u00e9 officiellement inaugur\u00e9"},"content":{"rendered":"<h2><a href=\"\/2019\/10\/FIG-Inauguration_30e\u0300me_FIG-3.jpg\"><img decoding=\"async\" class=\"alignnone size-full wp-image-269838\" src=\"\/2019\/10\/FIG-Inauguration_30e\u0300me_FIG-3.jpg\" alt=\"FIG-Inauguration_30e\u0300me_FIG-3\" width=\"1000\" height=\"750\" \/><\/a><\/h2>\n<h2><span style=\"font-size: 12pt;\"><strong>Le 30\u00e8me Festival International de G\u00e9ographie de Saint-Di\u00e9-des-Vosges s\u2019est ouvert ce vendredi matin, avec l\u2019inauguration de la carte g\u00e9ante IGN sur le sol de la gare SNCF (<a href=\"https:\/\/saintdieinfo.fr\/2019\/10\/fig-carte-ign-geante-festival-consacree-aux-antilles-francaises\/\" target=\"_blank\" rel=\"noopener\">lire notre pr\u00e9c\u00e9dent article<\/a>). Mais c\u2019est en fin de journ\u00e9e, sur les coups de 18h, que cet \u00e9pisode 2019 aux accents des Cara\u00efbes \u00e9t\u00e9 officiellement inaugur\u00e9 du c\u00f4t\u00e9 de l\u2019Espace Georges-Sadoul.<\/strong><\/span><\/h2>\n<p>Le pr\u00e9sident de l\u2019ADFIG Gilles Fumey, le directeur scientifique Olivier Clochard, le pr\u00e9sident-fondateur Christian Pierret, le maire David Valence et Mercedes Erra, pr\u00e9sidente de cette \u00e9dition, se sont ainsi succ\u00e9d\u00e9s sur sc\u00e8ne, devant une assembl\u00e9e nombreuse, revenant sur la th\u00e9matique retenue cette ann\u00e9e. A savoir les migrations, un th\u00e8me des plus ancr\u00e9s dans l\u2019actualit\u00e9.<\/p>\n<p>Lire la suite\u00a0ici :\u00a0<a href=\"https:\/\/saintdieinfo.fr\/2019\/10\/fig-30eme-festival-international-de-geographie-a-ete-officiellement-inaugure\/\" target=\"_blank\" rel=\"noopener\">https:\/\/saintdieinfo.fr\/2019\/10\/fig-30eme-festival-international-de-geographie-a-ete-officiellement-inaugure\/<\/a><\/p>\n","protected":false},"excerpt":{"rendered":"<p>Le 30\u00e8me Festival International de G\u00e9ographie de Saint-Di\u00e9-des-Vosges s\u2019est ouvert ce vendredi matin, avec l\u2019inauguration de la carte g\u00e9ante IGN [&hellip;]<\/p>\n","protected":false},"author":407,"featured_media":21224,"comment_status":"open","ping_status":"open","sticky":false,"template":"","format":"standard","meta":{"footnotes":""},"categories":[26,4,18],"tags":[],"class_list":["post-21223","post","type-post","status-publish","format-standard","has-post-thumbnail","hentry","category-a-la-une","category-culture","category-vosges"],"acf":[],"yoast_head":"<!-- This site is optimized with the Yoast SEO plugin v22.5 - https:\/\/yoast.com\/wordpress\/plugins\/seo\/ -->\n<title>Vosges : le 30\u00e8me Festival International de G\u00e9ographie a \u00e9t\u00e9 officiellement inaugur\u00e9 - Remiremont Info<\/title>\n<meta name=\"robots\" content=\"index, follow, max-snippet:-1, max-image-preview:large, max-video-preview:-1\" \/>\n<link rel=\"canonical\" href=\"https:\/\/vosgesinfo.fr\/remiremontinfo\/2019\/10\/vosges-30eme-festival-international-de-geographie-a-ete-officiellement-inaugure\/\" \/>\n<meta name=\"twitter:card\" content=\"summary_large_image\" \/>\n<meta name=\"twitter:title\" content=\"Vosges : le 30\u00e8me Festival International de G\u00e9ographie a \u00e9t\u00e9 officiellement inaugur\u00e9 - Remiremont Info\" \/>\n<meta name=\"twitter:description\" content=\"Le 30\u00e8me Festival International de G\u00e9ographie de Saint-Di\u00e9-des-Vosges s\u2019est ouvert ce vendredi matin, avec l\u2019inauguration de la carte g\u00e9ante IGN [&hellip;]\" \/>\n<meta name=\"twitter:image\" content=\"https:\/\/vosgesinfo.fr\/app\/uploads\/sites\/5\/2024\/09\/201910fig-inauguration-30eme-fig-3.jpg\" \/>\n<meta name=\"twitter:creator\" content=\"@VosgesInfo88\" \/>\n<meta name=\"twitter:site\" content=\"@VosgesInfo88\" \/>\n<meta name=\"twitter:label1\" content=\"\u00c9crit par\" \/>\n\t<meta name=\"twitter:data1\" content=\"C D\" \/>\n\t<meta name=\"twitter:label2\" content=\"Dur\u00e9e de lecture estim\u00e9e\" \/>\n\t<meta name=\"twitter:data2\" content=\"1 minute\" \/>\n<script type=\"application\/ld+json\" class=\"yoast-schema-graph\">{\"@context\":\"https:\/\/schema.org\",\"@graph\":[{\"@type\":\"Article\",\"@id\":\"https:\/\/vosgesinfo.fr\/remiremontinfo\/2019\/10\/vosges-30eme-festival-international-de-geographie-a-ete-officiellement-inaugure\/#article\",\"isPartOf\":{\"@id\":\"https:\/\/vosgesinfo.fr\/remiremontinfo\/2019\/10\/vosges-30eme-festival-international-de-geographie-a-ete-officiellement-inaugure\/\"},\"author\":{\"name\":\"C D\",\"@id\":\"https:\/\/vosgesinfo.fr\/remiremontinfo\/#\/schema\/person\/3bfd164d5218a185b1db68655a265316\"},\"headline\":\"Vosges : le 30\u00e8me Festival International de G\u00e9ographie a \u00e9t\u00e9 officiellement inaugur\u00e9\",\"datePublished\":\"2019-10-05T03:00:07+00:00\",\"dateModified\":\"2019-10-05T03:00:07+00:00\",\"mainEntityOfPage\":{\"@id\":\"https:\/\/vosgesinfo.fr\/remiremontinfo\/2019\/10\/vosges-30eme-festival-international-de-geographie-a-ete-officiellement-inaugure\/\"},\"wordCount\":157,\"commentCount\":0,\"publisher\":{\"@id\":\"https:\/\/vosgesinfo.fr\/remiremontinfo\/#organization\"},\"image\":{\"@id\":\"https:\/\/vosgesinfo.fr\/remiremontinfo\/2019\/10\/vosges-30eme-festival-international-de-geographie-a-ete-officiellement-inaugure\/#primaryimage\"},\"thumbnailUrl\":\"https:\/\/vosgesinfo.fr\/app\/uploads\/sites\/5\/2024\/09\/201910fig-inauguration-30eme-fig-3.jpg\",\"articleSection\":[\"A la Une\",\"Culture\",\"Vosges\"],\"inLanguage\":\"fr-FR\",\"potentialAction\":[{\"@type\":\"CommentAction\",\"name\":\"Comment\",\"target\":[\"https:\/\/vosgesinfo.fr\/remiremontinfo\/2019\/10\/vosges-30eme-festival-international-de-geographie-a-ete-officiellement-inaugure\/#respond\"]}]},{\"@type\":\"WebPage\",\"@id\":\"https:\/\/vosgesinfo.fr\/remiremontinfo\/2019\/10\/vosges-30eme-festival-international-de-geographie-a-ete-officiellement-inaugure\/\",\"url\":\"https:\/\/vosgesinfo.fr\/remiremontinfo\/2019\/10\/vosges-30eme-festival-international-de-geographie-a-ete-officiellement-inaugure\/\",\"name\":\"Vosges : le 30\u00e8me Festival International de G\u00e9ographie a \u00e9t\u00e9 officiellement inaugur\u00e9 - Remiremont Info\",\"isPartOf\":{\"@id\":\"https:\/\/vosgesinfo.fr\/remiremontinfo\/#website\"},\"primaryImageOfPage\":{\"@id\":\"https:\/\/vosgesinfo.fr\/remiremontinfo\/2019\/10\/vosges-30eme-festival-international-de-geographie-a-ete-officiellement-inaugure\/#primaryimage\"},\"image\":{\"@id\":\"https:\/\/vosgesinfo.fr\/remiremontinfo\/2019\/10\/vosges-30eme-festival-international-de-geographie-a-ete-officiellement-inaugure\/#primaryimage\"},\"thumbnailUrl\":\"https:\/\/vosgesinfo.fr\/app\/uploads\/sites\/5\/2024\/09\/201910fig-inauguration-30eme-fig-3.jpg\",\"datePublished\":\"2019-10-05T03:00:07+00:00\",\"dateModified\":\"2019-10-05T03:00:07+00:00\",\"breadcrumb\":{\"@id\":\"https:\/\/vosgesinfo.fr\/remiremontinfo\/2019\/10\/vosges-30eme-festival-international-de-geographie-a-ete-officiellement-inaugure\/#breadcrumb\"},\"inLanguage\":\"fr-FR\",\"potentialAction\":[{\"@type\":\"ReadAction\",\"target\":[\"https:\/\/vosgesinfo.fr\/remiremontinfo\/2019\/10\/vosges-30eme-festival-international-de-geographie-a-ete-officiellement-inaugure\/\"]}]},{\"@type\":\"ImageObject\",\"inLanguage\":\"fr-FR\",\"@id\":\"https:\/\/vosgesinfo.fr\/remiremontinfo\/2019\/10\/vosges-30eme-festival-international-de-geographie-a-ete-officiellement-inaugure\/#primaryimage\",\"url\":\"https:\/\/vosgesinfo.fr\/app\/uploads\/sites\/5\/2024\/09\/201910fig-inauguration-30eme-fig-3.jpg\",\"contentUrl\":\"https:\/\/vosgesinfo.fr\/app\/uploads\/sites\/5\/2024\/09\/201910fig-inauguration-30eme-fig-3.jpg\",\"width\":1000,\"height\":750},{\"@type\":\"BreadcrumbList\",\"@id\":\"https:\/\/vosgesinfo.fr\/remiremontinfo\/2019\/10\/vosges-30eme-festival-international-de-geographie-a-ete-officiellement-inaugure\/#breadcrumb\",\"itemListElement\":[{\"@type\":\"ListItem\",\"position\":1,\"name\":\"Home\",\"item\":\"https:\/\/vosgesinfo.fr\/remiremontinfo\/\"},{\"@type\":\"ListItem\",\"position\":2,\"name\":\"Vosges : le 30\u00e8me Festival International de G\u00e9ographie a \u00e9t\u00e9 officiellement inaugur\u00e9\"}]},{\"@type\":\"WebSite\",\"@id\":\"https:\/\/vosgesinfo.fr\/remiremontinfo\/#website\",\"url\":\"https:\/\/vosgesinfo.fr\/remiremontinfo\/\",\"name\":\"Remiremont Info\",\"description\":\"Toute l&#039;actualit\u00e9 de Remiremont\",\"publisher\":{\"@id\":\"https:\/\/vosgesinfo.fr\/remiremontinfo\/#organization\"},\"alternateName\":\"Toute l'actualit\u00e9 de Remiremont\",\"potentialAction\":[{\"@type\":\"SearchAction\",\"target\":{\"@type\":\"EntryPoint\",\"urlTemplate\":\"https:\/\/vosgesinfo.fr\/remiremontinfo\/?s={search_term_string}\"},\"query-input\":\"required name=search_term_string\"}],\"inLanguage\":\"fr-FR\"},{\"@type\":\"Organization\",\"@id\":\"https:\/\/vosgesinfo.fr\/remiremontinfo\/#organization\",\"name\":\"Remiremont Info\",\"url\":\"https:\/\/vosgesinfo.fr\/remiremontinfo\/\",\"logo\":{\"@type\":\"ImageObject\",\"inLanguage\":\"fr-FR\",\"@id\":\"https:\/\/vosgesinfo.fr\/remiremontinfo\/#\/schema\/logo\/image\/\",\"url\":\"https:\/\/vosgesinfo.fr\/app\/uploads\/sites\/5\/2023\/08\/favicon-remiremontinfo.png\",\"contentUrl\":\"https:\/\/vosgesinfo.fr\/app\/uploads\/sites\/5\/2023\/08\/favicon-remiremontinfo.png\",\"width\":512,\"height\":512,\"caption\":\"Remiremont Info\"},\"image\":{\"@id\":\"https:\/\/vosgesinfo.fr\/remiremontinfo\/#\/schema\/logo\/image\/\"},\"sameAs\":[\"https:\/\/www.facebook.com\/remiremontinfo\",\"https:\/\/x.com\/VosgesInfo88\",\"https:\/\/www.youtube.com\/@vosgesinfo\"]},{\"@type\":\"Person\",\"@id\":\"https:\/\/vosgesinfo.fr\/remiremontinfo\/#\/schema\/person\/3bfd164d5218a185b1db68655a265316\",\"name\":\"C D\",\"image\":{\"@type\":\"ImageObject\",\"inLanguage\":\"fr-FR\",\"@id\":\"https:\/\/vosgesinfo.fr\/remiremontinfo\/#\/schema\/person\/image\/\",\"url\":\"https:\/\/secure.gravatar.com\/avatar\/1f9a70007336511a47468b8f1c66f922b8b7cf617b02a31149ada43893a5d48f?s=96&d=mm&r=g\",\"contentUrl\":\"https:\/\/secure.gravatar.com\/avatar\/1f9a70007336511a47468b8f1c66f922b8b7cf617b02a31149ada43893a5d48f?s=96&d=mm&r=g\",\"caption\":\"C D\"},\"url\":\"https:\/\/vosgesinfo.fr\/remiremontinfo\/author\/cedric-drevet\/\"}]}<\/script>\n<!-- \/ Yoast SEO plugin. -->","yoast_head_json":{"title":"Vosges : le 30\u00e8me Festival International de G\u00e9ographie a \u00e9t\u00e9 officiellement inaugur\u00e9 - Remiremont Info","robots":{"index":"index","follow":"follow","max-snippet":"max-snippet:-1","max-image-preview":"max-image-preview:large","max-video-preview":"max-video-preview:-1"},"canonical":"https:\/\/vosgesinfo.fr\/remiremontinfo\/2019\/10\/vosges-30eme-festival-international-de-geographie-a-ete-officiellement-inaugure\/","twitter_card":"summary_large_image","twitter_title":"Vosges : le 30\u00e8me Festival International de G\u00e9ographie a \u00e9t\u00e9 officiellement inaugur\u00e9 - Remiremont Info","twitter_description":"Le 30\u00e8me Festival International de G\u00e9ographie de Saint-Di\u00e9-des-Vosges s\u2019est ouvert ce vendredi matin, avec l\u2019inauguration de la carte g\u00e9ante IGN [&hellip;]","twitter_image":"https:\/\/vosgesinfo.fr\/app\/uploads\/sites\/5\/2024\/09\/201910fig-inauguration-30eme-fig-3.jpg","twitter_creator":"@VosgesInfo88","twitter_site":"@VosgesInfo88","twitter_misc":{"\u00c9crit par":"C D","Dur\u00e9e de lecture estim\u00e9e":"1 minute"},"schema":{"@context":"https:\/\/schema.org","@graph":[{"@type":"Article","@id":"https:\/\/vosgesinfo.fr\/remiremontinfo\/2019\/10\/vosges-30eme-festival-international-de-geographie-a-ete-officiellement-inaugure\/#article","isPartOf":{"@id":"https:\/\/vosgesinfo.fr\/remiremontinfo\/2019\/10\/vosges-30eme-festival-international-de-geographie-a-ete-officiellement-inaugure\/"},"author":{"name":"C D","@id":"https:\/\/vosgesinfo.fr\/remiremontinfo\/#\/schema\/person\/3bfd164d5218a185b1db68655a265316"},"headline":"Vosges : le 30\u00e8me Festival International de G\u00e9ographie a \u00e9t\u00e9 officiellement inaugur\u00e9","datePublished":"2019-10-05T03:00:07+00:00","dateModified":"2019-10-05T03:00:07+00:00","mainEntityOfPage":{"@id":"https:\/\/vosgesinfo.fr\/remiremontinfo\/2019\/10\/vosges-30eme-festival-international-de-geographie-a-ete-officiellement-inaugure\/"},"wordCount":157,"commentCount":0,"publisher":{"@id":"https:\/\/vosgesinfo.fr\/remiremontinfo\/#organization"},"image":{"@id":"https:\/\/vosgesinfo.fr\/remiremontinfo\/2019\/10\/vosges-30eme-festival-international-de-geographie-a-ete-officiellement-inaugure\/#primaryimage"},"thumbnailUrl":"https:\/\/vosgesinfo.fr\/app\/uploads\/sites\/5\/2024\/09\/201910fig-inauguration-30eme-fig-3.jpg","articleSection":["A la Une","Culture","Vosges"],"inLanguage":"fr-FR","potentialAction":[{"@type":"CommentAction","name":"Comment","target":["https:\/\/vosgesinfo.fr\/remiremontinfo\/2019\/10\/vosges-30eme-festival-international-de-geographie-a-ete-officiellement-inaugure\/#respond"]}]},{"@type":"WebPage","@id":"https:\/\/vosgesinfo.fr\/remiremontinfo\/2019\/10\/vosges-30eme-festival-international-de-geographie-a-ete-officiellement-inaugure\/","url":"https:\/\/vosgesinfo.fr\/remiremontinfo\/2019\/10\/vosges-30eme-festival-international-de-geographie-a-ete-officiellement-inaugure\/","name":"Vosges : le 30\u00e8me Festival International de G\u00e9ographie a \u00e9t\u00e9 officiellement inaugur\u00e9 - Remiremont Info","isPartOf":{"@id":"https:\/\/vosgesinfo.fr\/remiremontinfo\/#website"},"primaryImageOfPage":{"@id":"https:\/\/vosgesinfo.fr\/remiremontinfo\/2019\/10\/vosges-30eme-festival-international-de-geographie-a-ete-officiellement-inaugure\/#primaryimage"},"image":{"@id":"https:\/\/vosgesinfo.fr\/remiremontinfo\/2019\/10\/vosges-30eme-festival-international-de-geographie-a-ete-officiellement-inaugure\/#primaryimage"},"thumbnailUrl":"https:\/\/vosgesinfo.fr\/app\/uploads\/sites\/5\/2024\/09\/201910fig-inauguration-30eme-fig-3.jpg","datePublished":"2019-10-05T03:00:07+00:00","dateModified":"2019-10-05T03:00:07+00:00","breadcrumb":{"@id":"https:\/\/vosgesinfo.fr\/remiremontinfo\/2019\/10\/vosges-30eme-festival-international-de-geographie-a-ete-officiellement-inaugure\/#breadcrumb"},"inLanguage":"fr-FR","potentialAction":[{"@type":"ReadAction","target":["https:\/\/vosgesinfo.fr\/remiremontinfo\/2019\/10\/vosges-30eme-festival-international-de-geographie-a-ete-officiellement-inaugure\/"]}]},{"@type":"ImageObject","inLanguage":"fr-FR","@id":"https:\/\/vosgesinfo.fr\/remiremontinfo\/2019\/10\/vosges-30eme-festival-international-de-geographie-a-ete-officiellement-inaugure\/#primaryimage","url":"https:\/\/vosgesinfo.fr\/app\/uploads\/sites\/5\/2024\/09\/201910fig-inauguration-30eme-fig-3.jpg","contentUrl":"https:\/\/vosgesinfo.fr\/app\/uploads\/sites\/5\/2024\/09\/201910fig-inauguration-30eme-fig-3.jpg","width":1000,"height":750},{"@type":"BreadcrumbList","@id":"https:\/\/vosgesinfo.fr\/remiremontinfo\/2019\/10\/vosges-30eme-festival-international-de-geographie-a-ete-officiellement-inaugure\/#breadcrumb","itemListElement":[{"@type":"ListItem","position":1,"name":"Home","item":"https:\/\/vosgesinfo.fr\/remiremontinfo\/"},{"@type":"ListItem","position":2,"name":"Vosges : le 30\u00e8me Festival International de G\u00e9ographie a \u00e9t\u00e9 officiellement inaugur\u00e9"}]},{"@type":"WebSite","@id":"https:\/\/vosgesinfo.fr\/remiremontinfo\/#website","url":"https:\/\/vosgesinfo.fr\/remiremontinfo\/","name":"Remiremont Info","description":"Toute l&#039;actualit\u00e9 de Remiremont","publisher":{"@id":"https:\/\/vosgesinfo.fr\/remiremontinfo\/#organization"},"alternateName":"Toute l'actualit\u00e9 de Remiremont","potentialAction":[{"@type":"SearchAction","target":{"@type":"EntryPoint","urlTemplate":"https:\/\/vosgesinfo.fr\/remiremontinfo\/?s={search_term_string}"},"query-input":"required name=search_term_string"}],"inLanguage":"fr-FR"},{"@type":"Organization","@id":"https:\/\/vosgesinfo.fr\/remiremontinfo\/#organization","name":"Remiremont Info","url":"https:\/\/vosgesinfo.fr\/remiremontinfo\/","logo":{"@type":"ImageObject","inLanguage":"fr-FR","@id":"https:\/\/vosgesinfo.fr\/remiremontinfo\/#\/schema\/logo\/image\/","url":"https:\/\/vosgesinfo.fr\/app\/uploads\/sites\/5\/2023\/08\/favicon-remiremontinfo.png","contentUrl":"https:\/\/vosgesinfo.fr\/app\/uploads\/sites\/5\/2023\/08\/favicon-remiremontinfo.png","width":512,"height":512,"caption":"Remiremont Info"},"image":{"@id":"https:\/\/vosgesinfo.fr\/remiremontinfo\/#\/schema\/logo\/image\/"},"sameAs":["https:\/\/www.facebook.com\/remiremontinfo","https:\/\/x.com\/VosgesInfo88","https:\/\/www.youtube.com\/@vosgesinfo"]},{"@type":"Person","@id":"https:\/\/vosgesinfo.fr\/remiremontinfo\/#\/schema\/person\/3bfd164d5218a185b1db68655a265316","name":"C D","image":{"@type":"ImageObject","inLanguage":"fr-FR","@id":"https:\/\/vosgesinfo.fr\/remiremontinfo\/#\/schema\/person\/image\/","url":"https:\/\/secure.gravatar.com\/avatar\/1f9a70007336511a47468b8f1c66f922b8b7cf617b02a31149ada43893a5d48f?s=96&d=mm&r=g","contentUrl":"https:\/\/secure.gravatar.com\/avatar\/1f9a70007336511a47468b8f1c66f922b8b7cf617b02a31149ada43893a5d48f?s=96&d=mm&r=g","caption":"C D"},"url":"https:\/\/vosgesinfo.fr\/remiremontinfo\/author\/cedric-drevet\/"}]}},"_links":{"self":[{"href":"https:\/\/vosgesinfo.fr\/remiremontinfo\/wp-json\/wp\/v2\/posts\/21223","targetHints":{"allow":["GET"]}}],"collection":[{"href":"https:\/\/vosgesinfo.fr\/remiremontinfo\/wp-json\/wp\/v2\/posts"}],"about":[{"href":"https:\/\/vosgesinfo.fr\/remiremontinfo\/wp-json\/wp\/v2\/types\/post"}],"author":[{"embeddable":true,"href":"https:\/\/vosgesinfo.fr\/remiremontinfo\/wp-json\/wp\/v2\/users\/407"}],"replies":[{"embeddable":true,"href":"https:\/\/vosgesinfo.fr\/remiremontinfo\/wp-json\/wp\/v2\/comments?post=21223"}],"version-history":[{"count":0,"href":"https:\/\/vosgesinfo.fr\/remiremontinfo\/wp-json\/wp\/v2\/posts\/21223\/revisions"}],"wp:featuredmedia":[{"embeddable":true,"href":"https:\/\/vosgesinfo.fr\/remiremontinfo\/wp-json\/wp\/v2\/media\/21224"}],"wp:attachment":[{"href":"https:\/\/vosgesinfo.fr\/remiremontinfo\/wp-json\/wp\/v2\/media?parent=21223"}],"wp:term":[{"taxonomy":"category","embeddable":true,"href":"https:\/\/vosgesinfo.fr\/remiremontinfo\/wp-json\/wp\/v2\/categories?post=21223"},{"taxonomy":"post_tag","embeddable":true,"href":"https:\/\/vosgesinfo.fr\/remiremontinfo\/wp-json\/wp\/v2\/tags?post=21223"}],"curies":[{"name":"wp","href":"https:\/\/api.w.org\/{rel}","templated":true}]}}