{"id":21253,"date":"2019-10-05T12:57:05","date_gmt":"2019-10-05T10:57:05","guid":{"rendered":"https:\/\/vosgesinfo.fr\/remiremontinfo\/2019\/10\/remiremont-cest-lheure-de-dictee\/"},"modified":"2019-10-05T12:57:05","modified_gmt":"2019-10-05T10:57:05","slug":"remiremont-cest-lheure-de-dictee","status":"publish","type":"post","link":"https:\/\/vosgesinfo.fr\/remiremontinfo\/2019\/10\/remiremont-cest-lheure-de-dictee\/","title":{"rendered":"Remiremont : c&rsquo;est l&rsquo;heure de la dict\u00e9e !"},"content":{"rendered":"<p><a href=\"\/2019\/10\/IMG_1944.jpg\"><img decoding=\"async\" class=\"alignnone size-large wp-image-269894\" src=\"\/2019\/10\/IMG_1944-1024x768.jpg\" alt=\"IMG_1944\" width=\"960\" height=\"720\" \/><\/a><\/p>\n<h2><span style=\"font-size: 12pt;\"><strong>Apr\u00e8s les enfants ce matin, c&rsquo;est au tour des adultes cet apr\u00e8s-midi de s&rsquo;essayer \u00e0 la dict\u00e9e. Ils\u00a0sont une vingtaine \u00e0 la m\u00e9diath\u00e8que, pour participer \u00e0 cette animation propos\u00e9e par L\u2019Encrier au champ \u00e0 l&rsquo;occasion du 120\u00e8me anniversaire de l&rsquo;\u00e9cole de Maxonrupt.<\/strong><\/span><\/h2>\n<p>Au programme, un extrait du Livre de mon ami, d&rsquo;Anatole France\u00a0 : <em>\u00a0\u00bb C\u2019\u00e9tait un jour de pluie. J\u2019avais re\u00e7u en cadeau tout un attirail de postillon, casquette, fouet, guides et grelots. Il y avait beaucoup de grelots. J\u2019attelai\u00a0; c\u2019est moi que j\u2019attelai \u00e0 moi-m\u00eame, car j\u2019\u00e9tais tout ensemble le postillon, les chevaux et la voiture. Mon parcours s\u2019\u00e9tendait de la cuisine \u00e0 la salle \u00e0 manger par un couloir. Cette salle \u00e0 manger me repr\u00e9sentait tr\u00e8s bien une place de village. Le buffet d\u2019acajou o\u00f9 je relayais me semblait sans difficult\u00e9 l\u2019auberge du Cheval-Blanc. Le couloir m\u2019\u00e9tait une grande route avec ses perspectives changeantes et ses rencontres impr\u00e9vues&#8230;<\/em><em>\u00a0\u00bb\u00a0<\/em>Le Livre de mon ami est un livre de souvenirs d&rsquo;Anatole France paru en 1885.\u00a0Il\u00a0est divis\u00e9 en plusieurs parties. La premi\u00e8re conte plusieurs souvenirs d\u2019enfance d\u2019un double litt\u00e9raire d\u2019Anatole France appel\u00e9 Pierre Nozi\u00e8re. La seconde raconte des souvenirs d\u2019un p\u00e8re sur l\u2019enfance de sa fille Suzanne. Dans une derni\u00e8re partie, France fait dialoguer trois personnages sur l\u2019origine et le sens des contes de f\u00e9es.<\/p>\n\n","protected":false},"excerpt":{"rendered":"<p>Apr\u00e8s les enfants ce matin, c&rsquo;est au tour des adultes cet apr\u00e8s-midi de s&rsquo;essayer \u00e0 la dict\u00e9e. Ils\u00a0sont une vingtaine [&hellip;]<\/p>\n","protected":false},"author":407,"featured_media":0,"comment_status":"open","ping_status":"open","sticky":false,"template":"","format":"standard","meta":{"footnotes":""},"categories":[26,4,54,1556,35],"tags":[],"class_list":["post-21253","post","type-post","status-publish","format-standard","hentry","category-a-la-une","category-culture","category-loisirs","category-remiremont-remiremont-son-canton-2","category-remiremont-son-canton"],"acf":[],"yoast_head":"<!-- This site is optimized with the Yoast SEO plugin v22.5 - https:\/\/yoast.com\/wordpress\/plugins\/seo\/ -->\n<title>Remiremont : c&#039;est l&#039;heure de la dict\u00e9e ! - Remiremont Info<\/title>\n<meta name=\"robots\" content=\"index, follow, max-snippet:-1, max-image-preview:large, max-video-preview:-1\" \/>\n<link rel=\"canonical\" href=\"https:\/\/vosgesinfo.fr\/remiremontinfo\/2019\/10\/remiremont-cest-lheure-de-dictee\/\" \/>\n<meta name=\"twitter:card\" content=\"summary_large_image\" \/>\n<meta name=\"twitter:title\" content=\"Remiremont : c&#039;est l&#039;heure de la dict\u00e9e ! - Remiremont Info\" \/>\n<meta name=\"twitter:description\" content=\"Apr\u00e8s les enfants ce matin, c&rsquo;est au tour des adultes cet apr\u00e8s-midi de s&rsquo;essayer \u00e0 la dict\u00e9e. Ils\u00a0sont une vingtaine [&hellip;]\" \/>\n<meta name=\"twitter:creator\" content=\"@VosgesInfo88\" \/>\n<meta name=\"twitter:site\" content=\"@VosgesInfo88\" \/>\n<meta name=\"twitter:label1\" content=\"\u00c9crit par\" \/>\n\t<meta name=\"twitter:data1\" content=\"C D\" \/>\n\t<meta name=\"twitter:label2\" content=\"Dur\u00e9e de lecture estim\u00e9e\" \/>\n\t<meta name=\"twitter:data2\" content=\"1 minute\" \/>\n<script type=\"application\/ld+json\" class=\"yoast-schema-graph\">{\"@context\":\"https:\/\/schema.org\",\"@graph\":[{\"@type\":\"Article\",\"@id\":\"https:\/\/vosgesinfo.fr\/remiremontinfo\/2019\/10\/remiremont-cest-lheure-de-dictee\/#article\",\"isPartOf\":{\"@id\":\"https:\/\/vosgesinfo.fr\/remiremontinfo\/2019\/10\/remiremont-cest-lheure-de-dictee\/\"},\"author\":{\"name\":\"C D\",\"@id\":\"https:\/\/vosgesinfo.fr\/remiremontinfo\/#\/schema\/person\/3bfd164d5218a185b1db68655a265316\"},\"headline\":\"Remiremont : c&rsquo;est l&rsquo;heure de la dict\u00e9e !\",\"datePublished\":\"2019-10-05T10:57:05+00:00\",\"dateModified\":\"2019-10-05T10:57:05+00:00\",\"mainEntityOfPage\":{\"@id\":\"https:\/\/vosgesinfo.fr\/remiremontinfo\/2019\/10\/remiremont-cest-lheure-de-dictee\/\"},\"wordCount\":264,\"commentCount\":0,\"publisher\":{\"@id\":\"https:\/\/vosgesinfo.fr\/remiremontinfo\/#organization\"},\"articleSection\":[\"A la Une\",\"Culture\",\"Loisirs\",\"Remiremont\",\"Remiremont &amp; son canton\"],\"inLanguage\":\"fr-FR\",\"potentialAction\":[{\"@type\":\"CommentAction\",\"name\":\"Comment\",\"target\":[\"https:\/\/vosgesinfo.fr\/remiremontinfo\/2019\/10\/remiremont-cest-lheure-de-dictee\/#respond\"]}]},{\"@type\":\"WebPage\",\"@id\":\"https:\/\/vosgesinfo.fr\/remiremontinfo\/2019\/10\/remiremont-cest-lheure-de-dictee\/\",\"url\":\"https:\/\/vosgesinfo.fr\/remiremontinfo\/2019\/10\/remiremont-cest-lheure-de-dictee\/\",\"name\":\"Remiremont : c'est l'heure de la dict\u00e9e ! - Remiremont Info\",\"isPartOf\":{\"@id\":\"https:\/\/vosgesinfo.fr\/remiremontinfo\/#website\"},\"datePublished\":\"2019-10-05T10:57:05+00:00\",\"dateModified\":\"2019-10-05T10:57:05+00:00\",\"breadcrumb\":{\"@id\":\"https:\/\/vosgesinfo.fr\/remiremontinfo\/2019\/10\/remiremont-cest-lheure-de-dictee\/#breadcrumb\"},\"inLanguage\":\"fr-FR\",\"potentialAction\":[{\"@type\":\"ReadAction\",\"target\":[\"https:\/\/vosgesinfo.fr\/remiremontinfo\/2019\/10\/remiremont-cest-lheure-de-dictee\/\"]}]},{\"@type\":\"BreadcrumbList\",\"@id\":\"https:\/\/vosgesinfo.fr\/remiremontinfo\/2019\/10\/remiremont-cest-lheure-de-dictee\/#breadcrumb\",\"itemListElement\":[{\"@type\":\"ListItem\",\"position\":1,\"name\":\"Home\",\"item\":\"https:\/\/vosgesinfo.fr\/remiremontinfo\/\"},{\"@type\":\"ListItem\",\"position\":2,\"name\":\"Remiremont : c&rsquo;est l&rsquo;heure de la dict\u00e9e !\"}]},{\"@type\":\"WebSite\",\"@id\":\"https:\/\/vosgesinfo.fr\/remiremontinfo\/#website\",\"url\":\"https:\/\/vosgesinfo.fr\/remiremontinfo\/\",\"name\":\"Remiremont Info\",\"description\":\"Toute l&#039;actualit\u00e9 de Remiremont\",\"publisher\":{\"@id\":\"https:\/\/vosgesinfo.fr\/remiremontinfo\/#organization\"},\"alternateName\":\"Toute l'actualit\u00e9 de Remiremont\",\"potentialAction\":[{\"@type\":\"SearchAction\",\"target\":{\"@type\":\"EntryPoint\",\"urlTemplate\":\"https:\/\/vosgesinfo.fr\/remiremontinfo\/?s={search_term_string}\"},\"query-input\":\"required name=search_term_string\"}],\"inLanguage\":\"fr-FR\"},{\"@type\":\"Organization\",\"@id\":\"https:\/\/vosgesinfo.fr\/remiremontinfo\/#organization\",\"name\":\"Remiremont Info\",\"url\":\"https:\/\/vosgesinfo.fr\/remiremontinfo\/\",\"logo\":{\"@type\":\"ImageObject\",\"inLanguage\":\"fr-FR\",\"@id\":\"https:\/\/vosgesinfo.fr\/remiremontinfo\/#\/schema\/logo\/image\/\",\"url\":\"https:\/\/vosgesinfo.fr\/app\/uploads\/sites\/5\/2023\/08\/favicon-remiremontinfo.png\",\"contentUrl\":\"https:\/\/vosgesinfo.fr\/app\/uploads\/sites\/5\/2023\/08\/favicon-remiremontinfo.png\",\"width\":512,\"height\":512,\"caption\":\"Remiremont Info\"},\"image\":{\"@id\":\"https:\/\/vosgesinfo.fr\/remiremontinfo\/#\/schema\/logo\/image\/\"},\"sameAs\":[\"https:\/\/www.facebook.com\/remiremontinfo\",\"https:\/\/x.com\/VosgesInfo88\",\"https:\/\/www.youtube.com\/@vosgesinfo\"]},{\"@type\":\"Person\",\"@id\":\"https:\/\/vosgesinfo.fr\/remiremontinfo\/#\/schema\/person\/3bfd164d5218a185b1db68655a265316\",\"name\":\"C D\",\"image\":{\"@type\":\"ImageObject\",\"inLanguage\":\"fr-FR\",\"@id\":\"https:\/\/vosgesinfo.fr\/remiremontinfo\/#\/schema\/person\/image\/\",\"url\":\"https:\/\/secure.gravatar.com\/avatar\/1f9a70007336511a47468b8f1c66f922b8b7cf617b02a31149ada43893a5d48f?s=96&d=mm&r=g\",\"contentUrl\":\"https:\/\/secure.gravatar.com\/avatar\/1f9a70007336511a47468b8f1c66f922b8b7cf617b02a31149ada43893a5d48f?s=96&d=mm&r=g\",\"caption\":\"C D\"},\"url\":\"https:\/\/vosgesinfo.fr\/remiremontinfo\/author\/cedric-drevet\/\"}]}<\/script>\n<!-- \/ Yoast SEO plugin. -->","yoast_head_json":{"title":"Remiremont : c'est l'heure de la dict\u00e9e ! - Remiremont Info","robots":{"index":"index","follow":"follow","max-snippet":"max-snippet:-1","max-image-preview":"max-image-preview:large","max-video-preview":"max-video-preview:-1"},"canonical":"https:\/\/vosgesinfo.fr\/remiremontinfo\/2019\/10\/remiremont-cest-lheure-de-dictee\/","twitter_card":"summary_large_image","twitter_title":"Remiremont : c'est l'heure de la dict\u00e9e ! - Remiremont Info","twitter_description":"Apr\u00e8s les enfants ce matin, c&rsquo;est au tour des adultes cet apr\u00e8s-midi de s&rsquo;essayer \u00e0 la dict\u00e9e. Ils\u00a0sont une vingtaine [&hellip;]","twitter_creator":"@VosgesInfo88","twitter_site":"@VosgesInfo88","twitter_misc":{"\u00c9crit par":"C D","Dur\u00e9e de lecture estim\u00e9e":"1 minute"},"schema":{"@context":"https:\/\/schema.org","@graph":[{"@type":"Article","@id":"https:\/\/vosgesinfo.fr\/remiremontinfo\/2019\/10\/remiremont-cest-lheure-de-dictee\/#article","isPartOf":{"@id":"https:\/\/vosgesinfo.fr\/remiremontinfo\/2019\/10\/remiremont-cest-lheure-de-dictee\/"},"author":{"name":"C D","@id":"https:\/\/vosgesinfo.fr\/remiremontinfo\/#\/schema\/person\/3bfd164d5218a185b1db68655a265316"},"headline":"Remiremont : c&rsquo;est l&rsquo;heure de la dict\u00e9e !","datePublished":"2019-10-05T10:57:05+00:00","dateModified":"2019-10-05T10:57:05+00:00","mainEntityOfPage":{"@id":"https:\/\/vosgesinfo.fr\/remiremontinfo\/2019\/10\/remiremont-cest-lheure-de-dictee\/"},"wordCount":264,"commentCount":0,"publisher":{"@id":"https:\/\/vosgesinfo.fr\/remiremontinfo\/#organization"},"articleSection":["A la Une","Culture","Loisirs","Remiremont","Remiremont &amp; son canton"],"inLanguage":"fr-FR","potentialAction":[{"@type":"CommentAction","name":"Comment","target":["https:\/\/vosgesinfo.fr\/remiremontinfo\/2019\/10\/remiremont-cest-lheure-de-dictee\/#respond"]}]},{"@type":"WebPage","@id":"https:\/\/vosgesinfo.fr\/remiremontinfo\/2019\/10\/remiremont-cest-lheure-de-dictee\/","url":"https:\/\/vosgesinfo.fr\/remiremontinfo\/2019\/10\/remiremont-cest-lheure-de-dictee\/","name":"Remiremont : c'est l'heure de la dict\u00e9e ! - Remiremont Info","isPartOf":{"@id":"https:\/\/vosgesinfo.fr\/remiremontinfo\/#website"},"datePublished":"2019-10-05T10:57:05+00:00","dateModified":"2019-10-05T10:57:05+00:00","breadcrumb":{"@id":"https:\/\/vosgesinfo.fr\/remiremontinfo\/2019\/10\/remiremont-cest-lheure-de-dictee\/#breadcrumb"},"inLanguage":"fr-FR","potentialAction":[{"@type":"ReadAction","target":["https:\/\/vosgesinfo.fr\/remiremontinfo\/2019\/10\/remiremont-cest-lheure-de-dictee\/"]}]},{"@type":"BreadcrumbList","@id":"https:\/\/vosgesinfo.fr\/remiremontinfo\/2019\/10\/remiremont-cest-lheure-de-dictee\/#breadcrumb","itemListElement":[{"@type":"ListItem","position":1,"name":"Home","item":"https:\/\/vosgesinfo.fr\/remiremontinfo\/"},{"@type":"ListItem","position":2,"name":"Remiremont : c&rsquo;est l&rsquo;heure de la dict\u00e9e !"}]},{"@type":"WebSite","@id":"https:\/\/vosgesinfo.fr\/remiremontinfo\/#website","url":"https:\/\/vosgesinfo.fr\/remiremontinfo\/","name":"Remiremont Info","description":"Toute l&#039;actualit\u00e9 de Remiremont","publisher":{"@id":"https:\/\/vosgesinfo.fr\/remiremontinfo\/#organization"},"alternateName":"Toute l'actualit\u00e9 de Remiremont","potentialAction":[{"@type":"SearchAction","target":{"@type":"EntryPoint","urlTemplate":"https:\/\/vosgesinfo.fr\/remiremontinfo\/?s={search_term_string}"},"query-input":"required name=search_term_string"}],"inLanguage":"fr-FR"},{"@type":"Organization","@id":"https:\/\/vosgesinfo.fr\/remiremontinfo\/#organization","name":"Remiremont Info","url":"https:\/\/vosgesinfo.fr\/remiremontinfo\/","logo":{"@type":"ImageObject","inLanguage":"fr-FR","@id":"https:\/\/vosgesinfo.fr\/remiremontinfo\/#\/schema\/logo\/image\/","url":"https:\/\/vosgesinfo.fr\/app\/uploads\/sites\/5\/2023\/08\/favicon-remiremontinfo.png","contentUrl":"https:\/\/vosgesinfo.fr\/app\/uploads\/sites\/5\/2023\/08\/favicon-remiremontinfo.png","width":512,"height":512,"caption":"Remiremont Info"},"image":{"@id":"https:\/\/vosgesinfo.fr\/remiremontinfo\/#\/schema\/logo\/image\/"},"sameAs":["https:\/\/www.facebook.com\/remiremontinfo","https:\/\/x.com\/VosgesInfo88","https:\/\/www.youtube.com\/@vosgesinfo"]},{"@type":"Person","@id":"https:\/\/vosgesinfo.fr\/remiremontinfo\/#\/schema\/person\/3bfd164d5218a185b1db68655a265316","name":"C D","image":{"@type":"ImageObject","inLanguage":"fr-FR","@id":"https:\/\/vosgesinfo.fr\/remiremontinfo\/#\/schema\/person\/image\/","url":"https:\/\/secure.gravatar.com\/avatar\/1f9a70007336511a47468b8f1c66f922b8b7cf617b02a31149ada43893a5d48f?s=96&d=mm&r=g","contentUrl":"https:\/\/secure.gravatar.com\/avatar\/1f9a70007336511a47468b8f1c66f922b8b7cf617b02a31149ada43893a5d48f?s=96&d=mm&r=g","caption":"C D"},"url":"https:\/\/vosgesinfo.fr\/remiremontinfo\/author\/cedric-drevet\/"}]}},"_links":{"self":[{"href":"https:\/\/vosgesinfo.fr\/remiremontinfo\/wp-json\/wp\/v2\/posts\/21253","targetHints":{"allow":["GET"]}}],"collection":[{"href":"https:\/\/vosgesinfo.fr\/remiremontinfo\/wp-json\/wp\/v2\/posts"}],"about":[{"href":"https:\/\/vosgesinfo.fr\/remiremontinfo\/wp-json\/wp\/v2\/types\/post"}],"author":[{"embeddable":true,"href":"https:\/\/vosgesinfo.fr\/remiremontinfo\/wp-json\/wp\/v2\/users\/407"}],"replies":[{"embeddable":true,"href":"https:\/\/vosgesinfo.fr\/remiremontinfo\/wp-json\/wp\/v2\/comments?post=21253"}],"version-history":[{"count":0,"href":"https:\/\/vosgesinfo.fr\/remiremontinfo\/wp-json\/wp\/v2\/posts\/21253\/revisions"}],"wp:attachment":[{"href":"https:\/\/vosgesinfo.fr\/remiremontinfo\/wp-json\/wp\/v2\/media?parent=21253"}],"wp:term":[{"taxonomy":"category","embeddable":true,"href":"https:\/\/vosgesinfo.fr\/remiremontinfo\/wp-json\/wp\/v2\/categories?post=21253"},{"taxonomy":"post_tag","embeddable":true,"href":"https:\/\/vosgesinfo.fr\/remiremontinfo\/wp-json\/wp\/v2\/tags?post=21253"}],"curies":[{"name":"wp","href":"https:\/\/api.w.org\/{rel}","templated":true}]}}