{"id":213,"date":"2023-08-12T09:30:35","date_gmt":"2023-08-12T07:30:35","guid":{"rendered":"https:\/\/vosgesinfo.fr\/remiremontinfo\/2023\/08\/plus-de-170-vehicules-attendus-pour-la-montee-historique-du-ballon-dalsace\/"},"modified":"2024-01-31T15:54:13","modified_gmt":"2024-01-31T14:54:13","slug":"plus-de-170-vehicules-attendus-pour-la-montee-historique-du-ballon-dalsace","status":"publish","type":"post","link":"https:\/\/vosgesinfo.fr\/remiremontinfo\/2023\/08\/plus-de-170-vehicules-attendus-pour-la-montee-historique-du-ballon-dalsace\/","title":{"rendered":"Plus de 170 v\u00e9hicules attendus pour la Mont\u00e9e historique du Ballon d\u2019Alsace"},"content":{"rendered":"<p>Plus de 170 pilotes participent ce dimanche \u00e0 la mont\u00e9e historique du Ballon d\u2019Alsace \u00e0 bord de leurs voitures anciennes. Avec 12,7 km de parcours, c\u2019est l\u2019une des plus importantes mont\u00e9es historique de France.<\/p>\n<p>Les \u00e9quipages sont arriv\u00e9s d\u00e8s ce vendredi apr\u00e8s-midi sur la place de l\u2019Arsenal \u00e0 Belfort avant de monter du Ballon au d\u00e9part de Lepuix ce dimanche 13\u00a0ao\u00fbt.<\/p>\n<p>Les participants viennent de France, mais aussi de Suisse ou d\u2019Allemagne.<\/p>\n<p>L\u2019acc\u00e8s \u00e0 la zone est gratuite pour le public. Une parade aura lieu ce samedi \u00e0 18h30 dans la ville de Belfort. Le premier d\u00e9part pour la mont\u00e9e \u00e0 Lepuix aura lieu \u00e0 8h15 ce dimanche 13 ao\u00fbt.<\/p>\n","protected":false},"excerpt":{"rendered":"<p>Plus de 170 pilotes participent ce dimanche \u00e0 la mont\u00e9e historique du Ballon d\u2019Alsace \u00e0 bord de leurs voitures anciennes. [&hellip;]<\/p>\n","protected":false},"author":412,"featured_media":214,"comment_status":"open","ping_status":"open","sticky":false,"template":"","format":"standard","meta":{"footnotes":""},"categories":[26,37,35,39,14],"tags":[44,61,32],"class_list":["post-213","post","type-post","status-publish","format-standard","has-post-thumbnail","hentry","category-a-la-une","category-le-thillot-son-canton","category-remiremont-son-canton","category-saint-maurice-moselle","category-sport","tag-remiremont","tag-sport","tag-vosges"],"acf":[],"yoast_head":"<!-- This site is optimized with the Yoast SEO plugin v22.5 - https:\/\/yoast.com\/wordpress\/plugins\/seo\/ -->\n<title>Plus de 170 v\u00e9hicules attendus pour la Mont\u00e9e historique du Ballon d\u2019Alsace - Remiremont Info<\/title>\n<meta name=\"robots\" content=\"index, follow, max-snippet:-1, max-image-preview:large, max-video-preview:-1\" \/>\n<link rel=\"canonical\" href=\"https:\/\/vosgesinfo.fr\/remiremontinfo\/2023\/08\/plus-de-170-vehicules-attendus-pour-la-montee-historique-du-ballon-dalsace\/\" \/>\n<meta name=\"twitter:card\" content=\"summary_large_image\" \/>\n<meta name=\"twitter:title\" content=\"Plus de 170 v\u00e9hicules attendus pour la Mont\u00e9e historique du Ballon d\u2019Alsace - Remiremont Info\" \/>\n<meta name=\"twitter:description\" content=\"Plus de 170 pilotes participent ce dimanche \u00e0 la mont\u00e9e historique du Ballon d\u2019Alsace \u00e0 bord de leurs voitures anciennes. [&hellip;]\" \/>\n<meta name=\"twitter:image\" content=\"https:\/\/vosgesinfo.fr\/app\/uploads\/sites\/5\/2023\/08\/montee-historique-1.jpg\" \/>\n<meta name=\"twitter:creator\" content=\"@VosgesInfo88\" \/>\n<meta name=\"twitter:site\" content=\"@VosgesInfo88\" \/>\n<meta name=\"twitter:label1\" content=\"\u00c9crit par\" \/>\n\t<meta name=\"twitter:data1\" content=\"Stany Maurice\" \/>\n\t<meta name=\"twitter:label2\" content=\"Dur\u00e9e de lecture estim\u00e9e\" \/>\n\t<meta name=\"twitter:data2\" content=\"1 minute\" \/>\n<script type=\"application\/ld+json\" class=\"yoast-schema-graph\">{\"@context\":\"https:\/\/schema.org\",\"@graph\":[{\"@type\":\"Article\",\"@id\":\"https:\/\/vosgesinfo.fr\/remiremontinfo\/2023\/08\/plus-de-170-vehicules-attendus-pour-la-montee-historique-du-ballon-dalsace\/#article\",\"isPartOf\":{\"@id\":\"https:\/\/vosgesinfo.fr\/remiremontinfo\/2023\/08\/plus-de-170-vehicules-attendus-pour-la-montee-historique-du-ballon-dalsace\/\"},\"author\":{\"name\":\"Stany Maurice\",\"@id\":\"https:\/\/vosgesinfo.fr\/remiremontinfo\/#\/schema\/person\/bec388675ce53b5a637aec04392f977e\"},\"headline\":\"Plus de 170 v\u00e9hicules attendus pour la Mont\u00e9e historique du Ballon d\u2019Alsace\",\"datePublished\":\"2023-08-12T07:30:35+00:00\",\"dateModified\":\"2024-01-31T14:54:13+00:00\",\"mainEntityOfPage\":{\"@id\":\"https:\/\/vosgesinfo.fr\/remiremontinfo\/2023\/08\/plus-de-170-vehicules-attendus-pour-la-montee-historique-du-ballon-dalsace\/\"},\"wordCount\":131,\"commentCount\":0,\"publisher\":{\"@id\":\"https:\/\/vosgesinfo.fr\/remiremontinfo\/#organization\"},\"image\":{\"@id\":\"https:\/\/vosgesinfo.fr\/remiremontinfo\/2023\/08\/plus-de-170-vehicules-attendus-pour-la-montee-historique-du-ballon-dalsace\/#primaryimage\"},\"thumbnailUrl\":\"https:\/\/vosgesinfo.fr\/app\/uploads\/sites\/5\/2023\/08\/montee-historique-1.jpg\",\"keywords\":[\"remiremont\",\"sport\",\"Vosges\"],\"articleSection\":[\"A la Une\",\"Le Thillot &amp; son canton\",\"Remiremont &amp; son canton\",\"Saint-Maurice\/Moselle\",\"Sport\"],\"inLanguage\":\"fr-FR\",\"potentialAction\":[{\"@type\":\"CommentAction\",\"name\":\"Comment\",\"target\":[\"https:\/\/vosgesinfo.fr\/remiremontinfo\/2023\/08\/plus-de-170-vehicules-attendus-pour-la-montee-historique-du-ballon-dalsace\/#respond\"]}]},{\"@type\":\"WebPage\",\"@id\":\"https:\/\/vosgesinfo.fr\/remiremontinfo\/2023\/08\/plus-de-170-vehicules-attendus-pour-la-montee-historique-du-ballon-dalsace\/\",\"url\":\"https:\/\/vosgesinfo.fr\/remiremontinfo\/2023\/08\/plus-de-170-vehicules-attendus-pour-la-montee-historique-du-ballon-dalsace\/\",\"name\":\"Plus de 170 v\u00e9hicules attendus pour la Mont\u00e9e historique du Ballon d\u2019Alsace - Remiremont Info\",\"isPartOf\":{\"@id\":\"https:\/\/vosgesinfo.fr\/remiremontinfo\/#website\"},\"primaryImageOfPage\":{\"@id\":\"https:\/\/vosgesinfo.fr\/remiremontinfo\/2023\/08\/plus-de-170-vehicules-attendus-pour-la-montee-historique-du-ballon-dalsace\/#primaryimage\"},\"image\":{\"@id\":\"https:\/\/vosgesinfo.fr\/remiremontinfo\/2023\/08\/plus-de-170-vehicules-attendus-pour-la-montee-historique-du-ballon-dalsace\/#primaryimage\"},\"thumbnailUrl\":\"https:\/\/vosgesinfo.fr\/app\/uploads\/sites\/5\/2023\/08\/montee-historique-1.jpg\",\"datePublished\":\"2023-08-12T07:30:35+00:00\",\"dateModified\":\"2024-01-31T14:54:13+00:00\",\"breadcrumb\":{\"@id\":\"https:\/\/vosgesinfo.fr\/remiremontinfo\/2023\/08\/plus-de-170-vehicules-attendus-pour-la-montee-historique-du-ballon-dalsace\/#breadcrumb\"},\"inLanguage\":\"fr-FR\",\"potentialAction\":[{\"@type\":\"ReadAction\",\"target\":[\"https:\/\/vosgesinfo.fr\/remiremontinfo\/2023\/08\/plus-de-170-vehicules-attendus-pour-la-montee-historique-du-ballon-dalsace\/\"]}]},{\"@type\":\"ImageObject\",\"inLanguage\":\"fr-FR\",\"@id\":\"https:\/\/vosgesinfo.fr\/remiremontinfo\/2023\/08\/plus-de-170-vehicules-attendus-pour-la-montee-historique-du-ballon-dalsace\/#primaryimage\",\"url\":\"https:\/\/vosgesinfo.fr\/app\/uploads\/sites\/5\/2023\/08\/montee-historique-1.jpg\",\"contentUrl\":\"https:\/\/vosgesinfo.fr\/app\/uploads\/sites\/5\/2023\/08\/montee-historique-1.jpg\",\"width\":800,\"height\":533},{\"@type\":\"BreadcrumbList\",\"@id\":\"https:\/\/vosgesinfo.fr\/remiremontinfo\/2023\/08\/plus-de-170-vehicules-attendus-pour-la-montee-historique-du-ballon-dalsace\/#breadcrumb\",\"itemListElement\":[{\"@type\":\"ListItem\",\"position\":1,\"name\":\"Home\",\"item\":\"https:\/\/vosgesinfo.fr\/remiremontinfo\/\"},{\"@type\":\"ListItem\",\"position\":2,\"name\":\"Plus de 170 v\u00e9hicules attendus pour la Mont\u00e9e historique du Ballon d\u2019Alsace\"}]},{\"@type\":\"WebSite\",\"@id\":\"https:\/\/vosgesinfo.fr\/remiremontinfo\/#website\",\"url\":\"https:\/\/vosgesinfo.fr\/remiremontinfo\/\",\"name\":\"Remiremont Info\",\"description\":\"Toute l&#039;actualit\u00e9 de Remiremont\",\"publisher\":{\"@id\":\"https:\/\/vosgesinfo.fr\/remiremontinfo\/#organization\"},\"alternateName\":\"Toute l'actualit\u00e9 de Remiremont\",\"potentialAction\":[{\"@type\":\"SearchAction\",\"target\":{\"@type\":\"EntryPoint\",\"urlTemplate\":\"https:\/\/vosgesinfo.fr\/remiremontinfo\/?s={search_term_string}\"},\"query-input\":\"required name=search_term_string\"}],\"inLanguage\":\"fr-FR\"},{\"@type\":\"Organization\",\"@id\":\"https:\/\/vosgesinfo.fr\/remiremontinfo\/#organization\",\"name\":\"Remiremont Info\",\"url\":\"https:\/\/vosgesinfo.fr\/remiremontinfo\/\",\"logo\":{\"@type\":\"ImageObject\",\"inLanguage\":\"fr-FR\",\"@id\":\"https:\/\/vosgesinfo.fr\/remiremontinfo\/#\/schema\/logo\/image\/\",\"url\":\"https:\/\/vosgesinfo.fr\/app\/uploads\/sites\/5\/2023\/08\/favicon-remiremontinfo.png\",\"contentUrl\":\"https:\/\/vosgesinfo.fr\/app\/uploads\/sites\/5\/2023\/08\/favicon-remiremontinfo.png\",\"width\":512,\"height\":512,\"caption\":\"Remiremont Info\"},\"image\":{\"@id\":\"https:\/\/vosgesinfo.fr\/remiremontinfo\/#\/schema\/logo\/image\/\"},\"sameAs\":[\"https:\/\/www.facebook.com\/remiremontinfo\",\"https:\/\/x.com\/VosgesInfo88\",\"https:\/\/www.youtube.com\/@vosgesinfo\"]},{\"@type\":\"Person\",\"@id\":\"https:\/\/vosgesinfo.fr\/remiremontinfo\/#\/schema\/person\/bec388675ce53b5a637aec04392f977e\",\"name\":\"Stany Maurice\",\"image\":{\"@type\":\"ImageObject\",\"inLanguage\":\"fr-FR\",\"@id\":\"https:\/\/vosgesinfo.fr\/remiremontinfo\/#\/schema\/person\/image\/\",\"url\":\"https:\/\/secure.gravatar.com\/avatar\/68520b0c74251371bd10958bd19c3ce39a212093b8fff0dc3edbfcfddd089807?s=96&d=mm&r=g\",\"contentUrl\":\"https:\/\/secure.gravatar.com\/avatar\/68520b0c74251371bd10958bd19c3ce39a212093b8fff0dc3edbfcfddd089807?s=96&d=mm&r=g\",\"caption\":\"Stany Maurice\"},\"url\":\"https:\/\/vosgesinfo.fr\/remiremontinfo\/author\/s-maurice\/\"}]}<\/script>\n<!-- \/ Yoast SEO plugin. -->","yoast_head_json":{"title":"Plus de 170 v\u00e9hicules attendus pour la Mont\u00e9e historique du Ballon d\u2019Alsace - Remiremont Info","robots":{"index":"index","follow":"follow","max-snippet":"max-snippet:-1","max-image-preview":"max-image-preview:large","max-video-preview":"max-video-preview:-1"},"canonical":"https:\/\/vosgesinfo.fr\/remiremontinfo\/2023\/08\/plus-de-170-vehicules-attendus-pour-la-montee-historique-du-ballon-dalsace\/","twitter_card":"summary_large_image","twitter_title":"Plus de 170 v\u00e9hicules attendus pour la Mont\u00e9e historique du Ballon d\u2019Alsace - Remiremont Info","twitter_description":"Plus de 170 pilotes participent ce dimanche \u00e0 la mont\u00e9e historique du Ballon d\u2019Alsace \u00e0 bord de leurs voitures anciennes. [&hellip;]","twitter_image":"https:\/\/vosgesinfo.fr\/app\/uploads\/sites\/5\/2023\/08\/montee-historique-1.jpg","twitter_creator":"@VosgesInfo88","twitter_site":"@VosgesInfo88","twitter_misc":{"\u00c9crit par":"Stany Maurice","Dur\u00e9e de lecture estim\u00e9e":"1 minute"},"schema":{"@context":"https:\/\/schema.org","@graph":[{"@type":"Article","@id":"https:\/\/vosgesinfo.fr\/remiremontinfo\/2023\/08\/plus-de-170-vehicules-attendus-pour-la-montee-historique-du-ballon-dalsace\/#article","isPartOf":{"@id":"https:\/\/vosgesinfo.fr\/remiremontinfo\/2023\/08\/plus-de-170-vehicules-attendus-pour-la-montee-historique-du-ballon-dalsace\/"},"author":{"name":"Stany Maurice","@id":"https:\/\/vosgesinfo.fr\/remiremontinfo\/#\/schema\/person\/bec388675ce53b5a637aec04392f977e"},"headline":"Plus de 170 v\u00e9hicules attendus pour la Mont\u00e9e historique du Ballon d\u2019Alsace","datePublished":"2023-08-12T07:30:35+00:00","dateModified":"2024-01-31T14:54:13+00:00","mainEntityOfPage":{"@id":"https:\/\/vosgesinfo.fr\/remiremontinfo\/2023\/08\/plus-de-170-vehicules-attendus-pour-la-montee-historique-du-ballon-dalsace\/"},"wordCount":131,"commentCount":0,"publisher":{"@id":"https:\/\/vosgesinfo.fr\/remiremontinfo\/#organization"},"image":{"@id":"https:\/\/vosgesinfo.fr\/remiremontinfo\/2023\/08\/plus-de-170-vehicules-attendus-pour-la-montee-historique-du-ballon-dalsace\/#primaryimage"},"thumbnailUrl":"https:\/\/vosgesinfo.fr\/app\/uploads\/sites\/5\/2023\/08\/montee-historique-1.jpg","keywords":["remiremont","sport","Vosges"],"articleSection":["A la Une","Le Thillot &amp; son canton","Remiremont &amp; son canton","Saint-Maurice\/Moselle","Sport"],"inLanguage":"fr-FR","potentialAction":[{"@type":"CommentAction","name":"Comment","target":["https:\/\/vosgesinfo.fr\/remiremontinfo\/2023\/08\/plus-de-170-vehicules-attendus-pour-la-montee-historique-du-ballon-dalsace\/#respond"]}]},{"@type":"WebPage","@id":"https:\/\/vosgesinfo.fr\/remiremontinfo\/2023\/08\/plus-de-170-vehicules-attendus-pour-la-montee-historique-du-ballon-dalsace\/","url":"https:\/\/vosgesinfo.fr\/remiremontinfo\/2023\/08\/plus-de-170-vehicules-attendus-pour-la-montee-historique-du-ballon-dalsace\/","name":"Plus de 170 v\u00e9hicules attendus pour la Mont\u00e9e historique du Ballon d\u2019Alsace - Remiremont Info","isPartOf":{"@id":"https:\/\/vosgesinfo.fr\/remiremontinfo\/#website"},"primaryImageOfPage":{"@id":"https:\/\/vosgesinfo.fr\/remiremontinfo\/2023\/08\/plus-de-170-vehicules-attendus-pour-la-montee-historique-du-ballon-dalsace\/#primaryimage"},"image":{"@id":"https:\/\/vosgesinfo.fr\/remiremontinfo\/2023\/08\/plus-de-170-vehicules-attendus-pour-la-montee-historique-du-ballon-dalsace\/#primaryimage"},"thumbnailUrl":"https:\/\/vosgesinfo.fr\/app\/uploads\/sites\/5\/2023\/08\/montee-historique-1.jpg","datePublished":"2023-08-12T07:30:35+00:00","dateModified":"2024-01-31T14:54:13+00:00","breadcrumb":{"@id":"https:\/\/vosgesinfo.fr\/remiremontinfo\/2023\/08\/plus-de-170-vehicules-attendus-pour-la-montee-historique-du-ballon-dalsace\/#breadcrumb"},"inLanguage":"fr-FR","potentialAction":[{"@type":"ReadAction","target":["https:\/\/vosgesinfo.fr\/remiremontinfo\/2023\/08\/plus-de-170-vehicules-attendus-pour-la-montee-historique-du-ballon-dalsace\/"]}]},{"@type":"ImageObject","inLanguage":"fr-FR","@id":"https:\/\/vosgesinfo.fr\/remiremontinfo\/2023\/08\/plus-de-170-vehicules-attendus-pour-la-montee-historique-du-ballon-dalsace\/#primaryimage","url":"https:\/\/vosgesinfo.fr\/app\/uploads\/sites\/5\/2023\/08\/montee-historique-1.jpg","contentUrl":"https:\/\/vosgesinfo.fr\/app\/uploads\/sites\/5\/2023\/08\/montee-historique-1.jpg","width":800,"height":533},{"@type":"BreadcrumbList","@id":"https:\/\/vosgesinfo.fr\/remiremontinfo\/2023\/08\/plus-de-170-vehicules-attendus-pour-la-montee-historique-du-ballon-dalsace\/#breadcrumb","itemListElement":[{"@type":"ListItem","position":1,"name":"Home","item":"https:\/\/vosgesinfo.fr\/remiremontinfo\/"},{"@type":"ListItem","position":2,"name":"Plus de 170 v\u00e9hicules attendus pour la Mont\u00e9e historique du Ballon d\u2019Alsace"}]},{"@type":"WebSite","@id":"https:\/\/vosgesinfo.fr\/remiremontinfo\/#website","url":"https:\/\/vosgesinfo.fr\/remiremontinfo\/","name":"Remiremont Info","description":"Toute l&#039;actualit\u00e9 de Remiremont","publisher":{"@id":"https:\/\/vosgesinfo.fr\/remiremontinfo\/#organization"},"alternateName":"Toute l'actualit\u00e9 de Remiremont","potentialAction":[{"@type":"SearchAction","target":{"@type":"EntryPoint","urlTemplate":"https:\/\/vosgesinfo.fr\/remiremontinfo\/?s={search_term_string}"},"query-input":"required name=search_term_string"}],"inLanguage":"fr-FR"},{"@type":"Organization","@id":"https:\/\/vosgesinfo.fr\/remiremontinfo\/#organization","name":"Remiremont Info","url":"https:\/\/vosgesinfo.fr\/remiremontinfo\/","logo":{"@type":"ImageObject","inLanguage":"fr-FR","@id":"https:\/\/vosgesinfo.fr\/remiremontinfo\/#\/schema\/logo\/image\/","url":"https:\/\/vosgesinfo.fr\/app\/uploads\/sites\/5\/2023\/08\/favicon-remiremontinfo.png","contentUrl":"https:\/\/vosgesinfo.fr\/app\/uploads\/sites\/5\/2023\/08\/favicon-remiremontinfo.png","width":512,"height":512,"caption":"Remiremont Info"},"image":{"@id":"https:\/\/vosgesinfo.fr\/remiremontinfo\/#\/schema\/logo\/image\/"},"sameAs":["https:\/\/www.facebook.com\/remiremontinfo","https:\/\/x.com\/VosgesInfo88","https:\/\/www.youtube.com\/@vosgesinfo"]},{"@type":"Person","@id":"https:\/\/vosgesinfo.fr\/remiremontinfo\/#\/schema\/person\/bec388675ce53b5a637aec04392f977e","name":"Stany Maurice","image":{"@type":"ImageObject","inLanguage":"fr-FR","@id":"https:\/\/vosgesinfo.fr\/remiremontinfo\/#\/schema\/person\/image\/","url":"https:\/\/secure.gravatar.com\/avatar\/68520b0c74251371bd10958bd19c3ce39a212093b8fff0dc3edbfcfddd089807?s=96&d=mm&r=g","contentUrl":"https:\/\/secure.gravatar.com\/avatar\/68520b0c74251371bd10958bd19c3ce39a212093b8fff0dc3edbfcfddd089807?s=96&d=mm&r=g","caption":"Stany Maurice"},"url":"https:\/\/vosgesinfo.fr\/remiremontinfo\/author\/s-maurice\/"}]}},"_links":{"self":[{"href":"https:\/\/vosgesinfo.fr\/remiremontinfo\/wp-json\/wp\/v2\/posts\/213","targetHints":{"allow":["GET"]}}],"collection":[{"href":"https:\/\/vosgesinfo.fr\/remiremontinfo\/wp-json\/wp\/v2\/posts"}],"about":[{"href":"https:\/\/vosgesinfo.fr\/remiremontinfo\/wp-json\/wp\/v2\/types\/post"}],"author":[{"embeddable":true,"href":"https:\/\/vosgesinfo.fr\/remiremontinfo\/wp-json\/wp\/v2\/users\/412"}],"replies":[{"embeddable":true,"href":"https:\/\/vosgesinfo.fr\/remiremontinfo\/wp-json\/wp\/v2\/comments?post=213"}],"version-history":[{"count":1,"href":"https:\/\/vosgesinfo.fr\/remiremontinfo\/wp-json\/wp\/v2\/posts\/213\/revisions"}],"predecessor-version":[{"id":576,"href":"https:\/\/vosgesinfo.fr\/remiremontinfo\/wp-json\/wp\/v2\/posts\/213\/revisions\/576"}],"wp:featuredmedia":[{"embeddable":true,"href":"https:\/\/vosgesinfo.fr\/remiremontinfo\/wp-json\/wp\/v2\/media\/214"}],"wp:attachment":[{"href":"https:\/\/vosgesinfo.fr\/remiremontinfo\/wp-json\/wp\/v2\/media?parent=213"}],"wp:term":[{"taxonomy":"category","embeddable":true,"href":"https:\/\/vosgesinfo.fr\/remiremontinfo\/wp-json\/wp\/v2\/categories?post=213"},{"taxonomy":"post_tag","embeddable":true,"href":"https:\/\/vosgesinfo.fr\/remiremontinfo\/wp-json\/wp\/v2\/tags?post=213"}],"curies":[{"name":"wp","href":"https:\/\/api.w.org\/{rel}","templated":true}]}}