{"id":2172,"date":"2023-10-22T14:37:51","date_gmt":"2023-10-22T12:37:51","guid":{"rendered":"https:\/\/vosgesinfo.fr\/remiremontinfo\/2023\/10\/reunion-du-collectif-tous-unis-pour-un-college-au-val-dajol\/"},"modified":"2023-10-22T14:37:51","modified_gmt":"2023-10-22T12:37:51","slug":"reunion-du-collectif-tous-unis-pour-un-college-au-val-dajol","status":"publish","type":"post","link":"https:\/\/vosgesinfo.fr\/remiremontinfo\/2023\/10\/reunion-du-collectif-tous-unis-pour-un-college-au-val-dajol\/","title":{"rendered":"R\u00e9union du Collectif \u00ab\u00a0Tous unis pour un coll\u00e8ge\u00a0\u00bb au Val D&rsquo;ajol"},"content":{"rendered":"<p><b>Vendredi dernier en d\u00e9but de soir\u00e9e avait lieu au Val D&rsquo;ajol, une r\u00e9union publique \u00e0 l&rsquo;initiative du Collectif \u0153uvrant\u00a0contre la fermeture du coll\u00e8ge<a href=\"https:\/\/remiremontinfo.fr\/wp-content\/uploads\/2023\/10\/Collectif-2.jpg\"><img decoding=\"async\" class=\"alignright size-medium wp-image-378446\" src=\"https:\/\/vosgesinfo.fr\/app\/uploads\/sites\/5\/2023\/10\/collectif-2.jpg\" alt=\"Collectif 2\" width=\"255\" height=\"255\" \/><\/a> Fleurot d&rsquo;H\u00e9rival, suite \u00e0 la d\u00e9cision du tribunal administratif, de diligenter une expertise contradictoire.<\/b><\/p>\n<p>Pour m\u00e9moire, le coll\u00e8ge Fleurot d&rsquo;H\u00e9rival fonctionnait sur deux sites, au Val d&rsquo;ajol pour l&rsquo;\u00e9tablissement principal et \u00e0 Plombi\u00e8res pour l&rsquo;\u00e9tablissement secondaire, avec une direction et des services administratifs communs.\u00a0 Le 22 ao\u00fbt 2022 soit 10 jours avant la rentr\u00e9e, le d\u00e9partement par voie de presse annon\u00e7ait la fermeture de l&rsquo;\u00e9tablissement, pour des raisons de s\u00e9curit\u00e9. Cette annonce \u00e9tait confirm\u00e9e le lendemain, apr\u00e8s une r\u00e9union conjointe du d\u00e9partement et de la municipalit\u00e9, avec un caract\u00e8re d\u00e9finitif pour probl\u00e8me de s\u00e9curit\u00e9 et d&rsquo;effectif.<\/p>\n<p>Ce collectif cr\u00e9e en septembre 2022 et regroupant aujourd&rsquo;hui 560 membres, est co-pr\u00e9sid\u00e9 par une \u00e9quipe coll\u00e9giale de 6 personnes, et refuse depuis, cette d\u00e9cision jug\u00e9e non anticip\u00e9e et tranch\u00e9e de mani\u00e8re arbitraire. Celui-ci a d\u00e9j\u00e0 fait entendre sa voix par des actions m\u00e9diatis\u00e9es vers la commune, le conseil d\u00e9partemental la pr\u00e9fecture, le rectorat avec le soutien de la population. Bon nombre de courriers a \u00e9t\u00e9 adress\u00e9 aux autorit\u00e9s comp\u00e9tentes jusqu&rsquo;au plus haut de l&rsquo;\u00e9tat, dans les minist\u00e8res. (contenu consultable sur la page Face book). Des r\u00e9unions \u00e9galement ont \u00e9t\u00e9 programm\u00e9s pour informer les parents et soutiens, des avanc\u00e9es du dossier, et pr\u00e9senter les compte-rendu de rendez-vous avec les \u00e9lus.<a href=\"https:\/\/remiremontinfo.fr\/wp-content\/uploads\/2023\/10\/Collectif-1.jpg\"><img decoding=\"async\" class=\"alignright size-medium wp-image-378445\" src=\"https:\/\/vosgesinfo.fr\/app\/uploads\/sites\/5\/2023\/10\/collectif-1.jpg\" alt=\"Collectif 1\" width=\"255\" height=\"255\" \/><\/a> La gestion de la communication est \u00e9galement un outil pour le collectif.<\/p>\n<p>Les enfants ont \u00e9t\u00e9 regroup\u00e9s depuis la rentr\u00e9e 2022 sur l&rsquo;\u00e9tablissement de Plombi\u00e8res, regroupant alors 230 \u00e9l\u00e8ves dont les 123 jeunes Ajolais qui parcourent chaque jours 24 kilom\u00e8tres aller-retour pour rejoindre leurs classes, et cette situation est jug\u00e9e inacceptable.<\/p>\n<p>Plusieurs volets \u00e0 l&rsquo;ordre du jour de cette r\u00e9union de vendredi en commen\u00e7ant par cette d\u00e9cision de justice qui infirme\u00a0 celle de la fermeture de l&rsquo;\u00e9tablissement par le d\u00e9partement, puis la pr\u00e9sentation d&rsquo;un flyer d\u00e9crivant le collectif et ses actions, le budget et la foire aux questions.<\/p>\n<p>la jeune association n&rsquo;avait pas pu, juridiquement d\u00e9poser plainte, avec une anciennet\u00e9 de moins d&rsquo;un an et c&rsquo;est gr\u00e2ce \u00e0 l&rsquo;opini\u00e2tret\u00e9 de 4 familles qu&rsquo;une action en justice \u00e0 titre personnelle \u00e9tait intent\u00e9e. Les membres du collectif attendent aujourd&rsquo;hui cet contre visite avec impatience, sachant que le d\u00e9partement a d\u00e9j\u00e0 rejet\u00e9 la requ\u00eate, action qui, pour le collectif, a pour but de ralentir l&rsquo;ex\u00e9cution de la d\u00e9cision.<\/p>\n<p>Pour terminer, le collectif se disait satisfait de la tenue des \u00e9lections municipales anticip\u00e9es, de mani\u00e8re \u00e0 renouer le dialogue avec le nouveau maire , dialogue qui avait \u00e9t\u00e9 tout simplement rompu avec la municipalit\u00e9, depuis le d\u00e9but de l&rsquo;affaire.<\/p>\n<p>&nbsp;<\/p>\n<p>&nbsp;<\/p>\n","protected":false},"excerpt":{"rendered":"<p>Vendredi dernier en d\u00e9but de soir\u00e9e avait lieu au Val D&rsquo;ajol, une r\u00e9union publique \u00e0 l&rsquo;initiative du Collectif \u0153uvrant\u00a0contre la [&hellip;]<\/p>\n","protected":false},"author":412,"featured_media":2171,"comment_status":"open","ping_status":"open","sticky":false,"template":"","format":"standard","meta":{"footnotes":""},"categories":[26,165,138,121,82,18],"tags":[81,167,123,32],"class_list":["post-2172","post","type-post","status-publish","format-standard","has-post-thumbnail","hentry","category-a-la-une","category-enseignement","category-justice","category-le-val-dajol-le-val-dajol-son-canton","category-le-val-dajol-son-canton","category-vosges","tag-enseignement","tag-justice","tag-val-dajol","tag-vosges"],"acf":[],"yoast_head":"<!-- This site is optimized with the Yoast SEO plugin v22.5 - https:\/\/yoast.com\/wordpress\/plugins\/seo\/ -->\n<title>R\u00e9union du Collectif &quot;Tous unis pour un coll\u00e8ge&quot; au Val D&#039;ajol - Remiremont Info<\/title>\n<meta name=\"robots\" content=\"index, follow, max-snippet:-1, max-image-preview:large, max-video-preview:-1\" \/>\n<link rel=\"canonical\" href=\"https:\/\/vosgesinfo.fr\/remiremontinfo\/2023\/10\/reunion-du-collectif-tous-unis-pour-un-college-au-val-dajol\/\" \/>\n<meta name=\"twitter:card\" content=\"summary_large_image\" \/>\n<meta name=\"twitter:title\" content=\"R\u00e9union du Collectif &quot;Tous unis pour un coll\u00e8ge&quot; au Val D&#039;ajol - Remiremont Info\" \/>\n<meta name=\"twitter:description\" content=\"Vendredi dernier en d\u00e9but de soir\u00e9e avait lieu au Val D&rsquo;ajol, une r\u00e9union publique \u00e0 l&rsquo;initiative du Collectif \u0153uvrant\u00a0contre la [&hellip;]\" \/>\n<meta name=\"twitter:image\" content=\"https:\/\/vosgesinfo.fr\/app\/uploads\/sites\/5\/2023\/10\/collectif-1.jpg\" \/>\n<meta name=\"twitter:creator\" content=\"@VosgesInfo88\" \/>\n<meta name=\"twitter:site\" content=\"@VosgesInfo88\" \/>\n<meta name=\"twitter:label1\" content=\"\u00c9crit par\" \/>\n\t<meta name=\"twitter:data1\" content=\"Stany Maurice\" \/>\n\t<meta name=\"twitter:label2\" content=\"Dur\u00e9e de lecture estim\u00e9e\" \/>\n\t<meta name=\"twitter:data2\" content=\"2 minutes\" \/>\n<script type=\"application\/ld+json\" class=\"yoast-schema-graph\">{\"@context\":\"https:\/\/schema.org\",\"@graph\":[{\"@type\":\"Article\",\"@id\":\"https:\/\/vosgesinfo.fr\/remiremontinfo\/2023\/10\/reunion-du-collectif-tous-unis-pour-un-college-au-val-dajol\/#article\",\"isPartOf\":{\"@id\":\"https:\/\/vosgesinfo.fr\/remiremontinfo\/2023\/10\/reunion-du-collectif-tous-unis-pour-un-college-au-val-dajol\/\"},\"author\":{\"name\":\"Stany Maurice\",\"@id\":\"https:\/\/vosgesinfo.fr\/remiremontinfo\/#\/schema\/person\/bec388675ce53b5a637aec04392f977e\"},\"headline\":\"R\u00e9union du Collectif \u00ab\u00a0Tous unis pour un coll\u00e8ge\u00a0\u00bb au Val D&rsquo;ajol\",\"datePublished\":\"2023-10-22T12:37:51+00:00\",\"dateModified\":\"2023-10-22T12:37:51+00:00\",\"mainEntityOfPage\":{\"@id\":\"https:\/\/vosgesinfo.fr\/remiremontinfo\/2023\/10\/reunion-du-collectif-tous-unis-pour-un-college-au-val-dajol\/\"},\"wordCount\":523,\"commentCount\":0,\"publisher\":{\"@id\":\"https:\/\/vosgesinfo.fr\/remiremontinfo\/#organization\"},\"image\":{\"@id\":\"https:\/\/vosgesinfo.fr\/remiremontinfo\/2023\/10\/reunion-du-collectif-tous-unis-pour-un-college-au-val-dajol\/#primaryimage\"},\"thumbnailUrl\":\"https:\/\/vosgesinfo.fr\/app\/uploads\/sites\/5\/2023\/10\/collectif-1.jpg\",\"keywords\":[\"Enseignement\",\"justice\",\"val d'ajol\",\"Vosges\"],\"articleSection\":[\"A la Une\",\"Enseignement\",\"Justice\",\"Le Val d'Ajol\",\"Le Val-d'Ajol &amp; son canton\",\"Vosges\"],\"inLanguage\":\"fr-FR\",\"potentialAction\":[{\"@type\":\"CommentAction\",\"name\":\"Comment\",\"target\":[\"https:\/\/vosgesinfo.fr\/remiremontinfo\/2023\/10\/reunion-du-collectif-tous-unis-pour-un-college-au-val-dajol\/#respond\"]}]},{\"@type\":\"WebPage\",\"@id\":\"https:\/\/vosgesinfo.fr\/remiremontinfo\/2023\/10\/reunion-du-collectif-tous-unis-pour-un-college-au-val-dajol\/\",\"url\":\"https:\/\/vosgesinfo.fr\/remiremontinfo\/2023\/10\/reunion-du-collectif-tous-unis-pour-un-college-au-val-dajol\/\",\"name\":\"R\u00e9union du Collectif \\\"Tous unis pour un coll\u00e8ge\\\" au Val D'ajol - Remiremont Info\",\"isPartOf\":{\"@id\":\"https:\/\/vosgesinfo.fr\/remiremontinfo\/#website\"},\"primaryImageOfPage\":{\"@id\":\"https:\/\/vosgesinfo.fr\/remiremontinfo\/2023\/10\/reunion-du-collectif-tous-unis-pour-un-college-au-val-dajol\/#primaryimage\"},\"image\":{\"@id\":\"https:\/\/vosgesinfo.fr\/remiremontinfo\/2023\/10\/reunion-du-collectif-tous-unis-pour-un-college-au-val-dajol\/#primaryimage\"},\"thumbnailUrl\":\"https:\/\/vosgesinfo.fr\/app\/uploads\/sites\/5\/2023\/10\/collectif-1.jpg\",\"datePublished\":\"2023-10-22T12:37:51+00:00\",\"dateModified\":\"2023-10-22T12:37:51+00:00\",\"breadcrumb\":{\"@id\":\"https:\/\/vosgesinfo.fr\/remiremontinfo\/2023\/10\/reunion-du-collectif-tous-unis-pour-un-college-au-val-dajol\/#breadcrumb\"},\"inLanguage\":\"fr-FR\",\"potentialAction\":[{\"@type\":\"ReadAction\",\"target\":[\"https:\/\/vosgesinfo.fr\/remiremontinfo\/2023\/10\/reunion-du-collectif-tous-unis-pour-un-college-au-val-dajol\/\"]}]},{\"@type\":\"ImageObject\",\"inLanguage\":\"fr-FR\",\"@id\":\"https:\/\/vosgesinfo.fr\/remiremontinfo\/2023\/10\/reunion-du-collectif-tous-unis-pour-un-college-au-val-dajol\/#primaryimage\",\"url\":\"https:\/\/vosgesinfo.fr\/app\/uploads\/sites\/5\/2023\/10\/collectif-1.jpg\",\"contentUrl\":\"https:\/\/vosgesinfo.fr\/app\/uploads\/sites\/5\/2023\/10\/collectif-1.jpg\",\"width\":1080,\"height\":1080},{\"@type\":\"BreadcrumbList\",\"@id\":\"https:\/\/vosgesinfo.fr\/remiremontinfo\/2023\/10\/reunion-du-collectif-tous-unis-pour-un-college-au-val-dajol\/#breadcrumb\",\"itemListElement\":[{\"@type\":\"ListItem\",\"position\":1,\"name\":\"Home\",\"item\":\"https:\/\/vosgesinfo.fr\/remiremontinfo\/\"},{\"@type\":\"ListItem\",\"position\":2,\"name\":\"R\u00e9union du Collectif \u00ab\u00a0Tous unis pour un coll\u00e8ge\u00a0\u00bb au Val D&rsquo;ajol\"}]},{\"@type\":\"WebSite\",\"@id\":\"https:\/\/vosgesinfo.fr\/remiremontinfo\/#website\",\"url\":\"https:\/\/vosgesinfo.fr\/remiremontinfo\/\",\"name\":\"Remiremont Info\",\"description\":\"Toute l&#039;actualit\u00e9 de Remiremont\",\"publisher\":{\"@id\":\"https:\/\/vosgesinfo.fr\/remiremontinfo\/#organization\"},\"alternateName\":\"Toute l'actualit\u00e9 de Remiremont\",\"potentialAction\":[{\"@type\":\"SearchAction\",\"target\":{\"@type\":\"EntryPoint\",\"urlTemplate\":\"https:\/\/vosgesinfo.fr\/remiremontinfo\/?s={search_term_string}\"},\"query-input\":\"required name=search_term_string\"}],\"inLanguage\":\"fr-FR\"},{\"@type\":\"Organization\",\"@id\":\"https:\/\/vosgesinfo.fr\/remiremontinfo\/#organization\",\"name\":\"Remiremont Info\",\"url\":\"https:\/\/vosgesinfo.fr\/remiremontinfo\/\",\"logo\":{\"@type\":\"ImageObject\",\"inLanguage\":\"fr-FR\",\"@id\":\"https:\/\/vosgesinfo.fr\/remiremontinfo\/#\/schema\/logo\/image\/\",\"url\":\"https:\/\/vosgesinfo.fr\/app\/uploads\/sites\/5\/2023\/08\/favicon-remiremontinfo.png\",\"contentUrl\":\"https:\/\/vosgesinfo.fr\/app\/uploads\/sites\/5\/2023\/08\/favicon-remiremontinfo.png\",\"width\":512,\"height\":512,\"caption\":\"Remiremont Info\"},\"image\":{\"@id\":\"https:\/\/vosgesinfo.fr\/remiremontinfo\/#\/schema\/logo\/image\/\"},\"sameAs\":[\"https:\/\/www.facebook.com\/remiremontinfo\",\"https:\/\/x.com\/VosgesInfo88\",\"https:\/\/www.youtube.com\/@vosgesinfo\"]},{\"@type\":\"Person\",\"@id\":\"https:\/\/vosgesinfo.fr\/remiremontinfo\/#\/schema\/person\/bec388675ce53b5a637aec04392f977e\",\"name\":\"Stany Maurice\",\"image\":{\"@type\":\"ImageObject\",\"inLanguage\":\"fr-FR\",\"@id\":\"https:\/\/vosgesinfo.fr\/remiremontinfo\/#\/schema\/person\/image\/\",\"url\":\"https:\/\/secure.gravatar.com\/avatar\/68520b0c74251371bd10958bd19c3ce39a212093b8fff0dc3edbfcfddd089807?s=96&d=mm&r=g\",\"contentUrl\":\"https:\/\/secure.gravatar.com\/avatar\/68520b0c74251371bd10958bd19c3ce39a212093b8fff0dc3edbfcfddd089807?s=96&d=mm&r=g\",\"caption\":\"Stany Maurice\"},\"url\":\"https:\/\/vosgesinfo.fr\/remiremontinfo\/author\/s-maurice\/\"}]}<\/script>\n<!-- \/ Yoast SEO plugin. -->","yoast_head_json":{"title":"R\u00e9union du Collectif \"Tous unis pour un coll\u00e8ge\" au Val D'ajol - Remiremont Info","robots":{"index":"index","follow":"follow","max-snippet":"max-snippet:-1","max-image-preview":"max-image-preview:large","max-video-preview":"max-video-preview:-1"},"canonical":"https:\/\/vosgesinfo.fr\/remiremontinfo\/2023\/10\/reunion-du-collectif-tous-unis-pour-un-college-au-val-dajol\/","twitter_card":"summary_large_image","twitter_title":"R\u00e9union du Collectif \"Tous unis pour un coll\u00e8ge\" au Val D'ajol - Remiremont Info","twitter_description":"Vendredi dernier en d\u00e9but de soir\u00e9e avait lieu au Val D&rsquo;ajol, une r\u00e9union publique \u00e0 l&rsquo;initiative du Collectif \u0153uvrant\u00a0contre la [&hellip;]","twitter_image":"https:\/\/vosgesinfo.fr\/app\/uploads\/sites\/5\/2023\/10\/collectif-1.jpg","twitter_creator":"@VosgesInfo88","twitter_site":"@VosgesInfo88","twitter_misc":{"\u00c9crit par":"Stany Maurice","Dur\u00e9e de lecture estim\u00e9e":"2 minutes"},"schema":{"@context":"https:\/\/schema.org","@graph":[{"@type":"Article","@id":"https:\/\/vosgesinfo.fr\/remiremontinfo\/2023\/10\/reunion-du-collectif-tous-unis-pour-un-college-au-val-dajol\/#article","isPartOf":{"@id":"https:\/\/vosgesinfo.fr\/remiremontinfo\/2023\/10\/reunion-du-collectif-tous-unis-pour-un-college-au-val-dajol\/"},"author":{"name":"Stany Maurice","@id":"https:\/\/vosgesinfo.fr\/remiremontinfo\/#\/schema\/person\/bec388675ce53b5a637aec04392f977e"},"headline":"R\u00e9union du Collectif \u00ab\u00a0Tous unis pour un coll\u00e8ge\u00a0\u00bb au Val D&rsquo;ajol","datePublished":"2023-10-22T12:37:51+00:00","dateModified":"2023-10-22T12:37:51+00:00","mainEntityOfPage":{"@id":"https:\/\/vosgesinfo.fr\/remiremontinfo\/2023\/10\/reunion-du-collectif-tous-unis-pour-un-college-au-val-dajol\/"},"wordCount":523,"commentCount":0,"publisher":{"@id":"https:\/\/vosgesinfo.fr\/remiremontinfo\/#organization"},"image":{"@id":"https:\/\/vosgesinfo.fr\/remiremontinfo\/2023\/10\/reunion-du-collectif-tous-unis-pour-un-college-au-val-dajol\/#primaryimage"},"thumbnailUrl":"https:\/\/vosgesinfo.fr\/app\/uploads\/sites\/5\/2023\/10\/collectif-1.jpg","keywords":["Enseignement","justice","val d'ajol","Vosges"],"articleSection":["A la Une","Enseignement","Justice","Le Val d'Ajol","Le Val-d'Ajol &amp; son canton","Vosges"],"inLanguage":"fr-FR","potentialAction":[{"@type":"CommentAction","name":"Comment","target":["https:\/\/vosgesinfo.fr\/remiremontinfo\/2023\/10\/reunion-du-collectif-tous-unis-pour-un-college-au-val-dajol\/#respond"]}]},{"@type":"WebPage","@id":"https:\/\/vosgesinfo.fr\/remiremontinfo\/2023\/10\/reunion-du-collectif-tous-unis-pour-un-college-au-val-dajol\/","url":"https:\/\/vosgesinfo.fr\/remiremontinfo\/2023\/10\/reunion-du-collectif-tous-unis-pour-un-college-au-val-dajol\/","name":"R\u00e9union du Collectif \"Tous unis pour un coll\u00e8ge\" au Val D'ajol - Remiremont Info","isPartOf":{"@id":"https:\/\/vosgesinfo.fr\/remiremontinfo\/#website"},"primaryImageOfPage":{"@id":"https:\/\/vosgesinfo.fr\/remiremontinfo\/2023\/10\/reunion-du-collectif-tous-unis-pour-un-college-au-val-dajol\/#primaryimage"},"image":{"@id":"https:\/\/vosgesinfo.fr\/remiremontinfo\/2023\/10\/reunion-du-collectif-tous-unis-pour-un-college-au-val-dajol\/#primaryimage"},"thumbnailUrl":"https:\/\/vosgesinfo.fr\/app\/uploads\/sites\/5\/2023\/10\/collectif-1.jpg","datePublished":"2023-10-22T12:37:51+00:00","dateModified":"2023-10-22T12:37:51+00:00","breadcrumb":{"@id":"https:\/\/vosgesinfo.fr\/remiremontinfo\/2023\/10\/reunion-du-collectif-tous-unis-pour-un-college-au-val-dajol\/#breadcrumb"},"inLanguage":"fr-FR","potentialAction":[{"@type":"ReadAction","target":["https:\/\/vosgesinfo.fr\/remiremontinfo\/2023\/10\/reunion-du-collectif-tous-unis-pour-un-college-au-val-dajol\/"]}]},{"@type":"ImageObject","inLanguage":"fr-FR","@id":"https:\/\/vosgesinfo.fr\/remiremontinfo\/2023\/10\/reunion-du-collectif-tous-unis-pour-un-college-au-val-dajol\/#primaryimage","url":"https:\/\/vosgesinfo.fr\/app\/uploads\/sites\/5\/2023\/10\/collectif-1.jpg","contentUrl":"https:\/\/vosgesinfo.fr\/app\/uploads\/sites\/5\/2023\/10\/collectif-1.jpg","width":1080,"height":1080},{"@type":"BreadcrumbList","@id":"https:\/\/vosgesinfo.fr\/remiremontinfo\/2023\/10\/reunion-du-collectif-tous-unis-pour-un-college-au-val-dajol\/#breadcrumb","itemListElement":[{"@type":"ListItem","position":1,"name":"Home","item":"https:\/\/vosgesinfo.fr\/remiremontinfo\/"},{"@type":"ListItem","position":2,"name":"R\u00e9union du Collectif \u00ab\u00a0Tous unis pour un coll\u00e8ge\u00a0\u00bb au Val D&rsquo;ajol"}]},{"@type":"WebSite","@id":"https:\/\/vosgesinfo.fr\/remiremontinfo\/#website","url":"https:\/\/vosgesinfo.fr\/remiremontinfo\/","name":"Remiremont Info","description":"Toute l&#039;actualit\u00e9 de Remiremont","publisher":{"@id":"https:\/\/vosgesinfo.fr\/remiremontinfo\/#organization"},"alternateName":"Toute l'actualit\u00e9 de Remiremont","potentialAction":[{"@type":"SearchAction","target":{"@type":"EntryPoint","urlTemplate":"https:\/\/vosgesinfo.fr\/remiremontinfo\/?s={search_term_string}"},"query-input":"required name=search_term_string"}],"inLanguage":"fr-FR"},{"@type":"Organization","@id":"https:\/\/vosgesinfo.fr\/remiremontinfo\/#organization","name":"Remiremont Info","url":"https:\/\/vosgesinfo.fr\/remiremontinfo\/","logo":{"@type":"ImageObject","inLanguage":"fr-FR","@id":"https:\/\/vosgesinfo.fr\/remiremontinfo\/#\/schema\/logo\/image\/","url":"https:\/\/vosgesinfo.fr\/app\/uploads\/sites\/5\/2023\/08\/favicon-remiremontinfo.png","contentUrl":"https:\/\/vosgesinfo.fr\/app\/uploads\/sites\/5\/2023\/08\/favicon-remiremontinfo.png","width":512,"height":512,"caption":"Remiremont Info"},"image":{"@id":"https:\/\/vosgesinfo.fr\/remiremontinfo\/#\/schema\/logo\/image\/"},"sameAs":["https:\/\/www.facebook.com\/remiremontinfo","https:\/\/x.com\/VosgesInfo88","https:\/\/www.youtube.com\/@vosgesinfo"]},{"@type":"Person","@id":"https:\/\/vosgesinfo.fr\/remiremontinfo\/#\/schema\/person\/bec388675ce53b5a637aec04392f977e","name":"Stany Maurice","image":{"@type":"ImageObject","inLanguage":"fr-FR","@id":"https:\/\/vosgesinfo.fr\/remiremontinfo\/#\/schema\/person\/image\/","url":"https:\/\/secure.gravatar.com\/avatar\/68520b0c74251371bd10958bd19c3ce39a212093b8fff0dc3edbfcfddd089807?s=96&d=mm&r=g","contentUrl":"https:\/\/secure.gravatar.com\/avatar\/68520b0c74251371bd10958bd19c3ce39a212093b8fff0dc3edbfcfddd089807?s=96&d=mm&r=g","caption":"Stany Maurice"},"url":"https:\/\/vosgesinfo.fr\/remiremontinfo\/author\/s-maurice\/"}]}},"_links":{"self":[{"href":"https:\/\/vosgesinfo.fr\/remiremontinfo\/wp-json\/wp\/v2\/posts\/2172","targetHints":{"allow":["GET"]}}],"collection":[{"href":"https:\/\/vosgesinfo.fr\/remiremontinfo\/wp-json\/wp\/v2\/posts"}],"about":[{"href":"https:\/\/vosgesinfo.fr\/remiremontinfo\/wp-json\/wp\/v2\/types\/post"}],"author":[{"embeddable":true,"href":"https:\/\/vosgesinfo.fr\/remiremontinfo\/wp-json\/wp\/v2\/users\/412"}],"replies":[{"embeddable":true,"href":"https:\/\/vosgesinfo.fr\/remiremontinfo\/wp-json\/wp\/v2\/comments?post=2172"}],"version-history":[{"count":0,"href":"https:\/\/vosgesinfo.fr\/remiremontinfo\/wp-json\/wp\/v2\/posts\/2172\/revisions"}],"wp:featuredmedia":[{"embeddable":true,"href":"https:\/\/vosgesinfo.fr\/remiremontinfo\/wp-json\/wp\/v2\/media\/2171"}],"wp:attachment":[{"href":"https:\/\/vosgesinfo.fr\/remiremontinfo\/wp-json\/wp\/v2\/media?parent=2172"}],"wp:term":[{"taxonomy":"category","embeddable":true,"href":"https:\/\/vosgesinfo.fr\/remiremontinfo\/wp-json\/wp\/v2\/categories?post=2172"},{"taxonomy":"post_tag","embeddable":true,"href":"https:\/\/vosgesinfo.fr\/remiremontinfo\/wp-json\/wp\/v2\/tags?post=2172"}],"curies":[{"name":"wp","href":"https:\/\/api.w.org\/{rel}","templated":true}]}}