{"id":220,"date":"2023-08-12T12:08:50","date_gmt":"2023-08-12T10:08:50","guid":{"rendered":"https:\/\/vosgesinfo.fr\/remiremontinfo\/2023\/08\/augustin-triboulot-un-triple-cursus-et-une-nouvelle-aventure-qui-commence-pour-le-jeune-musicien-vosgien\/"},"modified":"2024-01-31T15:54:14","modified_gmt":"2024-01-31T14:54:14","slug":"augustin-triboulot-un-triple-cursus-et-une-nouvelle-aventure-qui-commence-pour-le-jeune-musicien-vosgien","status":"publish","type":"post","link":"https:\/\/vosgesinfo.fr\/remiremontinfo\/2023\/08\/augustin-triboulot-un-triple-cursus-et-une-nouvelle-aventure-qui-commence-pour-le-jeune-musicien-vosgien\/","title":{"rendered":"Augustin Triboulot : un triple cursus et une nouvelle aventure qui commence pour le jeune musicien vosgien"},"content":{"rendered":"<p><a href=\"https:\/\/remiremontinfo.fr\/wp-content\/uploads\/2023\/08\/Augustin-Triboulot-3.jpg\"><img decoding=\"async\" class=\" wp-image-375029 aligncenter\" src=\"https:\/\/vosgesinfo.fr\/app\/uploads\/sites\/5\/2023\/08\/augustin-triboulot-3.jpg\" alt=\"Augustin-Triboulot-3\" width=\"661\" height=\"497\" \/><\/a><\/p>\n<p>Augustin Triboulot se produira \u00e0 l\u2019\u00e9glise St Barth\u00e9l\u00e9my de G\u00e9rardmer dimanche apr\u00e8s-midi en compagnie de l\u2019organiste Ivan Terekhanov. L\u2019occasion de revenir sur le parcours de ce jeune musicien prometteur qui profite d\u2019une petite pause dans les Vosges o\u00f9 il a grandi avant une rentr\u00e9e qui s\u2019annonce charg\u00e9e et palpitante, entre sa licence de musicien interpr\u00e8te, une formation de D.E professeur de musique et ses classes de sous-officier \u00e0 Rochefort\u2026<\/p>\n<p><a href=\"https:\/\/gerardmerinfo.fr\/wp-content\/uploads\/2023\/08\/Augustin-Triboulot-2.jpg\" data-featherlight=\"image\"><img decoding=\"async\" class=\"alignright size-medium wp-image-208608\" src=\"https:\/\/vosgesinfo.fr\/app\/uploads\/sites\/5\/2023\/08\/augustin-triboulot-2.jpg\" alt=\"Augustin Triboulot (2)\" width=\"339\" height=\"255\" \/><\/a>\u00c2g\u00e9 de 22 ans\u00a0 et originaire de Lons-le-Saunier, Augustin est pass\u00e9 par Bazien avant d\u2019arriver \u00e0 G\u00e9rardmer en 2011 o\u00f9 il a effectu\u00e9 la majeure partie de sa scolarit\u00e9, de l\u2019\u00e9cole \u00e9l\u00e9mentaire au lyc\u00e9e-coll\u00e8ge de la Haie Griselle. En section sportive au sein de l\u2019\u00e9tablissement ou en club avec l\u2019ASG, il a pratiqu\u00e9 l\u2019aviron pendant une dizaine d\u2019ann\u00e9es tout en s\u2019adonnant \u00e0 sa passion de toujours, la musique, et plus particuli\u00e8rement l\u2019Euphonium. \u00ab\u00a0<em>J\u2019ai commenc\u00e9 la musique \u00e0 Rambervillers \u00e0 l\u2019\u00e2ge de 5 ans, et l\u2019euphonium avec le professeur Gilles Villemin. Apr\u00e8s le BAC, je suis parti faire un BTS en gestion foresti\u00e8re \u00e0 Mirecourt, une formation en alternance que je faisais avec l\u2019ONF de G\u00e9rardmer. Pendant cette p\u00e9riode, j\u2019ai toujours gard\u00e9 un lien avec l\u2019Union Musicale de G\u00e9rardmer. Dino Tomba, qui \u00e9tait mon voisin de p<em>upitre, m\u2019a toujours pouss\u00e9 \u00e0 faire plus de musique, en me disant que c\u2019\u00e9tait vraiment un m\u00e9tier super. A la deuxi\u00e8me ann\u00e9e de mon BTS je me suis donc inscrit au conservatoire d\u2019Epinal pour commencer un dipl\u00f4me d\u2019\u00e9tudes musicales avec Arnaud Olivier comme professeur notamment. Et \u00e0 la fin de mon BTS je me suis consacr\u00e9 \u00e0 plein temps \u00e0 la musique<\/em>\u00a0\u00bb r\u00e9sume Augustin.<\/em><\/p>\n<p>Le jeune homme a ensuite poursuivi son apprentissage \u00e0 Strasbourg pendant deux ann\u00e9es pour \u00eatre dipl\u00f4m\u00e9 d\u2019\u00e9tudes musicales cette ann\u00e9e. \u00ab\u00a0<em>J\u2019ai fait <a href=\"https:\/\/remiremontinfo.fr\/wp-content\/uploads\/2023\/08\/Ivan-Terekhanov-et-Augustin-Triboulot-1-339x255.jpg\"><img decoding=\"async\" class=\"alignright size-medium wp-image-375030\" src=\"https:\/\/vosgesinfo.fr\/app\/uploads\/sites\/5\/2023\/08\/ivan-terekhanov-et-augustin-triboulot-1-339x255-339x255-1.jpg\" alt=\"Ivan-Terekhanov-et-Augustin-Triboulot-1-339x255\" width=\"339\" height=\"255\" \/><\/a>beaucoup de rencontres \u00e0 Strasbourg, c\u2019est une ville o\u00f9 il y a vraiment une bonne \u00e9mulation. J\u2019ai \u00e9galement enseign\u00e9 un peu \u00e0 Haguenau pendant cette p\u00e9riode et j\u2019ai pass\u00e9 quatre concours d\u2019orchestres. J\u2019ai \u00e9t\u00e9 re\u00e7u \u00e0 la Musique de l\u2019Air \u00e0 Paris avec laquelle on joue un peu partout en France, y compris dans des lieux atypiques et int\u00e9ressants comme le Panth\u00e9on ou des bases spatiales par exemple<\/em>\u00a0\u00bb commente Augustin qui a donc int\u00e9gr\u00e9 l\u2019harmonie et le brass band de la Musique de l\u2019Air, structure qui poss\u00e8de \u00e9galement un jazz band. \u00ab\u00a0<em>J\u2019ai obtenu le concours fin avril, et comme il s\u2019agit de l\u2019arm\u00e9e de l\u2019Air et de l\u2019Espace, je dois faire mes classes en septembre-octobre \u00e0 Rocheffort comme sous-officier. C\u2019est une nouvelle aventure qui commence<\/em>\u00a0\u00bb ajoute Augustin. Dans le m\u00eame temps, \u00e0 savoir \u00e0 la rentr\u00e9e de septembre, il commencera une licence de musicien-interpr\u00e8te \u00e0 Strasbourg en septembre ainsi qu\u2019une formation pour devenir professeur de musique dipl\u00f4m\u00e9 d\u2019Etat. Un triple cursus et un v\u00e9ritable challenge pour celui qui joue \u00e9galement du saxhorn en harmonie en plus de l\u2019Euphonium et du trombone\u2026 C\u2019est ce qui s\u2019appelle \u00eatre vrai un passionn\u00e9 !<\/p>\n<p>Rappel : Augustin Triboulot et Ivan Terekhanov le dimanche 13 ao\u00fbt, \u00e0 17h30, dans l\u2019\u00e9glise paroissiale de G\u00e9rardmer pour la cl\u00f4ture de l\u2019\u00c9T\u00c9 MUSICAL 2023 de l\u2019Association des Concerts Saint-Barth\u00e9lemy qui va se d\u00e9rouler avec Euphonium et orgue.<\/p>\n","protected":false},"excerpt":{"rendered":"<p>Augustin Triboulot se produira \u00e0 l\u2019\u00e9glise St Barth\u00e9l\u00e9my de G\u00e9rardmer dimanche apr\u00e8s-midi en compagnie de l\u2019organiste Ivan Terekhanov. L\u2019occasion de [&hellip;]<\/p>\n","protected":false},"author":412,"featured_media":221,"comment_status":"open","ping_status":"open","sticky":false,"template":"","format":"standard","meta":{"footnotes":""},"categories":[26,62,18],"tags":[53,63,32],"class_list":["post-220","post","type-post","status-publish","format-standard","has-post-thumbnail","hentry","category-a-la-une","category-gerardmer","category-vosges","tag-concert","tag-gerardmer","tag-vosges"],"acf":[],"yoast_head":"<!-- This site is optimized with the Yoast SEO plugin v22.5 - https:\/\/yoast.com\/wordpress\/plugins\/seo\/ -->\n<title>Augustin Triboulot : un triple cursus et une nouvelle aventure qui commence pour le jeune musicien vosgien - Remiremont Info<\/title>\n<meta name=\"robots\" content=\"index, follow, max-snippet:-1, max-image-preview:large, max-video-preview:-1\" \/>\n<link rel=\"canonical\" href=\"https:\/\/vosgesinfo.fr\/remiremontinfo\/2023\/08\/augustin-triboulot-un-triple-cursus-et-une-nouvelle-aventure-qui-commence-pour-le-jeune-musicien-vosgien\/\" \/>\n<meta name=\"twitter:card\" content=\"summary_large_image\" \/>\n<meta name=\"twitter:title\" content=\"Augustin Triboulot : un triple cursus et une nouvelle aventure qui commence pour le jeune musicien vosgien - Remiremont Info\" \/>\n<meta name=\"twitter:description\" content=\"Augustin Triboulot se produira \u00e0 l\u2019\u00e9glise St Barth\u00e9l\u00e9my de G\u00e9rardmer dimanche apr\u00e8s-midi en compagnie de l\u2019organiste Ivan Terekhanov. L\u2019occasion de [&hellip;]\" \/>\n<meta name=\"twitter:image\" content=\"https:\/\/vosgesinfo.fr\/app\/uploads\/sites\/5\/2023\/08\/augustin-triboulot-2-339x255-1.jpg\" \/>\n<meta name=\"twitter:creator\" content=\"@VosgesInfo88\" \/>\n<meta name=\"twitter:site\" content=\"@VosgesInfo88\" \/>\n<meta name=\"twitter:label1\" content=\"\u00c9crit par\" \/>\n\t<meta name=\"twitter:data1\" content=\"Stany Maurice\" \/>\n\t<meta name=\"twitter:label2\" content=\"Dur\u00e9e de lecture estim\u00e9e\" \/>\n\t<meta name=\"twitter:data2\" content=\"3 minutes\" \/>\n<script type=\"application\/ld+json\" class=\"yoast-schema-graph\">{\"@context\":\"https:\/\/schema.org\",\"@graph\":[{\"@type\":\"Article\",\"@id\":\"https:\/\/vosgesinfo.fr\/remiremontinfo\/2023\/08\/augustin-triboulot-un-triple-cursus-et-une-nouvelle-aventure-qui-commence-pour-le-jeune-musicien-vosgien\/#article\",\"isPartOf\":{\"@id\":\"https:\/\/vosgesinfo.fr\/remiremontinfo\/2023\/08\/augustin-triboulot-un-triple-cursus-et-une-nouvelle-aventure-qui-commence-pour-le-jeune-musicien-vosgien\/\"},\"author\":{\"name\":\"Stany Maurice\",\"@id\":\"https:\/\/vosgesinfo.fr\/remiremontinfo\/#\/schema\/person\/bec388675ce53b5a637aec04392f977e\"},\"headline\":\"Augustin Triboulot : un triple cursus et une nouvelle aventure qui commence pour le jeune musicien vosgien\",\"datePublished\":\"2023-08-12T10:08:50+00:00\",\"dateModified\":\"2024-01-31T14:54:14+00:00\",\"mainEntityOfPage\":{\"@id\":\"https:\/\/vosgesinfo.fr\/remiremontinfo\/2023\/08\/augustin-triboulot-un-triple-cursus-et-une-nouvelle-aventure-qui-commence-pour-le-jeune-musicien-vosgien\/\"},\"wordCount\":597,\"commentCount\":0,\"publisher\":{\"@id\":\"https:\/\/vosgesinfo.fr\/remiremontinfo\/#organization\"},\"image\":{\"@id\":\"https:\/\/vosgesinfo.fr\/remiremontinfo\/2023\/08\/augustin-triboulot-un-triple-cursus-et-une-nouvelle-aventure-qui-commence-pour-le-jeune-musicien-vosgien\/#primaryimage\"},\"thumbnailUrl\":\"https:\/\/vosgesinfo.fr\/app\/uploads\/sites\/5\/2023\/08\/augustin-triboulot-2-339x255-1.jpg\",\"keywords\":[\"concert\",\"g\u00e9rardmer\",\"Vosges\"],\"articleSection\":[\"A la Une\",\"G\u00e9rardmer\",\"Vosges\"],\"inLanguage\":\"fr-FR\",\"potentialAction\":[{\"@type\":\"CommentAction\",\"name\":\"Comment\",\"target\":[\"https:\/\/vosgesinfo.fr\/remiremontinfo\/2023\/08\/augustin-triboulot-un-triple-cursus-et-une-nouvelle-aventure-qui-commence-pour-le-jeune-musicien-vosgien\/#respond\"]}]},{\"@type\":\"WebPage\",\"@id\":\"https:\/\/vosgesinfo.fr\/remiremontinfo\/2023\/08\/augustin-triboulot-un-triple-cursus-et-une-nouvelle-aventure-qui-commence-pour-le-jeune-musicien-vosgien\/\",\"url\":\"https:\/\/vosgesinfo.fr\/remiremontinfo\/2023\/08\/augustin-triboulot-un-triple-cursus-et-une-nouvelle-aventure-qui-commence-pour-le-jeune-musicien-vosgien\/\",\"name\":\"Augustin Triboulot : un triple cursus et une nouvelle aventure qui commence pour le jeune musicien vosgien - Remiremont Info\",\"isPartOf\":{\"@id\":\"https:\/\/vosgesinfo.fr\/remiremontinfo\/#website\"},\"primaryImageOfPage\":{\"@id\":\"https:\/\/vosgesinfo.fr\/remiremontinfo\/2023\/08\/augustin-triboulot-un-triple-cursus-et-une-nouvelle-aventure-qui-commence-pour-le-jeune-musicien-vosgien\/#primaryimage\"},\"image\":{\"@id\":\"https:\/\/vosgesinfo.fr\/remiremontinfo\/2023\/08\/augustin-triboulot-un-triple-cursus-et-une-nouvelle-aventure-qui-commence-pour-le-jeune-musicien-vosgien\/#primaryimage\"},\"thumbnailUrl\":\"https:\/\/vosgesinfo.fr\/app\/uploads\/sites\/5\/2023\/08\/augustin-triboulot-2-339x255-1.jpg\",\"datePublished\":\"2023-08-12T10:08:50+00:00\",\"dateModified\":\"2024-01-31T14:54:14+00:00\",\"breadcrumb\":{\"@id\":\"https:\/\/vosgesinfo.fr\/remiremontinfo\/2023\/08\/augustin-triboulot-un-triple-cursus-et-une-nouvelle-aventure-qui-commence-pour-le-jeune-musicien-vosgien\/#breadcrumb\"},\"inLanguage\":\"fr-FR\",\"potentialAction\":[{\"@type\":\"ReadAction\",\"target\":[\"https:\/\/vosgesinfo.fr\/remiremontinfo\/2023\/08\/augustin-triboulot-un-triple-cursus-et-une-nouvelle-aventure-qui-commence-pour-le-jeune-musicien-vosgien\/\"]}]},{\"@type\":\"ImageObject\",\"inLanguage\":\"fr-FR\",\"@id\":\"https:\/\/vosgesinfo.fr\/remiremontinfo\/2023\/08\/augustin-triboulot-un-triple-cursus-et-une-nouvelle-aventure-qui-commence-pour-le-jeune-musicien-vosgien\/#primaryimage\",\"url\":\"https:\/\/vosgesinfo.fr\/app\/uploads\/sites\/5\/2023\/08\/augustin-triboulot-2-339x255-1.jpg\",\"contentUrl\":\"https:\/\/vosgesinfo.fr\/app\/uploads\/sites\/5\/2023\/08\/augustin-triboulot-2-339x255-1.jpg\",\"width\":339,\"height\":255},{\"@type\":\"BreadcrumbList\",\"@id\":\"https:\/\/vosgesinfo.fr\/remiremontinfo\/2023\/08\/augustin-triboulot-un-triple-cursus-et-une-nouvelle-aventure-qui-commence-pour-le-jeune-musicien-vosgien\/#breadcrumb\",\"itemListElement\":[{\"@type\":\"ListItem\",\"position\":1,\"name\":\"Home\",\"item\":\"https:\/\/vosgesinfo.fr\/remiremontinfo\/\"},{\"@type\":\"ListItem\",\"position\":2,\"name\":\"Augustin Triboulot : un triple cursus et une nouvelle aventure qui commence pour le jeune musicien vosgien\"}]},{\"@type\":\"WebSite\",\"@id\":\"https:\/\/vosgesinfo.fr\/remiremontinfo\/#website\",\"url\":\"https:\/\/vosgesinfo.fr\/remiremontinfo\/\",\"name\":\"Remiremont Info\",\"description\":\"Toute l&#039;actualit\u00e9 de Remiremont\",\"publisher\":{\"@id\":\"https:\/\/vosgesinfo.fr\/remiremontinfo\/#organization\"},\"alternateName\":\"Toute l'actualit\u00e9 de Remiremont\",\"potentialAction\":[{\"@type\":\"SearchAction\",\"target\":{\"@type\":\"EntryPoint\",\"urlTemplate\":\"https:\/\/vosgesinfo.fr\/remiremontinfo\/?s={search_term_string}\"},\"query-input\":\"required name=search_term_string\"}],\"inLanguage\":\"fr-FR\"},{\"@type\":\"Organization\",\"@id\":\"https:\/\/vosgesinfo.fr\/remiremontinfo\/#organization\",\"name\":\"Remiremont Info\",\"url\":\"https:\/\/vosgesinfo.fr\/remiremontinfo\/\",\"logo\":{\"@type\":\"ImageObject\",\"inLanguage\":\"fr-FR\",\"@id\":\"https:\/\/vosgesinfo.fr\/remiremontinfo\/#\/schema\/logo\/image\/\",\"url\":\"https:\/\/vosgesinfo.fr\/app\/uploads\/sites\/5\/2023\/08\/favicon-remiremontinfo.png\",\"contentUrl\":\"https:\/\/vosgesinfo.fr\/app\/uploads\/sites\/5\/2023\/08\/favicon-remiremontinfo.png\",\"width\":512,\"height\":512,\"caption\":\"Remiremont Info\"},\"image\":{\"@id\":\"https:\/\/vosgesinfo.fr\/remiremontinfo\/#\/schema\/logo\/image\/\"},\"sameAs\":[\"https:\/\/www.facebook.com\/remiremontinfo\",\"https:\/\/x.com\/VosgesInfo88\",\"https:\/\/www.youtube.com\/@vosgesinfo\"]},{\"@type\":\"Person\",\"@id\":\"https:\/\/vosgesinfo.fr\/remiremontinfo\/#\/schema\/person\/bec388675ce53b5a637aec04392f977e\",\"name\":\"Stany Maurice\",\"image\":{\"@type\":\"ImageObject\",\"inLanguage\":\"fr-FR\",\"@id\":\"https:\/\/vosgesinfo.fr\/remiremontinfo\/#\/schema\/person\/image\/\",\"url\":\"https:\/\/secure.gravatar.com\/avatar\/68520b0c74251371bd10958bd19c3ce39a212093b8fff0dc3edbfcfddd089807?s=96&d=mm&r=g\",\"contentUrl\":\"https:\/\/secure.gravatar.com\/avatar\/68520b0c74251371bd10958bd19c3ce39a212093b8fff0dc3edbfcfddd089807?s=96&d=mm&r=g\",\"caption\":\"Stany Maurice\"},\"url\":\"https:\/\/vosgesinfo.fr\/remiremontinfo\/author\/s-maurice\/\"}]}<\/script>\n<!-- \/ Yoast SEO plugin. -->","yoast_head_json":{"title":"Augustin Triboulot : un triple cursus et une nouvelle aventure qui commence pour le jeune musicien vosgien - Remiremont Info","robots":{"index":"index","follow":"follow","max-snippet":"max-snippet:-1","max-image-preview":"max-image-preview:large","max-video-preview":"max-video-preview:-1"},"canonical":"https:\/\/vosgesinfo.fr\/remiremontinfo\/2023\/08\/augustin-triboulot-un-triple-cursus-et-une-nouvelle-aventure-qui-commence-pour-le-jeune-musicien-vosgien\/","twitter_card":"summary_large_image","twitter_title":"Augustin Triboulot : un triple cursus et une nouvelle aventure qui commence pour le jeune musicien vosgien - Remiremont Info","twitter_description":"Augustin Triboulot se produira \u00e0 l\u2019\u00e9glise St Barth\u00e9l\u00e9my de G\u00e9rardmer dimanche apr\u00e8s-midi en compagnie de l\u2019organiste Ivan Terekhanov. L\u2019occasion de [&hellip;]","twitter_image":"https:\/\/vosgesinfo.fr\/app\/uploads\/sites\/5\/2023\/08\/augustin-triboulot-2-339x255-1.jpg","twitter_creator":"@VosgesInfo88","twitter_site":"@VosgesInfo88","twitter_misc":{"\u00c9crit par":"Stany Maurice","Dur\u00e9e de lecture estim\u00e9e":"3 minutes"},"schema":{"@context":"https:\/\/schema.org","@graph":[{"@type":"Article","@id":"https:\/\/vosgesinfo.fr\/remiremontinfo\/2023\/08\/augustin-triboulot-un-triple-cursus-et-une-nouvelle-aventure-qui-commence-pour-le-jeune-musicien-vosgien\/#article","isPartOf":{"@id":"https:\/\/vosgesinfo.fr\/remiremontinfo\/2023\/08\/augustin-triboulot-un-triple-cursus-et-une-nouvelle-aventure-qui-commence-pour-le-jeune-musicien-vosgien\/"},"author":{"name":"Stany Maurice","@id":"https:\/\/vosgesinfo.fr\/remiremontinfo\/#\/schema\/person\/bec388675ce53b5a637aec04392f977e"},"headline":"Augustin Triboulot : un triple cursus et une nouvelle aventure qui commence pour le jeune musicien vosgien","datePublished":"2023-08-12T10:08:50+00:00","dateModified":"2024-01-31T14:54:14+00:00","mainEntityOfPage":{"@id":"https:\/\/vosgesinfo.fr\/remiremontinfo\/2023\/08\/augustin-triboulot-un-triple-cursus-et-une-nouvelle-aventure-qui-commence-pour-le-jeune-musicien-vosgien\/"},"wordCount":597,"commentCount":0,"publisher":{"@id":"https:\/\/vosgesinfo.fr\/remiremontinfo\/#organization"},"image":{"@id":"https:\/\/vosgesinfo.fr\/remiremontinfo\/2023\/08\/augustin-triboulot-un-triple-cursus-et-une-nouvelle-aventure-qui-commence-pour-le-jeune-musicien-vosgien\/#primaryimage"},"thumbnailUrl":"https:\/\/vosgesinfo.fr\/app\/uploads\/sites\/5\/2023\/08\/augustin-triboulot-2-339x255-1.jpg","keywords":["concert","g\u00e9rardmer","Vosges"],"articleSection":["A la Une","G\u00e9rardmer","Vosges"],"inLanguage":"fr-FR","potentialAction":[{"@type":"CommentAction","name":"Comment","target":["https:\/\/vosgesinfo.fr\/remiremontinfo\/2023\/08\/augustin-triboulot-un-triple-cursus-et-une-nouvelle-aventure-qui-commence-pour-le-jeune-musicien-vosgien\/#respond"]}]},{"@type":"WebPage","@id":"https:\/\/vosgesinfo.fr\/remiremontinfo\/2023\/08\/augustin-triboulot-un-triple-cursus-et-une-nouvelle-aventure-qui-commence-pour-le-jeune-musicien-vosgien\/","url":"https:\/\/vosgesinfo.fr\/remiremontinfo\/2023\/08\/augustin-triboulot-un-triple-cursus-et-une-nouvelle-aventure-qui-commence-pour-le-jeune-musicien-vosgien\/","name":"Augustin Triboulot : un triple cursus et une nouvelle aventure qui commence pour le jeune musicien vosgien - Remiremont Info","isPartOf":{"@id":"https:\/\/vosgesinfo.fr\/remiremontinfo\/#website"},"primaryImageOfPage":{"@id":"https:\/\/vosgesinfo.fr\/remiremontinfo\/2023\/08\/augustin-triboulot-un-triple-cursus-et-une-nouvelle-aventure-qui-commence-pour-le-jeune-musicien-vosgien\/#primaryimage"},"image":{"@id":"https:\/\/vosgesinfo.fr\/remiremontinfo\/2023\/08\/augustin-triboulot-un-triple-cursus-et-une-nouvelle-aventure-qui-commence-pour-le-jeune-musicien-vosgien\/#primaryimage"},"thumbnailUrl":"https:\/\/vosgesinfo.fr\/app\/uploads\/sites\/5\/2023\/08\/augustin-triboulot-2-339x255-1.jpg","datePublished":"2023-08-12T10:08:50+00:00","dateModified":"2024-01-31T14:54:14+00:00","breadcrumb":{"@id":"https:\/\/vosgesinfo.fr\/remiremontinfo\/2023\/08\/augustin-triboulot-un-triple-cursus-et-une-nouvelle-aventure-qui-commence-pour-le-jeune-musicien-vosgien\/#breadcrumb"},"inLanguage":"fr-FR","potentialAction":[{"@type":"ReadAction","target":["https:\/\/vosgesinfo.fr\/remiremontinfo\/2023\/08\/augustin-triboulot-un-triple-cursus-et-une-nouvelle-aventure-qui-commence-pour-le-jeune-musicien-vosgien\/"]}]},{"@type":"ImageObject","inLanguage":"fr-FR","@id":"https:\/\/vosgesinfo.fr\/remiremontinfo\/2023\/08\/augustin-triboulot-un-triple-cursus-et-une-nouvelle-aventure-qui-commence-pour-le-jeune-musicien-vosgien\/#primaryimage","url":"https:\/\/vosgesinfo.fr\/app\/uploads\/sites\/5\/2023\/08\/augustin-triboulot-2-339x255-1.jpg","contentUrl":"https:\/\/vosgesinfo.fr\/app\/uploads\/sites\/5\/2023\/08\/augustin-triboulot-2-339x255-1.jpg","width":339,"height":255},{"@type":"BreadcrumbList","@id":"https:\/\/vosgesinfo.fr\/remiremontinfo\/2023\/08\/augustin-triboulot-un-triple-cursus-et-une-nouvelle-aventure-qui-commence-pour-le-jeune-musicien-vosgien\/#breadcrumb","itemListElement":[{"@type":"ListItem","position":1,"name":"Home","item":"https:\/\/vosgesinfo.fr\/remiremontinfo\/"},{"@type":"ListItem","position":2,"name":"Augustin Triboulot : un triple cursus et une nouvelle aventure qui commence pour le jeune musicien vosgien"}]},{"@type":"WebSite","@id":"https:\/\/vosgesinfo.fr\/remiremontinfo\/#website","url":"https:\/\/vosgesinfo.fr\/remiremontinfo\/","name":"Remiremont Info","description":"Toute l&#039;actualit\u00e9 de Remiremont","publisher":{"@id":"https:\/\/vosgesinfo.fr\/remiremontinfo\/#organization"},"alternateName":"Toute l'actualit\u00e9 de Remiremont","potentialAction":[{"@type":"SearchAction","target":{"@type":"EntryPoint","urlTemplate":"https:\/\/vosgesinfo.fr\/remiremontinfo\/?s={search_term_string}"},"query-input":"required name=search_term_string"}],"inLanguage":"fr-FR"},{"@type":"Organization","@id":"https:\/\/vosgesinfo.fr\/remiremontinfo\/#organization","name":"Remiremont Info","url":"https:\/\/vosgesinfo.fr\/remiremontinfo\/","logo":{"@type":"ImageObject","inLanguage":"fr-FR","@id":"https:\/\/vosgesinfo.fr\/remiremontinfo\/#\/schema\/logo\/image\/","url":"https:\/\/vosgesinfo.fr\/app\/uploads\/sites\/5\/2023\/08\/favicon-remiremontinfo.png","contentUrl":"https:\/\/vosgesinfo.fr\/app\/uploads\/sites\/5\/2023\/08\/favicon-remiremontinfo.png","width":512,"height":512,"caption":"Remiremont Info"},"image":{"@id":"https:\/\/vosgesinfo.fr\/remiremontinfo\/#\/schema\/logo\/image\/"},"sameAs":["https:\/\/www.facebook.com\/remiremontinfo","https:\/\/x.com\/VosgesInfo88","https:\/\/www.youtube.com\/@vosgesinfo"]},{"@type":"Person","@id":"https:\/\/vosgesinfo.fr\/remiremontinfo\/#\/schema\/person\/bec388675ce53b5a637aec04392f977e","name":"Stany Maurice","image":{"@type":"ImageObject","inLanguage":"fr-FR","@id":"https:\/\/vosgesinfo.fr\/remiremontinfo\/#\/schema\/person\/image\/","url":"https:\/\/secure.gravatar.com\/avatar\/68520b0c74251371bd10958bd19c3ce39a212093b8fff0dc3edbfcfddd089807?s=96&d=mm&r=g","contentUrl":"https:\/\/secure.gravatar.com\/avatar\/68520b0c74251371bd10958bd19c3ce39a212093b8fff0dc3edbfcfddd089807?s=96&d=mm&r=g","caption":"Stany Maurice"},"url":"https:\/\/vosgesinfo.fr\/remiremontinfo\/author\/s-maurice\/"}]}},"_links":{"self":[{"href":"https:\/\/vosgesinfo.fr\/remiremontinfo\/wp-json\/wp\/v2\/posts\/220","targetHints":{"allow":["GET"]}}],"collection":[{"href":"https:\/\/vosgesinfo.fr\/remiremontinfo\/wp-json\/wp\/v2\/posts"}],"about":[{"href":"https:\/\/vosgesinfo.fr\/remiremontinfo\/wp-json\/wp\/v2\/types\/post"}],"author":[{"embeddable":true,"href":"https:\/\/vosgesinfo.fr\/remiremontinfo\/wp-json\/wp\/v2\/users\/412"}],"replies":[{"embeddable":true,"href":"https:\/\/vosgesinfo.fr\/remiremontinfo\/wp-json\/wp\/v2\/comments?post=220"}],"version-history":[{"count":1,"href":"https:\/\/vosgesinfo.fr\/remiremontinfo\/wp-json\/wp\/v2\/posts\/220\/revisions"}],"predecessor-version":[{"id":578,"href":"https:\/\/vosgesinfo.fr\/remiremontinfo\/wp-json\/wp\/v2\/posts\/220\/revisions\/578"}],"wp:featuredmedia":[{"embeddable":true,"href":"https:\/\/vosgesinfo.fr\/remiremontinfo\/wp-json\/wp\/v2\/media\/221"}],"wp:attachment":[{"href":"https:\/\/vosgesinfo.fr\/remiremontinfo\/wp-json\/wp\/v2\/media?parent=220"}],"wp:term":[{"taxonomy":"category","embeddable":true,"href":"https:\/\/vosgesinfo.fr\/remiremontinfo\/wp-json\/wp\/v2\/categories?post=220"},{"taxonomy":"post_tag","embeddable":true,"href":"https:\/\/vosgesinfo.fr\/remiremontinfo\/wp-json\/wp\/v2\/tags?post=220"}],"curies":[{"name":"wp","href":"https:\/\/api.w.org\/{rel}","templated":true}]}}