{"id":22016,"date":"2019-10-29T06:30:55","date_gmt":"2019-10-29T05:30:55","guid":{"rendered":"https:\/\/vosgesinfo.fr\/remiremontinfo\/2019\/10\/rupt-moselle-nouveau-rassemblement-coquelicots-de-moselotte-2\/"},"modified":"2019-10-29T06:30:55","modified_gmt":"2019-10-29T05:30:55","slug":"rupt-moselle-nouveau-rassemblement-coquelicots-de-moselotte-2","status":"publish","type":"post","link":"https:\/\/vosgesinfo.fr\/remiremontinfo\/2019\/10\/rupt-moselle-nouveau-rassemblement-coquelicots-de-moselotte-2\/","title":{"rendered":"Rupt-sur-Moselle : nouveau rassemblement des Coquelicots de la Moselotte"},"content":{"rendered":"<p style=\"text-align: center;\"><a href=\"\/2019\/10\/Capture-d\u2019e\u0301cran-2019-10-29-a\u0300-09.58.59.png\"><img decoding=\"async\" class=\"alignnone size-large wp-image-271462\" src=\"\/2019\/10\/Capture-d\u2019e\u0301cran-2019-10-29-a\u0300-09.58.59-723x1024.png\" alt=\"Capture d\u2019e\u0301cran 2019-10-29 a\u0300 09.58.59\" width=\"723\" height=\"1024\" \/><\/a><\/p>\n<h2><span style=\"font-size: 12pt;\"><strong>Le prochain rassemblement des Coquelicots de la Moselotte se d\u00e9roulera le vendredi 1\u00b0 novembre \u00e0 18h30 devant la mairie de Rupt sur Moselle. A l\u2019ordre du jour :<\/strong><\/span><\/h2>\n<p>\u2013 lecture du texte de l\u2019appel des coquelicots, texte fondamental de l\u2019action visant \u00e0 faire interdire l\u2019utilisation des pesticides de synth\u00e8se sur le territoire fran\u00e7ais.<\/p>\n<p>\u2013 information sur un fongicide tr\u00e8s dangereux, le SDHI utilis\u00e9 maintenant depuis 20 ans. Le mode op\u00e9ratoire de ce fongicide particuli\u00e8rment violent peut-\u00eatre \u00e0 l\u2019origine de tr\u00e8s graves maladies. Un homme, une femme, un citoyen, un \u00e9lu doivent-ils se taire et laisser passer ?<\/p>\n<p>\u2013 Information sur les soutiens<\/p>\n<p>\u2013 Interventions diverses<\/p>\n<p>\u2013 quelques coups de gueule, le manque de respect et d\u2019actions pour prot\u00e9ger notre sant\u00e9 l\u2019exige. Aux c\u00f4t\u00e9s des 10 conseils municipaux qui ont vot\u00e9 une motion de soutien \u00e0 notre mouvement, mobilisons-nous.<\/p>\n<p>\u2013 pour terminer quelques bonnes chansons et l\u2019auberge espagnole.<\/p>\n<p><em>Les coquelicots de la Moselotte\u00a0<\/em><\/p>\n","protected":false},"excerpt":{"rendered":"<p>Le prochain rassemblement des Coquelicots de la Moselotte se d\u00e9roulera le vendredi 1\u00b0 novembre \u00e0 18h30 devant la mairie de [&hellip;]<\/p>\n","protected":false},"author":407,"featured_media":22017,"comment_status":"open","ping_status":"open","sticky":false,"template":"","format":"standard","meta":{"footnotes":""},"categories":[26,7,37,250],"tags":[],"class_list":["post-22016","post","type-post","status-publish","format-standard","has-post-thumbnail","hentry","category-a-la-une","category-environnement","category-le-thillot-son-canton","category-rupt-sur-moselle"],"acf":[],"yoast_head":"<!-- This site is optimized with the Yoast SEO plugin v22.5 - https:\/\/yoast.com\/wordpress\/plugins\/seo\/ -->\n<title>Rupt-sur-Moselle : nouveau rassemblement des Coquelicots de la Moselotte - Remiremont Info<\/title>\n<meta name=\"robots\" content=\"index, follow, max-snippet:-1, max-image-preview:large, max-video-preview:-1\" \/>\n<link rel=\"canonical\" href=\"https:\/\/vosgesinfo.fr\/remiremontinfo\/2019\/10\/rupt-moselle-nouveau-rassemblement-coquelicots-de-moselotte-2\/\" \/>\n<meta name=\"twitter:card\" content=\"summary_large_image\" \/>\n<meta name=\"twitter:title\" content=\"Rupt-sur-Moselle : nouveau rassemblement des Coquelicots de la Moselotte - Remiremont Info\" \/>\n<meta name=\"twitter:description\" content=\"Le prochain rassemblement des Coquelicots de la Moselotte se d\u00e9roulera le vendredi 1\u00b0 novembre \u00e0 18h30 devant la mairie de [&hellip;]\" \/>\n<meta name=\"twitter:image\" content=\"https:\/\/vosgesinfo.fr\/app\/uploads\/sites\/5\/2024\/09\/201910capture-decran-2019-10-29-a-09.59.08.png\" \/>\n<meta name=\"twitter:creator\" content=\"@VosgesInfo88\" \/>\n<meta name=\"twitter:site\" content=\"@VosgesInfo88\" \/>\n<meta name=\"twitter:label1\" content=\"\u00c9crit par\" \/>\n\t<meta name=\"twitter:data1\" content=\"C D\" \/>\n\t<meta name=\"twitter:label2\" content=\"Dur\u00e9e de lecture estim\u00e9e\" \/>\n\t<meta name=\"twitter:data2\" content=\"1 minute\" \/>\n<script type=\"application\/ld+json\" class=\"yoast-schema-graph\">{\"@context\":\"https:\/\/schema.org\",\"@graph\":[{\"@type\":\"Article\",\"@id\":\"https:\/\/vosgesinfo.fr\/remiremontinfo\/2019\/10\/rupt-moselle-nouveau-rassemblement-coquelicots-de-moselotte-2\/#article\",\"isPartOf\":{\"@id\":\"https:\/\/vosgesinfo.fr\/remiremontinfo\/2019\/10\/rupt-moselle-nouveau-rassemblement-coquelicots-de-moselotte-2\/\"},\"author\":{\"name\":\"C D\",\"@id\":\"https:\/\/vosgesinfo.fr\/remiremontinfo\/#\/schema\/person\/3bfd164d5218a185b1db68655a265316\"},\"headline\":\"Rupt-sur-Moselle : nouveau rassemblement des Coquelicots de la Moselotte\",\"datePublished\":\"2019-10-29T05:30:55+00:00\",\"dateModified\":\"2019-10-29T05:30:55+00:00\",\"mainEntityOfPage\":{\"@id\":\"https:\/\/vosgesinfo.fr\/remiremontinfo\/2019\/10\/rupt-moselle-nouveau-rassemblement-coquelicots-de-moselotte-2\/\"},\"wordCount\":164,\"commentCount\":0,\"publisher\":{\"@id\":\"https:\/\/vosgesinfo.fr\/remiremontinfo\/#organization\"},\"image\":{\"@id\":\"https:\/\/vosgesinfo.fr\/remiremontinfo\/2019\/10\/rupt-moselle-nouveau-rassemblement-coquelicots-de-moselotte-2\/#primaryimage\"},\"thumbnailUrl\":\"https:\/\/vosgesinfo.fr\/app\/uploads\/sites\/5\/2024\/09\/201910capture-decran-2019-10-29-a-09.59.08.png\",\"articleSection\":[\"A la Une\",\"Environnement\",\"Le Thillot &amp; son canton\",\"Rupt-Sur-Moselle\"],\"inLanguage\":\"fr-FR\",\"potentialAction\":[{\"@type\":\"CommentAction\",\"name\":\"Comment\",\"target\":[\"https:\/\/vosgesinfo.fr\/remiremontinfo\/2019\/10\/rupt-moselle-nouveau-rassemblement-coquelicots-de-moselotte-2\/#respond\"]}]},{\"@type\":\"WebPage\",\"@id\":\"https:\/\/vosgesinfo.fr\/remiremontinfo\/2019\/10\/rupt-moselle-nouveau-rassemblement-coquelicots-de-moselotte-2\/\",\"url\":\"https:\/\/vosgesinfo.fr\/remiremontinfo\/2019\/10\/rupt-moselle-nouveau-rassemblement-coquelicots-de-moselotte-2\/\",\"name\":\"Rupt-sur-Moselle : nouveau rassemblement des Coquelicots de la Moselotte - Remiremont Info\",\"isPartOf\":{\"@id\":\"https:\/\/vosgesinfo.fr\/remiremontinfo\/#website\"},\"primaryImageOfPage\":{\"@id\":\"https:\/\/vosgesinfo.fr\/remiremontinfo\/2019\/10\/rupt-moselle-nouveau-rassemblement-coquelicots-de-moselotte-2\/#primaryimage\"},\"image\":{\"@id\":\"https:\/\/vosgesinfo.fr\/remiremontinfo\/2019\/10\/rupt-moselle-nouveau-rassemblement-coquelicots-de-moselotte-2\/#primaryimage\"},\"thumbnailUrl\":\"https:\/\/vosgesinfo.fr\/app\/uploads\/sites\/5\/2024\/09\/201910capture-decran-2019-10-29-a-09.59.08.png\",\"datePublished\":\"2019-10-29T05:30:55+00:00\",\"dateModified\":\"2019-10-29T05:30:55+00:00\",\"breadcrumb\":{\"@id\":\"https:\/\/vosgesinfo.fr\/remiremontinfo\/2019\/10\/rupt-moselle-nouveau-rassemblement-coquelicots-de-moselotte-2\/#breadcrumb\"},\"inLanguage\":\"fr-FR\",\"potentialAction\":[{\"@type\":\"ReadAction\",\"target\":[\"https:\/\/vosgesinfo.fr\/remiremontinfo\/2019\/10\/rupt-moselle-nouveau-rassemblement-coquelicots-de-moselotte-2\/\"]}]},{\"@type\":\"ImageObject\",\"inLanguage\":\"fr-FR\",\"@id\":\"https:\/\/vosgesinfo.fr\/remiremontinfo\/2019\/10\/rupt-moselle-nouveau-rassemblement-coquelicots-de-moselotte-2\/#primaryimage\",\"url\":\"https:\/\/vosgesinfo.fr\/app\/uploads\/sites\/5\/2024\/09\/201910capture-decran-2019-10-29-a-09.59.08.png\",\"contentUrl\":\"https:\/\/vosgesinfo.fr\/app\/uploads\/sites\/5\/2024\/09\/201910capture-decran-2019-10-29-a-09.59.08.png\",\"width\":1122,\"height\":690},{\"@type\":\"BreadcrumbList\",\"@id\":\"https:\/\/vosgesinfo.fr\/remiremontinfo\/2019\/10\/rupt-moselle-nouveau-rassemblement-coquelicots-de-moselotte-2\/#breadcrumb\",\"itemListElement\":[{\"@type\":\"ListItem\",\"position\":1,\"name\":\"Home\",\"item\":\"https:\/\/vosgesinfo.fr\/remiremontinfo\/\"},{\"@type\":\"ListItem\",\"position\":2,\"name\":\"Rupt-sur-Moselle : nouveau rassemblement des Coquelicots de la Moselotte\"}]},{\"@type\":\"WebSite\",\"@id\":\"https:\/\/vosgesinfo.fr\/remiremontinfo\/#website\",\"url\":\"https:\/\/vosgesinfo.fr\/remiremontinfo\/\",\"name\":\"Remiremont Info\",\"description\":\"Toute l&#039;actualit\u00e9 de Remiremont\",\"publisher\":{\"@id\":\"https:\/\/vosgesinfo.fr\/remiremontinfo\/#organization\"},\"alternateName\":\"Toute l'actualit\u00e9 de Remiremont\",\"potentialAction\":[{\"@type\":\"SearchAction\",\"target\":{\"@type\":\"EntryPoint\",\"urlTemplate\":\"https:\/\/vosgesinfo.fr\/remiremontinfo\/?s={search_term_string}\"},\"query-input\":\"required name=search_term_string\"}],\"inLanguage\":\"fr-FR\"},{\"@type\":\"Organization\",\"@id\":\"https:\/\/vosgesinfo.fr\/remiremontinfo\/#organization\",\"name\":\"Remiremont Info\",\"url\":\"https:\/\/vosgesinfo.fr\/remiremontinfo\/\",\"logo\":{\"@type\":\"ImageObject\",\"inLanguage\":\"fr-FR\",\"@id\":\"https:\/\/vosgesinfo.fr\/remiremontinfo\/#\/schema\/logo\/image\/\",\"url\":\"https:\/\/vosgesinfo.fr\/app\/uploads\/sites\/5\/2023\/08\/favicon-remiremontinfo.png\",\"contentUrl\":\"https:\/\/vosgesinfo.fr\/app\/uploads\/sites\/5\/2023\/08\/favicon-remiremontinfo.png\",\"width\":512,\"height\":512,\"caption\":\"Remiremont Info\"},\"image\":{\"@id\":\"https:\/\/vosgesinfo.fr\/remiremontinfo\/#\/schema\/logo\/image\/\"},\"sameAs\":[\"https:\/\/www.facebook.com\/remiremontinfo\",\"https:\/\/x.com\/VosgesInfo88\",\"https:\/\/www.youtube.com\/@vosgesinfo\"]},{\"@type\":\"Person\",\"@id\":\"https:\/\/vosgesinfo.fr\/remiremontinfo\/#\/schema\/person\/3bfd164d5218a185b1db68655a265316\",\"name\":\"C D\",\"image\":{\"@type\":\"ImageObject\",\"inLanguage\":\"fr-FR\",\"@id\":\"https:\/\/vosgesinfo.fr\/remiremontinfo\/#\/schema\/person\/image\/\",\"url\":\"https:\/\/secure.gravatar.com\/avatar\/1f9a70007336511a47468b8f1c66f922b8b7cf617b02a31149ada43893a5d48f?s=96&d=mm&r=g\",\"contentUrl\":\"https:\/\/secure.gravatar.com\/avatar\/1f9a70007336511a47468b8f1c66f922b8b7cf617b02a31149ada43893a5d48f?s=96&d=mm&r=g\",\"caption\":\"C D\"},\"url\":\"https:\/\/vosgesinfo.fr\/remiremontinfo\/author\/cedric-drevet\/\"}]}<\/script>\n<!-- \/ Yoast SEO plugin. -->","yoast_head_json":{"title":"Rupt-sur-Moselle : nouveau rassemblement des Coquelicots de la Moselotte - Remiremont Info","robots":{"index":"index","follow":"follow","max-snippet":"max-snippet:-1","max-image-preview":"max-image-preview:large","max-video-preview":"max-video-preview:-1"},"canonical":"https:\/\/vosgesinfo.fr\/remiremontinfo\/2019\/10\/rupt-moselle-nouveau-rassemblement-coquelicots-de-moselotte-2\/","twitter_card":"summary_large_image","twitter_title":"Rupt-sur-Moselle : nouveau rassemblement des Coquelicots de la Moselotte - Remiremont Info","twitter_description":"Le prochain rassemblement des Coquelicots de la Moselotte se d\u00e9roulera le vendredi 1\u00b0 novembre \u00e0 18h30 devant la mairie de [&hellip;]","twitter_image":"https:\/\/vosgesinfo.fr\/app\/uploads\/sites\/5\/2024\/09\/201910capture-decran-2019-10-29-a-09.59.08.png","twitter_creator":"@VosgesInfo88","twitter_site":"@VosgesInfo88","twitter_misc":{"\u00c9crit par":"C D","Dur\u00e9e de lecture estim\u00e9e":"1 minute"},"schema":{"@context":"https:\/\/schema.org","@graph":[{"@type":"Article","@id":"https:\/\/vosgesinfo.fr\/remiremontinfo\/2019\/10\/rupt-moselle-nouveau-rassemblement-coquelicots-de-moselotte-2\/#article","isPartOf":{"@id":"https:\/\/vosgesinfo.fr\/remiremontinfo\/2019\/10\/rupt-moselle-nouveau-rassemblement-coquelicots-de-moselotte-2\/"},"author":{"name":"C D","@id":"https:\/\/vosgesinfo.fr\/remiremontinfo\/#\/schema\/person\/3bfd164d5218a185b1db68655a265316"},"headline":"Rupt-sur-Moselle : nouveau rassemblement des Coquelicots de la Moselotte","datePublished":"2019-10-29T05:30:55+00:00","dateModified":"2019-10-29T05:30:55+00:00","mainEntityOfPage":{"@id":"https:\/\/vosgesinfo.fr\/remiremontinfo\/2019\/10\/rupt-moselle-nouveau-rassemblement-coquelicots-de-moselotte-2\/"},"wordCount":164,"commentCount":0,"publisher":{"@id":"https:\/\/vosgesinfo.fr\/remiremontinfo\/#organization"},"image":{"@id":"https:\/\/vosgesinfo.fr\/remiremontinfo\/2019\/10\/rupt-moselle-nouveau-rassemblement-coquelicots-de-moselotte-2\/#primaryimage"},"thumbnailUrl":"https:\/\/vosgesinfo.fr\/app\/uploads\/sites\/5\/2024\/09\/201910capture-decran-2019-10-29-a-09.59.08.png","articleSection":["A la Une","Environnement","Le Thillot &amp; son canton","Rupt-Sur-Moselle"],"inLanguage":"fr-FR","potentialAction":[{"@type":"CommentAction","name":"Comment","target":["https:\/\/vosgesinfo.fr\/remiremontinfo\/2019\/10\/rupt-moselle-nouveau-rassemblement-coquelicots-de-moselotte-2\/#respond"]}]},{"@type":"WebPage","@id":"https:\/\/vosgesinfo.fr\/remiremontinfo\/2019\/10\/rupt-moselle-nouveau-rassemblement-coquelicots-de-moselotte-2\/","url":"https:\/\/vosgesinfo.fr\/remiremontinfo\/2019\/10\/rupt-moselle-nouveau-rassemblement-coquelicots-de-moselotte-2\/","name":"Rupt-sur-Moselle : nouveau rassemblement des Coquelicots de la Moselotte - Remiremont Info","isPartOf":{"@id":"https:\/\/vosgesinfo.fr\/remiremontinfo\/#website"},"primaryImageOfPage":{"@id":"https:\/\/vosgesinfo.fr\/remiremontinfo\/2019\/10\/rupt-moselle-nouveau-rassemblement-coquelicots-de-moselotte-2\/#primaryimage"},"image":{"@id":"https:\/\/vosgesinfo.fr\/remiremontinfo\/2019\/10\/rupt-moselle-nouveau-rassemblement-coquelicots-de-moselotte-2\/#primaryimage"},"thumbnailUrl":"https:\/\/vosgesinfo.fr\/app\/uploads\/sites\/5\/2024\/09\/201910capture-decran-2019-10-29-a-09.59.08.png","datePublished":"2019-10-29T05:30:55+00:00","dateModified":"2019-10-29T05:30:55+00:00","breadcrumb":{"@id":"https:\/\/vosgesinfo.fr\/remiremontinfo\/2019\/10\/rupt-moselle-nouveau-rassemblement-coquelicots-de-moselotte-2\/#breadcrumb"},"inLanguage":"fr-FR","potentialAction":[{"@type":"ReadAction","target":["https:\/\/vosgesinfo.fr\/remiremontinfo\/2019\/10\/rupt-moselle-nouveau-rassemblement-coquelicots-de-moselotte-2\/"]}]},{"@type":"ImageObject","inLanguage":"fr-FR","@id":"https:\/\/vosgesinfo.fr\/remiremontinfo\/2019\/10\/rupt-moselle-nouveau-rassemblement-coquelicots-de-moselotte-2\/#primaryimage","url":"https:\/\/vosgesinfo.fr\/app\/uploads\/sites\/5\/2024\/09\/201910capture-decran-2019-10-29-a-09.59.08.png","contentUrl":"https:\/\/vosgesinfo.fr\/app\/uploads\/sites\/5\/2024\/09\/201910capture-decran-2019-10-29-a-09.59.08.png","width":1122,"height":690},{"@type":"BreadcrumbList","@id":"https:\/\/vosgesinfo.fr\/remiremontinfo\/2019\/10\/rupt-moselle-nouveau-rassemblement-coquelicots-de-moselotte-2\/#breadcrumb","itemListElement":[{"@type":"ListItem","position":1,"name":"Home","item":"https:\/\/vosgesinfo.fr\/remiremontinfo\/"},{"@type":"ListItem","position":2,"name":"Rupt-sur-Moselle : nouveau rassemblement des Coquelicots de la Moselotte"}]},{"@type":"WebSite","@id":"https:\/\/vosgesinfo.fr\/remiremontinfo\/#website","url":"https:\/\/vosgesinfo.fr\/remiremontinfo\/","name":"Remiremont Info","description":"Toute l&#039;actualit\u00e9 de Remiremont","publisher":{"@id":"https:\/\/vosgesinfo.fr\/remiremontinfo\/#organization"},"alternateName":"Toute l'actualit\u00e9 de Remiremont","potentialAction":[{"@type":"SearchAction","target":{"@type":"EntryPoint","urlTemplate":"https:\/\/vosgesinfo.fr\/remiremontinfo\/?s={search_term_string}"},"query-input":"required name=search_term_string"}],"inLanguage":"fr-FR"},{"@type":"Organization","@id":"https:\/\/vosgesinfo.fr\/remiremontinfo\/#organization","name":"Remiremont Info","url":"https:\/\/vosgesinfo.fr\/remiremontinfo\/","logo":{"@type":"ImageObject","inLanguage":"fr-FR","@id":"https:\/\/vosgesinfo.fr\/remiremontinfo\/#\/schema\/logo\/image\/","url":"https:\/\/vosgesinfo.fr\/app\/uploads\/sites\/5\/2023\/08\/favicon-remiremontinfo.png","contentUrl":"https:\/\/vosgesinfo.fr\/app\/uploads\/sites\/5\/2023\/08\/favicon-remiremontinfo.png","width":512,"height":512,"caption":"Remiremont Info"},"image":{"@id":"https:\/\/vosgesinfo.fr\/remiremontinfo\/#\/schema\/logo\/image\/"},"sameAs":["https:\/\/www.facebook.com\/remiremontinfo","https:\/\/x.com\/VosgesInfo88","https:\/\/www.youtube.com\/@vosgesinfo"]},{"@type":"Person","@id":"https:\/\/vosgesinfo.fr\/remiremontinfo\/#\/schema\/person\/3bfd164d5218a185b1db68655a265316","name":"C D","image":{"@type":"ImageObject","inLanguage":"fr-FR","@id":"https:\/\/vosgesinfo.fr\/remiremontinfo\/#\/schema\/person\/image\/","url":"https:\/\/secure.gravatar.com\/avatar\/1f9a70007336511a47468b8f1c66f922b8b7cf617b02a31149ada43893a5d48f?s=96&d=mm&r=g","contentUrl":"https:\/\/secure.gravatar.com\/avatar\/1f9a70007336511a47468b8f1c66f922b8b7cf617b02a31149ada43893a5d48f?s=96&d=mm&r=g","caption":"C D"},"url":"https:\/\/vosgesinfo.fr\/remiremontinfo\/author\/cedric-drevet\/"}]}},"_links":{"self":[{"href":"https:\/\/vosgesinfo.fr\/remiremontinfo\/wp-json\/wp\/v2\/posts\/22016","targetHints":{"allow":["GET"]}}],"collection":[{"href":"https:\/\/vosgesinfo.fr\/remiremontinfo\/wp-json\/wp\/v2\/posts"}],"about":[{"href":"https:\/\/vosgesinfo.fr\/remiremontinfo\/wp-json\/wp\/v2\/types\/post"}],"author":[{"embeddable":true,"href":"https:\/\/vosgesinfo.fr\/remiremontinfo\/wp-json\/wp\/v2\/users\/407"}],"replies":[{"embeddable":true,"href":"https:\/\/vosgesinfo.fr\/remiremontinfo\/wp-json\/wp\/v2\/comments?post=22016"}],"version-history":[{"count":0,"href":"https:\/\/vosgesinfo.fr\/remiremontinfo\/wp-json\/wp\/v2\/posts\/22016\/revisions"}],"wp:featuredmedia":[{"embeddable":true,"href":"https:\/\/vosgesinfo.fr\/remiremontinfo\/wp-json\/wp\/v2\/media\/22017"}],"wp:attachment":[{"href":"https:\/\/vosgesinfo.fr\/remiremontinfo\/wp-json\/wp\/v2\/media?parent=22016"}],"wp:term":[{"taxonomy":"category","embeddable":true,"href":"https:\/\/vosgesinfo.fr\/remiremontinfo\/wp-json\/wp\/v2\/categories?post=22016"},{"taxonomy":"post_tag","embeddable":true,"href":"https:\/\/vosgesinfo.fr\/remiremontinfo\/wp-json\/wp\/v2\/tags?post=22016"}],"curies":[{"name":"wp","href":"https:\/\/api.w.org\/{rel}","templated":true}]}}