{"id":22040,"date":"2019-10-29T07:50:31","date_gmt":"2019-10-29T06:50:31","guid":{"rendered":"https:\/\/vosgesinfo.fr\/remiremontinfo\/2019\/10\/augmentation-intoxications-liees-a-consommation-de-champignons\/"},"modified":"2019-10-29T07:50:31","modified_gmt":"2019-10-29T06:50:31","slug":"augmentation-intoxications-liees-a-consommation-de-champignons","status":"publish","type":"post","link":"https:\/\/vosgesinfo.fr\/remiremontinfo\/2019\/10\/augmentation-intoxications-liees-a-consommation-de-champignons\/","title":{"rendered":"Augmentation des intoxications li\u00e9es \u00e0 la consommation de champignons"},"content":{"rendered":"<div id=\"attachment_271499\" style=\"width: 580px\" class=\"wp-caption aligncenter\"><a href=\"\/2019\/10\/cueillette-des-champignons1.jpg\"><img decoding=\"async\" aria-describedby=\"caption-attachment-271499\" class=\"wp-image-271499 size-full\" src=\"\/2019\/10\/cueillette-des-champignons1.jpg\" alt=\"Image d'illustration\" width=\"570\" height=\"238\" \/><\/a><p id=\"caption-attachment-271499\" class=\"wp-caption-text\">Image d&rsquo;illustration<\/p><\/div>\n<h2><span style=\"font-size: 12pt;\"><strong>Attention,\u00a0<a href=\"https:\/\/www.anses.fr\/fr\/content\/une-augmentation-des-intoxications-li%C3%A9es-%C3%A0-la-consommation-de-champignons-restez-vigilants-3\" target=\"_blank\" rel=\"noopener\">l\u2019Anses,\u00a0Agence nationale de s\u00e9curit\u00e9 sanitaire de l\u2019alimentation<\/a>, de l\u2019environnement et du travail, a signal\u00e9 une augmentation\u00a0du nombre de cas d\u2019intoxication li\u00e9s \u00e0 la consommation de champignons signal\u00e9s aux centres antipoison et de toxicovigilance, l\u2019Anses et la Direction g\u00e9n\u00e9rale de la sant\u00e9 (DGS) mettent en garde les amateurs de cueillette et rappellent les bonnes pratiques \u00e0 respecter.<\/strong><\/span><\/h2>\n<p>Les conditions m\u00e9t\u00e9orologiques, plus fra\u00eeches et humides depuis ces deux derni\u00e8res semaines, ont favoris\u00e9 la pousse de champignons. Par cons\u00e9quent le nombre d\u2019intoxications observ\u00e9es a fortement augment\u00e9. Ainsi, si de juillet \u00e0 d\u00e9but octobre les centres antipoison enregistraient un nombre de cas variant de 4 \u00e0 90 par semaine, ce nombre est mont\u00e9 \u00e0 493 cas d\u2019intoxications ces deux derni\u00e8res semaines. Les cons\u00e9quences sur la sant\u00e9 de ce type d\u2019intoxications peuvent \u00eatre graves (troubles digestifs s\u00e9v\u00e8res, atteintes du foie pouvant n\u00e9cessiter une greffe), voire mortelles.<\/p>\n<p>Ces intoxications peuvent r\u00e9sulter de diff\u00e9rents facteurs\u00a0: confusion d\u2019une esp\u00e8ce comestible avec une esp\u00e8ce toxique, consommation\u00a0de champignons comestibles en mauvais \u00e9tat ou mal cuits\u2026 C\u2019est pourquoi, il est important de rester vigilant, que l\u2019on soit connaisseur ou que l\u2019on pratique la cueillette occasionnellement.<\/p>\n<p>Face \u00e0 ces cas qui se renouvellent chaque ann\u00e9e, l\u2019Anses et la DGS recommandent\u2026<\/p>\n<ul>\n<li>De ne ramasser que les champignons que vous connaissez parfaitement : certains champignons v\u00e9n\u00e9neux hautement toxiques ressemblent beaucoup aux esp\u00e8ces comestibles<\/li>\n<li>Au moindre doute sur l\u2019\u00e9tat ou l\u2019identification d\u2019un des champignons r\u00e9colt\u00e9s, de ne pas consommer la r\u00e9colte avant de l\u2019avoir fait contr\u00f4ler par un sp\u00e9cialiste en la mati\u00e8re. Les pharmaciens ou les associations et soci\u00e9t\u00e9s de mycologie de votre r\u00e9gion peuvent \u00eatre consult\u00e9s<\/li>\n<li>De cueillir uniquement les sp\u00e9cimens en bon \u00e9tat et de pr\u00e9lever la totalit\u00e9 du champignon (pied et chapeau), afin d\u2019en permettre l\u2019identification<\/li>\n<li>De ne pas cueillir les champignons pr\u00e8s de sites potentiellement pollu\u00e9s (bords de routes, aires industrielles, d\u00e9charges)<\/li>\n<li>De bien s\u00e9parer par esp\u00e8ce les champignons r\u00e9colt\u00e9s pour \u00e9viter le m\u00e9lange de morceaux de champignons v\u00e9n\u00e9neux avec des champignons comestibles<\/li>\n<li>De d\u00e9poser les champignons s\u00e9par\u00e9ment, dans une caisse ou un carton, mais jamais dans un sac plastique qui acc\u00e9l\u00e8re le pourrissement<\/li>\n<li>De vous laver les mains apr\u00e8s la r\u00e9colte<\/li>\n<li>De conserver les champignons \u00e0 part et dans de bonnes conditions au r\u00e9frig\u00e9rateur et de les consommer dans les deux jours au maximum apr\u00e8s la cueillette<\/li>\n<li>De consommer les champignons en quantit\u00e9 raisonnable apr\u00e8s une cuisson suffisante et de ne jamais les consommer crus<\/li>\n<li>De ne jamais proposer de champignons cueillis \u00e0 de jeunes enfants<\/li>\n<li>\n<p class=\"rtecenter\"><strong>En cas d\u2019apparition d\u2019un ou plusieurs sympt\u00f4mes<\/strong><\/p>\n<p class=\"rtecenter\">(notamment diarrh\u00e9es, vomissements, naus\u00e9es, tremblements, vertiges, troubles de la vue,\u00a0<em>etc<\/em>.)<br \/>\n\u00e0 la suite d\u2019une consommation de champignons de cueillette :<\/p>\n<p class=\"rtecenter\"><strong>appelez imm\u00e9diatement le \u00ab 15 \u00bb ou le\u00a0<\/strong><a class=\" at--tag\" href=\"http:\/\/www.centres-antipoison.net\/\" data-level2=\"27\" data-name=\"centre_antipoison\" data-chapter1=\"article\" data-chapter2=\"une_augmentation_des_intoxications_liees_a_la_consommation_de_champignons_restez_vigilants\" data-type=\"navigation\"><strong>centre antipoison<\/strong><\/a><strong>\u00a0de votre r\u00e9gion,<br \/>\net pr\u00e9cisez que vous avez consomm\u00e9 des champignons.<\/strong><\/p>\n<\/li>\n<\/ul>\n","protected":false},"excerpt":{"rendered":"<p>Attention,\u00a0l\u2019Anses,\u00a0Agence nationale de s\u00e9curit\u00e9 sanitaire de l\u2019alimentation, de l\u2019environnement et du travail, a signal\u00e9 une augmentation\u00a0du nombre de cas d\u2019intoxication [&hellip;]<\/p>\n","protected":false},"author":407,"featured_media":22041,"comment_status":"open","ping_status":"open","sticky":false,"template":"","format":"standard","meta":{"footnotes":""},"categories":[26,12,18],"tags":[],"class_list":["post-22040","post","type-post","status-publish","format-standard","has-post-thumbnail","hentry","category-a-la-une","category-sante","category-vosges"],"acf":[],"yoast_head":"<!-- This site is optimized with the Yoast SEO plugin v22.5 - https:\/\/yoast.com\/wordpress\/plugins\/seo\/ -->\n<title>Augmentation des intoxications li\u00e9es \u00e0 la consommation de champignons - Remiremont Info<\/title>\n<meta name=\"robots\" content=\"index, follow, max-snippet:-1, max-image-preview:large, max-video-preview:-1\" \/>\n<link rel=\"canonical\" href=\"https:\/\/vosgesinfo.fr\/remiremontinfo\/2019\/10\/augmentation-intoxications-liees-a-consommation-de-champignons\/\" \/>\n<meta name=\"twitter:card\" content=\"summary_large_image\" \/>\n<meta name=\"twitter:title\" content=\"Augmentation des intoxications li\u00e9es \u00e0 la consommation de champignons - Remiremont Info\" \/>\n<meta name=\"twitter:description\" content=\"Attention,\u00a0l\u2019Anses,\u00a0Agence nationale de s\u00e9curit\u00e9 sanitaire de l\u2019alimentation, de l\u2019environnement et du travail, a signal\u00e9 une augmentation\u00a0du nombre de cas d\u2019intoxication [&hellip;]\" \/>\n<meta name=\"twitter:image\" content=\"https:\/\/vosgesinfo.fr\/app\/uploads\/sites\/5\/2024\/09\/201910cueillette-des-champignons1.jpg\" \/>\n<meta name=\"twitter:creator\" content=\"@VosgesInfo88\" \/>\n<meta name=\"twitter:site\" content=\"@VosgesInfo88\" \/>\n<meta name=\"twitter:label1\" content=\"\u00c9crit par\" \/>\n\t<meta name=\"twitter:data1\" content=\"C D\" \/>\n\t<meta name=\"twitter:label2\" content=\"Dur\u00e9e de lecture estim\u00e9e\" \/>\n\t<meta name=\"twitter:data2\" content=\"3 minutes\" \/>\n<script type=\"application\/ld+json\" class=\"yoast-schema-graph\">{\"@context\":\"https:\/\/schema.org\",\"@graph\":[{\"@type\":\"Article\",\"@id\":\"https:\/\/vosgesinfo.fr\/remiremontinfo\/2019\/10\/augmentation-intoxications-liees-a-consommation-de-champignons\/#article\",\"isPartOf\":{\"@id\":\"https:\/\/vosgesinfo.fr\/remiremontinfo\/2019\/10\/augmentation-intoxications-liees-a-consommation-de-champignons\/\"},\"author\":{\"name\":\"C D\",\"@id\":\"https:\/\/vosgesinfo.fr\/remiremontinfo\/#\/schema\/person\/3bfd164d5218a185b1db68655a265316\"},\"headline\":\"Augmentation des intoxications li\u00e9es \u00e0 la consommation de champignons\",\"datePublished\":\"2019-10-29T06:50:31+00:00\",\"dateModified\":\"2019-10-29T06:50:31+00:00\",\"mainEntityOfPage\":{\"@id\":\"https:\/\/vosgesinfo.fr\/remiremontinfo\/2019\/10\/augmentation-intoxications-liees-a-consommation-de-champignons\/\"},\"wordCount\":547,\"commentCount\":0,\"publisher\":{\"@id\":\"https:\/\/vosgesinfo.fr\/remiremontinfo\/#organization\"},\"image\":{\"@id\":\"https:\/\/vosgesinfo.fr\/remiremontinfo\/2019\/10\/augmentation-intoxications-liees-a-consommation-de-champignons\/#primaryimage\"},\"thumbnailUrl\":\"https:\/\/vosgesinfo.fr\/app\/uploads\/sites\/5\/2024\/09\/201910cueillette-des-champignons1.jpg\",\"articleSection\":[\"A la Une\",\"Sant\u00e9\",\"Vosges\"],\"inLanguage\":\"fr-FR\",\"potentialAction\":[{\"@type\":\"CommentAction\",\"name\":\"Comment\",\"target\":[\"https:\/\/vosgesinfo.fr\/remiremontinfo\/2019\/10\/augmentation-intoxications-liees-a-consommation-de-champignons\/#respond\"]}]},{\"@type\":\"WebPage\",\"@id\":\"https:\/\/vosgesinfo.fr\/remiremontinfo\/2019\/10\/augmentation-intoxications-liees-a-consommation-de-champignons\/\",\"url\":\"https:\/\/vosgesinfo.fr\/remiremontinfo\/2019\/10\/augmentation-intoxications-liees-a-consommation-de-champignons\/\",\"name\":\"Augmentation des intoxications li\u00e9es \u00e0 la consommation de champignons - Remiremont Info\",\"isPartOf\":{\"@id\":\"https:\/\/vosgesinfo.fr\/remiremontinfo\/#website\"},\"primaryImageOfPage\":{\"@id\":\"https:\/\/vosgesinfo.fr\/remiremontinfo\/2019\/10\/augmentation-intoxications-liees-a-consommation-de-champignons\/#primaryimage\"},\"image\":{\"@id\":\"https:\/\/vosgesinfo.fr\/remiremontinfo\/2019\/10\/augmentation-intoxications-liees-a-consommation-de-champignons\/#primaryimage\"},\"thumbnailUrl\":\"https:\/\/vosgesinfo.fr\/app\/uploads\/sites\/5\/2024\/09\/201910cueillette-des-champignons1.jpg\",\"datePublished\":\"2019-10-29T06:50:31+00:00\",\"dateModified\":\"2019-10-29T06:50:31+00:00\",\"breadcrumb\":{\"@id\":\"https:\/\/vosgesinfo.fr\/remiremontinfo\/2019\/10\/augmentation-intoxications-liees-a-consommation-de-champignons\/#breadcrumb\"},\"inLanguage\":\"fr-FR\",\"potentialAction\":[{\"@type\":\"ReadAction\",\"target\":[\"https:\/\/vosgesinfo.fr\/remiremontinfo\/2019\/10\/augmentation-intoxications-liees-a-consommation-de-champignons\/\"]}]},{\"@type\":\"ImageObject\",\"inLanguage\":\"fr-FR\",\"@id\":\"https:\/\/vosgesinfo.fr\/remiremontinfo\/2019\/10\/augmentation-intoxications-liees-a-consommation-de-champignons\/#primaryimage\",\"url\":\"https:\/\/vosgesinfo.fr\/app\/uploads\/sites\/5\/2024\/09\/201910cueillette-des-champignons1.jpg\",\"contentUrl\":\"https:\/\/vosgesinfo.fr\/app\/uploads\/sites\/5\/2024\/09\/201910cueillette-des-champignons1.jpg\",\"width\":570,\"height\":238},{\"@type\":\"BreadcrumbList\",\"@id\":\"https:\/\/vosgesinfo.fr\/remiremontinfo\/2019\/10\/augmentation-intoxications-liees-a-consommation-de-champignons\/#breadcrumb\",\"itemListElement\":[{\"@type\":\"ListItem\",\"position\":1,\"name\":\"Home\",\"item\":\"https:\/\/vosgesinfo.fr\/remiremontinfo\/\"},{\"@type\":\"ListItem\",\"position\":2,\"name\":\"Augmentation des intoxications li\u00e9es \u00e0 la consommation de champignons\"}]},{\"@type\":\"WebSite\",\"@id\":\"https:\/\/vosgesinfo.fr\/remiremontinfo\/#website\",\"url\":\"https:\/\/vosgesinfo.fr\/remiremontinfo\/\",\"name\":\"Remiremont Info\",\"description\":\"Toute l&#039;actualit\u00e9 de Remiremont\",\"publisher\":{\"@id\":\"https:\/\/vosgesinfo.fr\/remiremontinfo\/#organization\"},\"alternateName\":\"Toute l'actualit\u00e9 de Remiremont\",\"potentialAction\":[{\"@type\":\"SearchAction\",\"target\":{\"@type\":\"EntryPoint\",\"urlTemplate\":\"https:\/\/vosgesinfo.fr\/remiremontinfo\/?s={search_term_string}\"},\"query-input\":\"required name=search_term_string\"}],\"inLanguage\":\"fr-FR\"},{\"@type\":\"Organization\",\"@id\":\"https:\/\/vosgesinfo.fr\/remiremontinfo\/#organization\",\"name\":\"Remiremont Info\",\"url\":\"https:\/\/vosgesinfo.fr\/remiremontinfo\/\",\"logo\":{\"@type\":\"ImageObject\",\"inLanguage\":\"fr-FR\",\"@id\":\"https:\/\/vosgesinfo.fr\/remiremontinfo\/#\/schema\/logo\/image\/\",\"url\":\"https:\/\/vosgesinfo.fr\/app\/uploads\/sites\/5\/2023\/08\/favicon-remiremontinfo.png\",\"contentUrl\":\"https:\/\/vosgesinfo.fr\/app\/uploads\/sites\/5\/2023\/08\/favicon-remiremontinfo.png\",\"width\":512,\"height\":512,\"caption\":\"Remiremont Info\"},\"image\":{\"@id\":\"https:\/\/vosgesinfo.fr\/remiremontinfo\/#\/schema\/logo\/image\/\"},\"sameAs\":[\"https:\/\/www.facebook.com\/remiremontinfo\",\"https:\/\/x.com\/VosgesInfo88\",\"https:\/\/www.youtube.com\/@vosgesinfo\"]},{\"@type\":\"Person\",\"@id\":\"https:\/\/vosgesinfo.fr\/remiremontinfo\/#\/schema\/person\/3bfd164d5218a185b1db68655a265316\",\"name\":\"C D\",\"image\":{\"@type\":\"ImageObject\",\"inLanguage\":\"fr-FR\",\"@id\":\"https:\/\/vosgesinfo.fr\/remiremontinfo\/#\/schema\/person\/image\/\",\"url\":\"https:\/\/secure.gravatar.com\/avatar\/1f9a70007336511a47468b8f1c66f922b8b7cf617b02a31149ada43893a5d48f?s=96&d=mm&r=g\",\"contentUrl\":\"https:\/\/secure.gravatar.com\/avatar\/1f9a70007336511a47468b8f1c66f922b8b7cf617b02a31149ada43893a5d48f?s=96&d=mm&r=g\",\"caption\":\"C D\"},\"url\":\"https:\/\/vosgesinfo.fr\/remiremontinfo\/author\/cedric-drevet\/\"}]}<\/script>\n<!-- \/ Yoast SEO plugin. -->","yoast_head_json":{"title":"Augmentation des intoxications li\u00e9es \u00e0 la consommation de champignons - Remiremont Info","robots":{"index":"index","follow":"follow","max-snippet":"max-snippet:-1","max-image-preview":"max-image-preview:large","max-video-preview":"max-video-preview:-1"},"canonical":"https:\/\/vosgesinfo.fr\/remiremontinfo\/2019\/10\/augmentation-intoxications-liees-a-consommation-de-champignons\/","twitter_card":"summary_large_image","twitter_title":"Augmentation des intoxications li\u00e9es \u00e0 la consommation de champignons - Remiremont Info","twitter_description":"Attention,\u00a0l\u2019Anses,\u00a0Agence nationale de s\u00e9curit\u00e9 sanitaire de l\u2019alimentation, de l\u2019environnement et du travail, a signal\u00e9 une augmentation\u00a0du nombre de cas d\u2019intoxication [&hellip;]","twitter_image":"https:\/\/vosgesinfo.fr\/app\/uploads\/sites\/5\/2024\/09\/201910cueillette-des-champignons1.jpg","twitter_creator":"@VosgesInfo88","twitter_site":"@VosgesInfo88","twitter_misc":{"\u00c9crit par":"C D","Dur\u00e9e de lecture estim\u00e9e":"3 minutes"},"schema":{"@context":"https:\/\/schema.org","@graph":[{"@type":"Article","@id":"https:\/\/vosgesinfo.fr\/remiremontinfo\/2019\/10\/augmentation-intoxications-liees-a-consommation-de-champignons\/#article","isPartOf":{"@id":"https:\/\/vosgesinfo.fr\/remiremontinfo\/2019\/10\/augmentation-intoxications-liees-a-consommation-de-champignons\/"},"author":{"name":"C D","@id":"https:\/\/vosgesinfo.fr\/remiremontinfo\/#\/schema\/person\/3bfd164d5218a185b1db68655a265316"},"headline":"Augmentation des intoxications li\u00e9es \u00e0 la consommation de champignons","datePublished":"2019-10-29T06:50:31+00:00","dateModified":"2019-10-29T06:50:31+00:00","mainEntityOfPage":{"@id":"https:\/\/vosgesinfo.fr\/remiremontinfo\/2019\/10\/augmentation-intoxications-liees-a-consommation-de-champignons\/"},"wordCount":547,"commentCount":0,"publisher":{"@id":"https:\/\/vosgesinfo.fr\/remiremontinfo\/#organization"},"image":{"@id":"https:\/\/vosgesinfo.fr\/remiremontinfo\/2019\/10\/augmentation-intoxications-liees-a-consommation-de-champignons\/#primaryimage"},"thumbnailUrl":"https:\/\/vosgesinfo.fr\/app\/uploads\/sites\/5\/2024\/09\/201910cueillette-des-champignons1.jpg","articleSection":["A la Une","Sant\u00e9","Vosges"],"inLanguage":"fr-FR","potentialAction":[{"@type":"CommentAction","name":"Comment","target":["https:\/\/vosgesinfo.fr\/remiremontinfo\/2019\/10\/augmentation-intoxications-liees-a-consommation-de-champignons\/#respond"]}]},{"@type":"WebPage","@id":"https:\/\/vosgesinfo.fr\/remiremontinfo\/2019\/10\/augmentation-intoxications-liees-a-consommation-de-champignons\/","url":"https:\/\/vosgesinfo.fr\/remiremontinfo\/2019\/10\/augmentation-intoxications-liees-a-consommation-de-champignons\/","name":"Augmentation des intoxications li\u00e9es \u00e0 la consommation de champignons - Remiremont Info","isPartOf":{"@id":"https:\/\/vosgesinfo.fr\/remiremontinfo\/#website"},"primaryImageOfPage":{"@id":"https:\/\/vosgesinfo.fr\/remiremontinfo\/2019\/10\/augmentation-intoxications-liees-a-consommation-de-champignons\/#primaryimage"},"image":{"@id":"https:\/\/vosgesinfo.fr\/remiremontinfo\/2019\/10\/augmentation-intoxications-liees-a-consommation-de-champignons\/#primaryimage"},"thumbnailUrl":"https:\/\/vosgesinfo.fr\/app\/uploads\/sites\/5\/2024\/09\/201910cueillette-des-champignons1.jpg","datePublished":"2019-10-29T06:50:31+00:00","dateModified":"2019-10-29T06:50:31+00:00","breadcrumb":{"@id":"https:\/\/vosgesinfo.fr\/remiremontinfo\/2019\/10\/augmentation-intoxications-liees-a-consommation-de-champignons\/#breadcrumb"},"inLanguage":"fr-FR","potentialAction":[{"@type":"ReadAction","target":["https:\/\/vosgesinfo.fr\/remiremontinfo\/2019\/10\/augmentation-intoxications-liees-a-consommation-de-champignons\/"]}]},{"@type":"ImageObject","inLanguage":"fr-FR","@id":"https:\/\/vosgesinfo.fr\/remiremontinfo\/2019\/10\/augmentation-intoxications-liees-a-consommation-de-champignons\/#primaryimage","url":"https:\/\/vosgesinfo.fr\/app\/uploads\/sites\/5\/2024\/09\/201910cueillette-des-champignons1.jpg","contentUrl":"https:\/\/vosgesinfo.fr\/app\/uploads\/sites\/5\/2024\/09\/201910cueillette-des-champignons1.jpg","width":570,"height":238},{"@type":"BreadcrumbList","@id":"https:\/\/vosgesinfo.fr\/remiremontinfo\/2019\/10\/augmentation-intoxications-liees-a-consommation-de-champignons\/#breadcrumb","itemListElement":[{"@type":"ListItem","position":1,"name":"Home","item":"https:\/\/vosgesinfo.fr\/remiremontinfo\/"},{"@type":"ListItem","position":2,"name":"Augmentation des intoxications li\u00e9es \u00e0 la consommation de champignons"}]},{"@type":"WebSite","@id":"https:\/\/vosgesinfo.fr\/remiremontinfo\/#website","url":"https:\/\/vosgesinfo.fr\/remiremontinfo\/","name":"Remiremont Info","description":"Toute l&#039;actualit\u00e9 de Remiremont","publisher":{"@id":"https:\/\/vosgesinfo.fr\/remiremontinfo\/#organization"},"alternateName":"Toute l'actualit\u00e9 de Remiremont","potentialAction":[{"@type":"SearchAction","target":{"@type":"EntryPoint","urlTemplate":"https:\/\/vosgesinfo.fr\/remiremontinfo\/?s={search_term_string}"},"query-input":"required name=search_term_string"}],"inLanguage":"fr-FR"},{"@type":"Organization","@id":"https:\/\/vosgesinfo.fr\/remiremontinfo\/#organization","name":"Remiremont Info","url":"https:\/\/vosgesinfo.fr\/remiremontinfo\/","logo":{"@type":"ImageObject","inLanguage":"fr-FR","@id":"https:\/\/vosgesinfo.fr\/remiremontinfo\/#\/schema\/logo\/image\/","url":"https:\/\/vosgesinfo.fr\/app\/uploads\/sites\/5\/2023\/08\/favicon-remiremontinfo.png","contentUrl":"https:\/\/vosgesinfo.fr\/app\/uploads\/sites\/5\/2023\/08\/favicon-remiremontinfo.png","width":512,"height":512,"caption":"Remiremont Info"},"image":{"@id":"https:\/\/vosgesinfo.fr\/remiremontinfo\/#\/schema\/logo\/image\/"},"sameAs":["https:\/\/www.facebook.com\/remiremontinfo","https:\/\/x.com\/VosgesInfo88","https:\/\/www.youtube.com\/@vosgesinfo"]},{"@type":"Person","@id":"https:\/\/vosgesinfo.fr\/remiremontinfo\/#\/schema\/person\/3bfd164d5218a185b1db68655a265316","name":"C D","image":{"@type":"ImageObject","inLanguage":"fr-FR","@id":"https:\/\/vosgesinfo.fr\/remiremontinfo\/#\/schema\/person\/image\/","url":"https:\/\/secure.gravatar.com\/avatar\/1f9a70007336511a47468b8f1c66f922b8b7cf617b02a31149ada43893a5d48f?s=96&d=mm&r=g","contentUrl":"https:\/\/secure.gravatar.com\/avatar\/1f9a70007336511a47468b8f1c66f922b8b7cf617b02a31149ada43893a5d48f?s=96&d=mm&r=g","caption":"C D"},"url":"https:\/\/vosgesinfo.fr\/remiremontinfo\/author\/cedric-drevet\/"}]}},"_links":{"self":[{"href":"https:\/\/vosgesinfo.fr\/remiremontinfo\/wp-json\/wp\/v2\/posts\/22040","targetHints":{"allow":["GET"]}}],"collection":[{"href":"https:\/\/vosgesinfo.fr\/remiremontinfo\/wp-json\/wp\/v2\/posts"}],"about":[{"href":"https:\/\/vosgesinfo.fr\/remiremontinfo\/wp-json\/wp\/v2\/types\/post"}],"author":[{"embeddable":true,"href":"https:\/\/vosgesinfo.fr\/remiremontinfo\/wp-json\/wp\/v2\/users\/407"}],"replies":[{"embeddable":true,"href":"https:\/\/vosgesinfo.fr\/remiremontinfo\/wp-json\/wp\/v2\/comments?post=22040"}],"version-history":[{"count":0,"href":"https:\/\/vosgesinfo.fr\/remiremontinfo\/wp-json\/wp\/v2\/posts\/22040\/revisions"}],"wp:featuredmedia":[{"embeddable":true,"href":"https:\/\/vosgesinfo.fr\/remiremontinfo\/wp-json\/wp\/v2\/media\/22041"}],"wp:attachment":[{"href":"https:\/\/vosgesinfo.fr\/remiremontinfo\/wp-json\/wp\/v2\/media?parent=22040"}],"wp:term":[{"taxonomy":"category","embeddable":true,"href":"https:\/\/vosgesinfo.fr\/remiremontinfo\/wp-json\/wp\/v2\/categories?post=22040"},{"taxonomy":"post_tag","embeddable":true,"href":"https:\/\/vosgesinfo.fr\/remiremontinfo\/wp-json\/wp\/v2\/tags?post=22040"}],"curies":[{"name":"wp","href":"https:\/\/api.w.org\/{rel}","templated":true}]}}