{"id":22042,"date":"2019-10-29T07:15:31","date_gmt":"2019-10-29T06:15:31","guid":{"rendered":"https:\/\/vosgesinfo.fr\/remiremontinfo\/2019\/10\/plombieres-bertrand-tavernier-invite-de-premiere-clap\/"},"modified":"2019-10-29T07:15:31","modified_gmt":"2019-10-29T06:15:31","slug":"plombieres-bertrand-tavernier-invite-de-premiere-clap","status":"publish","type":"post","link":"https:\/\/vosgesinfo.fr\/remiremontinfo\/2019\/10\/plombieres-bertrand-tavernier-invite-de-premiere-clap\/","title":{"rendered":"Plombi\u00e8res : Bertrand Tavernier invit\u00e9 de la premi\u00e8re CLAP !"},"content":{"rendered":"<div id=\"attachment_271507\" style=\"width: 970px\" class=\"wp-caption alignnone\"><a href=\"\/2019\/10\/Bertrand_Tavernier_20100330_Salon_du_livre_de_Paris_1.jpg\"><img decoding=\"async\" aria-describedby=\"caption-attachment-271507\" class=\"size-large wp-image-271507\" src=\"\/2019\/10\/Bertrand_Tavernier_20100330_Salon_du_livre_de_Paris_1-1024x683.jpg\" alt=\"Georges Seguin (Okki), CC BY-SA 3.0\" width=\"960\" height=\"640\" \/><\/a><p id=\"caption-attachment-271507\" class=\"wp-caption-text\"><span style=\"font-size: 10pt;\"><em>Georges Seguin (Okki), CC BY-SA 3.0<\/em><\/span><\/p><\/div>\n<p>Le\u00a0week-end exceptionnel en compagnie de Bertrand Tavernize arrive \u00e0 grands pas! Les b\u00e9n\u00e9voles de l&rsquo;association Plombi\u00e8res Cin\u00e9ma inaugurent le week end prochain leur premi\u00e8re CLAP ! (<strong>C<\/strong>in\u00e9-rencontre <strong>L<\/strong>umineuse <strong>A P<\/strong>lombi\u00e8res-les-Bains).<\/p>\n<p style=\"text-align: center;\"><a href=\"\/2019\/10\/unnamed-14.jpg\"><img decoding=\"async\" class=\"alignnone size-full wp-image-271502\" src=\"\/2019\/10\/unnamed-14.jpg\" alt=\"unnamed-1\" width=\"554\" height=\"752\" \/><\/a> <a href=\"\/2019\/10\/unnamed-22.jpg\"><img decoding=\"async\" class=\"alignnone size-large wp-image-271503\" src=\"\/2019\/10\/unnamed-22.jpg\" alt=\"unnamed-2\" width=\"553\" height=\"747\" \/><\/a> <a href=\"\/2019\/10\/unnamed-31.jpg\"><img decoding=\"async\" class=\"alignnone size-large wp-image-271504\" src=\"\/2019\/10\/unnamed-31.jpg\" alt=\"unnamed-3\" width=\"569\" height=\"756\" \/><\/a> <a href=\"\/2019\/10\/unnamed-4.jpg\"><img decoding=\"async\" class=\"alignnone size-large wp-image-271505\" src=\"\/2019\/10\/unnamed-4.jpg\" alt=\"unnamed-4\" width=\"927\" height=\"866\" \/><\/a> <a href=\"\/2019\/10\/unnamed4.jpg\"><img decoding=\"async\" class=\"alignnone size-large wp-image-271506\" src=\"\/2019\/10\/unnamed4.jpg\" alt=\"unnamed\" width=\"570\" height=\"748\" \/><\/a><\/p>\n","protected":false},"excerpt":{"rendered":"<p>Le\u00a0week-end exceptionnel en compagnie de Bertrand Tavernize arrive \u00e0 grands pas! Les b\u00e9n\u00e9voles de l&rsquo;association Plombi\u00e8res Cin\u00e9ma inaugurent le week [&hellip;]<\/p>\n","protected":false},"author":407,"featured_media":22043,"comment_status":"open","ping_status":"open","sticky":false,"template":"","format":"standard","meta":{"footnotes":""},"categories":[26,4,82,54,102],"tags":[],"class_list":["post-22042","post","type-post","status-publish","format-standard","has-post-thumbnail","hentry","category-a-la-une","category-culture","category-le-val-dajol-son-canton","category-loisirs","category-plombieres-les-bains"],"acf":[],"yoast_head":"<!-- This site is optimized with the Yoast SEO plugin v22.5 - https:\/\/yoast.com\/wordpress\/plugins\/seo\/ -->\n<title>Plombi\u00e8res : Bertrand Tavernier invit\u00e9 de la premi\u00e8re CLAP ! - Remiremont Info<\/title>\n<meta name=\"robots\" content=\"index, follow, max-snippet:-1, max-image-preview:large, max-video-preview:-1\" \/>\n<link rel=\"canonical\" href=\"https:\/\/vosgesinfo.fr\/remiremontinfo\/2019\/10\/plombieres-bertrand-tavernier-invite-de-premiere-clap\/\" \/>\n<meta name=\"twitter:card\" content=\"summary_large_image\" \/>\n<meta name=\"twitter:title\" content=\"Plombi\u00e8res : Bertrand Tavernier invit\u00e9 de la premi\u00e8re CLAP ! - Remiremont Info\" \/>\n<meta name=\"twitter:description\" content=\"Le\u00a0week-end exceptionnel en compagnie de Bertrand Tavernize arrive \u00e0 grands pas! Les b\u00e9n\u00e9voles de l&rsquo;association Plombi\u00e8res Cin\u00e9ma inaugurent le week [&hellip;]\" \/>\n<meta name=\"twitter:image\" content=\"https:\/\/vosgesinfo.fr\/app\/uploads\/sites\/5\/2024\/09\/201910bertrand-tavernier-20100330-salon-du-livre-de-paris-1.jpg\" \/>\n<meta name=\"twitter:creator\" content=\"@VosgesInfo88\" \/>\n<meta name=\"twitter:site\" content=\"@VosgesInfo88\" \/>\n<meta name=\"twitter:label1\" content=\"\u00c9crit par\" \/>\n\t<meta name=\"twitter:data1\" content=\"C D\" \/>\n<script type=\"application\/ld+json\" class=\"yoast-schema-graph\">{\"@context\":\"https:\/\/schema.org\",\"@graph\":[{\"@type\":\"Article\",\"@id\":\"https:\/\/vosgesinfo.fr\/remiremontinfo\/2019\/10\/plombieres-bertrand-tavernier-invite-de-premiere-clap\/#article\",\"isPartOf\":{\"@id\":\"https:\/\/vosgesinfo.fr\/remiremontinfo\/2019\/10\/plombieres-bertrand-tavernier-invite-de-premiere-clap\/\"},\"author\":{\"name\":\"C D\",\"@id\":\"https:\/\/vosgesinfo.fr\/remiremontinfo\/#\/schema\/person\/3bfd164d5218a185b1db68655a265316\"},\"headline\":\"Plombi\u00e8res : Bertrand Tavernier invit\u00e9 de la premi\u00e8re CLAP !\",\"datePublished\":\"2019-10-29T06:15:31+00:00\",\"dateModified\":\"2019-10-29T06:15:31+00:00\",\"mainEntityOfPage\":{\"@id\":\"https:\/\/vosgesinfo.fr\/remiremontinfo\/2019\/10\/plombieres-bertrand-tavernier-invite-de-premiere-clap\/\"},\"wordCount\":59,\"commentCount\":0,\"publisher\":{\"@id\":\"https:\/\/vosgesinfo.fr\/remiremontinfo\/#organization\"},\"image\":{\"@id\":\"https:\/\/vosgesinfo.fr\/remiremontinfo\/2019\/10\/plombieres-bertrand-tavernier-invite-de-premiere-clap\/#primaryimage\"},\"thumbnailUrl\":\"https:\/\/vosgesinfo.fr\/app\/uploads\/sites\/5\/2024\/09\/201910bertrand-tavernier-20100330-salon-du-livre-de-paris-1.jpg\",\"articleSection\":[\"A la Une\",\"Culture\",\"Le Val-d'Ajol &amp; son canton\",\"Loisirs\",\"Plombi\u00e8res-l\u00e8s-Bains\"],\"inLanguage\":\"fr-FR\",\"potentialAction\":[{\"@type\":\"CommentAction\",\"name\":\"Comment\",\"target\":[\"https:\/\/vosgesinfo.fr\/remiremontinfo\/2019\/10\/plombieres-bertrand-tavernier-invite-de-premiere-clap\/#respond\"]}]},{\"@type\":\"WebPage\",\"@id\":\"https:\/\/vosgesinfo.fr\/remiremontinfo\/2019\/10\/plombieres-bertrand-tavernier-invite-de-premiere-clap\/\",\"url\":\"https:\/\/vosgesinfo.fr\/remiremontinfo\/2019\/10\/plombieres-bertrand-tavernier-invite-de-premiere-clap\/\",\"name\":\"Plombi\u00e8res : Bertrand Tavernier invit\u00e9 de la premi\u00e8re CLAP ! - Remiremont Info\",\"isPartOf\":{\"@id\":\"https:\/\/vosgesinfo.fr\/remiremontinfo\/#website\"},\"primaryImageOfPage\":{\"@id\":\"https:\/\/vosgesinfo.fr\/remiremontinfo\/2019\/10\/plombieres-bertrand-tavernier-invite-de-premiere-clap\/#primaryimage\"},\"image\":{\"@id\":\"https:\/\/vosgesinfo.fr\/remiremontinfo\/2019\/10\/plombieres-bertrand-tavernier-invite-de-premiere-clap\/#primaryimage\"},\"thumbnailUrl\":\"https:\/\/vosgesinfo.fr\/app\/uploads\/sites\/5\/2024\/09\/201910bertrand-tavernier-20100330-salon-du-livre-de-paris-1.jpg\",\"datePublished\":\"2019-10-29T06:15:31+00:00\",\"dateModified\":\"2019-10-29T06:15:31+00:00\",\"breadcrumb\":{\"@id\":\"https:\/\/vosgesinfo.fr\/remiremontinfo\/2019\/10\/plombieres-bertrand-tavernier-invite-de-premiere-clap\/#breadcrumb\"},\"inLanguage\":\"fr-FR\",\"potentialAction\":[{\"@type\":\"ReadAction\",\"target\":[\"https:\/\/vosgesinfo.fr\/remiremontinfo\/2019\/10\/plombieres-bertrand-tavernier-invite-de-premiere-clap\/\"]}]},{\"@type\":\"ImageObject\",\"inLanguage\":\"fr-FR\",\"@id\":\"https:\/\/vosgesinfo.fr\/remiremontinfo\/2019\/10\/plombieres-bertrand-tavernier-invite-de-premiere-clap\/#primaryimage\",\"url\":\"https:\/\/vosgesinfo.fr\/app\/uploads\/sites\/5\/2024\/09\/201910bertrand-tavernier-20100330-salon-du-livre-de-paris-1.jpg\",\"contentUrl\":\"https:\/\/vosgesinfo.fr\/app\/uploads\/sites\/5\/2024\/09\/201910bertrand-tavernier-20100330-salon-du-livre-de-paris-1.jpg\",\"width\":1920,\"height\":1280},{\"@type\":\"BreadcrumbList\",\"@id\":\"https:\/\/vosgesinfo.fr\/remiremontinfo\/2019\/10\/plombieres-bertrand-tavernier-invite-de-premiere-clap\/#breadcrumb\",\"itemListElement\":[{\"@type\":\"ListItem\",\"position\":1,\"name\":\"Home\",\"item\":\"https:\/\/vosgesinfo.fr\/remiremontinfo\/\"},{\"@type\":\"ListItem\",\"position\":2,\"name\":\"Plombi\u00e8res : Bertrand Tavernier invit\u00e9 de la premi\u00e8re CLAP !\"}]},{\"@type\":\"WebSite\",\"@id\":\"https:\/\/vosgesinfo.fr\/remiremontinfo\/#website\",\"url\":\"https:\/\/vosgesinfo.fr\/remiremontinfo\/\",\"name\":\"Remiremont Info\",\"description\":\"Toute l&#039;actualit\u00e9 de Remiremont\",\"publisher\":{\"@id\":\"https:\/\/vosgesinfo.fr\/remiremontinfo\/#organization\"},\"alternateName\":\"Toute l'actualit\u00e9 de Remiremont\",\"potentialAction\":[{\"@type\":\"SearchAction\",\"target\":{\"@type\":\"EntryPoint\",\"urlTemplate\":\"https:\/\/vosgesinfo.fr\/remiremontinfo\/?s={search_term_string}\"},\"query-input\":\"required name=search_term_string\"}],\"inLanguage\":\"fr-FR\"},{\"@type\":\"Organization\",\"@id\":\"https:\/\/vosgesinfo.fr\/remiremontinfo\/#organization\",\"name\":\"Remiremont Info\",\"url\":\"https:\/\/vosgesinfo.fr\/remiremontinfo\/\",\"logo\":{\"@type\":\"ImageObject\",\"inLanguage\":\"fr-FR\",\"@id\":\"https:\/\/vosgesinfo.fr\/remiremontinfo\/#\/schema\/logo\/image\/\",\"url\":\"https:\/\/vosgesinfo.fr\/app\/uploads\/sites\/5\/2023\/08\/favicon-remiremontinfo.png\",\"contentUrl\":\"https:\/\/vosgesinfo.fr\/app\/uploads\/sites\/5\/2023\/08\/favicon-remiremontinfo.png\",\"width\":512,\"height\":512,\"caption\":\"Remiremont Info\"},\"image\":{\"@id\":\"https:\/\/vosgesinfo.fr\/remiremontinfo\/#\/schema\/logo\/image\/\"},\"sameAs\":[\"https:\/\/www.facebook.com\/remiremontinfo\",\"https:\/\/x.com\/VosgesInfo88\",\"https:\/\/www.youtube.com\/@vosgesinfo\"]},{\"@type\":\"Person\",\"@id\":\"https:\/\/vosgesinfo.fr\/remiremontinfo\/#\/schema\/person\/3bfd164d5218a185b1db68655a265316\",\"name\":\"C D\",\"image\":{\"@type\":\"ImageObject\",\"inLanguage\":\"fr-FR\",\"@id\":\"https:\/\/vosgesinfo.fr\/remiremontinfo\/#\/schema\/person\/image\/\",\"url\":\"https:\/\/secure.gravatar.com\/avatar\/1f9a70007336511a47468b8f1c66f922b8b7cf617b02a31149ada43893a5d48f?s=96&d=mm&r=g\",\"contentUrl\":\"https:\/\/secure.gravatar.com\/avatar\/1f9a70007336511a47468b8f1c66f922b8b7cf617b02a31149ada43893a5d48f?s=96&d=mm&r=g\",\"caption\":\"C D\"},\"url\":\"https:\/\/vosgesinfo.fr\/remiremontinfo\/author\/cedric-drevet\/\"}]}<\/script>\n<!-- \/ Yoast SEO plugin. -->","yoast_head_json":{"title":"Plombi\u00e8res : Bertrand Tavernier invit\u00e9 de la premi\u00e8re CLAP ! - Remiremont Info","robots":{"index":"index","follow":"follow","max-snippet":"max-snippet:-1","max-image-preview":"max-image-preview:large","max-video-preview":"max-video-preview:-1"},"canonical":"https:\/\/vosgesinfo.fr\/remiremontinfo\/2019\/10\/plombieres-bertrand-tavernier-invite-de-premiere-clap\/","twitter_card":"summary_large_image","twitter_title":"Plombi\u00e8res : Bertrand Tavernier invit\u00e9 de la premi\u00e8re CLAP ! - Remiremont Info","twitter_description":"Le\u00a0week-end exceptionnel en compagnie de Bertrand Tavernize arrive \u00e0 grands pas! Les b\u00e9n\u00e9voles de l&rsquo;association Plombi\u00e8res Cin\u00e9ma inaugurent le week [&hellip;]","twitter_image":"https:\/\/vosgesinfo.fr\/app\/uploads\/sites\/5\/2024\/09\/201910bertrand-tavernier-20100330-salon-du-livre-de-paris-1.jpg","twitter_creator":"@VosgesInfo88","twitter_site":"@VosgesInfo88","twitter_misc":{"\u00c9crit par":"C D"},"schema":{"@context":"https:\/\/schema.org","@graph":[{"@type":"Article","@id":"https:\/\/vosgesinfo.fr\/remiremontinfo\/2019\/10\/plombieres-bertrand-tavernier-invite-de-premiere-clap\/#article","isPartOf":{"@id":"https:\/\/vosgesinfo.fr\/remiremontinfo\/2019\/10\/plombieres-bertrand-tavernier-invite-de-premiere-clap\/"},"author":{"name":"C D","@id":"https:\/\/vosgesinfo.fr\/remiremontinfo\/#\/schema\/person\/3bfd164d5218a185b1db68655a265316"},"headline":"Plombi\u00e8res : Bertrand Tavernier invit\u00e9 de la premi\u00e8re CLAP !","datePublished":"2019-10-29T06:15:31+00:00","dateModified":"2019-10-29T06:15:31+00:00","mainEntityOfPage":{"@id":"https:\/\/vosgesinfo.fr\/remiremontinfo\/2019\/10\/plombieres-bertrand-tavernier-invite-de-premiere-clap\/"},"wordCount":59,"commentCount":0,"publisher":{"@id":"https:\/\/vosgesinfo.fr\/remiremontinfo\/#organization"},"image":{"@id":"https:\/\/vosgesinfo.fr\/remiremontinfo\/2019\/10\/plombieres-bertrand-tavernier-invite-de-premiere-clap\/#primaryimage"},"thumbnailUrl":"https:\/\/vosgesinfo.fr\/app\/uploads\/sites\/5\/2024\/09\/201910bertrand-tavernier-20100330-salon-du-livre-de-paris-1.jpg","articleSection":["A la Une","Culture","Le Val-d'Ajol &amp; son canton","Loisirs","Plombi\u00e8res-l\u00e8s-Bains"],"inLanguage":"fr-FR","potentialAction":[{"@type":"CommentAction","name":"Comment","target":["https:\/\/vosgesinfo.fr\/remiremontinfo\/2019\/10\/plombieres-bertrand-tavernier-invite-de-premiere-clap\/#respond"]}]},{"@type":"WebPage","@id":"https:\/\/vosgesinfo.fr\/remiremontinfo\/2019\/10\/plombieres-bertrand-tavernier-invite-de-premiere-clap\/","url":"https:\/\/vosgesinfo.fr\/remiremontinfo\/2019\/10\/plombieres-bertrand-tavernier-invite-de-premiere-clap\/","name":"Plombi\u00e8res : Bertrand Tavernier invit\u00e9 de la premi\u00e8re CLAP ! - Remiremont Info","isPartOf":{"@id":"https:\/\/vosgesinfo.fr\/remiremontinfo\/#website"},"primaryImageOfPage":{"@id":"https:\/\/vosgesinfo.fr\/remiremontinfo\/2019\/10\/plombieres-bertrand-tavernier-invite-de-premiere-clap\/#primaryimage"},"image":{"@id":"https:\/\/vosgesinfo.fr\/remiremontinfo\/2019\/10\/plombieres-bertrand-tavernier-invite-de-premiere-clap\/#primaryimage"},"thumbnailUrl":"https:\/\/vosgesinfo.fr\/app\/uploads\/sites\/5\/2024\/09\/201910bertrand-tavernier-20100330-salon-du-livre-de-paris-1.jpg","datePublished":"2019-10-29T06:15:31+00:00","dateModified":"2019-10-29T06:15:31+00:00","breadcrumb":{"@id":"https:\/\/vosgesinfo.fr\/remiremontinfo\/2019\/10\/plombieres-bertrand-tavernier-invite-de-premiere-clap\/#breadcrumb"},"inLanguage":"fr-FR","potentialAction":[{"@type":"ReadAction","target":["https:\/\/vosgesinfo.fr\/remiremontinfo\/2019\/10\/plombieres-bertrand-tavernier-invite-de-premiere-clap\/"]}]},{"@type":"ImageObject","inLanguage":"fr-FR","@id":"https:\/\/vosgesinfo.fr\/remiremontinfo\/2019\/10\/plombieres-bertrand-tavernier-invite-de-premiere-clap\/#primaryimage","url":"https:\/\/vosgesinfo.fr\/app\/uploads\/sites\/5\/2024\/09\/201910bertrand-tavernier-20100330-salon-du-livre-de-paris-1.jpg","contentUrl":"https:\/\/vosgesinfo.fr\/app\/uploads\/sites\/5\/2024\/09\/201910bertrand-tavernier-20100330-salon-du-livre-de-paris-1.jpg","width":1920,"height":1280},{"@type":"BreadcrumbList","@id":"https:\/\/vosgesinfo.fr\/remiremontinfo\/2019\/10\/plombieres-bertrand-tavernier-invite-de-premiere-clap\/#breadcrumb","itemListElement":[{"@type":"ListItem","position":1,"name":"Home","item":"https:\/\/vosgesinfo.fr\/remiremontinfo\/"},{"@type":"ListItem","position":2,"name":"Plombi\u00e8res : Bertrand Tavernier invit\u00e9 de la premi\u00e8re CLAP !"}]},{"@type":"WebSite","@id":"https:\/\/vosgesinfo.fr\/remiremontinfo\/#website","url":"https:\/\/vosgesinfo.fr\/remiremontinfo\/","name":"Remiremont Info","description":"Toute l&#039;actualit\u00e9 de Remiremont","publisher":{"@id":"https:\/\/vosgesinfo.fr\/remiremontinfo\/#organization"},"alternateName":"Toute l'actualit\u00e9 de Remiremont","potentialAction":[{"@type":"SearchAction","target":{"@type":"EntryPoint","urlTemplate":"https:\/\/vosgesinfo.fr\/remiremontinfo\/?s={search_term_string}"},"query-input":"required name=search_term_string"}],"inLanguage":"fr-FR"},{"@type":"Organization","@id":"https:\/\/vosgesinfo.fr\/remiremontinfo\/#organization","name":"Remiremont Info","url":"https:\/\/vosgesinfo.fr\/remiremontinfo\/","logo":{"@type":"ImageObject","inLanguage":"fr-FR","@id":"https:\/\/vosgesinfo.fr\/remiremontinfo\/#\/schema\/logo\/image\/","url":"https:\/\/vosgesinfo.fr\/app\/uploads\/sites\/5\/2023\/08\/favicon-remiremontinfo.png","contentUrl":"https:\/\/vosgesinfo.fr\/app\/uploads\/sites\/5\/2023\/08\/favicon-remiremontinfo.png","width":512,"height":512,"caption":"Remiremont Info"},"image":{"@id":"https:\/\/vosgesinfo.fr\/remiremontinfo\/#\/schema\/logo\/image\/"},"sameAs":["https:\/\/www.facebook.com\/remiremontinfo","https:\/\/x.com\/VosgesInfo88","https:\/\/www.youtube.com\/@vosgesinfo"]},{"@type":"Person","@id":"https:\/\/vosgesinfo.fr\/remiremontinfo\/#\/schema\/person\/3bfd164d5218a185b1db68655a265316","name":"C D","image":{"@type":"ImageObject","inLanguage":"fr-FR","@id":"https:\/\/vosgesinfo.fr\/remiremontinfo\/#\/schema\/person\/image\/","url":"https:\/\/secure.gravatar.com\/avatar\/1f9a70007336511a47468b8f1c66f922b8b7cf617b02a31149ada43893a5d48f?s=96&d=mm&r=g","contentUrl":"https:\/\/secure.gravatar.com\/avatar\/1f9a70007336511a47468b8f1c66f922b8b7cf617b02a31149ada43893a5d48f?s=96&d=mm&r=g","caption":"C D"},"url":"https:\/\/vosgesinfo.fr\/remiremontinfo\/author\/cedric-drevet\/"}]}},"_links":{"self":[{"href":"https:\/\/vosgesinfo.fr\/remiremontinfo\/wp-json\/wp\/v2\/posts\/22042","targetHints":{"allow":["GET"]}}],"collection":[{"href":"https:\/\/vosgesinfo.fr\/remiremontinfo\/wp-json\/wp\/v2\/posts"}],"about":[{"href":"https:\/\/vosgesinfo.fr\/remiremontinfo\/wp-json\/wp\/v2\/types\/post"}],"author":[{"embeddable":true,"href":"https:\/\/vosgesinfo.fr\/remiremontinfo\/wp-json\/wp\/v2\/users\/407"}],"replies":[{"embeddable":true,"href":"https:\/\/vosgesinfo.fr\/remiremontinfo\/wp-json\/wp\/v2\/comments?post=22042"}],"version-history":[{"count":0,"href":"https:\/\/vosgesinfo.fr\/remiremontinfo\/wp-json\/wp\/v2\/posts\/22042\/revisions"}],"wp:featuredmedia":[{"embeddable":true,"href":"https:\/\/vosgesinfo.fr\/remiremontinfo\/wp-json\/wp\/v2\/media\/22043"}],"wp:attachment":[{"href":"https:\/\/vosgesinfo.fr\/remiremontinfo\/wp-json\/wp\/v2\/media?parent=22042"}],"wp:term":[{"taxonomy":"category","embeddable":true,"href":"https:\/\/vosgesinfo.fr\/remiremontinfo\/wp-json\/wp\/v2\/categories?post=22042"},{"taxonomy":"post_tag","embeddable":true,"href":"https:\/\/vosgesinfo.fr\/remiremontinfo\/wp-json\/wp\/v2\/tags?post=22042"}],"curies":[{"name":"wp","href":"https:\/\/api.w.org\/{rel}","templated":true}]}}