{"id":22084,"date":"2019-10-30T06:02:52","date_gmt":"2019-10-30T05:02:52","guid":{"rendered":"https:\/\/vosgesinfo.fr\/remiremontinfo\/2019\/10\/rupt-moselle-ordre-jour-prochain-conseil-municipal-5\/"},"modified":"2019-10-30T06:02:52","modified_gmt":"2019-10-30T05:02:52","slug":"rupt-moselle-ordre-jour-prochain-conseil-municipal-5","status":"publish","type":"post","link":"https:\/\/vosgesinfo.fr\/remiremontinfo\/2019\/10\/rupt-moselle-ordre-jour-prochain-conseil-municipal-5\/","title":{"rendered":"Rupt-sur-Moselle : ordre du jour du prochain conseil municipal"},"content":{"rendered":"<p><a href=\"\/2019\/10\/1280px-Rupt-sur-Moselle_Mairie.jpg\"><img decoding=\"async\" class=\"alignnone size-full wp-image-271598\" src=\"\/2019\/10\/1280px-Rupt-sur-Moselle_Mairie.jpg\" alt=\"1280px-Rupt-sur-Moselle_Mairie\" width=\"800\" height=\"626\" \/><\/a><\/p>\n<h2><span style=\"font-size: 12pt;\"><strong>La prochaine s\u00e9ance du Conseil Municipal de Rupt sur Moselle aura lieu le lundi 4 novembre. Ordre du jour :<\/strong><\/span><\/h2>\n<p style=\"font-weight: 400;\">N\u00b0 2019\/095\u00a0<strong>Institutions et Vie Politique \u2013 Fonctionnement des Assembl\u00e9es \u2013 05-02<\/strong><br \/>\nApprobation du Conseil Municipal du 30 SEPTEMBRE 2019<\/p>\n<p style=\"font-weight: 400;\">N\u00b0 2019\/096\u00a0<strong>Fonction Publique \u2013 Personnel non titulaire \u2013 04-02<\/strong><br \/>\nRemplacement de personnel titulaire ou stagiaire<\/p>\n<p style=\"font-weight: 400;\">N\u00b0 2019\/097\u00a0<strong>Fonction Publique \u2013 Personnels titulaires \u2013 stagiaires et non-titulaires de la Fonction Publique Territoriale \u2013 04-01 &#8211; 04-02<\/strong><br \/>\nIndemnit\u00e9 horaire pour travail de nuit<\/p>\n<p style=\"font-weight: 400;\">N\u00b0 2019\/098\u00a0<strong>Finances Locales \u2013 D\u00e9cisions budg\u00e9taires \u2013 07-01<\/strong><br \/>\nCr\u00e9ances \u00e9teintes \u2013 Budgets Principal, Eau et Assainissement<br \/>\nD\u00e9cision modificative n\u00b0 1 au Budget de l\u2019Eau<br \/>\nD\u00e9cision modificative n\u00b0 1 au Budget de l\u2019Assainissement<\/p>\n<p style=\"font-weight: 400;\">N\u00b0 2019\/099\u00a0<strong>Domaine et Patrimoine \u2013 Acquisitions \u2013 03-01<\/strong><strong><br \/>\n<\/strong><strong>Finances Locales \u2013 D\u00e9cisions budg\u00e9taires \u2013 07-01<\/strong><br \/>\nAcquisition d\u2019un ensemble immobilier sis \u00ab\u00a0Le Rebeauchamp\u00a0\u00bb<br \/>\nD\u00e9cisions modificative n\u00b0 3 au Budget Principal<\/p>\n<p style=\"font-weight: 400;\">N\u00b0 2019\/100\u00a0<strong>Domaine et Patrimoine \u2013 Acquisitions \u2013 03-01<\/strong><strong><br \/>\n<\/strong>Acquisition de parcelle de terrain propri\u00e9t\u00e9 de Madame Jeanne Marie RICHARD et Madame Julie MARYNIAK<\/p>\n<p style=\"font-weight: 400;\">N\u00b0 2019\/101\u00a0<strong>Domaine et Patrimoine \u2013 Acquisitions \u2013 03-01<\/strong><strong><br \/>\n<\/strong>Acquisition de parcelle de terrain propri\u00e9t\u00e9 de SICAP DE LORRAINE<\/p>\n<p style=\"font-weight: 400;\">N\u00b0 2019\/102\u00a0<strong>Domaine et Patrimoine \u2013 Acquisitions \u2013 03-01<\/strong><br \/>\nAcquisition de parcelles de terrain bois\u00e9 propri\u00e9t\u00e9 de Madame Marie-Anne CORBERAND<\/p>\n<p style=\"font-weight: 400;\">N\u00b0 2019\/103\u00a0<strong>Domaine et Patrimoine \u2013 Acquisition \u2013 03-01<\/strong><br \/>\nAcquisition des biens des h\u00e9ritiers HAMIANI<\/p>\n<p style=\"font-weight: 400;\">N\u00b0 2019\/104\u00a0<strong>Domaine et Patrimoine \u2013 Autres actes de gestion du domaine public -03.05<\/strong><br \/>\nConvention de mise \u00e0 disposition de locaux ou d\u2019\u00e9quipements aux Associations<\/p>\n<p style=\"font-weight: 400;\">N\u00b0 2019\/105\u00a0<strong>Libert\u00e9s Publiques et Pouvoirs de Police \u2013 Police Municipale \u2013 Autres -06-01-08<\/strong><br \/>\nSignature d\u2019une convention avec l\u2019Association le Refuge de la Seconde Chance<\/p>\n<p style=\"font-weight: 400;\">N\u00b0 2019\/106\u00a0<strong>Institutions et Vie Politique \u2013 D\u00e9signation de Repr\u00e9sentants \u2013 05-03<\/strong><br \/>\nD\u00e9signation des membres de la Commission Communale d\u2019Am\u00e9nagement Foncier<\/p>\n<p style=\"font-weight: 400;\">N\u00b0 2019\/107\u00a0<strong>Intercommunalit\u00e9 \u2013 Modifications Statutaires \u2013 05-07-03<\/strong><br \/>\nModification des statuts de la Communaut\u00e9 de Communes des Ballons des Hautes Vosges<\/p>\n<p style=\"font-weight: 400;\">N\u00b0 2019\/108\u00a0<strong>Institutions et Vie Politique \u2013 D\u00e9l\u00e9gations de fonctions \u2013 05-04<\/strong><br \/>\nCompte-rendu par l\u2019ex\u00e9cutif de l\u2019usage de ses d\u00e9l\u00e9gations<\/p>\n<p style=\"font-weight: 400;\">\n","protected":false},"excerpt":{"rendered":"<p>La prochaine s\u00e9ance du Conseil Municipal de Rupt sur Moselle aura lieu le lundi 4 novembre. Ordre du jour : [&hellip;]<\/p>\n","protected":false},"author":407,"featured_media":22085,"comment_status":"open","ping_status":"open","sticky":false,"template":"","format":"standard","meta":{"footnotes":""},"categories":[26,37,10,250],"tags":[],"class_list":["post-22084","post","type-post","status-publish","format-standard","has-post-thumbnail","hentry","category-a-la-une","category-le-thillot-son-canton","category-politique","category-rupt-sur-moselle"],"acf":[],"yoast_head":"<!-- This site is optimized with the Yoast SEO plugin v22.5 - https:\/\/yoast.com\/wordpress\/plugins\/seo\/ -->\n<title>Rupt-sur-Moselle : ordre du jour du prochain conseil municipal - Remiremont Info<\/title>\n<meta name=\"robots\" content=\"index, follow, max-snippet:-1, max-image-preview:large, max-video-preview:-1\" \/>\n<link rel=\"canonical\" href=\"https:\/\/vosgesinfo.fr\/remiremontinfo\/2019\/10\/rupt-moselle-ordre-jour-prochain-conseil-municipal-5\/\" \/>\n<meta name=\"twitter:card\" content=\"summary_large_image\" \/>\n<meta name=\"twitter:title\" content=\"Rupt-sur-Moselle : ordre du jour du prochain conseil municipal - Remiremont Info\" \/>\n<meta name=\"twitter:description\" content=\"La prochaine s\u00e9ance du Conseil Municipal de Rupt sur Moselle aura lieu le lundi 4 novembre. Ordre du jour : [&hellip;]\" \/>\n<meta name=\"twitter:image\" content=\"https:\/\/vosgesinfo.fr\/app\/uploads\/sites\/5\/2024\/09\/2019101280px-rupt-sur-moselle-mairie.jpg\" \/>\n<meta name=\"twitter:creator\" content=\"@VosgesInfo88\" \/>\n<meta name=\"twitter:site\" content=\"@VosgesInfo88\" \/>\n<meta name=\"twitter:label1\" content=\"\u00c9crit par\" \/>\n\t<meta name=\"twitter:data1\" content=\"C D\" \/>\n\t<meta name=\"twitter:label2\" content=\"Dur\u00e9e de lecture estim\u00e9e\" \/>\n\t<meta name=\"twitter:data2\" content=\"2 minutes\" \/>\n<script type=\"application\/ld+json\" class=\"yoast-schema-graph\">{\"@context\":\"https:\/\/schema.org\",\"@graph\":[{\"@type\":\"Article\",\"@id\":\"https:\/\/vosgesinfo.fr\/remiremontinfo\/2019\/10\/rupt-moselle-ordre-jour-prochain-conseil-municipal-5\/#article\",\"isPartOf\":{\"@id\":\"https:\/\/vosgesinfo.fr\/remiremontinfo\/2019\/10\/rupt-moselle-ordre-jour-prochain-conseil-municipal-5\/\"},\"author\":{\"name\":\"C D\",\"@id\":\"https:\/\/vosgesinfo.fr\/remiremontinfo\/#\/schema\/person\/3bfd164d5218a185b1db68655a265316\"},\"headline\":\"Rupt-sur-Moselle : ordre du jour du prochain conseil municipal\",\"datePublished\":\"2019-10-30T05:02:52+00:00\",\"dateModified\":\"2019-10-30T05:02:52+00:00\",\"mainEntityOfPage\":{\"@id\":\"https:\/\/vosgesinfo.fr\/remiremontinfo\/2019\/10\/rupt-moselle-ordre-jour-prochain-conseil-municipal-5\/\"},\"wordCount\":326,\"commentCount\":0,\"publisher\":{\"@id\":\"https:\/\/vosgesinfo.fr\/remiremontinfo\/#organization\"},\"image\":{\"@id\":\"https:\/\/vosgesinfo.fr\/remiremontinfo\/2019\/10\/rupt-moselle-ordre-jour-prochain-conseil-municipal-5\/#primaryimage\"},\"thumbnailUrl\":\"https:\/\/vosgesinfo.fr\/app\/uploads\/sites\/5\/2024\/09\/2019101280px-rupt-sur-moselle-mairie.jpg\",\"articleSection\":[\"A la Une\",\"Le Thillot &amp; son canton\",\"Politique\",\"Rupt-Sur-Moselle\"],\"inLanguage\":\"fr-FR\",\"potentialAction\":[{\"@type\":\"CommentAction\",\"name\":\"Comment\",\"target\":[\"https:\/\/vosgesinfo.fr\/remiremontinfo\/2019\/10\/rupt-moselle-ordre-jour-prochain-conseil-municipal-5\/#respond\"]}]},{\"@type\":\"WebPage\",\"@id\":\"https:\/\/vosgesinfo.fr\/remiremontinfo\/2019\/10\/rupt-moselle-ordre-jour-prochain-conseil-municipal-5\/\",\"url\":\"https:\/\/vosgesinfo.fr\/remiremontinfo\/2019\/10\/rupt-moselle-ordre-jour-prochain-conseil-municipal-5\/\",\"name\":\"Rupt-sur-Moselle : ordre du jour du prochain conseil municipal - Remiremont Info\",\"isPartOf\":{\"@id\":\"https:\/\/vosgesinfo.fr\/remiremontinfo\/#website\"},\"primaryImageOfPage\":{\"@id\":\"https:\/\/vosgesinfo.fr\/remiremontinfo\/2019\/10\/rupt-moselle-ordre-jour-prochain-conseil-municipal-5\/#primaryimage\"},\"image\":{\"@id\":\"https:\/\/vosgesinfo.fr\/remiremontinfo\/2019\/10\/rupt-moselle-ordre-jour-prochain-conseil-municipal-5\/#primaryimage\"},\"thumbnailUrl\":\"https:\/\/vosgesinfo.fr\/app\/uploads\/sites\/5\/2024\/09\/2019101280px-rupt-sur-moselle-mairie.jpg\",\"datePublished\":\"2019-10-30T05:02:52+00:00\",\"dateModified\":\"2019-10-30T05:02:52+00:00\",\"breadcrumb\":{\"@id\":\"https:\/\/vosgesinfo.fr\/remiremontinfo\/2019\/10\/rupt-moselle-ordre-jour-prochain-conseil-municipal-5\/#breadcrumb\"},\"inLanguage\":\"fr-FR\",\"potentialAction\":[{\"@type\":\"ReadAction\",\"target\":[\"https:\/\/vosgesinfo.fr\/remiremontinfo\/2019\/10\/rupt-moselle-ordre-jour-prochain-conseil-municipal-5\/\"]}]},{\"@type\":\"ImageObject\",\"inLanguage\":\"fr-FR\",\"@id\":\"https:\/\/vosgesinfo.fr\/remiremontinfo\/2019\/10\/rupt-moselle-ordre-jour-prochain-conseil-municipal-5\/#primaryimage\",\"url\":\"https:\/\/vosgesinfo.fr\/app\/uploads\/sites\/5\/2024\/09\/2019101280px-rupt-sur-moselle-mairie.jpg\",\"contentUrl\":\"https:\/\/vosgesinfo.fr\/app\/uploads\/sites\/5\/2024\/09\/2019101280px-rupt-sur-moselle-mairie.jpg\",\"width\":800,\"height\":626},{\"@type\":\"BreadcrumbList\",\"@id\":\"https:\/\/vosgesinfo.fr\/remiremontinfo\/2019\/10\/rupt-moselle-ordre-jour-prochain-conseil-municipal-5\/#breadcrumb\",\"itemListElement\":[{\"@type\":\"ListItem\",\"position\":1,\"name\":\"Home\",\"item\":\"https:\/\/vosgesinfo.fr\/remiremontinfo\/\"},{\"@type\":\"ListItem\",\"position\":2,\"name\":\"Rupt-sur-Moselle : ordre du jour du prochain conseil municipal\"}]},{\"@type\":\"WebSite\",\"@id\":\"https:\/\/vosgesinfo.fr\/remiremontinfo\/#website\",\"url\":\"https:\/\/vosgesinfo.fr\/remiremontinfo\/\",\"name\":\"Remiremont Info\",\"description\":\"Toute l&#039;actualit\u00e9 de Remiremont\",\"publisher\":{\"@id\":\"https:\/\/vosgesinfo.fr\/remiremontinfo\/#organization\"},\"alternateName\":\"Toute l'actualit\u00e9 de Remiremont\",\"potentialAction\":[{\"@type\":\"SearchAction\",\"target\":{\"@type\":\"EntryPoint\",\"urlTemplate\":\"https:\/\/vosgesinfo.fr\/remiremontinfo\/?s={search_term_string}\"},\"query-input\":\"required name=search_term_string\"}],\"inLanguage\":\"fr-FR\"},{\"@type\":\"Organization\",\"@id\":\"https:\/\/vosgesinfo.fr\/remiremontinfo\/#organization\",\"name\":\"Remiremont Info\",\"url\":\"https:\/\/vosgesinfo.fr\/remiremontinfo\/\",\"logo\":{\"@type\":\"ImageObject\",\"inLanguage\":\"fr-FR\",\"@id\":\"https:\/\/vosgesinfo.fr\/remiremontinfo\/#\/schema\/logo\/image\/\",\"url\":\"https:\/\/vosgesinfo.fr\/app\/uploads\/sites\/5\/2023\/08\/favicon-remiremontinfo.png\",\"contentUrl\":\"https:\/\/vosgesinfo.fr\/app\/uploads\/sites\/5\/2023\/08\/favicon-remiremontinfo.png\",\"width\":512,\"height\":512,\"caption\":\"Remiremont Info\"},\"image\":{\"@id\":\"https:\/\/vosgesinfo.fr\/remiremontinfo\/#\/schema\/logo\/image\/\"},\"sameAs\":[\"https:\/\/www.facebook.com\/remiremontinfo\",\"https:\/\/x.com\/VosgesInfo88\",\"https:\/\/www.youtube.com\/@vosgesinfo\"]},{\"@type\":\"Person\",\"@id\":\"https:\/\/vosgesinfo.fr\/remiremontinfo\/#\/schema\/person\/3bfd164d5218a185b1db68655a265316\",\"name\":\"C D\",\"image\":{\"@type\":\"ImageObject\",\"inLanguage\":\"fr-FR\",\"@id\":\"https:\/\/vosgesinfo.fr\/remiremontinfo\/#\/schema\/person\/image\/\",\"url\":\"https:\/\/secure.gravatar.com\/avatar\/1f9a70007336511a47468b8f1c66f922b8b7cf617b02a31149ada43893a5d48f?s=96&d=mm&r=g\",\"contentUrl\":\"https:\/\/secure.gravatar.com\/avatar\/1f9a70007336511a47468b8f1c66f922b8b7cf617b02a31149ada43893a5d48f?s=96&d=mm&r=g\",\"caption\":\"C D\"},\"url\":\"https:\/\/vosgesinfo.fr\/remiremontinfo\/author\/cedric-drevet\/\"}]}<\/script>\n<!-- \/ Yoast SEO plugin. -->","yoast_head_json":{"title":"Rupt-sur-Moselle : ordre du jour du prochain conseil municipal - Remiremont Info","robots":{"index":"index","follow":"follow","max-snippet":"max-snippet:-1","max-image-preview":"max-image-preview:large","max-video-preview":"max-video-preview:-1"},"canonical":"https:\/\/vosgesinfo.fr\/remiremontinfo\/2019\/10\/rupt-moselle-ordre-jour-prochain-conseil-municipal-5\/","twitter_card":"summary_large_image","twitter_title":"Rupt-sur-Moselle : ordre du jour du prochain conseil municipal - Remiremont Info","twitter_description":"La prochaine s\u00e9ance du Conseil Municipal de Rupt sur Moselle aura lieu le lundi 4 novembre. Ordre du jour : [&hellip;]","twitter_image":"https:\/\/vosgesinfo.fr\/app\/uploads\/sites\/5\/2024\/09\/2019101280px-rupt-sur-moselle-mairie.jpg","twitter_creator":"@VosgesInfo88","twitter_site":"@VosgesInfo88","twitter_misc":{"\u00c9crit par":"C D","Dur\u00e9e de lecture estim\u00e9e":"2 minutes"},"schema":{"@context":"https:\/\/schema.org","@graph":[{"@type":"Article","@id":"https:\/\/vosgesinfo.fr\/remiremontinfo\/2019\/10\/rupt-moselle-ordre-jour-prochain-conseil-municipal-5\/#article","isPartOf":{"@id":"https:\/\/vosgesinfo.fr\/remiremontinfo\/2019\/10\/rupt-moselle-ordre-jour-prochain-conseil-municipal-5\/"},"author":{"name":"C D","@id":"https:\/\/vosgesinfo.fr\/remiremontinfo\/#\/schema\/person\/3bfd164d5218a185b1db68655a265316"},"headline":"Rupt-sur-Moselle : ordre du jour du prochain conseil municipal","datePublished":"2019-10-30T05:02:52+00:00","dateModified":"2019-10-30T05:02:52+00:00","mainEntityOfPage":{"@id":"https:\/\/vosgesinfo.fr\/remiremontinfo\/2019\/10\/rupt-moselle-ordre-jour-prochain-conseil-municipal-5\/"},"wordCount":326,"commentCount":0,"publisher":{"@id":"https:\/\/vosgesinfo.fr\/remiremontinfo\/#organization"},"image":{"@id":"https:\/\/vosgesinfo.fr\/remiremontinfo\/2019\/10\/rupt-moselle-ordre-jour-prochain-conseil-municipal-5\/#primaryimage"},"thumbnailUrl":"https:\/\/vosgesinfo.fr\/app\/uploads\/sites\/5\/2024\/09\/2019101280px-rupt-sur-moselle-mairie.jpg","articleSection":["A la Une","Le Thillot &amp; son canton","Politique","Rupt-Sur-Moselle"],"inLanguage":"fr-FR","potentialAction":[{"@type":"CommentAction","name":"Comment","target":["https:\/\/vosgesinfo.fr\/remiremontinfo\/2019\/10\/rupt-moselle-ordre-jour-prochain-conseil-municipal-5\/#respond"]}]},{"@type":"WebPage","@id":"https:\/\/vosgesinfo.fr\/remiremontinfo\/2019\/10\/rupt-moselle-ordre-jour-prochain-conseil-municipal-5\/","url":"https:\/\/vosgesinfo.fr\/remiremontinfo\/2019\/10\/rupt-moselle-ordre-jour-prochain-conseil-municipal-5\/","name":"Rupt-sur-Moselle : ordre du jour du prochain conseil municipal - Remiremont Info","isPartOf":{"@id":"https:\/\/vosgesinfo.fr\/remiremontinfo\/#website"},"primaryImageOfPage":{"@id":"https:\/\/vosgesinfo.fr\/remiremontinfo\/2019\/10\/rupt-moselle-ordre-jour-prochain-conseil-municipal-5\/#primaryimage"},"image":{"@id":"https:\/\/vosgesinfo.fr\/remiremontinfo\/2019\/10\/rupt-moselle-ordre-jour-prochain-conseil-municipal-5\/#primaryimage"},"thumbnailUrl":"https:\/\/vosgesinfo.fr\/app\/uploads\/sites\/5\/2024\/09\/2019101280px-rupt-sur-moselle-mairie.jpg","datePublished":"2019-10-30T05:02:52+00:00","dateModified":"2019-10-30T05:02:52+00:00","breadcrumb":{"@id":"https:\/\/vosgesinfo.fr\/remiremontinfo\/2019\/10\/rupt-moselle-ordre-jour-prochain-conseil-municipal-5\/#breadcrumb"},"inLanguage":"fr-FR","potentialAction":[{"@type":"ReadAction","target":["https:\/\/vosgesinfo.fr\/remiremontinfo\/2019\/10\/rupt-moselle-ordre-jour-prochain-conseil-municipal-5\/"]}]},{"@type":"ImageObject","inLanguage":"fr-FR","@id":"https:\/\/vosgesinfo.fr\/remiremontinfo\/2019\/10\/rupt-moselle-ordre-jour-prochain-conseil-municipal-5\/#primaryimage","url":"https:\/\/vosgesinfo.fr\/app\/uploads\/sites\/5\/2024\/09\/2019101280px-rupt-sur-moselle-mairie.jpg","contentUrl":"https:\/\/vosgesinfo.fr\/app\/uploads\/sites\/5\/2024\/09\/2019101280px-rupt-sur-moselle-mairie.jpg","width":800,"height":626},{"@type":"BreadcrumbList","@id":"https:\/\/vosgesinfo.fr\/remiremontinfo\/2019\/10\/rupt-moselle-ordre-jour-prochain-conseil-municipal-5\/#breadcrumb","itemListElement":[{"@type":"ListItem","position":1,"name":"Home","item":"https:\/\/vosgesinfo.fr\/remiremontinfo\/"},{"@type":"ListItem","position":2,"name":"Rupt-sur-Moselle : ordre du jour du prochain conseil municipal"}]},{"@type":"WebSite","@id":"https:\/\/vosgesinfo.fr\/remiremontinfo\/#website","url":"https:\/\/vosgesinfo.fr\/remiremontinfo\/","name":"Remiremont Info","description":"Toute l&#039;actualit\u00e9 de Remiremont","publisher":{"@id":"https:\/\/vosgesinfo.fr\/remiremontinfo\/#organization"},"alternateName":"Toute l'actualit\u00e9 de Remiremont","potentialAction":[{"@type":"SearchAction","target":{"@type":"EntryPoint","urlTemplate":"https:\/\/vosgesinfo.fr\/remiremontinfo\/?s={search_term_string}"},"query-input":"required name=search_term_string"}],"inLanguage":"fr-FR"},{"@type":"Organization","@id":"https:\/\/vosgesinfo.fr\/remiremontinfo\/#organization","name":"Remiremont Info","url":"https:\/\/vosgesinfo.fr\/remiremontinfo\/","logo":{"@type":"ImageObject","inLanguage":"fr-FR","@id":"https:\/\/vosgesinfo.fr\/remiremontinfo\/#\/schema\/logo\/image\/","url":"https:\/\/vosgesinfo.fr\/app\/uploads\/sites\/5\/2023\/08\/favicon-remiremontinfo.png","contentUrl":"https:\/\/vosgesinfo.fr\/app\/uploads\/sites\/5\/2023\/08\/favicon-remiremontinfo.png","width":512,"height":512,"caption":"Remiremont Info"},"image":{"@id":"https:\/\/vosgesinfo.fr\/remiremontinfo\/#\/schema\/logo\/image\/"},"sameAs":["https:\/\/www.facebook.com\/remiremontinfo","https:\/\/x.com\/VosgesInfo88","https:\/\/www.youtube.com\/@vosgesinfo"]},{"@type":"Person","@id":"https:\/\/vosgesinfo.fr\/remiremontinfo\/#\/schema\/person\/3bfd164d5218a185b1db68655a265316","name":"C D","image":{"@type":"ImageObject","inLanguage":"fr-FR","@id":"https:\/\/vosgesinfo.fr\/remiremontinfo\/#\/schema\/person\/image\/","url":"https:\/\/secure.gravatar.com\/avatar\/1f9a70007336511a47468b8f1c66f922b8b7cf617b02a31149ada43893a5d48f?s=96&d=mm&r=g","contentUrl":"https:\/\/secure.gravatar.com\/avatar\/1f9a70007336511a47468b8f1c66f922b8b7cf617b02a31149ada43893a5d48f?s=96&d=mm&r=g","caption":"C D"},"url":"https:\/\/vosgesinfo.fr\/remiremontinfo\/author\/cedric-drevet\/"}]}},"_links":{"self":[{"href":"https:\/\/vosgesinfo.fr\/remiremontinfo\/wp-json\/wp\/v2\/posts\/22084","targetHints":{"allow":["GET"]}}],"collection":[{"href":"https:\/\/vosgesinfo.fr\/remiremontinfo\/wp-json\/wp\/v2\/posts"}],"about":[{"href":"https:\/\/vosgesinfo.fr\/remiremontinfo\/wp-json\/wp\/v2\/types\/post"}],"author":[{"embeddable":true,"href":"https:\/\/vosgesinfo.fr\/remiremontinfo\/wp-json\/wp\/v2\/users\/407"}],"replies":[{"embeddable":true,"href":"https:\/\/vosgesinfo.fr\/remiremontinfo\/wp-json\/wp\/v2\/comments?post=22084"}],"version-history":[{"count":0,"href":"https:\/\/vosgesinfo.fr\/remiremontinfo\/wp-json\/wp\/v2\/posts\/22084\/revisions"}],"wp:featuredmedia":[{"embeddable":true,"href":"https:\/\/vosgesinfo.fr\/remiremontinfo\/wp-json\/wp\/v2\/media\/22085"}],"wp:attachment":[{"href":"https:\/\/vosgesinfo.fr\/remiremontinfo\/wp-json\/wp\/v2\/media?parent=22084"}],"wp:term":[{"taxonomy":"category","embeddable":true,"href":"https:\/\/vosgesinfo.fr\/remiremontinfo\/wp-json\/wp\/v2\/categories?post=22084"},{"taxonomy":"post_tag","embeddable":true,"href":"https:\/\/vosgesinfo.fr\/remiremontinfo\/wp-json\/wp\/v2\/tags?post=22084"}],"curies":[{"name":"wp","href":"https:\/\/api.w.org\/{rel}","templated":true}]}}