{"id":22176,"date":"2019-11-02T06:36:44","date_gmt":"2019-11-02T05:36:44","guid":{"rendered":"https:\/\/vosgesinfo.fr\/remiremontinfo\/2019\/11\/paroisse-dame-chenes-messes-informations-mois-de-novembre\/"},"modified":"2019-11-02T06:36:44","modified_gmt":"2019-11-02T05:36:44","slug":"paroisse-dame-chenes-messes-informations-mois-de-novembre","status":"publish","type":"post","link":"https:\/\/vosgesinfo.fr\/remiremontinfo\/2019\/11\/paroisse-dame-chenes-messes-informations-mois-de-novembre\/","title":{"rendered":"Paroisse Notre Dame des Ch\u00eanes : messes et informations pour le mois de novembre"},"content":{"rendered":"<h2 align=\"center\">Lettre d&rsquo;information Novembre 2019<\/h2>\n<h3>DIMANCHES ET F\u00caTES DU MOIS<\/h3>\n<p><strong>Vendredi 1er novembre &#8211; Toussaint<\/strong>\u00a0&#8211; messe \u00e0 Eloyes 10 h.<br \/>\n<strong>Samedi 2 novembre<\/strong>\u00a0\u2013 Messe et Pri\u00e8re pour les d\u00e9funts de l\u2019ann\u00e9e \u2013 \u00e0 Archettes 19 h.<br \/>\n<strong>Dimanche 3 novembre<\/strong>\u00a0messe \u00e0 Arches 10 h.<br \/>\n<strong>Dimanche 10 novembre<\/strong>\u00a0 &#8211; messe \u00e0 Pouxeux 10 h.<br \/>\n<strong>Lundi 11 novembre<\/strong>\u00a0\u2013 M\u00e9moire de l\u2019armistice de 1918 &#8211; messe \u00e0 Eloyes 10 h.<br \/>\n<strong>Dimanche 17 novembre<\/strong>\u00a0messe \u00e0 Archettes 10 h \u2013 messe des familles.<br \/>\n<strong>Dimanche 24 novembre<\/strong>\u00a0messe \u00e0 Eloyes 10 h.<\/p>\n<h3>MESSES EN SEMAINE<\/h3>\n<p><strong>Messe \u00e0 la R\u00e9sidence St Antoine<\/strong>\u00a0\u00e0 Arches lundi 18 novembre 9 h.<br \/>\n<strong>Messes \u00e0 8 h 30\u00a0<\/strong>: au Centre paroissial d\u2019Arches les mardis et vendredis.<br \/>\n<strong>Messe \u00e0 18 h<\/strong>\u00a0tous les jeudis au presbyt\u00e8re de Pouxeux.<br \/>\n<strong>A la maison de retraite d&rsquo;Eloyes<\/strong>, messe les vendredis 8, 22, et 29 novembre \u00e0 10 h 15.<\/p>\n<h3>RENDEZ-VOUS DU MOIS DE NOVEMBRE<\/h3>\n<p><strong>Rosaire en \u00e9quipe<\/strong>\u00a0: le mercredi 6 novembre \u00e0 14h15 chez Marie-Paule PIERRE\u00a0 \u00e0 Eloyes.<br \/>\n<strong>Temps de louange et d\u2019adoration<\/strong>\u00a0jeudi 7 novembre 20 h au centre paroissial d\u2019Eloyes.<br \/>\n<strong>R\u00e9union de l\u2019\u00e9quipe liturgie<\/strong>\u00a0mardi 12 novembre 20 h au centre paroissial d\u2019Eloyes.<br \/>\n<strong>Cat\u00e9chisme<\/strong>\u00a0: Pour le groupe d\u2019Eloyes, s\u00e9ances les mercredis 13 et 27 novembre de 9 h 30<br \/>\n\u00e0 11 h Salle Notre Dame, et pour Archettes, s\u00e9ances les 9, 16 et 30 novembre. Messe des familles le 17 novembre \u00e0 Archettes.<br \/>\n<strong>M.C.R. Mouvement Chr\u00e9tien des Retrait\u00e9s<\/strong>\u00a0: R\u00e9union du groupe de Pouxeux le mardi 12 novembre \u00e0 14 h \u00e0 la maison des associations, et le groupe d\u2019Eloyes le jeudi 21 novembre \u00e0 14 h au centre paroissial.<br \/>\n<strong>Passerelles<\/strong>\u00a0\u2013 L\u2019\u00e9quipe de r\u00e9daction se r\u00e9unira le jeudi 28 novembre 17 h au presbyt\u00e8re de Pouxeux.<br \/>\n<strong>Partage de l\u2019Evangile<\/strong><br \/>\n\uf076 lundi 18 novembre \u00e0 14 h au centre paroissial d\u2019Eloyes (St Luc 23, 35-43).<br \/>\n\uf076 jeudi 28 novembre \u00e0 20 h\u00a0 chez Monique Rivat \u00e0 Eloyes \u2013 t\u00e9l 03 29 32 31 67,<br \/>\n<strong>R\u00e9union des cat\u00e9chistes<\/strong>\u00a0mardi 19 novembre 20 h au centre paroissial d\u2019Eloyes.<br \/>\n<strong>Parcours Alpha<\/strong>\u00a0: Soir\u00e9e de lancement-information : mardi 19 novembre \u00e0 20 heures au Centre paroissial d&rsquo;ARCHES (10, route de Hadol).<br \/>\nPour tout renseignement :\u00a0maithe.vertu\u00a0[at]\u00a0<a href=\"http:\/\/laposte.net\/\" target=\"_blank\" data-saferedirecturl=\"https:\/\/www.google.com\/url?q=http:\/\/laposte.net&amp;source=gmail&amp;ust=1572766079478000&amp;usg=AFQjCNFb4OUcj4-FaSIW-uvybWK94gBO9w\" rel=\"noopener\">laposte.net<\/a>\u00a0ou 06 21 04 33 25.<\/p>\n<h3>ET AUSSI \u2026<\/h3>\n<p><strong>Concert donn\u00e9 par Jean-Claude GIANADDA<\/strong>\u00a0en l\u2019\u00e9glise de Saint Etienne les Rt le vendredi 8 novembre \u00e0 20 h 30. Entr\u00e9e libre. Jean-Claude Gianadda, est un auteur, compositeur et interpr\u00e8te fran\u00e7ais sp\u00e9cialis\u00e9 dans les chants religieux. Il est l&rsquo;auteur de tr\u00e8s nombreux chants chr\u00e9tiens, comme Trouver dans ma vie ta pr\u00e9sence, Qu&rsquo;il est formidable d&rsquo;aimer, etc\u2026<\/p>\n<p>&nbsp;<\/p>\n","protected":false},"excerpt":{"rendered":"<p>Lettre d&rsquo;information Novembre 2019 DIMANCHES ET F\u00caTES DU MOIS Vendredi 1er novembre &#8211; Toussaint\u00a0&#8211; messe \u00e0 Eloyes 10 h. Samedi [&hellip;]<\/p>\n","protected":false},"author":407,"featured_media":22177,"comment_status":"open","ping_status":"open","sticky":false,"template":"","format":"standard","meta":{"footnotes":""},"categories":[26,318,106,163,35],"tags":[],"class_list":["post-22176","post","type-post","status-publish","format-standard","has-post-thumbnail","hentry","category-a-la-une","category-eloyes","category-pouxeux","category-religion","category-remiremont-son-canton"],"acf":[],"yoast_head":"<!-- This site is optimized with the Yoast SEO plugin v22.5 - https:\/\/yoast.com\/wordpress\/plugins\/seo\/ -->\n<title>Paroisse Notre Dame des Ch\u00eanes : messes et informations pour le mois de novembre - Remiremont Info<\/title>\n<meta name=\"robots\" content=\"index, follow, max-snippet:-1, max-image-preview:large, max-video-preview:-1\" \/>\n<link rel=\"canonical\" href=\"https:\/\/vosgesinfo.fr\/remiremontinfo\/2019\/11\/paroisse-dame-chenes-messes-informations-mois-de-novembre\/\" \/>\n<meta name=\"twitter:card\" content=\"summary_large_image\" \/>\n<meta name=\"twitter:title\" content=\"Paroisse Notre Dame des Ch\u00eanes : messes et informations pour le mois de novembre - Remiremont Info\" \/>\n<meta name=\"twitter:description\" content=\"Lettre d&rsquo;information Novembre 2019 DIMANCHES ET F\u00caTES DU MOIS Vendredi 1er novembre &#8211; Toussaint\u00a0&#8211; messe \u00e0 Eloyes 10 h. Samedi [&hellip;]\" \/>\n<meta name=\"twitter:image\" content=\"https:\/\/vosgesinfo.fr\/app\/uploads\/sites\/5\/2024\/09\/201909spain-4318659-1280-2.jpg\" \/>\n<meta name=\"twitter:creator\" content=\"@VosgesInfo88\" \/>\n<meta name=\"twitter:site\" content=\"@VosgesInfo88\" \/>\n<meta name=\"twitter:label1\" content=\"\u00c9crit par\" \/>\n\t<meta name=\"twitter:data1\" content=\"C D\" \/>\n\t<meta name=\"twitter:label2\" content=\"Dur\u00e9e de lecture estim\u00e9e\" \/>\n\t<meta name=\"twitter:data2\" content=\"2 minutes\" \/>\n<script type=\"application\/ld+json\" class=\"yoast-schema-graph\">{\"@context\":\"https:\/\/schema.org\",\"@graph\":[{\"@type\":\"Article\",\"@id\":\"https:\/\/vosgesinfo.fr\/remiremontinfo\/2019\/11\/paroisse-dame-chenes-messes-informations-mois-de-novembre\/#article\",\"isPartOf\":{\"@id\":\"https:\/\/vosgesinfo.fr\/remiremontinfo\/2019\/11\/paroisse-dame-chenes-messes-informations-mois-de-novembre\/\"},\"author\":{\"name\":\"C D\",\"@id\":\"https:\/\/vosgesinfo.fr\/remiremontinfo\/#\/schema\/person\/3bfd164d5218a185b1db68655a265316\"},\"headline\":\"Paroisse Notre Dame des Ch\u00eanes : messes et informations pour le mois de novembre\",\"datePublished\":\"2019-11-02T05:36:44+00:00\",\"dateModified\":\"2019-11-02T05:36:44+00:00\",\"mainEntityOfPage\":{\"@id\":\"https:\/\/vosgesinfo.fr\/remiremontinfo\/2019\/11\/paroisse-dame-chenes-messes-informations-mois-de-novembre\/\"},\"wordCount\":391,\"commentCount\":0,\"publisher\":{\"@id\":\"https:\/\/vosgesinfo.fr\/remiremontinfo\/#organization\"},\"image\":{\"@id\":\"https:\/\/vosgesinfo.fr\/remiremontinfo\/2019\/11\/paroisse-dame-chenes-messes-informations-mois-de-novembre\/#primaryimage\"},\"thumbnailUrl\":\"https:\/\/vosgesinfo.fr\/app\/uploads\/sites\/5\/2024\/09\/201909spain-4318659-1280-2.jpg\",\"articleSection\":[\"A la Une\",\"Eloyes\",\"Pouxeux\",\"Religion\",\"Remiremont &amp; son canton\"],\"inLanguage\":\"fr-FR\",\"potentialAction\":[{\"@type\":\"CommentAction\",\"name\":\"Comment\",\"target\":[\"https:\/\/vosgesinfo.fr\/remiremontinfo\/2019\/11\/paroisse-dame-chenes-messes-informations-mois-de-novembre\/#respond\"]}]},{\"@type\":\"WebPage\",\"@id\":\"https:\/\/vosgesinfo.fr\/remiremontinfo\/2019\/11\/paroisse-dame-chenes-messes-informations-mois-de-novembre\/\",\"url\":\"https:\/\/vosgesinfo.fr\/remiremontinfo\/2019\/11\/paroisse-dame-chenes-messes-informations-mois-de-novembre\/\",\"name\":\"Paroisse Notre Dame des Ch\u00eanes : messes et informations pour le mois de novembre - Remiremont Info\",\"isPartOf\":{\"@id\":\"https:\/\/vosgesinfo.fr\/remiremontinfo\/#website\"},\"primaryImageOfPage\":{\"@id\":\"https:\/\/vosgesinfo.fr\/remiremontinfo\/2019\/11\/paroisse-dame-chenes-messes-informations-mois-de-novembre\/#primaryimage\"},\"image\":{\"@id\":\"https:\/\/vosgesinfo.fr\/remiremontinfo\/2019\/11\/paroisse-dame-chenes-messes-informations-mois-de-novembre\/#primaryimage\"},\"thumbnailUrl\":\"https:\/\/vosgesinfo.fr\/app\/uploads\/sites\/5\/2024\/09\/201909spain-4318659-1280-2.jpg\",\"datePublished\":\"2019-11-02T05:36:44+00:00\",\"dateModified\":\"2019-11-02T05:36:44+00:00\",\"breadcrumb\":{\"@id\":\"https:\/\/vosgesinfo.fr\/remiremontinfo\/2019\/11\/paroisse-dame-chenes-messes-informations-mois-de-novembre\/#breadcrumb\"},\"inLanguage\":\"fr-FR\",\"potentialAction\":[{\"@type\":\"ReadAction\",\"target\":[\"https:\/\/vosgesinfo.fr\/remiremontinfo\/2019\/11\/paroisse-dame-chenes-messes-informations-mois-de-novembre\/\"]}]},{\"@type\":\"ImageObject\",\"inLanguage\":\"fr-FR\",\"@id\":\"https:\/\/vosgesinfo.fr\/remiremontinfo\/2019\/11\/paroisse-dame-chenes-messes-informations-mois-de-novembre\/#primaryimage\",\"url\":\"https:\/\/vosgesinfo.fr\/app\/uploads\/sites\/5\/2024\/09\/201909spain-4318659-1280-2.jpg\",\"contentUrl\":\"https:\/\/vosgesinfo.fr\/app\/uploads\/sites\/5\/2024\/09\/201909spain-4318659-1280-2.jpg\",\"width\":1280,\"height\":853},{\"@type\":\"BreadcrumbList\",\"@id\":\"https:\/\/vosgesinfo.fr\/remiremontinfo\/2019\/11\/paroisse-dame-chenes-messes-informations-mois-de-novembre\/#breadcrumb\",\"itemListElement\":[{\"@type\":\"ListItem\",\"position\":1,\"name\":\"Home\",\"item\":\"https:\/\/vosgesinfo.fr\/remiremontinfo\/\"},{\"@type\":\"ListItem\",\"position\":2,\"name\":\"Paroisse Notre Dame des Ch\u00eanes : messes et informations pour le mois de novembre\"}]},{\"@type\":\"WebSite\",\"@id\":\"https:\/\/vosgesinfo.fr\/remiremontinfo\/#website\",\"url\":\"https:\/\/vosgesinfo.fr\/remiremontinfo\/\",\"name\":\"Remiremont Info\",\"description\":\"Toute l&#039;actualit\u00e9 de Remiremont\",\"publisher\":{\"@id\":\"https:\/\/vosgesinfo.fr\/remiremontinfo\/#organization\"},\"alternateName\":\"Toute l'actualit\u00e9 de Remiremont\",\"potentialAction\":[{\"@type\":\"SearchAction\",\"target\":{\"@type\":\"EntryPoint\",\"urlTemplate\":\"https:\/\/vosgesinfo.fr\/remiremontinfo\/?s={search_term_string}\"},\"query-input\":\"required name=search_term_string\"}],\"inLanguage\":\"fr-FR\"},{\"@type\":\"Organization\",\"@id\":\"https:\/\/vosgesinfo.fr\/remiremontinfo\/#organization\",\"name\":\"Remiremont Info\",\"url\":\"https:\/\/vosgesinfo.fr\/remiremontinfo\/\",\"logo\":{\"@type\":\"ImageObject\",\"inLanguage\":\"fr-FR\",\"@id\":\"https:\/\/vosgesinfo.fr\/remiremontinfo\/#\/schema\/logo\/image\/\",\"url\":\"https:\/\/vosgesinfo.fr\/app\/uploads\/sites\/5\/2023\/08\/favicon-remiremontinfo.png\",\"contentUrl\":\"https:\/\/vosgesinfo.fr\/app\/uploads\/sites\/5\/2023\/08\/favicon-remiremontinfo.png\",\"width\":512,\"height\":512,\"caption\":\"Remiremont Info\"},\"image\":{\"@id\":\"https:\/\/vosgesinfo.fr\/remiremontinfo\/#\/schema\/logo\/image\/\"},\"sameAs\":[\"https:\/\/www.facebook.com\/remiremontinfo\",\"https:\/\/x.com\/VosgesInfo88\",\"https:\/\/www.youtube.com\/@vosgesinfo\"]},{\"@type\":\"Person\",\"@id\":\"https:\/\/vosgesinfo.fr\/remiremontinfo\/#\/schema\/person\/3bfd164d5218a185b1db68655a265316\",\"name\":\"C D\",\"image\":{\"@type\":\"ImageObject\",\"inLanguage\":\"fr-FR\",\"@id\":\"https:\/\/vosgesinfo.fr\/remiremontinfo\/#\/schema\/person\/image\/\",\"url\":\"https:\/\/secure.gravatar.com\/avatar\/1f9a70007336511a47468b8f1c66f922b8b7cf617b02a31149ada43893a5d48f?s=96&d=mm&r=g\",\"contentUrl\":\"https:\/\/secure.gravatar.com\/avatar\/1f9a70007336511a47468b8f1c66f922b8b7cf617b02a31149ada43893a5d48f?s=96&d=mm&r=g\",\"caption\":\"C D\"},\"url\":\"https:\/\/vosgesinfo.fr\/remiremontinfo\/author\/cedric-drevet\/\"}]}<\/script>\n<!-- \/ Yoast SEO plugin. -->","yoast_head_json":{"title":"Paroisse Notre Dame des Ch\u00eanes : messes et informations pour le mois de novembre - Remiremont Info","robots":{"index":"index","follow":"follow","max-snippet":"max-snippet:-1","max-image-preview":"max-image-preview:large","max-video-preview":"max-video-preview:-1"},"canonical":"https:\/\/vosgesinfo.fr\/remiremontinfo\/2019\/11\/paroisse-dame-chenes-messes-informations-mois-de-novembre\/","twitter_card":"summary_large_image","twitter_title":"Paroisse Notre Dame des Ch\u00eanes : messes et informations pour le mois de novembre - Remiremont Info","twitter_description":"Lettre d&rsquo;information Novembre 2019 DIMANCHES ET F\u00caTES DU MOIS Vendredi 1er novembre &#8211; Toussaint\u00a0&#8211; messe \u00e0 Eloyes 10 h. Samedi [&hellip;]","twitter_image":"https:\/\/vosgesinfo.fr\/app\/uploads\/sites\/5\/2024\/09\/201909spain-4318659-1280-2.jpg","twitter_creator":"@VosgesInfo88","twitter_site":"@VosgesInfo88","twitter_misc":{"\u00c9crit par":"C D","Dur\u00e9e de lecture estim\u00e9e":"2 minutes"},"schema":{"@context":"https:\/\/schema.org","@graph":[{"@type":"Article","@id":"https:\/\/vosgesinfo.fr\/remiremontinfo\/2019\/11\/paroisse-dame-chenes-messes-informations-mois-de-novembre\/#article","isPartOf":{"@id":"https:\/\/vosgesinfo.fr\/remiremontinfo\/2019\/11\/paroisse-dame-chenes-messes-informations-mois-de-novembre\/"},"author":{"name":"C D","@id":"https:\/\/vosgesinfo.fr\/remiremontinfo\/#\/schema\/person\/3bfd164d5218a185b1db68655a265316"},"headline":"Paroisse Notre Dame des Ch\u00eanes : messes et informations pour le mois de novembre","datePublished":"2019-11-02T05:36:44+00:00","dateModified":"2019-11-02T05:36:44+00:00","mainEntityOfPage":{"@id":"https:\/\/vosgesinfo.fr\/remiremontinfo\/2019\/11\/paroisse-dame-chenes-messes-informations-mois-de-novembre\/"},"wordCount":391,"commentCount":0,"publisher":{"@id":"https:\/\/vosgesinfo.fr\/remiremontinfo\/#organization"},"image":{"@id":"https:\/\/vosgesinfo.fr\/remiremontinfo\/2019\/11\/paroisse-dame-chenes-messes-informations-mois-de-novembre\/#primaryimage"},"thumbnailUrl":"https:\/\/vosgesinfo.fr\/app\/uploads\/sites\/5\/2024\/09\/201909spain-4318659-1280-2.jpg","articleSection":["A la Une","Eloyes","Pouxeux","Religion","Remiremont &amp; son canton"],"inLanguage":"fr-FR","potentialAction":[{"@type":"CommentAction","name":"Comment","target":["https:\/\/vosgesinfo.fr\/remiremontinfo\/2019\/11\/paroisse-dame-chenes-messes-informations-mois-de-novembre\/#respond"]}]},{"@type":"WebPage","@id":"https:\/\/vosgesinfo.fr\/remiremontinfo\/2019\/11\/paroisse-dame-chenes-messes-informations-mois-de-novembre\/","url":"https:\/\/vosgesinfo.fr\/remiremontinfo\/2019\/11\/paroisse-dame-chenes-messes-informations-mois-de-novembre\/","name":"Paroisse Notre Dame des Ch\u00eanes : messes et informations pour le mois de novembre - Remiremont Info","isPartOf":{"@id":"https:\/\/vosgesinfo.fr\/remiremontinfo\/#website"},"primaryImageOfPage":{"@id":"https:\/\/vosgesinfo.fr\/remiremontinfo\/2019\/11\/paroisse-dame-chenes-messes-informations-mois-de-novembre\/#primaryimage"},"image":{"@id":"https:\/\/vosgesinfo.fr\/remiremontinfo\/2019\/11\/paroisse-dame-chenes-messes-informations-mois-de-novembre\/#primaryimage"},"thumbnailUrl":"https:\/\/vosgesinfo.fr\/app\/uploads\/sites\/5\/2024\/09\/201909spain-4318659-1280-2.jpg","datePublished":"2019-11-02T05:36:44+00:00","dateModified":"2019-11-02T05:36:44+00:00","breadcrumb":{"@id":"https:\/\/vosgesinfo.fr\/remiremontinfo\/2019\/11\/paroisse-dame-chenes-messes-informations-mois-de-novembre\/#breadcrumb"},"inLanguage":"fr-FR","potentialAction":[{"@type":"ReadAction","target":["https:\/\/vosgesinfo.fr\/remiremontinfo\/2019\/11\/paroisse-dame-chenes-messes-informations-mois-de-novembre\/"]}]},{"@type":"ImageObject","inLanguage":"fr-FR","@id":"https:\/\/vosgesinfo.fr\/remiremontinfo\/2019\/11\/paroisse-dame-chenes-messes-informations-mois-de-novembre\/#primaryimage","url":"https:\/\/vosgesinfo.fr\/app\/uploads\/sites\/5\/2024\/09\/201909spain-4318659-1280-2.jpg","contentUrl":"https:\/\/vosgesinfo.fr\/app\/uploads\/sites\/5\/2024\/09\/201909spain-4318659-1280-2.jpg","width":1280,"height":853},{"@type":"BreadcrumbList","@id":"https:\/\/vosgesinfo.fr\/remiremontinfo\/2019\/11\/paroisse-dame-chenes-messes-informations-mois-de-novembre\/#breadcrumb","itemListElement":[{"@type":"ListItem","position":1,"name":"Home","item":"https:\/\/vosgesinfo.fr\/remiremontinfo\/"},{"@type":"ListItem","position":2,"name":"Paroisse Notre Dame des Ch\u00eanes : messes et informations pour le mois de novembre"}]},{"@type":"WebSite","@id":"https:\/\/vosgesinfo.fr\/remiremontinfo\/#website","url":"https:\/\/vosgesinfo.fr\/remiremontinfo\/","name":"Remiremont Info","description":"Toute l&#039;actualit\u00e9 de Remiremont","publisher":{"@id":"https:\/\/vosgesinfo.fr\/remiremontinfo\/#organization"},"alternateName":"Toute l'actualit\u00e9 de Remiremont","potentialAction":[{"@type":"SearchAction","target":{"@type":"EntryPoint","urlTemplate":"https:\/\/vosgesinfo.fr\/remiremontinfo\/?s={search_term_string}"},"query-input":"required name=search_term_string"}],"inLanguage":"fr-FR"},{"@type":"Organization","@id":"https:\/\/vosgesinfo.fr\/remiremontinfo\/#organization","name":"Remiremont Info","url":"https:\/\/vosgesinfo.fr\/remiremontinfo\/","logo":{"@type":"ImageObject","inLanguage":"fr-FR","@id":"https:\/\/vosgesinfo.fr\/remiremontinfo\/#\/schema\/logo\/image\/","url":"https:\/\/vosgesinfo.fr\/app\/uploads\/sites\/5\/2023\/08\/favicon-remiremontinfo.png","contentUrl":"https:\/\/vosgesinfo.fr\/app\/uploads\/sites\/5\/2023\/08\/favicon-remiremontinfo.png","width":512,"height":512,"caption":"Remiremont Info"},"image":{"@id":"https:\/\/vosgesinfo.fr\/remiremontinfo\/#\/schema\/logo\/image\/"},"sameAs":["https:\/\/www.facebook.com\/remiremontinfo","https:\/\/x.com\/VosgesInfo88","https:\/\/www.youtube.com\/@vosgesinfo"]},{"@type":"Person","@id":"https:\/\/vosgesinfo.fr\/remiremontinfo\/#\/schema\/person\/3bfd164d5218a185b1db68655a265316","name":"C D","image":{"@type":"ImageObject","inLanguage":"fr-FR","@id":"https:\/\/vosgesinfo.fr\/remiremontinfo\/#\/schema\/person\/image\/","url":"https:\/\/secure.gravatar.com\/avatar\/1f9a70007336511a47468b8f1c66f922b8b7cf617b02a31149ada43893a5d48f?s=96&d=mm&r=g","contentUrl":"https:\/\/secure.gravatar.com\/avatar\/1f9a70007336511a47468b8f1c66f922b8b7cf617b02a31149ada43893a5d48f?s=96&d=mm&r=g","caption":"C D"},"url":"https:\/\/vosgesinfo.fr\/remiremontinfo\/author\/cedric-drevet\/"}]}},"_links":{"self":[{"href":"https:\/\/vosgesinfo.fr\/remiremontinfo\/wp-json\/wp\/v2\/posts\/22176","targetHints":{"allow":["GET"]}}],"collection":[{"href":"https:\/\/vosgesinfo.fr\/remiremontinfo\/wp-json\/wp\/v2\/posts"}],"about":[{"href":"https:\/\/vosgesinfo.fr\/remiremontinfo\/wp-json\/wp\/v2\/types\/post"}],"author":[{"embeddable":true,"href":"https:\/\/vosgesinfo.fr\/remiremontinfo\/wp-json\/wp\/v2\/users\/407"}],"replies":[{"embeddable":true,"href":"https:\/\/vosgesinfo.fr\/remiremontinfo\/wp-json\/wp\/v2\/comments?post=22176"}],"version-history":[{"count":0,"href":"https:\/\/vosgesinfo.fr\/remiremontinfo\/wp-json\/wp\/v2\/posts\/22176\/revisions"}],"wp:featuredmedia":[{"embeddable":true,"href":"https:\/\/vosgesinfo.fr\/remiremontinfo\/wp-json\/wp\/v2\/media\/22177"}],"wp:attachment":[{"href":"https:\/\/vosgesinfo.fr\/remiremontinfo\/wp-json\/wp\/v2\/media?parent=22176"}],"wp:term":[{"taxonomy":"category","embeddable":true,"href":"https:\/\/vosgesinfo.fr\/remiremontinfo\/wp-json\/wp\/v2\/categories?post=22176"},{"taxonomy":"post_tag","embeddable":true,"href":"https:\/\/vosgesinfo.fr\/remiremontinfo\/wp-json\/wp\/v2\/tags?post=22176"}],"curies":[{"name":"wp","href":"https:\/\/api.w.org\/{rel}","templated":true}]}}