{"id":22335,"date":"2019-11-07T07:30:11","date_gmt":"2019-11-07T06:30:11","guid":{"rendered":"https:\/\/vosgesinfo.fr\/remiremontinfo\/2019\/11\/19-personnes-ont-perdu-vie-routes-vosgiennes-debut-de-lannee-2\/"},"modified":"2019-11-07T07:30:11","modified_gmt":"2019-11-07T06:30:11","slug":"19-personnes-ont-perdu-vie-routes-vosgiennes-debut-de-lannee-2","status":"publish","type":"post","link":"https:\/\/vosgesinfo.fr\/remiremontinfo\/2019\/11\/19-personnes-ont-perdu-vie-routes-vosgiennes-debut-de-lannee-2\/","title":{"rendered":"19 personnes ont perdu la vie sur les routes vosgiennes depuis le d\u00e9but de l\u2019ann\u00e9e"},"content":{"rendered":"<p><a href=\"\/2019\/11\/accident-vosges.jpg\"><img decoding=\"async\" class=\"alignnone size-large wp-image-272003\" src=\"\/2019\/11\/accident-vosges-1024x576.jpg\" alt=\"accident-vosges\" width=\"960\" height=\"540\" \/><\/a><\/p>\n<h2><span style=\"font-size: 12pt;\">19 personnes ont perdu la vie sur les routes vosgiennes depuis le d\u00e9but de l\u2019ann\u00e9e. M\u00eame si ce nombre est en recul par rapport \u00e0 la m\u00eame p\u00e9riode en 2018, soit une baisse de 27 % , on ne peut se satisfaire d\u2019un tel chiffre et Pierre ORY, Pr\u00e9fet des Vosges, mobilise en permanence les services de l\u2019\u00c9tat en faveur de la s\u00e9curit\u00e9 routi\u00e8re.<\/span><\/h2>\n<p>Ainsi, apr\u00e8s une campagne d\u2019affichage d\u2019un message de s\u00e9curit\u00e9 en faveur des pi\u00e9tons appos\u00e9 au dos des tickets horodateurs, qui a d\u00e9but\u00e9 dans trois villes des Vosges, Epinal, Saint-Di\u00e9 et Remiremont, une campagne de communication est pr\u00e9vue avant la fin de l\u2019ann\u00e9e, \u00e0 l\u2019initiative du groupement de gendarmerie, sur l\u2019ensemble du d\u00e9partement.<\/p>\n<p>Ce sont en effet 100 000 sachets de pain qui seront distribu\u00e9s dans les boulangeries vosgiennes, reprenant des messages de s\u00e9curit\u00e9 \u00e0 l\u2019intention des automobilistes. Ils porteront sur les \u00e9quipements pour l\u2019hiver, la prudence dans les virages, l\u2019usage des clignotants, la prudence \u00e0 l\u2019\u00e9gard des pi\u00e9tons et des deux-roues et le risque li\u00e9 au t\u00e9l\u00e9phone au volant.<\/p>\n<p>Lire la suite ici :\u00a0<a href=\"https:\/\/epinalinfos.fr\/2019\/11\/19-personnes-ont-perdu-vie-routes-vosgiennes-debut-de-lannee\/\">https:\/\/epinalinfos.fr\/2019\/11\/19-personnes-ont-perdu-vie-routes-vosgiennes-debut-de-lannee\/<\/a><\/p>\n","protected":false},"excerpt":{"rendered":"<p>19 personnes ont perdu la vie sur les routes vosgiennes depuis le d\u00e9but de l\u2019ann\u00e9e. M\u00eame si ce nombre est [&hellip;]<\/p>\n","protected":false},"author":407,"featured_media":22336,"comment_status":"open","ping_status":"open","sticky":false,"template":"","format":"standard","meta":{"footnotes":""},"categories":[26,18],"tags":[],"class_list":["post-22335","post","type-post","status-publish","format-standard","has-post-thumbnail","hentry","category-a-la-une","category-vosges"],"acf":[],"yoast_head":"<!-- This site is optimized with the Yoast SEO plugin v22.5 - https:\/\/yoast.com\/wordpress\/plugins\/seo\/ -->\n<title>19 personnes ont perdu la vie sur les routes vosgiennes depuis le d\u00e9but de l\u2019ann\u00e9e - Remiremont Info<\/title>\n<meta name=\"robots\" content=\"index, follow, max-snippet:-1, max-image-preview:large, max-video-preview:-1\" \/>\n<link rel=\"canonical\" href=\"https:\/\/vosgesinfo.fr\/remiremontinfo\/2019\/11\/19-personnes-ont-perdu-vie-routes-vosgiennes-debut-de-lannee-2\/\" \/>\n<meta name=\"twitter:card\" content=\"summary_large_image\" \/>\n<meta name=\"twitter:title\" content=\"19 personnes ont perdu la vie sur les routes vosgiennes depuis le d\u00e9but de l\u2019ann\u00e9e - Remiremont Info\" \/>\n<meta name=\"twitter:description\" content=\"19 personnes ont perdu la vie sur les routes vosgiennes depuis le d\u00e9but de l\u2019ann\u00e9e. M\u00eame si ce nombre est [&hellip;]\" \/>\n<meta name=\"twitter:image\" content=\"https:\/\/vosgesinfo.fr\/app\/uploads\/sites\/5\/2024\/09\/201911accident-vosges.jpg\" \/>\n<meta name=\"twitter:creator\" content=\"@VosgesInfo88\" \/>\n<meta name=\"twitter:site\" content=\"@VosgesInfo88\" \/>\n<meta name=\"twitter:label1\" content=\"\u00c9crit par\" \/>\n\t<meta name=\"twitter:data1\" content=\"C D\" \/>\n\t<meta name=\"twitter:label2\" content=\"Dur\u00e9e de lecture estim\u00e9e\" \/>\n\t<meta name=\"twitter:data2\" content=\"1 minute\" \/>\n<script type=\"application\/ld+json\" class=\"yoast-schema-graph\">{\"@context\":\"https:\/\/schema.org\",\"@graph\":[{\"@type\":\"Article\",\"@id\":\"https:\/\/vosgesinfo.fr\/remiremontinfo\/2019\/11\/19-personnes-ont-perdu-vie-routes-vosgiennes-debut-de-lannee-2\/#article\",\"isPartOf\":{\"@id\":\"https:\/\/vosgesinfo.fr\/remiremontinfo\/2019\/11\/19-personnes-ont-perdu-vie-routes-vosgiennes-debut-de-lannee-2\/\"},\"author\":{\"name\":\"C D\",\"@id\":\"https:\/\/vosgesinfo.fr\/remiremontinfo\/#\/schema\/person\/3bfd164d5218a185b1db68655a265316\"},\"headline\":\"19 personnes ont perdu la vie sur les routes vosgiennes depuis le d\u00e9but de l\u2019ann\u00e9e\",\"datePublished\":\"2019-11-07T06:30:11+00:00\",\"dateModified\":\"2019-11-07T06:30:11+00:00\",\"mainEntityOfPage\":{\"@id\":\"https:\/\/vosgesinfo.fr\/remiremontinfo\/2019\/11\/19-personnes-ont-perdu-vie-routes-vosgiennes-debut-de-lannee-2\/\"},\"wordCount\":219,\"commentCount\":0,\"publisher\":{\"@id\":\"https:\/\/vosgesinfo.fr\/remiremontinfo\/#organization\"},\"image\":{\"@id\":\"https:\/\/vosgesinfo.fr\/remiremontinfo\/2019\/11\/19-personnes-ont-perdu-vie-routes-vosgiennes-debut-de-lannee-2\/#primaryimage\"},\"thumbnailUrl\":\"https:\/\/vosgesinfo.fr\/app\/uploads\/sites\/5\/2024\/09\/201911accident-vosges.jpg\",\"articleSection\":[\"A la Une\",\"Vosges\"],\"inLanguage\":\"fr-FR\",\"potentialAction\":[{\"@type\":\"CommentAction\",\"name\":\"Comment\",\"target\":[\"https:\/\/vosgesinfo.fr\/remiremontinfo\/2019\/11\/19-personnes-ont-perdu-vie-routes-vosgiennes-debut-de-lannee-2\/#respond\"]}]},{\"@type\":\"WebPage\",\"@id\":\"https:\/\/vosgesinfo.fr\/remiremontinfo\/2019\/11\/19-personnes-ont-perdu-vie-routes-vosgiennes-debut-de-lannee-2\/\",\"url\":\"https:\/\/vosgesinfo.fr\/remiremontinfo\/2019\/11\/19-personnes-ont-perdu-vie-routes-vosgiennes-debut-de-lannee-2\/\",\"name\":\"19 personnes ont perdu la vie sur les routes vosgiennes depuis le d\u00e9but de l\u2019ann\u00e9e - Remiremont Info\",\"isPartOf\":{\"@id\":\"https:\/\/vosgesinfo.fr\/remiremontinfo\/#website\"},\"primaryImageOfPage\":{\"@id\":\"https:\/\/vosgesinfo.fr\/remiremontinfo\/2019\/11\/19-personnes-ont-perdu-vie-routes-vosgiennes-debut-de-lannee-2\/#primaryimage\"},\"image\":{\"@id\":\"https:\/\/vosgesinfo.fr\/remiremontinfo\/2019\/11\/19-personnes-ont-perdu-vie-routes-vosgiennes-debut-de-lannee-2\/#primaryimage\"},\"thumbnailUrl\":\"https:\/\/vosgesinfo.fr\/app\/uploads\/sites\/5\/2024\/09\/201911accident-vosges.jpg\",\"datePublished\":\"2019-11-07T06:30:11+00:00\",\"dateModified\":\"2019-11-07T06:30:11+00:00\",\"breadcrumb\":{\"@id\":\"https:\/\/vosgesinfo.fr\/remiremontinfo\/2019\/11\/19-personnes-ont-perdu-vie-routes-vosgiennes-debut-de-lannee-2\/#breadcrumb\"},\"inLanguage\":\"fr-FR\",\"potentialAction\":[{\"@type\":\"ReadAction\",\"target\":[\"https:\/\/vosgesinfo.fr\/remiremontinfo\/2019\/11\/19-personnes-ont-perdu-vie-routes-vosgiennes-debut-de-lannee-2\/\"]}]},{\"@type\":\"ImageObject\",\"inLanguage\":\"fr-FR\",\"@id\":\"https:\/\/vosgesinfo.fr\/remiremontinfo\/2019\/11\/19-personnes-ont-perdu-vie-routes-vosgiennes-debut-de-lannee-2\/#primaryimage\",\"url\":\"https:\/\/vosgesinfo.fr\/app\/uploads\/sites\/5\/2024\/09\/201911accident-vosges.jpg\",\"contentUrl\":\"https:\/\/vosgesinfo.fr\/app\/uploads\/sites\/5\/2024\/09\/201911accident-vosges.jpg\",\"width\":1296,\"height\":729},{\"@type\":\"BreadcrumbList\",\"@id\":\"https:\/\/vosgesinfo.fr\/remiremontinfo\/2019\/11\/19-personnes-ont-perdu-vie-routes-vosgiennes-debut-de-lannee-2\/#breadcrumb\",\"itemListElement\":[{\"@type\":\"ListItem\",\"position\":1,\"name\":\"Home\",\"item\":\"https:\/\/vosgesinfo.fr\/remiremontinfo\/\"},{\"@type\":\"ListItem\",\"position\":2,\"name\":\"19 personnes ont perdu la vie sur les routes vosgiennes depuis le d\u00e9but de l\u2019ann\u00e9e\"}]},{\"@type\":\"WebSite\",\"@id\":\"https:\/\/vosgesinfo.fr\/remiremontinfo\/#website\",\"url\":\"https:\/\/vosgesinfo.fr\/remiremontinfo\/\",\"name\":\"Remiremont Info\",\"description\":\"Toute l&#039;actualit\u00e9 de Remiremont\",\"publisher\":{\"@id\":\"https:\/\/vosgesinfo.fr\/remiremontinfo\/#organization\"},\"alternateName\":\"Toute l'actualit\u00e9 de Remiremont\",\"potentialAction\":[{\"@type\":\"SearchAction\",\"target\":{\"@type\":\"EntryPoint\",\"urlTemplate\":\"https:\/\/vosgesinfo.fr\/remiremontinfo\/?s={search_term_string}\"},\"query-input\":\"required name=search_term_string\"}],\"inLanguage\":\"fr-FR\"},{\"@type\":\"Organization\",\"@id\":\"https:\/\/vosgesinfo.fr\/remiremontinfo\/#organization\",\"name\":\"Remiremont Info\",\"url\":\"https:\/\/vosgesinfo.fr\/remiremontinfo\/\",\"logo\":{\"@type\":\"ImageObject\",\"inLanguage\":\"fr-FR\",\"@id\":\"https:\/\/vosgesinfo.fr\/remiremontinfo\/#\/schema\/logo\/image\/\",\"url\":\"https:\/\/vosgesinfo.fr\/app\/uploads\/sites\/5\/2023\/08\/favicon-remiremontinfo.png\",\"contentUrl\":\"https:\/\/vosgesinfo.fr\/app\/uploads\/sites\/5\/2023\/08\/favicon-remiremontinfo.png\",\"width\":512,\"height\":512,\"caption\":\"Remiremont Info\"},\"image\":{\"@id\":\"https:\/\/vosgesinfo.fr\/remiremontinfo\/#\/schema\/logo\/image\/\"},\"sameAs\":[\"https:\/\/www.facebook.com\/remiremontinfo\",\"https:\/\/x.com\/VosgesInfo88\",\"https:\/\/www.youtube.com\/@vosgesinfo\"]},{\"@type\":\"Person\",\"@id\":\"https:\/\/vosgesinfo.fr\/remiremontinfo\/#\/schema\/person\/3bfd164d5218a185b1db68655a265316\",\"name\":\"C D\",\"image\":{\"@type\":\"ImageObject\",\"inLanguage\":\"fr-FR\",\"@id\":\"https:\/\/vosgesinfo.fr\/remiremontinfo\/#\/schema\/person\/image\/\",\"url\":\"https:\/\/secure.gravatar.com\/avatar\/1f9a70007336511a47468b8f1c66f922b8b7cf617b02a31149ada43893a5d48f?s=96&d=mm&r=g\",\"contentUrl\":\"https:\/\/secure.gravatar.com\/avatar\/1f9a70007336511a47468b8f1c66f922b8b7cf617b02a31149ada43893a5d48f?s=96&d=mm&r=g\",\"caption\":\"C D\"},\"url\":\"https:\/\/vosgesinfo.fr\/remiremontinfo\/author\/cedric-drevet\/\"}]}<\/script>\n<!-- \/ Yoast SEO plugin. -->","yoast_head_json":{"title":"19 personnes ont perdu la vie sur les routes vosgiennes depuis le d\u00e9but de l\u2019ann\u00e9e - Remiremont Info","robots":{"index":"index","follow":"follow","max-snippet":"max-snippet:-1","max-image-preview":"max-image-preview:large","max-video-preview":"max-video-preview:-1"},"canonical":"https:\/\/vosgesinfo.fr\/remiremontinfo\/2019\/11\/19-personnes-ont-perdu-vie-routes-vosgiennes-debut-de-lannee-2\/","twitter_card":"summary_large_image","twitter_title":"19 personnes ont perdu la vie sur les routes vosgiennes depuis le d\u00e9but de l\u2019ann\u00e9e - Remiremont Info","twitter_description":"19 personnes ont perdu la vie sur les routes vosgiennes depuis le d\u00e9but de l\u2019ann\u00e9e. M\u00eame si ce nombre est [&hellip;]","twitter_image":"https:\/\/vosgesinfo.fr\/app\/uploads\/sites\/5\/2024\/09\/201911accident-vosges.jpg","twitter_creator":"@VosgesInfo88","twitter_site":"@VosgesInfo88","twitter_misc":{"\u00c9crit par":"C D","Dur\u00e9e de lecture estim\u00e9e":"1 minute"},"schema":{"@context":"https:\/\/schema.org","@graph":[{"@type":"Article","@id":"https:\/\/vosgesinfo.fr\/remiremontinfo\/2019\/11\/19-personnes-ont-perdu-vie-routes-vosgiennes-debut-de-lannee-2\/#article","isPartOf":{"@id":"https:\/\/vosgesinfo.fr\/remiremontinfo\/2019\/11\/19-personnes-ont-perdu-vie-routes-vosgiennes-debut-de-lannee-2\/"},"author":{"name":"C D","@id":"https:\/\/vosgesinfo.fr\/remiremontinfo\/#\/schema\/person\/3bfd164d5218a185b1db68655a265316"},"headline":"19 personnes ont perdu la vie sur les routes vosgiennes depuis le d\u00e9but de l\u2019ann\u00e9e","datePublished":"2019-11-07T06:30:11+00:00","dateModified":"2019-11-07T06:30:11+00:00","mainEntityOfPage":{"@id":"https:\/\/vosgesinfo.fr\/remiremontinfo\/2019\/11\/19-personnes-ont-perdu-vie-routes-vosgiennes-debut-de-lannee-2\/"},"wordCount":219,"commentCount":0,"publisher":{"@id":"https:\/\/vosgesinfo.fr\/remiremontinfo\/#organization"},"image":{"@id":"https:\/\/vosgesinfo.fr\/remiremontinfo\/2019\/11\/19-personnes-ont-perdu-vie-routes-vosgiennes-debut-de-lannee-2\/#primaryimage"},"thumbnailUrl":"https:\/\/vosgesinfo.fr\/app\/uploads\/sites\/5\/2024\/09\/201911accident-vosges.jpg","articleSection":["A la Une","Vosges"],"inLanguage":"fr-FR","potentialAction":[{"@type":"CommentAction","name":"Comment","target":["https:\/\/vosgesinfo.fr\/remiremontinfo\/2019\/11\/19-personnes-ont-perdu-vie-routes-vosgiennes-debut-de-lannee-2\/#respond"]}]},{"@type":"WebPage","@id":"https:\/\/vosgesinfo.fr\/remiremontinfo\/2019\/11\/19-personnes-ont-perdu-vie-routes-vosgiennes-debut-de-lannee-2\/","url":"https:\/\/vosgesinfo.fr\/remiremontinfo\/2019\/11\/19-personnes-ont-perdu-vie-routes-vosgiennes-debut-de-lannee-2\/","name":"19 personnes ont perdu la vie sur les routes vosgiennes depuis le d\u00e9but de l\u2019ann\u00e9e - Remiremont Info","isPartOf":{"@id":"https:\/\/vosgesinfo.fr\/remiremontinfo\/#website"},"primaryImageOfPage":{"@id":"https:\/\/vosgesinfo.fr\/remiremontinfo\/2019\/11\/19-personnes-ont-perdu-vie-routes-vosgiennes-debut-de-lannee-2\/#primaryimage"},"image":{"@id":"https:\/\/vosgesinfo.fr\/remiremontinfo\/2019\/11\/19-personnes-ont-perdu-vie-routes-vosgiennes-debut-de-lannee-2\/#primaryimage"},"thumbnailUrl":"https:\/\/vosgesinfo.fr\/app\/uploads\/sites\/5\/2024\/09\/201911accident-vosges.jpg","datePublished":"2019-11-07T06:30:11+00:00","dateModified":"2019-11-07T06:30:11+00:00","breadcrumb":{"@id":"https:\/\/vosgesinfo.fr\/remiremontinfo\/2019\/11\/19-personnes-ont-perdu-vie-routes-vosgiennes-debut-de-lannee-2\/#breadcrumb"},"inLanguage":"fr-FR","potentialAction":[{"@type":"ReadAction","target":["https:\/\/vosgesinfo.fr\/remiremontinfo\/2019\/11\/19-personnes-ont-perdu-vie-routes-vosgiennes-debut-de-lannee-2\/"]}]},{"@type":"ImageObject","inLanguage":"fr-FR","@id":"https:\/\/vosgesinfo.fr\/remiremontinfo\/2019\/11\/19-personnes-ont-perdu-vie-routes-vosgiennes-debut-de-lannee-2\/#primaryimage","url":"https:\/\/vosgesinfo.fr\/app\/uploads\/sites\/5\/2024\/09\/201911accident-vosges.jpg","contentUrl":"https:\/\/vosgesinfo.fr\/app\/uploads\/sites\/5\/2024\/09\/201911accident-vosges.jpg","width":1296,"height":729},{"@type":"BreadcrumbList","@id":"https:\/\/vosgesinfo.fr\/remiremontinfo\/2019\/11\/19-personnes-ont-perdu-vie-routes-vosgiennes-debut-de-lannee-2\/#breadcrumb","itemListElement":[{"@type":"ListItem","position":1,"name":"Home","item":"https:\/\/vosgesinfo.fr\/remiremontinfo\/"},{"@type":"ListItem","position":2,"name":"19 personnes ont perdu la vie sur les routes vosgiennes depuis le d\u00e9but de l\u2019ann\u00e9e"}]},{"@type":"WebSite","@id":"https:\/\/vosgesinfo.fr\/remiremontinfo\/#website","url":"https:\/\/vosgesinfo.fr\/remiremontinfo\/","name":"Remiremont Info","description":"Toute l&#039;actualit\u00e9 de Remiremont","publisher":{"@id":"https:\/\/vosgesinfo.fr\/remiremontinfo\/#organization"},"alternateName":"Toute l'actualit\u00e9 de Remiremont","potentialAction":[{"@type":"SearchAction","target":{"@type":"EntryPoint","urlTemplate":"https:\/\/vosgesinfo.fr\/remiremontinfo\/?s={search_term_string}"},"query-input":"required name=search_term_string"}],"inLanguage":"fr-FR"},{"@type":"Organization","@id":"https:\/\/vosgesinfo.fr\/remiremontinfo\/#organization","name":"Remiremont Info","url":"https:\/\/vosgesinfo.fr\/remiremontinfo\/","logo":{"@type":"ImageObject","inLanguage":"fr-FR","@id":"https:\/\/vosgesinfo.fr\/remiremontinfo\/#\/schema\/logo\/image\/","url":"https:\/\/vosgesinfo.fr\/app\/uploads\/sites\/5\/2023\/08\/favicon-remiremontinfo.png","contentUrl":"https:\/\/vosgesinfo.fr\/app\/uploads\/sites\/5\/2023\/08\/favicon-remiremontinfo.png","width":512,"height":512,"caption":"Remiremont Info"},"image":{"@id":"https:\/\/vosgesinfo.fr\/remiremontinfo\/#\/schema\/logo\/image\/"},"sameAs":["https:\/\/www.facebook.com\/remiremontinfo","https:\/\/x.com\/VosgesInfo88","https:\/\/www.youtube.com\/@vosgesinfo"]},{"@type":"Person","@id":"https:\/\/vosgesinfo.fr\/remiremontinfo\/#\/schema\/person\/3bfd164d5218a185b1db68655a265316","name":"C D","image":{"@type":"ImageObject","inLanguage":"fr-FR","@id":"https:\/\/vosgesinfo.fr\/remiremontinfo\/#\/schema\/person\/image\/","url":"https:\/\/secure.gravatar.com\/avatar\/1f9a70007336511a47468b8f1c66f922b8b7cf617b02a31149ada43893a5d48f?s=96&d=mm&r=g","contentUrl":"https:\/\/secure.gravatar.com\/avatar\/1f9a70007336511a47468b8f1c66f922b8b7cf617b02a31149ada43893a5d48f?s=96&d=mm&r=g","caption":"C D"},"url":"https:\/\/vosgesinfo.fr\/remiremontinfo\/author\/cedric-drevet\/"}]}},"_links":{"self":[{"href":"https:\/\/vosgesinfo.fr\/remiremontinfo\/wp-json\/wp\/v2\/posts\/22335","targetHints":{"allow":["GET"]}}],"collection":[{"href":"https:\/\/vosgesinfo.fr\/remiremontinfo\/wp-json\/wp\/v2\/posts"}],"about":[{"href":"https:\/\/vosgesinfo.fr\/remiremontinfo\/wp-json\/wp\/v2\/types\/post"}],"author":[{"embeddable":true,"href":"https:\/\/vosgesinfo.fr\/remiremontinfo\/wp-json\/wp\/v2\/users\/407"}],"replies":[{"embeddable":true,"href":"https:\/\/vosgesinfo.fr\/remiremontinfo\/wp-json\/wp\/v2\/comments?post=22335"}],"version-history":[{"count":0,"href":"https:\/\/vosgesinfo.fr\/remiremontinfo\/wp-json\/wp\/v2\/posts\/22335\/revisions"}],"wp:featuredmedia":[{"embeddable":true,"href":"https:\/\/vosgesinfo.fr\/remiremontinfo\/wp-json\/wp\/v2\/media\/22336"}],"wp:attachment":[{"href":"https:\/\/vosgesinfo.fr\/remiremontinfo\/wp-json\/wp\/v2\/media?parent=22335"}],"wp:term":[{"taxonomy":"category","embeddable":true,"href":"https:\/\/vosgesinfo.fr\/remiremontinfo\/wp-json\/wp\/v2\/categories?post=22335"},{"taxonomy":"post_tag","embeddable":true,"href":"https:\/\/vosgesinfo.fr\/remiremontinfo\/wp-json\/wp\/v2\/tags?post=22335"}],"curies":[{"name":"wp","href":"https:\/\/api.w.org\/{rel}","templated":true}]}}