{"id":22363,"date":"2019-11-07T06:30:06","date_gmt":"2019-11-07T05:30:06","guid":{"rendered":"https:\/\/vosgesinfo.fr\/remiremontinfo\/2019\/11\/bresse-plus-de-400-000e-de-deficit-regie-delectricite-bilan-catastrophique\/"},"modified":"2019-11-07T06:30:06","modified_gmt":"2019-11-07T05:30:06","slug":"bresse-plus-de-400-000e-de-deficit-regie-delectricite-bilan-catastrophique","status":"publish","type":"post","link":"https:\/\/vosgesinfo.fr\/remiremontinfo\/2019\/11\/bresse-plus-de-400-000e-de-deficit-regie-delectricite-bilan-catastrophique\/","title":{"rendered":"La Bresse : plus de 400.000 \u20ac de d\u00e9ficit pour la r\u00e9gie d&rsquo;\u00e9lectricit\u00e9, un \u00ab\u00a0bilan catastrophique\u00a0\u00bb ?"},"content":{"rendered":"<p style=\"text-align: center;\"><a href=\"\/2019\/11\/light-bulb-984551_1280.jpg\"><img decoding=\"async\" class=\"alignnone size-large wp-image-272086\" src=\"\/2019\/11\/light-bulb-984551_1280-1024x576.jpg\" alt=\"light-bulb-984551_1280\" width=\"960\" height=\"540\" \/><\/a><\/p>\n<p style=\"text-align: center;\"><em><strong><span style=\"font-size: 12pt;\">Communiqu\u00e9\u00a0<\/span><\/strong><\/em><\/p>\n<h2><span style=\"font-size: 12pt;\"><strong>Nous, soussign\u00e9s, anciens pr\u00e9sidents et administrateurs de la R\u00e9gie Municipale d\u2019\u00e9lectricit\u00e9 de La Bresse durant les p\u00e9riodes de projet et de construction des deux principaux am\u00e9nagements hydro\u00e9lectriques, faisons part de notre surprise, consternation et indignation \u00e0 la lecture du bulletin municipal et de diff\u00e9rents articles de presse.<\/strong><\/span><\/h2>\n<p>De plus, le blog\u00a0 \u00ab\u00a0en passant par ma lorraine\u00a0\u00bb s\u2019appuyant sur les lignes comptables officielles relate un d\u00e9ficit de 414\u00a0076\u20ac sur le compte d\u2019exploitation pour l\u2019exercice 2018 et fait appara\u00eetre un manque \u00e0 gagner de pr\u00e8s de 3\u00a0000\u00a0000\u20ac pour la RME et notre commune sur les cinq ann\u00e9es de gestion du conseil d\u2019administration actuel, compar\u00e9es aux cinq derni\u00e8res ann\u00e9es de gestion de Monsieur Guy Vaxelaire. Ces chiffres n\u2019ont pas \u00e9t\u00e9 contest\u00e9s par Monsieur Le Maire, ordonnateur de ce budget, lors de ses d\u00e9clarations sur France Bleu Lorraine.<\/p>\n<p>Ce bilan catastrophique pi\u00e9tine le travail des municipalit\u00e9s pr\u00e9c\u00e9dentes et des conseils d\u2019administrations successifs, b\u00e2tisseurs du barrage de La Lande et de l\u2019am\u00e9nagement de la Cote 750.<\/p>\n<p>Ces r\u00e9alisations furent des chantiers tr\u00e8s difficiles \u00e0 mener, particuli\u00e8rement la construction du barrage de La Lande, d\u2019abord tr\u00e8s contest\u00e9e. Puis une action judiciaire a conduit \u00e0 la suspension du permis de construire au d\u00e9but de l\u2019engagement des travaux.<\/p>\n<p>Mais la forte implication des \u00e9lus et la comp\u00e9tence de Monsieur Claude Mansuy, DGS de l\u2019\u00e9poque, aboutirent \u00e0 la lev\u00e9e des obstacles \u00e0 la construction.<\/p>\n<p>Aujourd\u2019hui tout cela est annihil\u00e9.<\/p>\n<p>Nous rappelons que m\u00eame en p\u00e9riodes de remboursement des emprunts li\u00e9s \u00e0 ces r\u00e9alisations, la RME reversait en 2014 des exc\u00e9dents, jusqu\u2019\u00e0 1\u00a0000\u00a0000\u20ac, au budget communal et ce, m\u00eame avec un pr\u00e9l\u00e8vement d\u2019eau raisonn\u00e9 et raisonnable pour la fabrication de neige.<\/p>\n<p>Nous r\u00e9affirmons que la mission de la RME est d\u2019assurer l\u2019approvisionnement et la distribution de l\u2019\u00e9lectricit\u00e9 sur notre commune en toute s\u00e9curit\u00e9 et \u00e9galement, gr\u00e2ce \u00e0 son outil de production, d\u2019\u0153uvrer pour g\u00e9n\u00e9rer des exc\u00e9dents pour elle-m\u00eame et pour le budget communal.<\/p>\n<p>Durant plusieurs d\u00e9cennies, cela a permis de ma\u00eetriser les hausses d\u2019imp\u00f4ts et de limiter le recours aux emprunts pour travaux.<\/p>\n<p>Pour assurer cette t\u00e2che, nous faisons totalement confiance au personnel, \u00e0 son directeur qui, en plus, doit ma\u00eetriser l\u2019\u00e9volution du march\u00e9 de l\u2019\u00e9lectricit\u00e9. Tous doivent se poser des questions sur leur avenir si une remise en cause de la gestion actuelle n\u2019est pas op\u00e9r\u00e9e.<\/p>\n<p>En effet, c\u2019est la p\u00e9rennit\u00e9 de cette institution centenaire qui est en jeu. Les Bressauds ne pourront voir augmenter outrageusement leur facture d\u2019\u00e9lectricit\u00e9 ainsi que leurs imp\u00f4ts pour combler le d\u00e9ficit de la RME\u2026<\/p>\n<p><strong><em>Ce communiqu\u00e9 est \u00e0 l\u2019initiative unique de ses signataires\u00a0:\u00a0<\/em><\/strong>(Par ordre alphab\u00e9tique)<\/p>\n<p>AMET Jean-Marc administrateur 1995 \/2001<\/p>\n<p>AUBERT Ren\u00e9 pr\u00e9sident CA 1979\/1995 et administrateur 1995\/2008<\/p>\n<p>FERRY Fran\u00e7ois administrateur<\/p>\n<p>MOUGEL Daniel administrateur<\/p>\n<p>REY Roger pr\u00e9sident CA 1995\/2008<\/p>\n<p>TOUSSAINT Jean-Louis administrateur 1980\/2001<\/p>\n<div class=\"really_simple_share really_simple_share_button robots-nocontent snap_nopreview\"><\/div>\n","protected":false},"excerpt":{"rendered":"<p>Communiqu\u00e9\u00a0 Nous, soussign\u00e9s, anciens pr\u00e9sidents et administrateurs de la R\u00e9gie Municipale d\u2019\u00e9lectricit\u00e9 de La Bresse durant les p\u00e9riodes de projet [&hellip;]<\/p>\n","protected":false},"author":407,"featured_media":22364,"comment_status":"open","ping_status":"open","sticky":false,"template":"","format":"standard","meta":{"footnotes":""},"categories":[26,104,25,13],"tags":[],"class_list":["post-22363","post","type-post","status-publish","format-standard","has-post-thumbnail","hentry","category-a-la-une","category-la-bresse-la-bresse-son-canton","category-la-bresse-son-canton","category-societe"],"acf":[],"yoast_head":"<!-- This site is optimized with the Yoast SEO plugin v22.5 - https:\/\/yoast.com\/wordpress\/plugins\/seo\/ -->\n<title>La Bresse : plus de 400.000 \u20ac de d\u00e9ficit pour la r\u00e9gie d&#039;\u00e9lectricit\u00e9, un \u00ab\u00a0bilan catastrophique\u00a0\u00bb ? - Remiremont Info<\/title>\n<meta name=\"robots\" content=\"index, follow, max-snippet:-1, max-image-preview:large, max-video-preview:-1\" \/>\n<link rel=\"canonical\" href=\"https:\/\/vosgesinfo.fr\/remiremontinfo\/2019\/11\/bresse-plus-de-400-000e-de-deficit-regie-delectricite-bilan-catastrophique\/\" \/>\n<meta name=\"twitter:card\" content=\"summary_large_image\" \/>\n<meta name=\"twitter:title\" content=\"La Bresse : plus de 400.000 \u20ac de d\u00e9ficit pour la r\u00e9gie d&#039;\u00e9lectricit\u00e9, un \u00ab\u00a0bilan catastrophique\u00a0\u00bb ? - Remiremont Info\" \/>\n<meta name=\"twitter:description\" content=\"Communiqu\u00e9\u00a0 Nous, soussign\u00e9s, anciens pr\u00e9sidents et administrateurs de la R\u00e9gie Municipale d\u2019\u00e9lectricit\u00e9 de La Bresse durant les p\u00e9riodes de projet [&hellip;]\" \/>\n<meta name=\"twitter:image\" content=\"https:\/\/vosgesinfo.fr\/app\/uploads\/sites\/5\/2024\/09\/201911light-bulb-984551-1280.jpg\" \/>\n<meta name=\"twitter:creator\" content=\"@VosgesInfo88\" \/>\n<meta name=\"twitter:site\" content=\"@VosgesInfo88\" \/>\n<meta name=\"twitter:label1\" content=\"\u00c9crit par\" \/>\n\t<meta name=\"twitter:data1\" content=\"C D\" \/>\n\t<meta name=\"twitter:label2\" content=\"Dur\u00e9e de lecture estim\u00e9e\" \/>\n\t<meta name=\"twitter:data2\" content=\"3 minutes\" \/>\n<script type=\"application\/ld+json\" class=\"yoast-schema-graph\">{\"@context\":\"https:\/\/schema.org\",\"@graph\":[{\"@type\":\"Article\",\"@id\":\"https:\/\/vosgesinfo.fr\/remiremontinfo\/2019\/11\/bresse-plus-de-400-000e-de-deficit-regie-delectricite-bilan-catastrophique\/#article\",\"isPartOf\":{\"@id\":\"https:\/\/vosgesinfo.fr\/remiremontinfo\/2019\/11\/bresse-plus-de-400-000e-de-deficit-regie-delectricite-bilan-catastrophique\/\"},\"author\":{\"name\":\"C D\",\"@id\":\"https:\/\/vosgesinfo.fr\/remiremontinfo\/#\/schema\/person\/3bfd164d5218a185b1db68655a265316\"},\"headline\":\"La Bresse : plus de 400.000 \u20ac de d\u00e9ficit pour la r\u00e9gie d&rsquo;\u00e9lectricit\u00e9, un \u00ab\u00a0bilan catastrophique\u00a0\u00bb ?\",\"datePublished\":\"2019-11-07T05:30:06+00:00\",\"dateModified\":\"2019-11-07T05:30:06+00:00\",\"mainEntityOfPage\":{\"@id\":\"https:\/\/vosgesinfo.fr\/remiremontinfo\/2019\/11\/bresse-plus-de-400-000e-de-deficit-regie-delectricite-bilan-catastrophique\/\"},\"wordCount\":529,\"commentCount\":0,\"publisher\":{\"@id\":\"https:\/\/vosgesinfo.fr\/remiremontinfo\/#organization\"},\"image\":{\"@id\":\"https:\/\/vosgesinfo.fr\/remiremontinfo\/2019\/11\/bresse-plus-de-400-000e-de-deficit-regie-delectricite-bilan-catastrophique\/#primaryimage\"},\"thumbnailUrl\":\"https:\/\/vosgesinfo.fr\/app\/uploads\/sites\/5\/2024\/09\/201911light-bulb-984551-1280.jpg\",\"articleSection\":[\"A la Une\",\"La Bresse\",\"La Bresse &amp; son canton\",\"Soci\u00e9t\u00e9\"],\"inLanguage\":\"fr-FR\",\"potentialAction\":[{\"@type\":\"CommentAction\",\"name\":\"Comment\",\"target\":[\"https:\/\/vosgesinfo.fr\/remiremontinfo\/2019\/11\/bresse-plus-de-400-000e-de-deficit-regie-delectricite-bilan-catastrophique\/#respond\"]}]},{\"@type\":\"WebPage\",\"@id\":\"https:\/\/vosgesinfo.fr\/remiremontinfo\/2019\/11\/bresse-plus-de-400-000e-de-deficit-regie-delectricite-bilan-catastrophique\/\",\"url\":\"https:\/\/vosgesinfo.fr\/remiremontinfo\/2019\/11\/bresse-plus-de-400-000e-de-deficit-regie-delectricite-bilan-catastrophique\/\",\"name\":\"La Bresse : plus de 400.000 \u20ac de d\u00e9ficit pour la r\u00e9gie d'\u00e9lectricit\u00e9, un \u00ab\u00a0bilan catastrophique\u00a0\u00bb ? - Remiremont Info\",\"isPartOf\":{\"@id\":\"https:\/\/vosgesinfo.fr\/remiremontinfo\/#website\"},\"primaryImageOfPage\":{\"@id\":\"https:\/\/vosgesinfo.fr\/remiremontinfo\/2019\/11\/bresse-plus-de-400-000e-de-deficit-regie-delectricite-bilan-catastrophique\/#primaryimage\"},\"image\":{\"@id\":\"https:\/\/vosgesinfo.fr\/remiremontinfo\/2019\/11\/bresse-plus-de-400-000e-de-deficit-regie-delectricite-bilan-catastrophique\/#primaryimage\"},\"thumbnailUrl\":\"https:\/\/vosgesinfo.fr\/app\/uploads\/sites\/5\/2024\/09\/201911light-bulb-984551-1280.jpg\",\"datePublished\":\"2019-11-07T05:30:06+00:00\",\"dateModified\":\"2019-11-07T05:30:06+00:00\",\"breadcrumb\":{\"@id\":\"https:\/\/vosgesinfo.fr\/remiremontinfo\/2019\/11\/bresse-plus-de-400-000e-de-deficit-regie-delectricite-bilan-catastrophique\/#breadcrumb\"},\"inLanguage\":\"fr-FR\",\"potentialAction\":[{\"@type\":\"ReadAction\",\"target\":[\"https:\/\/vosgesinfo.fr\/remiremontinfo\/2019\/11\/bresse-plus-de-400-000e-de-deficit-regie-delectricite-bilan-catastrophique\/\"]}]},{\"@type\":\"ImageObject\",\"inLanguage\":\"fr-FR\",\"@id\":\"https:\/\/vosgesinfo.fr\/remiremontinfo\/2019\/11\/bresse-plus-de-400-000e-de-deficit-regie-delectricite-bilan-catastrophique\/#primaryimage\",\"url\":\"https:\/\/vosgesinfo.fr\/app\/uploads\/sites\/5\/2024\/09\/201911light-bulb-984551-1280.jpg\",\"contentUrl\":\"https:\/\/vosgesinfo.fr\/app\/uploads\/sites\/5\/2024\/09\/201911light-bulb-984551-1280.jpg\",\"width\":1280,\"height\":720},{\"@type\":\"BreadcrumbList\",\"@id\":\"https:\/\/vosgesinfo.fr\/remiremontinfo\/2019\/11\/bresse-plus-de-400-000e-de-deficit-regie-delectricite-bilan-catastrophique\/#breadcrumb\",\"itemListElement\":[{\"@type\":\"ListItem\",\"position\":1,\"name\":\"Home\",\"item\":\"https:\/\/vosgesinfo.fr\/remiremontinfo\/\"},{\"@type\":\"ListItem\",\"position\":2,\"name\":\"La Bresse : plus de 400.000 \u20ac de d\u00e9ficit pour la r\u00e9gie d&rsquo;\u00e9lectricit\u00e9, un \u00ab\u00a0bilan catastrophique\u00a0\u00bb ?\"}]},{\"@type\":\"WebSite\",\"@id\":\"https:\/\/vosgesinfo.fr\/remiremontinfo\/#website\",\"url\":\"https:\/\/vosgesinfo.fr\/remiremontinfo\/\",\"name\":\"Remiremont Info\",\"description\":\"Toute l&#039;actualit\u00e9 de Remiremont\",\"publisher\":{\"@id\":\"https:\/\/vosgesinfo.fr\/remiremontinfo\/#organization\"},\"alternateName\":\"Toute l'actualit\u00e9 de Remiremont\",\"potentialAction\":[{\"@type\":\"SearchAction\",\"target\":{\"@type\":\"EntryPoint\",\"urlTemplate\":\"https:\/\/vosgesinfo.fr\/remiremontinfo\/?s={search_term_string}\"},\"query-input\":\"required name=search_term_string\"}],\"inLanguage\":\"fr-FR\"},{\"@type\":\"Organization\",\"@id\":\"https:\/\/vosgesinfo.fr\/remiremontinfo\/#organization\",\"name\":\"Remiremont Info\",\"url\":\"https:\/\/vosgesinfo.fr\/remiremontinfo\/\",\"logo\":{\"@type\":\"ImageObject\",\"inLanguage\":\"fr-FR\",\"@id\":\"https:\/\/vosgesinfo.fr\/remiremontinfo\/#\/schema\/logo\/image\/\",\"url\":\"https:\/\/vosgesinfo.fr\/app\/uploads\/sites\/5\/2023\/08\/favicon-remiremontinfo.png\",\"contentUrl\":\"https:\/\/vosgesinfo.fr\/app\/uploads\/sites\/5\/2023\/08\/favicon-remiremontinfo.png\",\"width\":512,\"height\":512,\"caption\":\"Remiremont Info\"},\"image\":{\"@id\":\"https:\/\/vosgesinfo.fr\/remiremontinfo\/#\/schema\/logo\/image\/\"},\"sameAs\":[\"https:\/\/www.facebook.com\/remiremontinfo\",\"https:\/\/x.com\/VosgesInfo88\",\"https:\/\/www.youtube.com\/@vosgesinfo\"]},{\"@type\":\"Person\",\"@id\":\"https:\/\/vosgesinfo.fr\/remiremontinfo\/#\/schema\/person\/3bfd164d5218a185b1db68655a265316\",\"name\":\"C D\",\"image\":{\"@type\":\"ImageObject\",\"inLanguage\":\"fr-FR\",\"@id\":\"https:\/\/vosgesinfo.fr\/remiremontinfo\/#\/schema\/person\/image\/\",\"url\":\"https:\/\/secure.gravatar.com\/avatar\/1f9a70007336511a47468b8f1c66f922b8b7cf617b02a31149ada43893a5d48f?s=96&d=mm&r=g\",\"contentUrl\":\"https:\/\/secure.gravatar.com\/avatar\/1f9a70007336511a47468b8f1c66f922b8b7cf617b02a31149ada43893a5d48f?s=96&d=mm&r=g\",\"caption\":\"C D\"},\"url\":\"https:\/\/vosgesinfo.fr\/remiremontinfo\/author\/cedric-drevet\/\"}]}<\/script>\n<!-- \/ Yoast SEO plugin. -->","yoast_head_json":{"title":"La Bresse : plus de 400.000 \u20ac de d\u00e9ficit pour la r\u00e9gie d'\u00e9lectricit\u00e9, un \u00ab\u00a0bilan catastrophique\u00a0\u00bb ? - Remiremont Info","robots":{"index":"index","follow":"follow","max-snippet":"max-snippet:-1","max-image-preview":"max-image-preview:large","max-video-preview":"max-video-preview:-1"},"canonical":"https:\/\/vosgesinfo.fr\/remiremontinfo\/2019\/11\/bresse-plus-de-400-000e-de-deficit-regie-delectricite-bilan-catastrophique\/","twitter_card":"summary_large_image","twitter_title":"La Bresse : plus de 400.000 \u20ac de d\u00e9ficit pour la r\u00e9gie d'\u00e9lectricit\u00e9, un \u00ab\u00a0bilan catastrophique\u00a0\u00bb ? - Remiremont Info","twitter_description":"Communiqu\u00e9\u00a0 Nous, soussign\u00e9s, anciens pr\u00e9sidents et administrateurs de la R\u00e9gie Municipale d\u2019\u00e9lectricit\u00e9 de La Bresse durant les p\u00e9riodes de projet [&hellip;]","twitter_image":"https:\/\/vosgesinfo.fr\/app\/uploads\/sites\/5\/2024\/09\/201911light-bulb-984551-1280.jpg","twitter_creator":"@VosgesInfo88","twitter_site":"@VosgesInfo88","twitter_misc":{"\u00c9crit par":"C D","Dur\u00e9e de lecture estim\u00e9e":"3 minutes"},"schema":{"@context":"https:\/\/schema.org","@graph":[{"@type":"Article","@id":"https:\/\/vosgesinfo.fr\/remiremontinfo\/2019\/11\/bresse-plus-de-400-000e-de-deficit-regie-delectricite-bilan-catastrophique\/#article","isPartOf":{"@id":"https:\/\/vosgesinfo.fr\/remiremontinfo\/2019\/11\/bresse-plus-de-400-000e-de-deficit-regie-delectricite-bilan-catastrophique\/"},"author":{"name":"C D","@id":"https:\/\/vosgesinfo.fr\/remiremontinfo\/#\/schema\/person\/3bfd164d5218a185b1db68655a265316"},"headline":"La Bresse : plus de 400.000 \u20ac de d\u00e9ficit pour la r\u00e9gie d&rsquo;\u00e9lectricit\u00e9, un \u00ab\u00a0bilan catastrophique\u00a0\u00bb ?","datePublished":"2019-11-07T05:30:06+00:00","dateModified":"2019-11-07T05:30:06+00:00","mainEntityOfPage":{"@id":"https:\/\/vosgesinfo.fr\/remiremontinfo\/2019\/11\/bresse-plus-de-400-000e-de-deficit-regie-delectricite-bilan-catastrophique\/"},"wordCount":529,"commentCount":0,"publisher":{"@id":"https:\/\/vosgesinfo.fr\/remiremontinfo\/#organization"},"image":{"@id":"https:\/\/vosgesinfo.fr\/remiremontinfo\/2019\/11\/bresse-plus-de-400-000e-de-deficit-regie-delectricite-bilan-catastrophique\/#primaryimage"},"thumbnailUrl":"https:\/\/vosgesinfo.fr\/app\/uploads\/sites\/5\/2024\/09\/201911light-bulb-984551-1280.jpg","articleSection":["A la Une","La Bresse","La Bresse &amp; son canton","Soci\u00e9t\u00e9"],"inLanguage":"fr-FR","potentialAction":[{"@type":"CommentAction","name":"Comment","target":["https:\/\/vosgesinfo.fr\/remiremontinfo\/2019\/11\/bresse-plus-de-400-000e-de-deficit-regie-delectricite-bilan-catastrophique\/#respond"]}]},{"@type":"WebPage","@id":"https:\/\/vosgesinfo.fr\/remiremontinfo\/2019\/11\/bresse-plus-de-400-000e-de-deficit-regie-delectricite-bilan-catastrophique\/","url":"https:\/\/vosgesinfo.fr\/remiremontinfo\/2019\/11\/bresse-plus-de-400-000e-de-deficit-regie-delectricite-bilan-catastrophique\/","name":"La Bresse : plus de 400.000 \u20ac de d\u00e9ficit pour la r\u00e9gie d'\u00e9lectricit\u00e9, un \u00ab\u00a0bilan catastrophique\u00a0\u00bb ? - Remiremont Info","isPartOf":{"@id":"https:\/\/vosgesinfo.fr\/remiremontinfo\/#website"},"primaryImageOfPage":{"@id":"https:\/\/vosgesinfo.fr\/remiremontinfo\/2019\/11\/bresse-plus-de-400-000e-de-deficit-regie-delectricite-bilan-catastrophique\/#primaryimage"},"image":{"@id":"https:\/\/vosgesinfo.fr\/remiremontinfo\/2019\/11\/bresse-plus-de-400-000e-de-deficit-regie-delectricite-bilan-catastrophique\/#primaryimage"},"thumbnailUrl":"https:\/\/vosgesinfo.fr\/app\/uploads\/sites\/5\/2024\/09\/201911light-bulb-984551-1280.jpg","datePublished":"2019-11-07T05:30:06+00:00","dateModified":"2019-11-07T05:30:06+00:00","breadcrumb":{"@id":"https:\/\/vosgesinfo.fr\/remiremontinfo\/2019\/11\/bresse-plus-de-400-000e-de-deficit-regie-delectricite-bilan-catastrophique\/#breadcrumb"},"inLanguage":"fr-FR","potentialAction":[{"@type":"ReadAction","target":["https:\/\/vosgesinfo.fr\/remiremontinfo\/2019\/11\/bresse-plus-de-400-000e-de-deficit-regie-delectricite-bilan-catastrophique\/"]}]},{"@type":"ImageObject","inLanguage":"fr-FR","@id":"https:\/\/vosgesinfo.fr\/remiremontinfo\/2019\/11\/bresse-plus-de-400-000e-de-deficit-regie-delectricite-bilan-catastrophique\/#primaryimage","url":"https:\/\/vosgesinfo.fr\/app\/uploads\/sites\/5\/2024\/09\/201911light-bulb-984551-1280.jpg","contentUrl":"https:\/\/vosgesinfo.fr\/app\/uploads\/sites\/5\/2024\/09\/201911light-bulb-984551-1280.jpg","width":1280,"height":720},{"@type":"BreadcrumbList","@id":"https:\/\/vosgesinfo.fr\/remiremontinfo\/2019\/11\/bresse-plus-de-400-000e-de-deficit-regie-delectricite-bilan-catastrophique\/#breadcrumb","itemListElement":[{"@type":"ListItem","position":1,"name":"Home","item":"https:\/\/vosgesinfo.fr\/remiremontinfo\/"},{"@type":"ListItem","position":2,"name":"La Bresse : plus de 400.000 \u20ac de d\u00e9ficit pour la r\u00e9gie d&rsquo;\u00e9lectricit\u00e9, un \u00ab\u00a0bilan catastrophique\u00a0\u00bb ?"}]},{"@type":"WebSite","@id":"https:\/\/vosgesinfo.fr\/remiremontinfo\/#website","url":"https:\/\/vosgesinfo.fr\/remiremontinfo\/","name":"Remiremont Info","description":"Toute l&#039;actualit\u00e9 de Remiremont","publisher":{"@id":"https:\/\/vosgesinfo.fr\/remiremontinfo\/#organization"},"alternateName":"Toute l'actualit\u00e9 de Remiremont","potentialAction":[{"@type":"SearchAction","target":{"@type":"EntryPoint","urlTemplate":"https:\/\/vosgesinfo.fr\/remiremontinfo\/?s={search_term_string}"},"query-input":"required name=search_term_string"}],"inLanguage":"fr-FR"},{"@type":"Organization","@id":"https:\/\/vosgesinfo.fr\/remiremontinfo\/#organization","name":"Remiremont Info","url":"https:\/\/vosgesinfo.fr\/remiremontinfo\/","logo":{"@type":"ImageObject","inLanguage":"fr-FR","@id":"https:\/\/vosgesinfo.fr\/remiremontinfo\/#\/schema\/logo\/image\/","url":"https:\/\/vosgesinfo.fr\/app\/uploads\/sites\/5\/2023\/08\/favicon-remiremontinfo.png","contentUrl":"https:\/\/vosgesinfo.fr\/app\/uploads\/sites\/5\/2023\/08\/favicon-remiremontinfo.png","width":512,"height":512,"caption":"Remiremont Info"},"image":{"@id":"https:\/\/vosgesinfo.fr\/remiremontinfo\/#\/schema\/logo\/image\/"},"sameAs":["https:\/\/www.facebook.com\/remiremontinfo","https:\/\/x.com\/VosgesInfo88","https:\/\/www.youtube.com\/@vosgesinfo"]},{"@type":"Person","@id":"https:\/\/vosgesinfo.fr\/remiremontinfo\/#\/schema\/person\/3bfd164d5218a185b1db68655a265316","name":"C D","image":{"@type":"ImageObject","inLanguage":"fr-FR","@id":"https:\/\/vosgesinfo.fr\/remiremontinfo\/#\/schema\/person\/image\/","url":"https:\/\/secure.gravatar.com\/avatar\/1f9a70007336511a47468b8f1c66f922b8b7cf617b02a31149ada43893a5d48f?s=96&d=mm&r=g","contentUrl":"https:\/\/secure.gravatar.com\/avatar\/1f9a70007336511a47468b8f1c66f922b8b7cf617b02a31149ada43893a5d48f?s=96&d=mm&r=g","caption":"C D"},"url":"https:\/\/vosgesinfo.fr\/remiremontinfo\/author\/cedric-drevet\/"}]}},"_links":{"self":[{"href":"https:\/\/vosgesinfo.fr\/remiremontinfo\/wp-json\/wp\/v2\/posts\/22363","targetHints":{"allow":["GET"]}}],"collection":[{"href":"https:\/\/vosgesinfo.fr\/remiremontinfo\/wp-json\/wp\/v2\/posts"}],"about":[{"href":"https:\/\/vosgesinfo.fr\/remiremontinfo\/wp-json\/wp\/v2\/types\/post"}],"author":[{"embeddable":true,"href":"https:\/\/vosgesinfo.fr\/remiremontinfo\/wp-json\/wp\/v2\/users\/407"}],"replies":[{"embeddable":true,"href":"https:\/\/vosgesinfo.fr\/remiremontinfo\/wp-json\/wp\/v2\/comments?post=22363"}],"version-history":[{"count":0,"href":"https:\/\/vosgesinfo.fr\/remiremontinfo\/wp-json\/wp\/v2\/posts\/22363\/revisions"}],"wp:featuredmedia":[{"embeddable":true,"href":"https:\/\/vosgesinfo.fr\/remiremontinfo\/wp-json\/wp\/v2\/media\/22364"}],"wp:attachment":[{"href":"https:\/\/vosgesinfo.fr\/remiremontinfo\/wp-json\/wp\/v2\/media?parent=22363"}],"wp:term":[{"taxonomy":"category","embeddable":true,"href":"https:\/\/vosgesinfo.fr\/remiremontinfo\/wp-json\/wp\/v2\/categories?post=22363"},{"taxonomy":"post_tag","embeddable":true,"href":"https:\/\/vosgesinfo.fr\/remiremontinfo\/wp-json\/wp\/v2\/tags?post=22363"}],"curies":[{"name":"wp","href":"https:\/\/api.w.org\/{rel}","templated":true}]}}