{"id":22365,"date":"2019-11-07T14:20:19","date_gmt":"2019-11-07T13:20:19","guid":{"rendered":"https:\/\/vosgesinfo.fr\/remiremontinfo\/2019\/11\/situation-de-regie-delectricite-municipalite-de-bresse-repond\/"},"modified":"2019-11-07T14:20:19","modified_gmt":"2019-11-07T13:20:19","slug":"situation-de-regie-delectricite-municipalite-de-bresse-repond","status":"publish","type":"post","link":"https:\/\/vosgesinfo.fr\/remiremontinfo\/2019\/11\/situation-de-regie-delectricite-municipalite-de-bresse-repond\/","title":{"rendered":"Situation de la r\u00e9gie d\u2019\u00e9lectricit\u00e9 : la municipalit\u00e9 de La Bresse r\u00e9pond"},"content":{"rendered":"<h2 style=\"text-align: center;\"><a href=\"\/2019\/11\/light-bulb-984551_1280.jpg\"><img decoding=\"async\" class=\"alignnone size-large wp-image-272086\" src=\"\/2019\/11\/light-bulb-984551_1280-1024x576.jpg\" alt=\"light-bulb-984551_1280\" width=\"960\" height=\"540\" \/><\/a><\/h2>\n<h2 style=\"text-align: center;\"><span style=\"font-size: 12pt;\"><em>Communiqu\u00e9<\/em><\/span><\/h2>\n<h2><span style=\"font-size: 12pt;\"><strong>Suite au communiqu\u00e9 de presse publi\u00e9 ici, les responsables actuels tiennent \u00e0 apporter quelques informations et pr\u00e9cisions sur la situation actuelle de notre R\u00e9gie Municipale d\u2019Electricit\u00e9.<\/strong><\/span><\/h2>\n<p>Nous sommes surpris que des anciens pr\u00e9sidents et administrateurs d\u00e9crivent une situation d\u00e9licate de la RME sans m\u00eame avoir pris contact avec les \u00e9quipes ou les \u00e9lus du Conseil d\u2019Exploitation pour obtenir les explications sur une pr\u00e9tendue situation catastrophique.<\/p>\n<p>Encore plus surpris que ces m\u00eames administrateurs s\u2019offusquent des informations donn\u00e9es \u00e0 deux reprises dans le bulletin municipal sur le fonctionnement et les contraintes actuelles de notre \u00e9tablissement, et en m\u00eame temps pr\u00e9f\u00e8rent se r\u00e9f\u00e9rer \u00e0 des articles publi\u00e9s r\u00e9guli\u00e8rement sur le blog d\u2019un particulier.<\/p>\n<p>Revenons \u00e0 la situation actuelle qui est en fait le r\u00e9sultat de l\u2019exercice 2018, publi\u00e9, examin\u00e9 et vot\u00e9 par le Conseil d\u2019Exploitation et le Conseil Municipal en mars dernier ! Revenons sur les 414 076 \u20ac du pr\u00e9tendu d\u00e9ficit qui appara\u00eet dans les lignes comptables officielles. Ce chiffre n\u2019est que le r\u00e9sultat entre les d\u00e9penses et les recettes BRUTES sur l\u2019ann\u00e9e 2018 sans tenir compte des compensations, reversements et reports affect\u00e9s \u00e0 l\u2019activit\u00e9.<br \/>\nIl est n\u00e9cessaire de rappeler que ce m\u00eame solde \u00e9tait :<br \/>\n&#8211; Pour l\u2019exercice 2003 de &#8211; 264 500 \u20ac,<br \/>\n&#8211; Pour l\u2019exercice 2007 de &#8211; 170 580 \u20ac,<br \/>\n&#8211; Pour l\u2019exercice 2008 de &#8211; 193 124\u20ac<br \/>\n&#8211; Pour l\u2019exercice 2011 de &#8211; 503 315\u20ac.<\/p>\n<p>Ces chiffres n\u2019avaient provoqu\u00e9 aucune r\u00e9action ou \u00e9motion de la part des administrateurs en question, dont certains \u00e9taient membres ou pr\u00e9sident du conseil de r\u00e9gie. Seulement apr\u00e8s int\u00e9gration de diff\u00e9rents reports comptables des ann\u00e9es ant\u00e9rieures, on obtient le r\u00e9sultat net.<\/p>\n<p>Il n\u2019est pas question de nier que le r\u00e9sultat net de l\u2019exercice 2018 se solde bien par un d\u00e9ficit, qui est en r\u00e9alit\u00e9 de -102 413 \u20ac, mais de l\u2019expliquer et d\u2019en conna\u00eetre les causes. Sur ce chiffre, les deux tiers, soit -70 537 \u20ac sont dus au fonctionnement de la chaufferie bois et du r\u00e9seau de chaleur, sur lesquels nous avons d\u00fb faire face \u00e0 de nombreuses pannes et grosses r\u00e9parations, qui ont en plus occasionn\u00e9 beaucoup d\u2019achat de fuel pour fournir la chaleur promise \u00e0 nos clients.<\/p>\n<p>Pour ce qui est du d\u00e9ficit d\u00fb \u00e0 l\u2019activit\u00e9 \u00e9lectrique (-31 876\u20ac), il est d\u00fb \u00e0 la conjugaison de plusieurs facteurs concomitants sur l\u2019ann\u00e9e 2018 comme nous l\u2019avons d\u00e9j\u00e0 expliqu\u00e9 :<br \/>\n&#8211; Premi\u00e8rement d\u00fb \u00e0 l\u2019\u00e9quilibre des taxes CSPE qui sont r\u00e9gularis\u00e9es sur l\u2019ann\u00e9e N+1 de l\u2019exercice comptable<br \/>\n&#8211; Deuxi\u00e8mement sur un contentieux national qui a bloqu\u00e9 la restitution de fonds de compensation importants depuis 2012 (406 183 \u20ac) qui viennent d\u2019\u00eatre notifi\u00e9s et qui seront pour moiti\u00e9 vers\u00e9s sur cette fin d\u2019ann\u00e9e, et le solde sur d\u00e9but 2020.<\/p>\n<p>D\u2019autre part, depuis 2015, le monde de la distribution de l\u2019\u00e9lectricit\u00e9 a chang\u00e9 avec l\u2019ouverture des march\u00e9s qui nous a oblig\u00e9s \u00e0 proposer aux gros consommateurs des offres de fourniture d\u2019\u00e9lectricit\u00e9 concurrentielles avec des marges consid\u00e9rablement r\u00e9duites afin de conserver tous nos clients. Ces nouvelles dispositions ont d\u2019ailleurs \u00e9t\u00e9 communiqu\u00e9es dans un des derniers bulletins municipaux de La Bresse.<\/p>\n<p>Rappelons que malgr\u00e9 ce r\u00e9sultat de 2018, pr\u00e8s d\u2019un million d\u2019euros d\u2019investissement ont \u00e9t\u00e9 programm\u00e9s sur 2019.<\/p>\n<p>Nous n\u2019avons jamais remis en cause le mode gestion de notre r\u00e9gie et avons toujours salu\u00e9 les visions constructives des anciens responsables qui avaient entam\u00e9 de gros chantiers d\u2019investissement comme le barrage de la Lande dont les premiers projets datent de 1946, et qui a fait l\u2019objet d\u2019un d\u00e9cret de concession datant de 1963.<\/p>\n<p>Certes nous n\u2019avons pas pu lancer de nouveaux gros investissements, mais nous menons depuis 2014 d\u2019autres projets d\u2019augmentation de production \u00e9lectrique avec un projet de r\u00e9hausse du barrage, un autre pour la construction d\u2019une nouvelle centrale hydro\u00e9lectrique ou de production photovolta\u00efque sur les b\u00e2timents communaux.<\/p>\n<p>Ces dossiers n\u2019ont pas abouti, pour l\u2019instant, compte tenu des lourdes et nombreuses proc\u00e9dures r\u00e9glementaires en cours. De nombreux autres investissements ont \u00e9t\u00e9 r\u00e9alis\u00e9s depuis 2014, enfouissement et optimisation de nombreux r\u00e9seaux, investissements mat\u00e9riels et humains.<\/p>\n<p>Oui le fonctionnement de la RME a r\u00e9guli\u00e8rement contribu\u00e9 au budget communal et cela sera encore le cas pour les budgets \u00e0 venir, tout en laissant les marges de man\u0153uvres n\u00e9cessaires au fonctionnement et \u00e0 l\u2019investissement propre \u00e0 la RME.<\/p>\n<p>D\u00e9clarer que la situation comptable d\u2019une ann\u00e9e en particulier va engendrer une augmentation des factures d\u2019\u00e9lectricit\u00e9, des imp\u00f4ts suppl\u00e9mentaires ou de nouveaux emprunts n\u2019est que pure invention et la d\u00e9monstration d\u2019une grande m\u00e9connaissance du fonctionnement actuel de la r\u00e9gie.<\/p>\n<p>Le Directeur, ses \u00e9quipes techniques et administratives connaissent, quant \u00e0 eux, tr\u00e8s bien ce fonctionnement et auraient pu, tr\u00e8s simplement donner de v\u00e9ritables explications. Ainsi que le pr\u00e9sident ou les \u00e9lus du conseil de R\u00e9gie qui ne refusent jamais de s\u2019entretenir et de donner les explications&#8230; encore faut-il leur demander !<\/p>\n<p><em>Pour la municipalit\u00e9,<\/em><br \/>\n<em>Jerome MATHIEU, Pr\u00e9sident du Conseil de R\u00e9gie<\/em><br \/>\n<em>Maryvone CROUVEZIER, 1\u00e8re Adjointe<\/em><\/p>\n","protected":false},"excerpt":{"rendered":"<p>Communiqu\u00e9 Suite au communiqu\u00e9 de presse publi\u00e9 ici, les responsables actuels tiennent \u00e0 apporter quelques informations et pr\u00e9cisions sur la [&hellip;]<\/p>\n","protected":false},"author":407,"featured_media":22366,"comment_status":"open","ping_status":"open","sticky":false,"template":"","format":"standard","meta":{"footnotes":""},"categories":[26,104,25,10],"tags":[],"class_list":["post-22365","post","type-post","status-publish","format-standard","has-post-thumbnail","hentry","category-a-la-une","category-la-bresse-la-bresse-son-canton","category-la-bresse-son-canton","category-politique"],"acf":[],"yoast_head":"<!-- This site is optimized with the Yoast SEO plugin v22.5 - https:\/\/yoast.com\/wordpress\/plugins\/seo\/ -->\n<title>Situation de la r\u00e9gie d\u2019\u00e9lectricit\u00e9 : la municipalit\u00e9 de La Bresse r\u00e9pond - Remiremont Info<\/title>\n<meta name=\"robots\" content=\"index, follow, max-snippet:-1, max-image-preview:large, max-video-preview:-1\" \/>\n<link rel=\"canonical\" href=\"https:\/\/vosgesinfo.fr\/remiremontinfo\/2019\/11\/situation-de-regie-delectricite-municipalite-de-bresse-repond\/\" \/>\n<meta name=\"twitter:card\" content=\"summary_large_image\" \/>\n<meta name=\"twitter:title\" content=\"Situation de la r\u00e9gie d\u2019\u00e9lectricit\u00e9 : la municipalit\u00e9 de La Bresse r\u00e9pond - Remiremont Info\" \/>\n<meta name=\"twitter:description\" content=\"Communiqu\u00e9 Suite au communiqu\u00e9 de presse publi\u00e9 ici, les responsables actuels tiennent \u00e0 apporter quelques informations et pr\u00e9cisions sur la [&hellip;]\" \/>\n<meta name=\"twitter:image\" content=\"https:\/\/vosgesinfo.fr\/app\/uploads\/sites\/5\/2024\/09\/201911light-bulb-984551-1280-1.jpg\" \/>\n<meta name=\"twitter:creator\" content=\"@VosgesInfo88\" \/>\n<meta name=\"twitter:site\" content=\"@VosgesInfo88\" \/>\n<meta name=\"twitter:label1\" content=\"\u00c9crit par\" \/>\n\t<meta name=\"twitter:data1\" content=\"C D\" \/>\n\t<meta name=\"twitter:label2\" content=\"Dur\u00e9e de lecture estim\u00e9e\" \/>\n\t<meta name=\"twitter:data2\" content=\"4 minutes\" \/>\n<script type=\"application\/ld+json\" class=\"yoast-schema-graph\">{\"@context\":\"https:\/\/schema.org\",\"@graph\":[{\"@type\":\"Article\",\"@id\":\"https:\/\/vosgesinfo.fr\/remiremontinfo\/2019\/11\/situation-de-regie-delectricite-municipalite-de-bresse-repond\/#article\",\"isPartOf\":{\"@id\":\"https:\/\/vosgesinfo.fr\/remiremontinfo\/2019\/11\/situation-de-regie-delectricite-municipalite-de-bresse-repond\/\"},\"author\":{\"name\":\"C D\",\"@id\":\"https:\/\/vosgesinfo.fr\/remiremontinfo\/#\/schema\/person\/3bfd164d5218a185b1db68655a265316\"},\"headline\":\"Situation de la r\u00e9gie d\u2019\u00e9lectricit\u00e9 : la municipalit\u00e9 de La Bresse r\u00e9pond\",\"datePublished\":\"2019-11-07T13:20:19+00:00\",\"dateModified\":\"2019-11-07T13:20:19+00:00\",\"mainEntityOfPage\":{\"@id\":\"https:\/\/vosgesinfo.fr\/remiremontinfo\/2019\/11\/situation-de-regie-delectricite-municipalite-de-bresse-repond\/\"},\"wordCount\":902,\"commentCount\":0,\"publisher\":{\"@id\":\"https:\/\/vosgesinfo.fr\/remiremontinfo\/#organization\"},\"image\":{\"@id\":\"https:\/\/vosgesinfo.fr\/remiremontinfo\/2019\/11\/situation-de-regie-delectricite-municipalite-de-bresse-repond\/#primaryimage\"},\"thumbnailUrl\":\"https:\/\/vosgesinfo.fr\/app\/uploads\/sites\/5\/2024\/09\/201911light-bulb-984551-1280-1.jpg\",\"articleSection\":[\"A la Une\",\"La Bresse\",\"La Bresse &amp; son canton\",\"Politique\"],\"inLanguage\":\"fr-FR\",\"potentialAction\":[{\"@type\":\"CommentAction\",\"name\":\"Comment\",\"target\":[\"https:\/\/vosgesinfo.fr\/remiremontinfo\/2019\/11\/situation-de-regie-delectricite-municipalite-de-bresse-repond\/#respond\"]}]},{\"@type\":\"WebPage\",\"@id\":\"https:\/\/vosgesinfo.fr\/remiremontinfo\/2019\/11\/situation-de-regie-delectricite-municipalite-de-bresse-repond\/\",\"url\":\"https:\/\/vosgesinfo.fr\/remiremontinfo\/2019\/11\/situation-de-regie-delectricite-municipalite-de-bresse-repond\/\",\"name\":\"Situation de la r\u00e9gie d\u2019\u00e9lectricit\u00e9 : la municipalit\u00e9 de La Bresse r\u00e9pond - Remiremont Info\",\"isPartOf\":{\"@id\":\"https:\/\/vosgesinfo.fr\/remiremontinfo\/#website\"},\"primaryImageOfPage\":{\"@id\":\"https:\/\/vosgesinfo.fr\/remiremontinfo\/2019\/11\/situation-de-regie-delectricite-municipalite-de-bresse-repond\/#primaryimage\"},\"image\":{\"@id\":\"https:\/\/vosgesinfo.fr\/remiremontinfo\/2019\/11\/situation-de-regie-delectricite-municipalite-de-bresse-repond\/#primaryimage\"},\"thumbnailUrl\":\"https:\/\/vosgesinfo.fr\/app\/uploads\/sites\/5\/2024\/09\/201911light-bulb-984551-1280-1.jpg\",\"datePublished\":\"2019-11-07T13:20:19+00:00\",\"dateModified\":\"2019-11-07T13:20:19+00:00\",\"breadcrumb\":{\"@id\":\"https:\/\/vosgesinfo.fr\/remiremontinfo\/2019\/11\/situation-de-regie-delectricite-municipalite-de-bresse-repond\/#breadcrumb\"},\"inLanguage\":\"fr-FR\",\"potentialAction\":[{\"@type\":\"ReadAction\",\"target\":[\"https:\/\/vosgesinfo.fr\/remiremontinfo\/2019\/11\/situation-de-regie-delectricite-municipalite-de-bresse-repond\/\"]}]},{\"@type\":\"ImageObject\",\"inLanguage\":\"fr-FR\",\"@id\":\"https:\/\/vosgesinfo.fr\/remiremontinfo\/2019\/11\/situation-de-regie-delectricite-municipalite-de-bresse-repond\/#primaryimage\",\"url\":\"https:\/\/vosgesinfo.fr\/app\/uploads\/sites\/5\/2024\/09\/201911light-bulb-984551-1280-1.jpg\",\"contentUrl\":\"https:\/\/vosgesinfo.fr\/app\/uploads\/sites\/5\/2024\/09\/201911light-bulb-984551-1280-1.jpg\",\"width\":1280,\"height\":720},{\"@type\":\"BreadcrumbList\",\"@id\":\"https:\/\/vosgesinfo.fr\/remiremontinfo\/2019\/11\/situation-de-regie-delectricite-municipalite-de-bresse-repond\/#breadcrumb\",\"itemListElement\":[{\"@type\":\"ListItem\",\"position\":1,\"name\":\"Home\",\"item\":\"https:\/\/vosgesinfo.fr\/remiremontinfo\/\"},{\"@type\":\"ListItem\",\"position\":2,\"name\":\"Situation de la r\u00e9gie d\u2019\u00e9lectricit\u00e9 : la municipalit\u00e9 de La Bresse r\u00e9pond\"}]},{\"@type\":\"WebSite\",\"@id\":\"https:\/\/vosgesinfo.fr\/remiremontinfo\/#website\",\"url\":\"https:\/\/vosgesinfo.fr\/remiremontinfo\/\",\"name\":\"Remiremont Info\",\"description\":\"Toute l&#039;actualit\u00e9 de Remiremont\",\"publisher\":{\"@id\":\"https:\/\/vosgesinfo.fr\/remiremontinfo\/#organization\"},\"alternateName\":\"Toute l'actualit\u00e9 de Remiremont\",\"potentialAction\":[{\"@type\":\"SearchAction\",\"target\":{\"@type\":\"EntryPoint\",\"urlTemplate\":\"https:\/\/vosgesinfo.fr\/remiremontinfo\/?s={search_term_string}\"},\"query-input\":\"required name=search_term_string\"}],\"inLanguage\":\"fr-FR\"},{\"@type\":\"Organization\",\"@id\":\"https:\/\/vosgesinfo.fr\/remiremontinfo\/#organization\",\"name\":\"Remiremont Info\",\"url\":\"https:\/\/vosgesinfo.fr\/remiremontinfo\/\",\"logo\":{\"@type\":\"ImageObject\",\"inLanguage\":\"fr-FR\",\"@id\":\"https:\/\/vosgesinfo.fr\/remiremontinfo\/#\/schema\/logo\/image\/\",\"url\":\"https:\/\/vosgesinfo.fr\/app\/uploads\/sites\/5\/2023\/08\/favicon-remiremontinfo.png\",\"contentUrl\":\"https:\/\/vosgesinfo.fr\/app\/uploads\/sites\/5\/2023\/08\/favicon-remiremontinfo.png\",\"width\":512,\"height\":512,\"caption\":\"Remiremont Info\"},\"image\":{\"@id\":\"https:\/\/vosgesinfo.fr\/remiremontinfo\/#\/schema\/logo\/image\/\"},\"sameAs\":[\"https:\/\/www.facebook.com\/remiremontinfo\",\"https:\/\/x.com\/VosgesInfo88\",\"https:\/\/www.youtube.com\/@vosgesinfo\"]},{\"@type\":\"Person\",\"@id\":\"https:\/\/vosgesinfo.fr\/remiremontinfo\/#\/schema\/person\/3bfd164d5218a185b1db68655a265316\",\"name\":\"C D\",\"image\":{\"@type\":\"ImageObject\",\"inLanguage\":\"fr-FR\",\"@id\":\"https:\/\/vosgesinfo.fr\/remiremontinfo\/#\/schema\/person\/image\/\",\"url\":\"https:\/\/secure.gravatar.com\/avatar\/1f9a70007336511a47468b8f1c66f922b8b7cf617b02a31149ada43893a5d48f?s=96&d=mm&r=g\",\"contentUrl\":\"https:\/\/secure.gravatar.com\/avatar\/1f9a70007336511a47468b8f1c66f922b8b7cf617b02a31149ada43893a5d48f?s=96&d=mm&r=g\",\"caption\":\"C D\"},\"url\":\"https:\/\/vosgesinfo.fr\/remiremontinfo\/author\/cedric-drevet\/\"}]}<\/script>\n<!-- \/ Yoast SEO plugin. -->","yoast_head_json":{"title":"Situation de la r\u00e9gie d\u2019\u00e9lectricit\u00e9 : la municipalit\u00e9 de La Bresse r\u00e9pond - Remiremont Info","robots":{"index":"index","follow":"follow","max-snippet":"max-snippet:-1","max-image-preview":"max-image-preview:large","max-video-preview":"max-video-preview:-1"},"canonical":"https:\/\/vosgesinfo.fr\/remiremontinfo\/2019\/11\/situation-de-regie-delectricite-municipalite-de-bresse-repond\/","twitter_card":"summary_large_image","twitter_title":"Situation de la r\u00e9gie d\u2019\u00e9lectricit\u00e9 : la municipalit\u00e9 de La Bresse r\u00e9pond - Remiremont Info","twitter_description":"Communiqu\u00e9 Suite au communiqu\u00e9 de presse publi\u00e9 ici, les responsables actuels tiennent \u00e0 apporter quelques informations et pr\u00e9cisions sur la [&hellip;]","twitter_image":"https:\/\/vosgesinfo.fr\/app\/uploads\/sites\/5\/2024\/09\/201911light-bulb-984551-1280-1.jpg","twitter_creator":"@VosgesInfo88","twitter_site":"@VosgesInfo88","twitter_misc":{"\u00c9crit par":"C D","Dur\u00e9e de lecture estim\u00e9e":"4 minutes"},"schema":{"@context":"https:\/\/schema.org","@graph":[{"@type":"Article","@id":"https:\/\/vosgesinfo.fr\/remiremontinfo\/2019\/11\/situation-de-regie-delectricite-municipalite-de-bresse-repond\/#article","isPartOf":{"@id":"https:\/\/vosgesinfo.fr\/remiremontinfo\/2019\/11\/situation-de-regie-delectricite-municipalite-de-bresse-repond\/"},"author":{"name":"C D","@id":"https:\/\/vosgesinfo.fr\/remiremontinfo\/#\/schema\/person\/3bfd164d5218a185b1db68655a265316"},"headline":"Situation de la r\u00e9gie d\u2019\u00e9lectricit\u00e9 : la municipalit\u00e9 de La Bresse r\u00e9pond","datePublished":"2019-11-07T13:20:19+00:00","dateModified":"2019-11-07T13:20:19+00:00","mainEntityOfPage":{"@id":"https:\/\/vosgesinfo.fr\/remiremontinfo\/2019\/11\/situation-de-regie-delectricite-municipalite-de-bresse-repond\/"},"wordCount":902,"commentCount":0,"publisher":{"@id":"https:\/\/vosgesinfo.fr\/remiremontinfo\/#organization"},"image":{"@id":"https:\/\/vosgesinfo.fr\/remiremontinfo\/2019\/11\/situation-de-regie-delectricite-municipalite-de-bresse-repond\/#primaryimage"},"thumbnailUrl":"https:\/\/vosgesinfo.fr\/app\/uploads\/sites\/5\/2024\/09\/201911light-bulb-984551-1280-1.jpg","articleSection":["A la Une","La Bresse","La Bresse &amp; son canton","Politique"],"inLanguage":"fr-FR","potentialAction":[{"@type":"CommentAction","name":"Comment","target":["https:\/\/vosgesinfo.fr\/remiremontinfo\/2019\/11\/situation-de-regie-delectricite-municipalite-de-bresse-repond\/#respond"]}]},{"@type":"WebPage","@id":"https:\/\/vosgesinfo.fr\/remiremontinfo\/2019\/11\/situation-de-regie-delectricite-municipalite-de-bresse-repond\/","url":"https:\/\/vosgesinfo.fr\/remiremontinfo\/2019\/11\/situation-de-regie-delectricite-municipalite-de-bresse-repond\/","name":"Situation de la r\u00e9gie d\u2019\u00e9lectricit\u00e9 : la municipalit\u00e9 de La Bresse r\u00e9pond - Remiremont Info","isPartOf":{"@id":"https:\/\/vosgesinfo.fr\/remiremontinfo\/#website"},"primaryImageOfPage":{"@id":"https:\/\/vosgesinfo.fr\/remiremontinfo\/2019\/11\/situation-de-regie-delectricite-municipalite-de-bresse-repond\/#primaryimage"},"image":{"@id":"https:\/\/vosgesinfo.fr\/remiremontinfo\/2019\/11\/situation-de-regie-delectricite-municipalite-de-bresse-repond\/#primaryimage"},"thumbnailUrl":"https:\/\/vosgesinfo.fr\/app\/uploads\/sites\/5\/2024\/09\/201911light-bulb-984551-1280-1.jpg","datePublished":"2019-11-07T13:20:19+00:00","dateModified":"2019-11-07T13:20:19+00:00","breadcrumb":{"@id":"https:\/\/vosgesinfo.fr\/remiremontinfo\/2019\/11\/situation-de-regie-delectricite-municipalite-de-bresse-repond\/#breadcrumb"},"inLanguage":"fr-FR","potentialAction":[{"@type":"ReadAction","target":["https:\/\/vosgesinfo.fr\/remiremontinfo\/2019\/11\/situation-de-regie-delectricite-municipalite-de-bresse-repond\/"]}]},{"@type":"ImageObject","inLanguage":"fr-FR","@id":"https:\/\/vosgesinfo.fr\/remiremontinfo\/2019\/11\/situation-de-regie-delectricite-municipalite-de-bresse-repond\/#primaryimage","url":"https:\/\/vosgesinfo.fr\/app\/uploads\/sites\/5\/2024\/09\/201911light-bulb-984551-1280-1.jpg","contentUrl":"https:\/\/vosgesinfo.fr\/app\/uploads\/sites\/5\/2024\/09\/201911light-bulb-984551-1280-1.jpg","width":1280,"height":720},{"@type":"BreadcrumbList","@id":"https:\/\/vosgesinfo.fr\/remiremontinfo\/2019\/11\/situation-de-regie-delectricite-municipalite-de-bresse-repond\/#breadcrumb","itemListElement":[{"@type":"ListItem","position":1,"name":"Home","item":"https:\/\/vosgesinfo.fr\/remiremontinfo\/"},{"@type":"ListItem","position":2,"name":"Situation de la r\u00e9gie d\u2019\u00e9lectricit\u00e9 : la municipalit\u00e9 de La Bresse r\u00e9pond"}]},{"@type":"WebSite","@id":"https:\/\/vosgesinfo.fr\/remiremontinfo\/#website","url":"https:\/\/vosgesinfo.fr\/remiremontinfo\/","name":"Remiremont Info","description":"Toute l&#039;actualit\u00e9 de Remiremont","publisher":{"@id":"https:\/\/vosgesinfo.fr\/remiremontinfo\/#organization"},"alternateName":"Toute l'actualit\u00e9 de Remiremont","potentialAction":[{"@type":"SearchAction","target":{"@type":"EntryPoint","urlTemplate":"https:\/\/vosgesinfo.fr\/remiremontinfo\/?s={search_term_string}"},"query-input":"required name=search_term_string"}],"inLanguage":"fr-FR"},{"@type":"Organization","@id":"https:\/\/vosgesinfo.fr\/remiremontinfo\/#organization","name":"Remiremont Info","url":"https:\/\/vosgesinfo.fr\/remiremontinfo\/","logo":{"@type":"ImageObject","inLanguage":"fr-FR","@id":"https:\/\/vosgesinfo.fr\/remiremontinfo\/#\/schema\/logo\/image\/","url":"https:\/\/vosgesinfo.fr\/app\/uploads\/sites\/5\/2023\/08\/favicon-remiremontinfo.png","contentUrl":"https:\/\/vosgesinfo.fr\/app\/uploads\/sites\/5\/2023\/08\/favicon-remiremontinfo.png","width":512,"height":512,"caption":"Remiremont Info"},"image":{"@id":"https:\/\/vosgesinfo.fr\/remiremontinfo\/#\/schema\/logo\/image\/"},"sameAs":["https:\/\/www.facebook.com\/remiremontinfo","https:\/\/x.com\/VosgesInfo88","https:\/\/www.youtube.com\/@vosgesinfo"]},{"@type":"Person","@id":"https:\/\/vosgesinfo.fr\/remiremontinfo\/#\/schema\/person\/3bfd164d5218a185b1db68655a265316","name":"C D","image":{"@type":"ImageObject","inLanguage":"fr-FR","@id":"https:\/\/vosgesinfo.fr\/remiremontinfo\/#\/schema\/person\/image\/","url":"https:\/\/secure.gravatar.com\/avatar\/1f9a70007336511a47468b8f1c66f922b8b7cf617b02a31149ada43893a5d48f?s=96&d=mm&r=g","contentUrl":"https:\/\/secure.gravatar.com\/avatar\/1f9a70007336511a47468b8f1c66f922b8b7cf617b02a31149ada43893a5d48f?s=96&d=mm&r=g","caption":"C D"},"url":"https:\/\/vosgesinfo.fr\/remiremontinfo\/author\/cedric-drevet\/"}]}},"_links":{"self":[{"href":"https:\/\/vosgesinfo.fr\/remiremontinfo\/wp-json\/wp\/v2\/posts\/22365","targetHints":{"allow":["GET"]}}],"collection":[{"href":"https:\/\/vosgesinfo.fr\/remiremontinfo\/wp-json\/wp\/v2\/posts"}],"about":[{"href":"https:\/\/vosgesinfo.fr\/remiremontinfo\/wp-json\/wp\/v2\/types\/post"}],"author":[{"embeddable":true,"href":"https:\/\/vosgesinfo.fr\/remiremontinfo\/wp-json\/wp\/v2\/users\/407"}],"replies":[{"embeddable":true,"href":"https:\/\/vosgesinfo.fr\/remiremontinfo\/wp-json\/wp\/v2\/comments?post=22365"}],"version-history":[{"count":0,"href":"https:\/\/vosgesinfo.fr\/remiremontinfo\/wp-json\/wp\/v2\/posts\/22365\/revisions"}],"wp:featuredmedia":[{"embeddable":true,"href":"https:\/\/vosgesinfo.fr\/remiremontinfo\/wp-json\/wp\/v2\/media\/22366"}],"wp:attachment":[{"href":"https:\/\/vosgesinfo.fr\/remiremontinfo\/wp-json\/wp\/v2\/media?parent=22365"}],"wp:term":[{"taxonomy":"category","embeddable":true,"href":"https:\/\/vosgesinfo.fr\/remiremontinfo\/wp-json\/wp\/v2\/categories?post=22365"},{"taxonomy":"post_tag","embeddable":true,"href":"https:\/\/vosgesinfo.fr\/remiremontinfo\/wp-json\/wp\/v2\/tags?post=22365"}],"curies":[{"name":"wp","href":"https:\/\/api.w.org\/{rel}","templated":true}]}}