{"id":22623,"date":"2019-11-12T08:20:16","date_gmt":"2019-11-12T07:20:16","guid":{"rendered":"https:\/\/vosgesinfo.fr\/remiremontinfo\/2019\/11\/pluie-vent-neige-coup-de-froid-vosges-a-partir-de-jeudi\/"},"modified":"2019-11-12T08:20:16","modified_gmt":"2019-11-12T07:20:16","slug":"pluie-vent-neige-coup-de-froid-vosges-a-partir-de-jeudi","status":"publish","type":"post","link":"https:\/\/vosgesinfo.fr\/remiremontinfo\/2019\/11\/pluie-vent-neige-coup-de-froid-vosges-a-partir-de-jeudi\/","title":{"rendered":"Pluie, vent et neige : coup de froid sur les Vosges \u00e0 partir de jeudi"},"content":{"rendered":"<h2><a href=\"\/2019\/11\/Capture-d\u2019e\u0301cran-2019-11-12-a\u0300-12.23.20.png\"><img decoding=\"async\" class=\"alignnone size-large wp-image-272490\" src=\"\/2019\/11\/Capture-d\u2019e\u0301cran-2019-11-12-a\u0300-12.23.20-1024x683.png\" alt=\"Capture d\u2019e\u0301cran 2019-11-12 a\u0300 12.23.20\" width=\"960\" height=\"640\" \/><\/a><\/h2>\n<h2><strong>M\u00e9t\u00e9o France annonce une semaine froide. En effet, le froid va s\u2019installer avec des temp\u00e9ratures glaciales, dignes d\u2019un mois de janvier, jeudi 14 novembre.\u00a0<\/strong><\/h2>\n<p>Sortez les \u00e9charpes, bonnets et gants, le froid est de retour dans les Vosges. Si le week-end a \u00e9t\u00e9 plut\u00f4t froid, des temp\u00e9ratures encore plus froides vous attendent dans les Vosges \u00e0 partir de jeudi. M\u00e9t\u00e9o France annonce de la neige en plaine. Il s\u2019agit d\u2019une \u00ab\u00a0masse d\u2019air polaire\u00a0\u00bb avec des temp\u00e9ratures en dessous des normales de saison, dignes d\u2019un mois de janvier.\u00a0\u00a0L\u2019effet du vent de nord accentuera cette impression de froid.<\/p>\n<p><strong>Lire la suite de l\u2019article ici :\u00a0<a href=\"https:\/\/epinalinfos.fr\/2019\/11\/pluie-vent-neige-coup-de-froid-vosges-a-partir-de-jeudi\/\" target=\"_blank\" rel=\"noopener\">https:\/\/epinalinfos.fr\/2019\/11\/pluie-vent-neige-coup-de-froid-vosges-a-partir-de-jeudi\/<\/a><\/strong><\/p>\n","protected":false},"excerpt":{"rendered":"<p>M\u00e9t\u00e9o France annonce une semaine froide. En effet, le froid va s\u2019installer avec des temp\u00e9ratures glaciales, dignes d\u2019un mois de [&hellip;]<\/p>\n","protected":false},"author":407,"featured_media":22624,"comment_status":"open","ping_status":"open","sticky":false,"template":"","format":"standard","meta":{"footnotes":""},"categories":[26,127,18],"tags":[],"class_list":["post-22623","post","type-post","status-publish","format-standard","has-post-thumbnail","hentry","category-a-la-une","category-meteo","category-vosges"],"acf":[],"yoast_head":"<!-- This site is optimized with the Yoast SEO plugin v22.5 - https:\/\/yoast.com\/wordpress\/plugins\/seo\/ -->\n<title>Pluie, vent et neige : coup de froid sur les Vosges \u00e0 partir de jeudi - Remiremont Info<\/title>\n<meta name=\"robots\" content=\"index, follow, max-snippet:-1, max-image-preview:large, max-video-preview:-1\" \/>\n<link rel=\"canonical\" href=\"https:\/\/vosgesinfo.fr\/remiremontinfo\/2019\/11\/pluie-vent-neige-coup-de-froid-vosges-a-partir-de-jeudi\/\" \/>\n<meta name=\"twitter:card\" content=\"summary_large_image\" \/>\n<meta name=\"twitter:title\" content=\"Pluie, vent et neige : coup de froid sur les Vosges \u00e0 partir de jeudi - Remiremont Info\" \/>\n<meta name=\"twitter:description\" content=\"M\u00e9t\u00e9o France annonce une semaine froide. En effet, le froid va s\u2019installer avec des temp\u00e9ratures glaciales, dignes d\u2019un mois de [&hellip;]\" \/>\n<meta name=\"twitter:image\" content=\"https:\/\/vosgesinfo.fr\/app\/uploads\/sites\/5\/2024\/09\/201911capture-decran-2019-11-12-a-12.23.20.png\" \/>\n<meta name=\"twitter:creator\" content=\"@VosgesInfo88\" \/>\n<meta name=\"twitter:site\" content=\"@VosgesInfo88\" \/>\n<meta name=\"twitter:label1\" content=\"\u00c9crit par\" \/>\n\t<meta name=\"twitter:data1\" content=\"C D\" \/>\n\t<meta name=\"twitter:label2\" content=\"Dur\u00e9e de lecture estim\u00e9e\" \/>\n\t<meta name=\"twitter:data2\" content=\"1 minute\" \/>\n<script type=\"application\/ld+json\" class=\"yoast-schema-graph\">{\"@context\":\"https:\/\/schema.org\",\"@graph\":[{\"@type\":\"Article\",\"@id\":\"https:\/\/vosgesinfo.fr\/remiremontinfo\/2019\/11\/pluie-vent-neige-coup-de-froid-vosges-a-partir-de-jeudi\/#article\",\"isPartOf\":{\"@id\":\"https:\/\/vosgesinfo.fr\/remiremontinfo\/2019\/11\/pluie-vent-neige-coup-de-froid-vosges-a-partir-de-jeudi\/\"},\"author\":{\"name\":\"C D\",\"@id\":\"https:\/\/vosgesinfo.fr\/remiremontinfo\/#\/schema\/person\/3bfd164d5218a185b1db68655a265316\"},\"headline\":\"Pluie, vent et neige : coup de froid sur les Vosges \u00e0 partir de jeudi\",\"datePublished\":\"2019-11-12T07:20:16+00:00\",\"dateModified\":\"2019-11-12T07:20:16+00:00\",\"mainEntityOfPage\":{\"@id\":\"https:\/\/vosgesinfo.fr\/remiremontinfo\/2019\/11\/pluie-vent-neige-coup-de-froid-vosges-a-partir-de-jeudi\/\"},\"wordCount\":134,\"commentCount\":0,\"publisher\":{\"@id\":\"https:\/\/vosgesinfo.fr\/remiremontinfo\/#organization\"},\"image\":{\"@id\":\"https:\/\/vosgesinfo.fr\/remiremontinfo\/2019\/11\/pluie-vent-neige-coup-de-froid-vosges-a-partir-de-jeudi\/#primaryimage\"},\"thumbnailUrl\":\"https:\/\/vosgesinfo.fr\/app\/uploads\/sites\/5\/2024\/09\/201911capture-decran-2019-11-12-a-12.23.20.png\",\"articleSection\":[\"A la Une\",\"M\u00e9t\u00e9o\",\"Vosges\"],\"inLanguage\":\"fr-FR\",\"potentialAction\":[{\"@type\":\"CommentAction\",\"name\":\"Comment\",\"target\":[\"https:\/\/vosgesinfo.fr\/remiremontinfo\/2019\/11\/pluie-vent-neige-coup-de-froid-vosges-a-partir-de-jeudi\/#respond\"]}]},{\"@type\":\"WebPage\",\"@id\":\"https:\/\/vosgesinfo.fr\/remiremontinfo\/2019\/11\/pluie-vent-neige-coup-de-froid-vosges-a-partir-de-jeudi\/\",\"url\":\"https:\/\/vosgesinfo.fr\/remiremontinfo\/2019\/11\/pluie-vent-neige-coup-de-froid-vosges-a-partir-de-jeudi\/\",\"name\":\"Pluie, vent et neige : coup de froid sur les Vosges \u00e0 partir de jeudi - Remiremont Info\",\"isPartOf\":{\"@id\":\"https:\/\/vosgesinfo.fr\/remiremontinfo\/#website\"},\"primaryImageOfPage\":{\"@id\":\"https:\/\/vosgesinfo.fr\/remiremontinfo\/2019\/11\/pluie-vent-neige-coup-de-froid-vosges-a-partir-de-jeudi\/#primaryimage\"},\"image\":{\"@id\":\"https:\/\/vosgesinfo.fr\/remiremontinfo\/2019\/11\/pluie-vent-neige-coup-de-froid-vosges-a-partir-de-jeudi\/#primaryimage\"},\"thumbnailUrl\":\"https:\/\/vosgesinfo.fr\/app\/uploads\/sites\/5\/2024\/09\/201911capture-decran-2019-11-12-a-12.23.20.png\",\"datePublished\":\"2019-11-12T07:20:16+00:00\",\"dateModified\":\"2019-11-12T07:20:16+00:00\",\"breadcrumb\":{\"@id\":\"https:\/\/vosgesinfo.fr\/remiremontinfo\/2019\/11\/pluie-vent-neige-coup-de-froid-vosges-a-partir-de-jeudi\/#breadcrumb\"},\"inLanguage\":\"fr-FR\",\"potentialAction\":[{\"@type\":\"ReadAction\",\"target\":[\"https:\/\/vosgesinfo.fr\/remiremontinfo\/2019\/11\/pluie-vent-neige-coup-de-froid-vosges-a-partir-de-jeudi\/\"]}]},{\"@type\":\"ImageObject\",\"inLanguage\":\"fr-FR\",\"@id\":\"https:\/\/vosgesinfo.fr\/remiremontinfo\/2019\/11\/pluie-vent-neige-coup-de-froid-vosges-a-partir-de-jeudi\/#primaryimage\",\"url\":\"https:\/\/vosgesinfo.fr\/app\/uploads\/sites\/5\/2024\/09\/201911capture-decran-2019-11-12-a-12.23.20.png\",\"contentUrl\":\"https:\/\/vosgesinfo.fr\/app\/uploads\/sites\/5\/2024\/09\/201911capture-decran-2019-11-12-a-12.23.20.png\",\"width\":1764,\"height\":1176},{\"@type\":\"BreadcrumbList\",\"@id\":\"https:\/\/vosgesinfo.fr\/remiremontinfo\/2019\/11\/pluie-vent-neige-coup-de-froid-vosges-a-partir-de-jeudi\/#breadcrumb\",\"itemListElement\":[{\"@type\":\"ListItem\",\"position\":1,\"name\":\"Home\",\"item\":\"https:\/\/vosgesinfo.fr\/remiremontinfo\/\"},{\"@type\":\"ListItem\",\"position\":2,\"name\":\"Pluie, vent et neige : coup de froid sur les Vosges \u00e0 partir de jeudi\"}]},{\"@type\":\"WebSite\",\"@id\":\"https:\/\/vosgesinfo.fr\/remiremontinfo\/#website\",\"url\":\"https:\/\/vosgesinfo.fr\/remiremontinfo\/\",\"name\":\"Remiremont Info\",\"description\":\"Toute l&#039;actualit\u00e9 de Remiremont\",\"publisher\":{\"@id\":\"https:\/\/vosgesinfo.fr\/remiremontinfo\/#organization\"},\"alternateName\":\"Toute l'actualit\u00e9 de Remiremont\",\"potentialAction\":[{\"@type\":\"SearchAction\",\"target\":{\"@type\":\"EntryPoint\",\"urlTemplate\":\"https:\/\/vosgesinfo.fr\/remiremontinfo\/?s={search_term_string}\"},\"query-input\":\"required name=search_term_string\"}],\"inLanguage\":\"fr-FR\"},{\"@type\":\"Organization\",\"@id\":\"https:\/\/vosgesinfo.fr\/remiremontinfo\/#organization\",\"name\":\"Remiremont Info\",\"url\":\"https:\/\/vosgesinfo.fr\/remiremontinfo\/\",\"logo\":{\"@type\":\"ImageObject\",\"inLanguage\":\"fr-FR\",\"@id\":\"https:\/\/vosgesinfo.fr\/remiremontinfo\/#\/schema\/logo\/image\/\",\"url\":\"https:\/\/vosgesinfo.fr\/app\/uploads\/sites\/5\/2023\/08\/favicon-remiremontinfo.png\",\"contentUrl\":\"https:\/\/vosgesinfo.fr\/app\/uploads\/sites\/5\/2023\/08\/favicon-remiremontinfo.png\",\"width\":512,\"height\":512,\"caption\":\"Remiremont Info\"},\"image\":{\"@id\":\"https:\/\/vosgesinfo.fr\/remiremontinfo\/#\/schema\/logo\/image\/\"},\"sameAs\":[\"https:\/\/www.facebook.com\/remiremontinfo\",\"https:\/\/x.com\/VosgesInfo88\",\"https:\/\/www.youtube.com\/@vosgesinfo\"]},{\"@type\":\"Person\",\"@id\":\"https:\/\/vosgesinfo.fr\/remiremontinfo\/#\/schema\/person\/3bfd164d5218a185b1db68655a265316\",\"name\":\"C D\",\"image\":{\"@type\":\"ImageObject\",\"inLanguage\":\"fr-FR\",\"@id\":\"https:\/\/vosgesinfo.fr\/remiremontinfo\/#\/schema\/person\/image\/\",\"url\":\"https:\/\/secure.gravatar.com\/avatar\/1f9a70007336511a47468b8f1c66f922b8b7cf617b02a31149ada43893a5d48f?s=96&d=mm&r=g\",\"contentUrl\":\"https:\/\/secure.gravatar.com\/avatar\/1f9a70007336511a47468b8f1c66f922b8b7cf617b02a31149ada43893a5d48f?s=96&d=mm&r=g\",\"caption\":\"C D\"},\"url\":\"https:\/\/vosgesinfo.fr\/remiremontinfo\/author\/cedric-drevet\/\"}]}<\/script>\n<!-- \/ Yoast SEO plugin. -->","yoast_head_json":{"title":"Pluie, vent et neige : coup de froid sur les Vosges \u00e0 partir de jeudi - Remiremont Info","robots":{"index":"index","follow":"follow","max-snippet":"max-snippet:-1","max-image-preview":"max-image-preview:large","max-video-preview":"max-video-preview:-1"},"canonical":"https:\/\/vosgesinfo.fr\/remiremontinfo\/2019\/11\/pluie-vent-neige-coup-de-froid-vosges-a-partir-de-jeudi\/","twitter_card":"summary_large_image","twitter_title":"Pluie, vent et neige : coup de froid sur les Vosges \u00e0 partir de jeudi - Remiremont Info","twitter_description":"M\u00e9t\u00e9o France annonce une semaine froide. En effet, le froid va s\u2019installer avec des temp\u00e9ratures glaciales, dignes d\u2019un mois de [&hellip;]","twitter_image":"https:\/\/vosgesinfo.fr\/app\/uploads\/sites\/5\/2024\/09\/201911capture-decran-2019-11-12-a-12.23.20.png","twitter_creator":"@VosgesInfo88","twitter_site":"@VosgesInfo88","twitter_misc":{"\u00c9crit par":"C D","Dur\u00e9e de lecture estim\u00e9e":"1 minute"},"schema":{"@context":"https:\/\/schema.org","@graph":[{"@type":"Article","@id":"https:\/\/vosgesinfo.fr\/remiremontinfo\/2019\/11\/pluie-vent-neige-coup-de-froid-vosges-a-partir-de-jeudi\/#article","isPartOf":{"@id":"https:\/\/vosgesinfo.fr\/remiremontinfo\/2019\/11\/pluie-vent-neige-coup-de-froid-vosges-a-partir-de-jeudi\/"},"author":{"name":"C D","@id":"https:\/\/vosgesinfo.fr\/remiremontinfo\/#\/schema\/person\/3bfd164d5218a185b1db68655a265316"},"headline":"Pluie, vent et neige : coup de froid sur les Vosges \u00e0 partir de jeudi","datePublished":"2019-11-12T07:20:16+00:00","dateModified":"2019-11-12T07:20:16+00:00","mainEntityOfPage":{"@id":"https:\/\/vosgesinfo.fr\/remiremontinfo\/2019\/11\/pluie-vent-neige-coup-de-froid-vosges-a-partir-de-jeudi\/"},"wordCount":134,"commentCount":0,"publisher":{"@id":"https:\/\/vosgesinfo.fr\/remiremontinfo\/#organization"},"image":{"@id":"https:\/\/vosgesinfo.fr\/remiremontinfo\/2019\/11\/pluie-vent-neige-coup-de-froid-vosges-a-partir-de-jeudi\/#primaryimage"},"thumbnailUrl":"https:\/\/vosgesinfo.fr\/app\/uploads\/sites\/5\/2024\/09\/201911capture-decran-2019-11-12-a-12.23.20.png","articleSection":["A la Une","M\u00e9t\u00e9o","Vosges"],"inLanguage":"fr-FR","potentialAction":[{"@type":"CommentAction","name":"Comment","target":["https:\/\/vosgesinfo.fr\/remiremontinfo\/2019\/11\/pluie-vent-neige-coup-de-froid-vosges-a-partir-de-jeudi\/#respond"]}]},{"@type":"WebPage","@id":"https:\/\/vosgesinfo.fr\/remiremontinfo\/2019\/11\/pluie-vent-neige-coup-de-froid-vosges-a-partir-de-jeudi\/","url":"https:\/\/vosgesinfo.fr\/remiremontinfo\/2019\/11\/pluie-vent-neige-coup-de-froid-vosges-a-partir-de-jeudi\/","name":"Pluie, vent et neige : coup de froid sur les Vosges \u00e0 partir de jeudi - Remiremont Info","isPartOf":{"@id":"https:\/\/vosgesinfo.fr\/remiremontinfo\/#website"},"primaryImageOfPage":{"@id":"https:\/\/vosgesinfo.fr\/remiremontinfo\/2019\/11\/pluie-vent-neige-coup-de-froid-vosges-a-partir-de-jeudi\/#primaryimage"},"image":{"@id":"https:\/\/vosgesinfo.fr\/remiremontinfo\/2019\/11\/pluie-vent-neige-coup-de-froid-vosges-a-partir-de-jeudi\/#primaryimage"},"thumbnailUrl":"https:\/\/vosgesinfo.fr\/app\/uploads\/sites\/5\/2024\/09\/201911capture-decran-2019-11-12-a-12.23.20.png","datePublished":"2019-11-12T07:20:16+00:00","dateModified":"2019-11-12T07:20:16+00:00","breadcrumb":{"@id":"https:\/\/vosgesinfo.fr\/remiremontinfo\/2019\/11\/pluie-vent-neige-coup-de-froid-vosges-a-partir-de-jeudi\/#breadcrumb"},"inLanguage":"fr-FR","potentialAction":[{"@type":"ReadAction","target":["https:\/\/vosgesinfo.fr\/remiremontinfo\/2019\/11\/pluie-vent-neige-coup-de-froid-vosges-a-partir-de-jeudi\/"]}]},{"@type":"ImageObject","inLanguage":"fr-FR","@id":"https:\/\/vosgesinfo.fr\/remiremontinfo\/2019\/11\/pluie-vent-neige-coup-de-froid-vosges-a-partir-de-jeudi\/#primaryimage","url":"https:\/\/vosgesinfo.fr\/app\/uploads\/sites\/5\/2024\/09\/201911capture-decran-2019-11-12-a-12.23.20.png","contentUrl":"https:\/\/vosgesinfo.fr\/app\/uploads\/sites\/5\/2024\/09\/201911capture-decran-2019-11-12-a-12.23.20.png","width":1764,"height":1176},{"@type":"BreadcrumbList","@id":"https:\/\/vosgesinfo.fr\/remiremontinfo\/2019\/11\/pluie-vent-neige-coup-de-froid-vosges-a-partir-de-jeudi\/#breadcrumb","itemListElement":[{"@type":"ListItem","position":1,"name":"Home","item":"https:\/\/vosgesinfo.fr\/remiremontinfo\/"},{"@type":"ListItem","position":2,"name":"Pluie, vent et neige : coup de froid sur les Vosges \u00e0 partir de jeudi"}]},{"@type":"WebSite","@id":"https:\/\/vosgesinfo.fr\/remiremontinfo\/#website","url":"https:\/\/vosgesinfo.fr\/remiremontinfo\/","name":"Remiremont Info","description":"Toute l&#039;actualit\u00e9 de Remiremont","publisher":{"@id":"https:\/\/vosgesinfo.fr\/remiremontinfo\/#organization"},"alternateName":"Toute l'actualit\u00e9 de Remiremont","potentialAction":[{"@type":"SearchAction","target":{"@type":"EntryPoint","urlTemplate":"https:\/\/vosgesinfo.fr\/remiremontinfo\/?s={search_term_string}"},"query-input":"required name=search_term_string"}],"inLanguage":"fr-FR"},{"@type":"Organization","@id":"https:\/\/vosgesinfo.fr\/remiremontinfo\/#organization","name":"Remiremont Info","url":"https:\/\/vosgesinfo.fr\/remiremontinfo\/","logo":{"@type":"ImageObject","inLanguage":"fr-FR","@id":"https:\/\/vosgesinfo.fr\/remiremontinfo\/#\/schema\/logo\/image\/","url":"https:\/\/vosgesinfo.fr\/app\/uploads\/sites\/5\/2023\/08\/favicon-remiremontinfo.png","contentUrl":"https:\/\/vosgesinfo.fr\/app\/uploads\/sites\/5\/2023\/08\/favicon-remiremontinfo.png","width":512,"height":512,"caption":"Remiremont Info"},"image":{"@id":"https:\/\/vosgesinfo.fr\/remiremontinfo\/#\/schema\/logo\/image\/"},"sameAs":["https:\/\/www.facebook.com\/remiremontinfo","https:\/\/x.com\/VosgesInfo88","https:\/\/www.youtube.com\/@vosgesinfo"]},{"@type":"Person","@id":"https:\/\/vosgesinfo.fr\/remiremontinfo\/#\/schema\/person\/3bfd164d5218a185b1db68655a265316","name":"C D","image":{"@type":"ImageObject","inLanguage":"fr-FR","@id":"https:\/\/vosgesinfo.fr\/remiremontinfo\/#\/schema\/person\/image\/","url":"https:\/\/secure.gravatar.com\/avatar\/1f9a70007336511a47468b8f1c66f922b8b7cf617b02a31149ada43893a5d48f?s=96&d=mm&r=g","contentUrl":"https:\/\/secure.gravatar.com\/avatar\/1f9a70007336511a47468b8f1c66f922b8b7cf617b02a31149ada43893a5d48f?s=96&d=mm&r=g","caption":"C D"},"url":"https:\/\/vosgesinfo.fr\/remiremontinfo\/author\/cedric-drevet\/"}]}},"_links":{"self":[{"href":"https:\/\/vosgesinfo.fr\/remiremontinfo\/wp-json\/wp\/v2\/posts\/22623","targetHints":{"allow":["GET"]}}],"collection":[{"href":"https:\/\/vosgesinfo.fr\/remiremontinfo\/wp-json\/wp\/v2\/posts"}],"about":[{"href":"https:\/\/vosgesinfo.fr\/remiremontinfo\/wp-json\/wp\/v2\/types\/post"}],"author":[{"embeddable":true,"href":"https:\/\/vosgesinfo.fr\/remiremontinfo\/wp-json\/wp\/v2\/users\/407"}],"replies":[{"embeddable":true,"href":"https:\/\/vosgesinfo.fr\/remiremontinfo\/wp-json\/wp\/v2\/comments?post=22623"}],"version-history":[{"count":0,"href":"https:\/\/vosgesinfo.fr\/remiremontinfo\/wp-json\/wp\/v2\/posts\/22623\/revisions"}],"wp:featuredmedia":[{"embeddable":true,"href":"https:\/\/vosgesinfo.fr\/remiremontinfo\/wp-json\/wp\/v2\/media\/22624"}],"wp:attachment":[{"href":"https:\/\/vosgesinfo.fr\/remiremontinfo\/wp-json\/wp\/v2\/media?parent=22623"}],"wp:term":[{"taxonomy":"category","embeddable":true,"href":"https:\/\/vosgesinfo.fr\/remiremontinfo\/wp-json\/wp\/v2\/categories?post=22623"},{"taxonomy":"post_tag","embeddable":true,"href":"https:\/\/vosgesinfo.fr\/remiremontinfo\/wp-json\/wp\/v2\/tags?post=22623"}],"curies":[{"name":"wp","href":"https:\/\/api.w.org\/{rel}","templated":true}]}}