{"id":22726,"date":"2019-11-16T10:23:01","date_gmt":"2019-11-16T09:23:01","guid":{"rendered":"https:\/\/vosgesinfo.fr\/remiremontinfo\/2019\/11\/salon-de-lartisanat-savoir-faire-ouvre-portes-centre-congres\/"},"modified":"2019-11-16T10:23:01","modified_gmt":"2019-11-16T09:23:01","slug":"salon-de-lartisanat-savoir-faire-ouvre-portes-centre-congres","status":"publish","type":"post","link":"https:\/\/vosgesinfo.fr\/remiremontinfo\/2019\/11\/salon-de-lartisanat-savoir-faire-ouvre-portes-centre-congres\/","title":{"rendered":"Le Salon de l\u2019Artisanat et du Savoir-Faire ouvre ses portes au Centre des Congr\u00e8s"},"content":{"rendered":"<h2><span style=\"font-size: 12pt;\"><strong>La 20\u00e8me \u00e9dition du Salon Art, Artisanat et Savoir-Faire\u00a0ouvre ses portes ce matin au Centre des Congr\u00e8s de Remiremont. Des<\/strong><strong> cr\u00e9ateurs professionnels et amateurs du Grand Est sont r\u00e9unis pour pr\u00e9senter leurs cr\u00e9ations. <\/strong><\/span><\/h2>\n<p>Le Salon Art, Artisanat et Savoir-faire vous convie\u00a0ce samedi et ce dimanche\u00a0de 10h \u00e0 19h au Palais des Congr\u00e8s de Remiremont. Chaque exposant pr\u00e9sent sur le salon a \u00e9t\u00e9 s\u00e9lectionn\u00e9 pour la production artisanale avant tout, mais aussi pour l\u2019originalit\u00e9 et la cr\u00e9ativit\u00e9. Isabelle Debras, styliste verrier, est l\u2019invit\u00e9e d\u2019honneur 2019 !<\/p>\n<p>\u00c0 d\u00e9couvrir, entre autres : sculpteur sur bronze, encadreur d\u2019art, marqueteur de paille, dentelli\u00e8res aux fuseaux, artistes peintres, graveur sur verre, cr\u00e9ateurs de bijoux, de lampes et luminaires, tapissiers en si\u00e8ge et ameublement, artisans africains, sp\u00e9cialistes du relooking de meubles, de maroquinerie et couture, r\u00e9parateur d\u2019horloges anciennes.<\/p>\n<p>A l&rsquo;approche des f\u00eates de No\u00ebl, c&rsquo;est le lieu id\u00e9al pour faire des cadeaux, et aussi pour trouver une cr\u00e8che originale. Oriel Victorine pr\u00e9sente diff\u00e9rents mod\u00e8les de\u00a0sc\u00e8ne de la nativit\u00e9 sculpt\u00e9es en bois en provenance de Madagascar. Danielle Beugnette expose une cr\u00e8che fabriqu\u00e9e en dentelle aux fuseaux. Enfin, V\u00e9ronique Garcia propose des cr\u00e9ations originales dans des oeufs !<\/p>\n\n","protected":false},"excerpt":{"rendered":"<p>La 20\u00e8me \u00e9dition du Salon Art, Artisanat et Savoir-Faire\u00a0ouvre ses portes ce matin au Centre des Congr\u00e8s de Remiremont. Des [&hellip;]<\/p>\n","protected":false},"author":407,"featured_media":0,"comment_status":"open","ping_status":"open","sticky":false,"template":"","format":"standard","meta":{"footnotes":""},"categories":[26,4,54,1556,35],"tags":[],"class_list":["post-22726","post","type-post","status-publish","format-standard","hentry","category-a-la-une","category-culture","category-loisirs","category-remiremont-remiremont-son-canton-2","category-remiremont-son-canton"],"acf":[],"yoast_head":"<!-- This site is optimized with the Yoast SEO plugin v22.5 - https:\/\/yoast.com\/wordpress\/plugins\/seo\/ -->\n<title>Le Salon de l\u2019Artisanat et du Savoir-Faire ouvre ses portes au Centre des Congr\u00e8s - Remiremont Info<\/title>\n<meta name=\"robots\" content=\"index, follow, max-snippet:-1, max-image-preview:large, max-video-preview:-1\" \/>\n<link rel=\"canonical\" href=\"https:\/\/vosgesinfo.fr\/remiremontinfo\/2019\/11\/salon-de-lartisanat-savoir-faire-ouvre-portes-centre-congres\/\" \/>\n<meta name=\"twitter:card\" content=\"summary_large_image\" \/>\n<meta name=\"twitter:title\" content=\"Le Salon de l\u2019Artisanat et du Savoir-Faire ouvre ses portes au Centre des Congr\u00e8s - Remiremont Info\" \/>\n<meta name=\"twitter:description\" content=\"La 20\u00e8me \u00e9dition du Salon Art, Artisanat et Savoir-Faire\u00a0ouvre ses portes ce matin au Centre des Congr\u00e8s de Remiremont. Des [&hellip;]\" \/>\n<meta name=\"twitter:creator\" content=\"@VosgesInfo88\" \/>\n<meta name=\"twitter:site\" content=\"@VosgesInfo88\" \/>\n<meta name=\"twitter:label1\" content=\"\u00c9crit par\" \/>\n\t<meta name=\"twitter:data1\" content=\"C D\" \/>\n\t<meta name=\"twitter:label2\" content=\"Dur\u00e9e de lecture estim\u00e9e\" \/>\n\t<meta name=\"twitter:data2\" content=\"1 minute\" \/>\n<script type=\"application\/ld+json\" class=\"yoast-schema-graph\">{\"@context\":\"https:\/\/schema.org\",\"@graph\":[{\"@type\":\"Article\",\"@id\":\"https:\/\/vosgesinfo.fr\/remiremontinfo\/2019\/11\/salon-de-lartisanat-savoir-faire-ouvre-portes-centre-congres\/#article\",\"isPartOf\":{\"@id\":\"https:\/\/vosgesinfo.fr\/remiremontinfo\/2019\/11\/salon-de-lartisanat-savoir-faire-ouvre-portes-centre-congres\/\"},\"author\":{\"name\":\"C D\",\"@id\":\"https:\/\/vosgesinfo.fr\/remiremontinfo\/#\/schema\/person\/3bfd164d5218a185b1db68655a265316\"},\"headline\":\"Le Salon de l\u2019Artisanat et du Savoir-Faire ouvre ses portes au Centre des Congr\u00e8s\",\"datePublished\":\"2019-11-16T09:23:01+00:00\",\"dateModified\":\"2019-11-16T09:23:01+00:00\",\"mainEntityOfPage\":{\"@id\":\"https:\/\/vosgesinfo.fr\/remiremontinfo\/2019\/11\/salon-de-lartisanat-savoir-faire-ouvre-portes-centre-congres\/\"},\"wordCount\":248,\"commentCount\":0,\"publisher\":{\"@id\":\"https:\/\/vosgesinfo.fr\/remiremontinfo\/#organization\"},\"articleSection\":[\"A la Une\",\"Culture\",\"Loisirs\",\"Remiremont\",\"Remiremont &amp; son canton\"],\"inLanguage\":\"fr-FR\",\"potentialAction\":[{\"@type\":\"CommentAction\",\"name\":\"Comment\",\"target\":[\"https:\/\/vosgesinfo.fr\/remiremontinfo\/2019\/11\/salon-de-lartisanat-savoir-faire-ouvre-portes-centre-congres\/#respond\"]}]},{\"@type\":\"WebPage\",\"@id\":\"https:\/\/vosgesinfo.fr\/remiremontinfo\/2019\/11\/salon-de-lartisanat-savoir-faire-ouvre-portes-centre-congres\/\",\"url\":\"https:\/\/vosgesinfo.fr\/remiremontinfo\/2019\/11\/salon-de-lartisanat-savoir-faire-ouvre-portes-centre-congres\/\",\"name\":\"Le Salon de l\u2019Artisanat et du Savoir-Faire ouvre ses portes au Centre des Congr\u00e8s - Remiremont Info\",\"isPartOf\":{\"@id\":\"https:\/\/vosgesinfo.fr\/remiremontinfo\/#website\"},\"datePublished\":\"2019-11-16T09:23:01+00:00\",\"dateModified\":\"2019-11-16T09:23:01+00:00\",\"breadcrumb\":{\"@id\":\"https:\/\/vosgesinfo.fr\/remiremontinfo\/2019\/11\/salon-de-lartisanat-savoir-faire-ouvre-portes-centre-congres\/#breadcrumb\"},\"inLanguage\":\"fr-FR\",\"potentialAction\":[{\"@type\":\"ReadAction\",\"target\":[\"https:\/\/vosgesinfo.fr\/remiremontinfo\/2019\/11\/salon-de-lartisanat-savoir-faire-ouvre-portes-centre-congres\/\"]}]},{\"@type\":\"BreadcrumbList\",\"@id\":\"https:\/\/vosgesinfo.fr\/remiremontinfo\/2019\/11\/salon-de-lartisanat-savoir-faire-ouvre-portes-centre-congres\/#breadcrumb\",\"itemListElement\":[{\"@type\":\"ListItem\",\"position\":1,\"name\":\"Home\",\"item\":\"https:\/\/vosgesinfo.fr\/remiremontinfo\/\"},{\"@type\":\"ListItem\",\"position\":2,\"name\":\"Le Salon de l\u2019Artisanat et du Savoir-Faire ouvre ses portes au Centre des Congr\u00e8s\"}]},{\"@type\":\"WebSite\",\"@id\":\"https:\/\/vosgesinfo.fr\/remiremontinfo\/#website\",\"url\":\"https:\/\/vosgesinfo.fr\/remiremontinfo\/\",\"name\":\"Remiremont Info\",\"description\":\"Toute l&#039;actualit\u00e9 de Remiremont\",\"publisher\":{\"@id\":\"https:\/\/vosgesinfo.fr\/remiremontinfo\/#organization\"},\"alternateName\":\"Toute l'actualit\u00e9 de Remiremont\",\"potentialAction\":[{\"@type\":\"SearchAction\",\"target\":{\"@type\":\"EntryPoint\",\"urlTemplate\":\"https:\/\/vosgesinfo.fr\/remiremontinfo\/?s={search_term_string}\"},\"query-input\":\"required name=search_term_string\"}],\"inLanguage\":\"fr-FR\"},{\"@type\":\"Organization\",\"@id\":\"https:\/\/vosgesinfo.fr\/remiremontinfo\/#organization\",\"name\":\"Remiremont Info\",\"url\":\"https:\/\/vosgesinfo.fr\/remiremontinfo\/\",\"logo\":{\"@type\":\"ImageObject\",\"inLanguage\":\"fr-FR\",\"@id\":\"https:\/\/vosgesinfo.fr\/remiremontinfo\/#\/schema\/logo\/image\/\",\"url\":\"https:\/\/vosgesinfo.fr\/app\/uploads\/sites\/5\/2023\/08\/favicon-remiremontinfo.png\",\"contentUrl\":\"https:\/\/vosgesinfo.fr\/app\/uploads\/sites\/5\/2023\/08\/favicon-remiremontinfo.png\",\"width\":512,\"height\":512,\"caption\":\"Remiremont Info\"},\"image\":{\"@id\":\"https:\/\/vosgesinfo.fr\/remiremontinfo\/#\/schema\/logo\/image\/\"},\"sameAs\":[\"https:\/\/www.facebook.com\/remiremontinfo\",\"https:\/\/x.com\/VosgesInfo88\",\"https:\/\/www.youtube.com\/@vosgesinfo\"]},{\"@type\":\"Person\",\"@id\":\"https:\/\/vosgesinfo.fr\/remiremontinfo\/#\/schema\/person\/3bfd164d5218a185b1db68655a265316\",\"name\":\"C D\",\"image\":{\"@type\":\"ImageObject\",\"inLanguage\":\"fr-FR\",\"@id\":\"https:\/\/vosgesinfo.fr\/remiremontinfo\/#\/schema\/person\/image\/\",\"url\":\"https:\/\/secure.gravatar.com\/avatar\/1f9a70007336511a47468b8f1c66f922b8b7cf617b02a31149ada43893a5d48f?s=96&d=mm&r=g\",\"contentUrl\":\"https:\/\/secure.gravatar.com\/avatar\/1f9a70007336511a47468b8f1c66f922b8b7cf617b02a31149ada43893a5d48f?s=96&d=mm&r=g\",\"caption\":\"C D\"},\"url\":\"https:\/\/vosgesinfo.fr\/remiremontinfo\/author\/cedric-drevet\/\"}]}<\/script>\n<!-- \/ Yoast SEO plugin. -->","yoast_head_json":{"title":"Le Salon de l\u2019Artisanat et du Savoir-Faire ouvre ses portes au Centre des Congr\u00e8s - Remiremont Info","robots":{"index":"index","follow":"follow","max-snippet":"max-snippet:-1","max-image-preview":"max-image-preview:large","max-video-preview":"max-video-preview:-1"},"canonical":"https:\/\/vosgesinfo.fr\/remiremontinfo\/2019\/11\/salon-de-lartisanat-savoir-faire-ouvre-portes-centre-congres\/","twitter_card":"summary_large_image","twitter_title":"Le Salon de l\u2019Artisanat et du Savoir-Faire ouvre ses portes au Centre des Congr\u00e8s - Remiremont Info","twitter_description":"La 20\u00e8me \u00e9dition du Salon Art, Artisanat et Savoir-Faire\u00a0ouvre ses portes ce matin au Centre des Congr\u00e8s de Remiremont. Des [&hellip;]","twitter_creator":"@VosgesInfo88","twitter_site":"@VosgesInfo88","twitter_misc":{"\u00c9crit par":"C D","Dur\u00e9e de lecture estim\u00e9e":"1 minute"},"schema":{"@context":"https:\/\/schema.org","@graph":[{"@type":"Article","@id":"https:\/\/vosgesinfo.fr\/remiremontinfo\/2019\/11\/salon-de-lartisanat-savoir-faire-ouvre-portes-centre-congres\/#article","isPartOf":{"@id":"https:\/\/vosgesinfo.fr\/remiremontinfo\/2019\/11\/salon-de-lartisanat-savoir-faire-ouvre-portes-centre-congres\/"},"author":{"name":"C D","@id":"https:\/\/vosgesinfo.fr\/remiremontinfo\/#\/schema\/person\/3bfd164d5218a185b1db68655a265316"},"headline":"Le Salon de l\u2019Artisanat et du Savoir-Faire ouvre ses portes au Centre des Congr\u00e8s","datePublished":"2019-11-16T09:23:01+00:00","dateModified":"2019-11-16T09:23:01+00:00","mainEntityOfPage":{"@id":"https:\/\/vosgesinfo.fr\/remiremontinfo\/2019\/11\/salon-de-lartisanat-savoir-faire-ouvre-portes-centre-congres\/"},"wordCount":248,"commentCount":0,"publisher":{"@id":"https:\/\/vosgesinfo.fr\/remiremontinfo\/#organization"},"articleSection":["A la Une","Culture","Loisirs","Remiremont","Remiremont &amp; son canton"],"inLanguage":"fr-FR","potentialAction":[{"@type":"CommentAction","name":"Comment","target":["https:\/\/vosgesinfo.fr\/remiremontinfo\/2019\/11\/salon-de-lartisanat-savoir-faire-ouvre-portes-centre-congres\/#respond"]}]},{"@type":"WebPage","@id":"https:\/\/vosgesinfo.fr\/remiremontinfo\/2019\/11\/salon-de-lartisanat-savoir-faire-ouvre-portes-centre-congres\/","url":"https:\/\/vosgesinfo.fr\/remiremontinfo\/2019\/11\/salon-de-lartisanat-savoir-faire-ouvre-portes-centre-congres\/","name":"Le Salon de l\u2019Artisanat et du Savoir-Faire ouvre ses portes au Centre des Congr\u00e8s - Remiremont Info","isPartOf":{"@id":"https:\/\/vosgesinfo.fr\/remiremontinfo\/#website"},"datePublished":"2019-11-16T09:23:01+00:00","dateModified":"2019-11-16T09:23:01+00:00","breadcrumb":{"@id":"https:\/\/vosgesinfo.fr\/remiremontinfo\/2019\/11\/salon-de-lartisanat-savoir-faire-ouvre-portes-centre-congres\/#breadcrumb"},"inLanguage":"fr-FR","potentialAction":[{"@type":"ReadAction","target":["https:\/\/vosgesinfo.fr\/remiremontinfo\/2019\/11\/salon-de-lartisanat-savoir-faire-ouvre-portes-centre-congres\/"]}]},{"@type":"BreadcrumbList","@id":"https:\/\/vosgesinfo.fr\/remiremontinfo\/2019\/11\/salon-de-lartisanat-savoir-faire-ouvre-portes-centre-congres\/#breadcrumb","itemListElement":[{"@type":"ListItem","position":1,"name":"Home","item":"https:\/\/vosgesinfo.fr\/remiremontinfo\/"},{"@type":"ListItem","position":2,"name":"Le Salon de l\u2019Artisanat et du Savoir-Faire ouvre ses portes au Centre des Congr\u00e8s"}]},{"@type":"WebSite","@id":"https:\/\/vosgesinfo.fr\/remiremontinfo\/#website","url":"https:\/\/vosgesinfo.fr\/remiremontinfo\/","name":"Remiremont Info","description":"Toute l&#039;actualit\u00e9 de Remiremont","publisher":{"@id":"https:\/\/vosgesinfo.fr\/remiremontinfo\/#organization"},"alternateName":"Toute l'actualit\u00e9 de Remiremont","potentialAction":[{"@type":"SearchAction","target":{"@type":"EntryPoint","urlTemplate":"https:\/\/vosgesinfo.fr\/remiremontinfo\/?s={search_term_string}"},"query-input":"required name=search_term_string"}],"inLanguage":"fr-FR"},{"@type":"Organization","@id":"https:\/\/vosgesinfo.fr\/remiremontinfo\/#organization","name":"Remiremont Info","url":"https:\/\/vosgesinfo.fr\/remiremontinfo\/","logo":{"@type":"ImageObject","inLanguage":"fr-FR","@id":"https:\/\/vosgesinfo.fr\/remiremontinfo\/#\/schema\/logo\/image\/","url":"https:\/\/vosgesinfo.fr\/app\/uploads\/sites\/5\/2023\/08\/favicon-remiremontinfo.png","contentUrl":"https:\/\/vosgesinfo.fr\/app\/uploads\/sites\/5\/2023\/08\/favicon-remiremontinfo.png","width":512,"height":512,"caption":"Remiremont Info"},"image":{"@id":"https:\/\/vosgesinfo.fr\/remiremontinfo\/#\/schema\/logo\/image\/"},"sameAs":["https:\/\/www.facebook.com\/remiremontinfo","https:\/\/x.com\/VosgesInfo88","https:\/\/www.youtube.com\/@vosgesinfo"]},{"@type":"Person","@id":"https:\/\/vosgesinfo.fr\/remiremontinfo\/#\/schema\/person\/3bfd164d5218a185b1db68655a265316","name":"C D","image":{"@type":"ImageObject","inLanguage":"fr-FR","@id":"https:\/\/vosgesinfo.fr\/remiremontinfo\/#\/schema\/person\/image\/","url":"https:\/\/secure.gravatar.com\/avatar\/1f9a70007336511a47468b8f1c66f922b8b7cf617b02a31149ada43893a5d48f?s=96&d=mm&r=g","contentUrl":"https:\/\/secure.gravatar.com\/avatar\/1f9a70007336511a47468b8f1c66f922b8b7cf617b02a31149ada43893a5d48f?s=96&d=mm&r=g","caption":"C D"},"url":"https:\/\/vosgesinfo.fr\/remiremontinfo\/author\/cedric-drevet\/"}]}},"_links":{"self":[{"href":"https:\/\/vosgesinfo.fr\/remiremontinfo\/wp-json\/wp\/v2\/posts\/22726","targetHints":{"allow":["GET"]}}],"collection":[{"href":"https:\/\/vosgesinfo.fr\/remiremontinfo\/wp-json\/wp\/v2\/posts"}],"about":[{"href":"https:\/\/vosgesinfo.fr\/remiremontinfo\/wp-json\/wp\/v2\/types\/post"}],"author":[{"embeddable":true,"href":"https:\/\/vosgesinfo.fr\/remiremontinfo\/wp-json\/wp\/v2\/users\/407"}],"replies":[{"embeddable":true,"href":"https:\/\/vosgesinfo.fr\/remiremontinfo\/wp-json\/wp\/v2\/comments?post=22726"}],"version-history":[{"count":0,"href":"https:\/\/vosgesinfo.fr\/remiremontinfo\/wp-json\/wp\/v2\/posts\/22726\/revisions"}],"wp:attachment":[{"href":"https:\/\/vosgesinfo.fr\/remiremontinfo\/wp-json\/wp\/v2\/media?parent=22726"}],"wp:term":[{"taxonomy":"category","embeddable":true,"href":"https:\/\/vosgesinfo.fr\/remiremontinfo\/wp-json\/wp\/v2\/categories?post=22726"},{"taxonomy":"post_tag","embeddable":true,"href":"https:\/\/vosgesinfo.fr\/remiremontinfo\/wp-json\/wp\/v2\/tags?post=22726"}],"curies":[{"name":"wp","href":"https:\/\/api.w.org\/{rel}","templated":true}]}}