{"id":22745,"date":"2019-11-16T11:05:42","date_gmt":"2019-11-16T10:05:42","guid":{"rendered":"https:\/\/vosgesinfo.fr\/remiremontinfo\/2019\/11\/vosges-directeur-departemental-territoires-vosges-yann-dacquay-quitte-departement\/"},"modified":"2019-11-16T11:05:42","modified_gmt":"2019-11-16T10:05:42","slug":"vosges-directeur-departemental-territoires-vosges-yann-dacquay-quitte-departement","status":"publish","type":"post","link":"https:\/\/vosgesinfo.fr\/remiremontinfo\/2019\/11\/vosges-directeur-departemental-territoires-vosges-yann-dacquay-quitte-departement\/","title":{"rendered":"Vosges : le Directeur D\u00e9partemental des Territoires des Vosges, Yann Dacquay, quitte le d\u00e9partement"},"content":{"rendered":"<p><a href=\"\/2019\/11\/73358355_2247274982235104_1506506512611147776_o.jpg\"><img decoding=\"async\" class=\"alignnone size-full wp-image-272708\" src=\"\/2019\/11\/73358355_2247274982235104_1506506512611147776_o.jpg\" alt=\"73358355_2247274982235104_1506506512611147776_o\" width=\"959\" height=\"640\" \/><\/a><\/p>\n<h2><strong>Pierre ORY, Pr\u00e9fet des Vosges, a rendu hommage ce vendredi soir dans les Salons de l\u2019H\u00f4tel de la Pr\u00e9fecture \u00e0 Yann DACQUAY, qui a occup\u00e9 les fonctions de Directeur D\u00e9partemental des Territoires des Vosges depuis 2015.<\/strong><\/h2>\n<p>Ce fut l\u2019occasion pour le Pr\u00e9fet de saluer son engagement dans la mise en \u0153uvre des politiques publiques relevant de la comp\u00e9tence de la direction dont il avait la charge, mais \u00e9galement dans l\u2019appui qu\u2019il a su faire apporter par ses services aux collectivit\u00e9s.<br \/>\nAppel\u00e9 vers les fonctions de Directeur D\u00e9partemental des Territoires de la Meurthe-et-Moselle, Yann DACQUAY laissera dans les Vosges le souvenir d\u2019un directeur tr\u00e8s investi dans ses missions.<\/p>\n","protected":false},"excerpt":{"rendered":"<p>Pierre ORY, Pr\u00e9fet des Vosges, a rendu hommage ce vendredi soir dans les Salons de l\u2019H\u00f4tel de la Pr\u00e9fecture \u00e0 [&hellip;]<\/p>\n","protected":false},"author":407,"featured_media":22746,"comment_status":"open","ping_status":"open","sticky":false,"template":"","format":"standard","meta":{"footnotes":""},"categories":[26,10,18],"tags":[],"class_list":["post-22745","post","type-post","status-publish","format-standard","has-post-thumbnail","hentry","category-a-la-une","category-politique","category-vosges"],"acf":[],"yoast_head":"<!-- This site is optimized with the Yoast SEO plugin v22.5 - https:\/\/yoast.com\/wordpress\/plugins\/seo\/ -->\n<title>Vosges : le Directeur D\u00e9partemental des Territoires des Vosges, Yann Dacquay, quitte le d\u00e9partement - Remiremont Info<\/title>\n<meta name=\"robots\" content=\"index, follow, max-snippet:-1, max-image-preview:large, max-video-preview:-1\" \/>\n<link rel=\"canonical\" href=\"https:\/\/vosgesinfo.fr\/remiremontinfo\/2019\/11\/vosges-directeur-departemental-territoires-vosges-yann-dacquay-quitte-departement\/\" \/>\n<meta name=\"twitter:card\" content=\"summary_large_image\" \/>\n<meta name=\"twitter:title\" content=\"Vosges : le Directeur D\u00e9partemental des Territoires des Vosges, Yann Dacquay, quitte le d\u00e9partement - Remiremont Info\" \/>\n<meta name=\"twitter:description\" content=\"Pierre ORY, Pr\u00e9fet des Vosges, a rendu hommage ce vendredi soir dans les Salons de l\u2019H\u00f4tel de la Pr\u00e9fecture \u00e0 [&hellip;]\" \/>\n<meta name=\"twitter:image\" content=\"https:\/\/vosgesinfo.fr\/app\/uploads\/sites\/5\/2024\/09\/20191173358355-2247274982235104-1506506512611147776-o.jpg\" \/>\n<meta name=\"twitter:creator\" content=\"@VosgesInfo88\" \/>\n<meta name=\"twitter:site\" content=\"@VosgesInfo88\" \/>\n<meta name=\"twitter:label1\" content=\"\u00c9crit par\" \/>\n\t<meta name=\"twitter:data1\" content=\"C D\" \/>\n\t<meta name=\"twitter:label2\" content=\"Dur\u00e9e de lecture estim\u00e9e\" \/>\n\t<meta name=\"twitter:data2\" content=\"1 minute\" \/>\n<script type=\"application\/ld+json\" class=\"yoast-schema-graph\">{\"@context\":\"https:\/\/schema.org\",\"@graph\":[{\"@type\":\"Article\",\"@id\":\"https:\/\/vosgesinfo.fr\/remiremontinfo\/2019\/11\/vosges-directeur-departemental-territoires-vosges-yann-dacquay-quitte-departement\/#article\",\"isPartOf\":{\"@id\":\"https:\/\/vosgesinfo.fr\/remiremontinfo\/2019\/11\/vosges-directeur-departemental-territoires-vosges-yann-dacquay-quitte-departement\/\"},\"author\":{\"name\":\"C D\",\"@id\":\"https:\/\/vosgesinfo.fr\/remiremontinfo\/#\/schema\/person\/3bfd164d5218a185b1db68655a265316\"},\"headline\":\"Vosges : le Directeur D\u00e9partemental des Territoires des Vosges, Yann Dacquay, quitte le d\u00e9partement\",\"datePublished\":\"2019-11-16T10:05:42+00:00\",\"dateModified\":\"2019-11-16T10:05:42+00:00\",\"mainEntityOfPage\":{\"@id\":\"https:\/\/vosgesinfo.fr\/remiremontinfo\/2019\/11\/vosges-directeur-departemental-territoires-vosges-yann-dacquay-quitte-departement\/\"},\"wordCount\":134,\"commentCount\":0,\"publisher\":{\"@id\":\"https:\/\/vosgesinfo.fr\/remiremontinfo\/#organization\"},\"image\":{\"@id\":\"https:\/\/vosgesinfo.fr\/remiremontinfo\/2019\/11\/vosges-directeur-departemental-territoires-vosges-yann-dacquay-quitte-departement\/#primaryimage\"},\"thumbnailUrl\":\"https:\/\/vosgesinfo.fr\/app\/uploads\/sites\/5\/2024\/09\/20191173358355-2247274982235104-1506506512611147776-o.jpg\",\"articleSection\":[\"A la Une\",\"Politique\",\"Vosges\"],\"inLanguage\":\"fr-FR\",\"potentialAction\":[{\"@type\":\"CommentAction\",\"name\":\"Comment\",\"target\":[\"https:\/\/vosgesinfo.fr\/remiremontinfo\/2019\/11\/vosges-directeur-departemental-territoires-vosges-yann-dacquay-quitte-departement\/#respond\"]}]},{\"@type\":\"WebPage\",\"@id\":\"https:\/\/vosgesinfo.fr\/remiremontinfo\/2019\/11\/vosges-directeur-departemental-territoires-vosges-yann-dacquay-quitte-departement\/\",\"url\":\"https:\/\/vosgesinfo.fr\/remiremontinfo\/2019\/11\/vosges-directeur-departemental-territoires-vosges-yann-dacquay-quitte-departement\/\",\"name\":\"Vosges : le Directeur D\u00e9partemental des Territoires des Vosges, Yann Dacquay, quitte le d\u00e9partement - Remiremont Info\",\"isPartOf\":{\"@id\":\"https:\/\/vosgesinfo.fr\/remiremontinfo\/#website\"},\"primaryImageOfPage\":{\"@id\":\"https:\/\/vosgesinfo.fr\/remiremontinfo\/2019\/11\/vosges-directeur-departemental-territoires-vosges-yann-dacquay-quitte-departement\/#primaryimage\"},\"image\":{\"@id\":\"https:\/\/vosgesinfo.fr\/remiremontinfo\/2019\/11\/vosges-directeur-departemental-territoires-vosges-yann-dacquay-quitte-departement\/#primaryimage\"},\"thumbnailUrl\":\"https:\/\/vosgesinfo.fr\/app\/uploads\/sites\/5\/2024\/09\/20191173358355-2247274982235104-1506506512611147776-o.jpg\",\"datePublished\":\"2019-11-16T10:05:42+00:00\",\"dateModified\":\"2019-11-16T10:05:42+00:00\",\"breadcrumb\":{\"@id\":\"https:\/\/vosgesinfo.fr\/remiremontinfo\/2019\/11\/vosges-directeur-departemental-territoires-vosges-yann-dacquay-quitte-departement\/#breadcrumb\"},\"inLanguage\":\"fr-FR\",\"potentialAction\":[{\"@type\":\"ReadAction\",\"target\":[\"https:\/\/vosgesinfo.fr\/remiremontinfo\/2019\/11\/vosges-directeur-departemental-territoires-vosges-yann-dacquay-quitte-departement\/\"]}]},{\"@type\":\"ImageObject\",\"inLanguage\":\"fr-FR\",\"@id\":\"https:\/\/vosgesinfo.fr\/remiremontinfo\/2019\/11\/vosges-directeur-departemental-territoires-vosges-yann-dacquay-quitte-departement\/#primaryimage\",\"url\":\"https:\/\/vosgesinfo.fr\/app\/uploads\/sites\/5\/2024\/09\/20191173358355-2247274982235104-1506506512611147776-o.jpg\",\"contentUrl\":\"https:\/\/vosgesinfo.fr\/app\/uploads\/sites\/5\/2024\/09\/20191173358355-2247274982235104-1506506512611147776-o.jpg\",\"width\":959,\"height\":640},{\"@type\":\"BreadcrumbList\",\"@id\":\"https:\/\/vosgesinfo.fr\/remiremontinfo\/2019\/11\/vosges-directeur-departemental-territoires-vosges-yann-dacquay-quitte-departement\/#breadcrumb\",\"itemListElement\":[{\"@type\":\"ListItem\",\"position\":1,\"name\":\"Home\",\"item\":\"https:\/\/vosgesinfo.fr\/remiremontinfo\/\"},{\"@type\":\"ListItem\",\"position\":2,\"name\":\"Vosges : le Directeur D\u00e9partemental des Territoires des Vosges, Yann Dacquay, quitte le d\u00e9partement\"}]},{\"@type\":\"WebSite\",\"@id\":\"https:\/\/vosgesinfo.fr\/remiremontinfo\/#website\",\"url\":\"https:\/\/vosgesinfo.fr\/remiremontinfo\/\",\"name\":\"Remiremont Info\",\"description\":\"Toute l&#039;actualit\u00e9 de Remiremont\",\"publisher\":{\"@id\":\"https:\/\/vosgesinfo.fr\/remiremontinfo\/#organization\"},\"alternateName\":\"Toute l'actualit\u00e9 de Remiremont\",\"potentialAction\":[{\"@type\":\"SearchAction\",\"target\":{\"@type\":\"EntryPoint\",\"urlTemplate\":\"https:\/\/vosgesinfo.fr\/remiremontinfo\/?s={search_term_string}\"},\"query-input\":\"required name=search_term_string\"}],\"inLanguage\":\"fr-FR\"},{\"@type\":\"Organization\",\"@id\":\"https:\/\/vosgesinfo.fr\/remiremontinfo\/#organization\",\"name\":\"Remiremont Info\",\"url\":\"https:\/\/vosgesinfo.fr\/remiremontinfo\/\",\"logo\":{\"@type\":\"ImageObject\",\"inLanguage\":\"fr-FR\",\"@id\":\"https:\/\/vosgesinfo.fr\/remiremontinfo\/#\/schema\/logo\/image\/\",\"url\":\"https:\/\/vosgesinfo.fr\/app\/uploads\/sites\/5\/2023\/08\/favicon-remiremontinfo.png\",\"contentUrl\":\"https:\/\/vosgesinfo.fr\/app\/uploads\/sites\/5\/2023\/08\/favicon-remiremontinfo.png\",\"width\":512,\"height\":512,\"caption\":\"Remiremont Info\"},\"image\":{\"@id\":\"https:\/\/vosgesinfo.fr\/remiremontinfo\/#\/schema\/logo\/image\/\"},\"sameAs\":[\"https:\/\/www.facebook.com\/remiremontinfo\",\"https:\/\/x.com\/VosgesInfo88\",\"https:\/\/www.youtube.com\/@vosgesinfo\"]},{\"@type\":\"Person\",\"@id\":\"https:\/\/vosgesinfo.fr\/remiremontinfo\/#\/schema\/person\/3bfd164d5218a185b1db68655a265316\",\"name\":\"C D\",\"image\":{\"@type\":\"ImageObject\",\"inLanguage\":\"fr-FR\",\"@id\":\"https:\/\/vosgesinfo.fr\/remiremontinfo\/#\/schema\/person\/image\/\",\"url\":\"https:\/\/secure.gravatar.com\/avatar\/1f9a70007336511a47468b8f1c66f922b8b7cf617b02a31149ada43893a5d48f?s=96&d=mm&r=g\",\"contentUrl\":\"https:\/\/secure.gravatar.com\/avatar\/1f9a70007336511a47468b8f1c66f922b8b7cf617b02a31149ada43893a5d48f?s=96&d=mm&r=g\",\"caption\":\"C D\"},\"url\":\"https:\/\/vosgesinfo.fr\/remiremontinfo\/author\/cedric-drevet\/\"}]}<\/script>\n<!-- \/ Yoast SEO plugin. -->","yoast_head_json":{"title":"Vosges : le Directeur D\u00e9partemental des Territoires des Vosges, Yann Dacquay, quitte le d\u00e9partement - Remiremont Info","robots":{"index":"index","follow":"follow","max-snippet":"max-snippet:-1","max-image-preview":"max-image-preview:large","max-video-preview":"max-video-preview:-1"},"canonical":"https:\/\/vosgesinfo.fr\/remiremontinfo\/2019\/11\/vosges-directeur-departemental-territoires-vosges-yann-dacquay-quitte-departement\/","twitter_card":"summary_large_image","twitter_title":"Vosges : le Directeur D\u00e9partemental des Territoires des Vosges, Yann Dacquay, quitte le d\u00e9partement - Remiremont Info","twitter_description":"Pierre ORY, Pr\u00e9fet des Vosges, a rendu hommage ce vendredi soir dans les Salons de l\u2019H\u00f4tel de la Pr\u00e9fecture \u00e0 [&hellip;]","twitter_image":"https:\/\/vosgesinfo.fr\/app\/uploads\/sites\/5\/2024\/09\/20191173358355-2247274982235104-1506506512611147776-o.jpg","twitter_creator":"@VosgesInfo88","twitter_site":"@VosgesInfo88","twitter_misc":{"\u00c9crit par":"C D","Dur\u00e9e de lecture estim\u00e9e":"1 minute"},"schema":{"@context":"https:\/\/schema.org","@graph":[{"@type":"Article","@id":"https:\/\/vosgesinfo.fr\/remiremontinfo\/2019\/11\/vosges-directeur-departemental-territoires-vosges-yann-dacquay-quitte-departement\/#article","isPartOf":{"@id":"https:\/\/vosgesinfo.fr\/remiremontinfo\/2019\/11\/vosges-directeur-departemental-territoires-vosges-yann-dacquay-quitte-departement\/"},"author":{"name":"C D","@id":"https:\/\/vosgesinfo.fr\/remiremontinfo\/#\/schema\/person\/3bfd164d5218a185b1db68655a265316"},"headline":"Vosges : le Directeur D\u00e9partemental des Territoires des Vosges, Yann Dacquay, quitte le d\u00e9partement","datePublished":"2019-11-16T10:05:42+00:00","dateModified":"2019-11-16T10:05:42+00:00","mainEntityOfPage":{"@id":"https:\/\/vosgesinfo.fr\/remiremontinfo\/2019\/11\/vosges-directeur-departemental-territoires-vosges-yann-dacquay-quitte-departement\/"},"wordCount":134,"commentCount":0,"publisher":{"@id":"https:\/\/vosgesinfo.fr\/remiremontinfo\/#organization"},"image":{"@id":"https:\/\/vosgesinfo.fr\/remiremontinfo\/2019\/11\/vosges-directeur-departemental-territoires-vosges-yann-dacquay-quitte-departement\/#primaryimage"},"thumbnailUrl":"https:\/\/vosgesinfo.fr\/app\/uploads\/sites\/5\/2024\/09\/20191173358355-2247274982235104-1506506512611147776-o.jpg","articleSection":["A la Une","Politique","Vosges"],"inLanguage":"fr-FR","potentialAction":[{"@type":"CommentAction","name":"Comment","target":["https:\/\/vosgesinfo.fr\/remiremontinfo\/2019\/11\/vosges-directeur-departemental-territoires-vosges-yann-dacquay-quitte-departement\/#respond"]}]},{"@type":"WebPage","@id":"https:\/\/vosgesinfo.fr\/remiremontinfo\/2019\/11\/vosges-directeur-departemental-territoires-vosges-yann-dacquay-quitte-departement\/","url":"https:\/\/vosgesinfo.fr\/remiremontinfo\/2019\/11\/vosges-directeur-departemental-territoires-vosges-yann-dacquay-quitte-departement\/","name":"Vosges : le Directeur D\u00e9partemental des Territoires des Vosges, Yann Dacquay, quitte le d\u00e9partement - Remiremont Info","isPartOf":{"@id":"https:\/\/vosgesinfo.fr\/remiremontinfo\/#website"},"primaryImageOfPage":{"@id":"https:\/\/vosgesinfo.fr\/remiremontinfo\/2019\/11\/vosges-directeur-departemental-territoires-vosges-yann-dacquay-quitte-departement\/#primaryimage"},"image":{"@id":"https:\/\/vosgesinfo.fr\/remiremontinfo\/2019\/11\/vosges-directeur-departemental-territoires-vosges-yann-dacquay-quitte-departement\/#primaryimage"},"thumbnailUrl":"https:\/\/vosgesinfo.fr\/app\/uploads\/sites\/5\/2024\/09\/20191173358355-2247274982235104-1506506512611147776-o.jpg","datePublished":"2019-11-16T10:05:42+00:00","dateModified":"2019-11-16T10:05:42+00:00","breadcrumb":{"@id":"https:\/\/vosgesinfo.fr\/remiremontinfo\/2019\/11\/vosges-directeur-departemental-territoires-vosges-yann-dacquay-quitte-departement\/#breadcrumb"},"inLanguage":"fr-FR","potentialAction":[{"@type":"ReadAction","target":["https:\/\/vosgesinfo.fr\/remiremontinfo\/2019\/11\/vosges-directeur-departemental-territoires-vosges-yann-dacquay-quitte-departement\/"]}]},{"@type":"ImageObject","inLanguage":"fr-FR","@id":"https:\/\/vosgesinfo.fr\/remiremontinfo\/2019\/11\/vosges-directeur-departemental-territoires-vosges-yann-dacquay-quitte-departement\/#primaryimage","url":"https:\/\/vosgesinfo.fr\/app\/uploads\/sites\/5\/2024\/09\/20191173358355-2247274982235104-1506506512611147776-o.jpg","contentUrl":"https:\/\/vosgesinfo.fr\/app\/uploads\/sites\/5\/2024\/09\/20191173358355-2247274982235104-1506506512611147776-o.jpg","width":959,"height":640},{"@type":"BreadcrumbList","@id":"https:\/\/vosgesinfo.fr\/remiremontinfo\/2019\/11\/vosges-directeur-departemental-territoires-vosges-yann-dacquay-quitte-departement\/#breadcrumb","itemListElement":[{"@type":"ListItem","position":1,"name":"Home","item":"https:\/\/vosgesinfo.fr\/remiremontinfo\/"},{"@type":"ListItem","position":2,"name":"Vosges : le Directeur D\u00e9partemental des Territoires des Vosges, Yann Dacquay, quitte le d\u00e9partement"}]},{"@type":"WebSite","@id":"https:\/\/vosgesinfo.fr\/remiremontinfo\/#website","url":"https:\/\/vosgesinfo.fr\/remiremontinfo\/","name":"Remiremont Info","description":"Toute l&#039;actualit\u00e9 de Remiremont","publisher":{"@id":"https:\/\/vosgesinfo.fr\/remiremontinfo\/#organization"},"alternateName":"Toute l'actualit\u00e9 de Remiremont","potentialAction":[{"@type":"SearchAction","target":{"@type":"EntryPoint","urlTemplate":"https:\/\/vosgesinfo.fr\/remiremontinfo\/?s={search_term_string}"},"query-input":"required name=search_term_string"}],"inLanguage":"fr-FR"},{"@type":"Organization","@id":"https:\/\/vosgesinfo.fr\/remiremontinfo\/#organization","name":"Remiremont Info","url":"https:\/\/vosgesinfo.fr\/remiremontinfo\/","logo":{"@type":"ImageObject","inLanguage":"fr-FR","@id":"https:\/\/vosgesinfo.fr\/remiremontinfo\/#\/schema\/logo\/image\/","url":"https:\/\/vosgesinfo.fr\/app\/uploads\/sites\/5\/2023\/08\/favicon-remiremontinfo.png","contentUrl":"https:\/\/vosgesinfo.fr\/app\/uploads\/sites\/5\/2023\/08\/favicon-remiremontinfo.png","width":512,"height":512,"caption":"Remiremont Info"},"image":{"@id":"https:\/\/vosgesinfo.fr\/remiremontinfo\/#\/schema\/logo\/image\/"},"sameAs":["https:\/\/www.facebook.com\/remiremontinfo","https:\/\/x.com\/VosgesInfo88","https:\/\/www.youtube.com\/@vosgesinfo"]},{"@type":"Person","@id":"https:\/\/vosgesinfo.fr\/remiremontinfo\/#\/schema\/person\/3bfd164d5218a185b1db68655a265316","name":"C D","image":{"@type":"ImageObject","inLanguage":"fr-FR","@id":"https:\/\/vosgesinfo.fr\/remiremontinfo\/#\/schema\/person\/image\/","url":"https:\/\/secure.gravatar.com\/avatar\/1f9a70007336511a47468b8f1c66f922b8b7cf617b02a31149ada43893a5d48f?s=96&d=mm&r=g","contentUrl":"https:\/\/secure.gravatar.com\/avatar\/1f9a70007336511a47468b8f1c66f922b8b7cf617b02a31149ada43893a5d48f?s=96&d=mm&r=g","caption":"C D"},"url":"https:\/\/vosgesinfo.fr\/remiremontinfo\/author\/cedric-drevet\/"}]}},"_links":{"self":[{"href":"https:\/\/vosgesinfo.fr\/remiremontinfo\/wp-json\/wp\/v2\/posts\/22745","targetHints":{"allow":["GET"]}}],"collection":[{"href":"https:\/\/vosgesinfo.fr\/remiremontinfo\/wp-json\/wp\/v2\/posts"}],"about":[{"href":"https:\/\/vosgesinfo.fr\/remiremontinfo\/wp-json\/wp\/v2\/types\/post"}],"author":[{"embeddable":true,"href":"https:\/\/vosgesinfo.fr\/remiremontinfo\/wp-json\/wp\/v2\/users\/407"}],"replies":[{"embeddable":true,"href":"https:\/\/vosgesinfo.fr\/remiremontinfo\/wp-json\/wp\/v2\/comments?post=22745"}],"version-history":[{"count":0,"href":"https:\/\/vosgesinfo.fr\/remiremontinfo\/wp-json\/wp\/v2\/posts\/22745\/revisions"}],"wp:featuredmedia":[{"embeddable":true,"href":"https:\/\/vosgesinfo.fr\/remiremontinfo\/wp-json\/wp\/v2\/media\/22746"}],"wp:attachment":[{"href":"https:\/\/vosgesinfo.fr\/remiremontinfo\/wp-json\/wp\/v2\/media?parent=22745"}],"wp:term":[{"taxonomy":"category","embeddable":true,"href":"https:\/\/vosgesinfo.fr\/remiremontinfo\/wp-json\/wp\/v2\/categories?post=22745"},{"taxonomy":"post_tag","embeddable":true,"href":"https:\/\/vosgesinfo.fr\/remiremontinfo\/wp-json\/wp\/v2\/tags?post=22745"}],"curies":[{"name":"wp","href":"https:\/\/api.w.org\/{rel}","templated":true}]}}