{"id":22846,"date":"2019-11-20T10:51:13","date_gmt":"2019-11-20T09:51:13","guid":{"rendered":"https:\/\/vosgesinfo.fr\/remiremontinfo\/2019\/11\/4-selectionnes-coupe-monde-nordique-massif-vosges\/"},"modified":"2019-11-20T10:51:13","modified_gmt":"2019-11-20T09:51:13","slug":"4-selectionnes-coupe-monde-nordique-massif-vosges","status":"publish","type":"post","link":"https:\/\/vosgesinfo.fr\/remiremontinfo\/2019\/11\/4-selectionnes-coupe-monde-nordique-massif-vosges\/","title":{"rendered":"4 s\u00e9lectionn\u00e9s en Coupe du Monde pour le Nordique du Massif des Vosges"},"content":{"rendered":"\n<p><strong>\u00a0<\/strong><\/p>\n<p><strong>Les premi\u00e8res Coupes du Monde<\/strong>\u00a0vont d\u00e9buter pour les disciplines Nordiques et d\u00e9j\u00e0 nos TOPS athl\u00e8tes du Massif r\u00e9pondent pr\u00e9sents sur ces 1\u00e8res s\u00e9lections :<\/p>\n<p>En\u00a0<strong>ski de fond et combin\u00e9 nordique<\/strong>, les \u00e9preuves d\u00e9butent du 29 novembre au 1er d\u00e9cembre\u00a0<strong>\u00e0 Ruka en Finlande<\/strong>\u00a0avec:<\/p>\n<p>Adrien\u00a0<strong>BACKSCHEIDER<\/strong>\u00a0(AS GSN) en ski de fond<\/p>\n<p>Antoine\u00a0<strong>GERARD<\/strong>\u00a0(US Ventron) et Lilian\u00a0<strong>VAXELAIRE<\/strong>\u00a0(SC Xonrupt) en combin\u00e9 Nordique<\/p>\n<p>le circuit<strong>\u00a0Biathlon<\/strong>\u00a0d\u00e9butera du 30 nov au 8 d\u00e9cembre\u00a0\u00a0 du c\u00f4t\u00e9 d&rsquo;<strong>Ostersund en Su\u00e8de<\/strong>\u00a0avec:<\/p>\n<p>Fabien\u00a0<strong>CLAUDE<\/strong>\u00a0(Basse\/Rupt SN)<\/p>\n<p>Fin novembre , il y aura aussi le petit fr\u00e8re Claude : Emilien qui d\u00e9butera en IBUcup en Norv\u00e8ge du c\u00f4t\u00e9 de Susjoen et Delphine Claudel en ski de fond sur des comp\u00e9titions FIS en suisse<\/p>\n<p>Tandis que les jeunes athl\u00e8tes du CIE pr\u00e9parent les premiers\u00a0 RDV nationaux pour essayer d&rsquo;accrocher une s\u00e9lection pour les JOJ (Jeux Olympiques de la Jeunesse qui auront lieu en janvier \u00e0 Lausanne) et Championats du MOnde juniors<\/p>\n<p>Bravo \u00e0 tous et\u00a0 toutes ! et on leur\u00a0 souhaite un tr\u00e8s bon d\u00e9but de saison&#8230;<\/p>\n<p><em>A.VAXELAIRE<\/em><\/p>\n<p><em>CTS ski nordique<\/em><\/p>\n","protected":false},"excerpt":{"rendered":"<p>\u00a0 Les premi\u00e8res Coupes du Monde\u00a0vont d\u00e9buter pour les disciplines Nordiques et d\u00e9j\u00e0 nos TOPS athl\u00e8tes du Massif r\u00e9pondent pr\u00e9sents [&hellip;]<\/p>\n","protected":false},"author":407,"featured_media":22847,"comment_status":"open","ping_status":"open","sticky":false,"template":"","format":"standard","meta":{"footnotes":""},"categories":[26,14,18],"tags":[],"class_list":["post-22846","post","type-post","status-publish","format-standard","has-post-thumbnail","hentry","category-a-la-une","category-sport","category-vosges"],"acf":[],"yoast_head":"<!-- This site is optimized with the Yoast SEO plugin v22.5 - https:\/\/yoast.com\/wordpress\/plugins\/seo\/ -->\n<title>4 s\u00e9lectionn\u00e9s en Coupe du Monde pour le Nordique du Massif des Vosges - Remiremont Info<\/title>\n<meta name=\"robots\" content=\"index, follow, max-snippet:-1, max-image-preview:large, max-video-preview:-1\" \/>\n<link rel=\"canonical\" href=\"https:\/\/vosgesinfo.fr\/remiremontinfo\/2019\/11\/4-selectionnes-coupe-monde-nordique-massif-vosges\/\" \/>\n<meta name=\"twitter:card\" content=\"summary_large_image\" \/>\n<meta name=\"twitter:title\" content=\"4 s\u00e9lectionn\u00e9s en Coupe du Monde pour le Nordique du Massif des Vosges - Remiremont Info\" \/>\n<meta name=\"twitter:description\" content=\"\u00a0 Les premi\u00e8res Coupes du Monde\u00a0vont d\u00e9buter pour les disciplines Nordiques et d\u00e9j\u00e0 nos TOPS athl\u00e8tes du Massif r\u00e9pondent pr\u00e9sents [&hellip;]\" \/>\n<meta name=\"twitter:image\" content=\"https:\/\/vosgesinfo.fr\/app\/uploads\/sites\/5\/2024\/09\/201911capture-decran-2019-11-20-a-11.49.46.png\" \/>\n<meta name=\"twitter:creator\" content=\"@VosgesInfo88\" \/>\n<meta name=\"twitter:site\" content=\"@VosgesInfo88\" \/>\n<meta name=\"twitter:label1\" content=\"\u00c9crit par\" \/>\n\t<meta name=\"twitter:data1\" content=\"C D\" \/>\n\t<meta name=\"twitter:label2\" content=\"Dur\u00e9e de lecture estim\u00e9e\" \/>\n\t<meta name=\"twitter:data2\" content=\"1 minute\" \/>\n<script type=\"application\/ld+json\" class=\"yoast-schema-graph\">{\"@context\":\"https:\/\/schema.org\",\"@graph\":[{\"@type\":\"Article\",\"@id\":\"https:\/\/vosgesinfo.fr\/remiremontinfo\/2019\/11\/4-selectionnes-coupe-monde-nordique-massif-vosges\/#article\",\"isPartOf\":{\"@id\":\"https:\/\/vosgesinfo.fr\/remiremontinfo\/2019\/11\/4-selectionnes-coupe-monde-nordique-massif-vosges\/\"},\"author\":{\"name\":\"C D\",\"@id\":\"https:\/\/vosgesinfo.fr\/remiremontinfo\/#\/schema\/person\/3bfd164d5218a185b1db68655a265316\"},\"headline\":\"4 s\u00e9lectionn\u00e9s en Coupe du Monde pour le Nordique du Massif des Vosges\",\"datePublished\":\"2019-11-20T09:51:13+00:00\",\"dateModified\":\"2019-11-20T09:51:13+00:00\",\"mainEntityOfPage\":{\"@id\":\"https:\/\/vosgesinfo.fr\/remiremontinfo\/2019\/11\/4-selectionnes-coupe-monde-nordique-massif-vosges\/\"},\"wordCount\":218,\"commentCount\":0,\"publisher\":{\"@id\":\"https:\/\/vosgesinfo.fr\/remiremontinfo\/#organization\"},\"image\":{\"@id\":\"https:\/\/vosgesinfo.fr\/remiremontinfo\/2019\/11\/4-selectionnes-coupe-monde-nordique-massif-vosges\/#primaryimage\"},\"thumbnailUrl\":\"https:\/\/vosgesinfo.fr\/app\/uploads\/sites\/5\/2024\/09\/201911capture-decran-2019-11-20-a-11.49.46.png\",\"articleSection\":[\"A la Une\",\"Sport\",\"Vosges\"],\"inLanguage\":\"fr-FR\",\"potentialAction\":[{\"@type\":\"CommentAction\",\"name\":\"Comment\",\"target\":[\"https:\/\/vosgesinfo.fr\/remiremontinfo\/2019\/11\/4-selectionnes-coupe-monde-nordique-massif-vosges\/#respond\"]}]},{\"@type\":\"WebPage\",\"@id\":\"https:\/\/vosgesinfo.fr\/remiremontinfo\/2019\/11\/4-selectionnes-coupe-monde-nordique-massif-vosges\/\",\"url\":\"https:\/\/vosgesinfo.fr\/remiremontinfo\/2019\/11\/4-selectionnes-coupe-monde-nordique-massif-vosges\/\",\"name\":\"4 s\u00e9lectionn\u00e9s en Coupe du Monde pour le Nordique du Massif des Vosges - Remiremont Info\",\"isPartOf\":{\"@id\":\"https:\/\/vosgesinfo.fr\/remiremontinfo\/#website\"},\"primaryImageOfPage\":{\"@id\":\"https:\/\/vosgesinfo.fr\/remiremontinfo\/2019\/11\/4-selectionnes-coupe-monde-nordique-massif-vosges\/#primaryimage\"},\"image\":{\"@id\":\"https:\/\/vosgesinfo.fr\/remiremontinfo\/2019\/11\/4-selectionnes-coupe-monde-nordique-massif-vosges\/#primaryimage\"},\"thumbnailUrl\":\"https:\/\/vosgesinfo.fr\/app\/uploads\/sites\/5\/2024\/09\/201911capture-decran-2019-11-20-a-11.49.46.png\",\"datePublished\":\"2019-11-20T09:51:13+00:00\",\"dateModified\":\"2019-11-20T09:51:13+00:00\",\"breadcrumb\":{\"@id\":\"https:\/\/vosgesinfo.fr\/remiremontinfo\/2019\/11\/4-selectionnes-coupe-monde-nordique-massif-vosges\/#breadcrumb\"},\"inLanguage\":\"fr-FR\",\"potentialAction\":[{\"@type\":\"ReadAction\",\"target\":[\"https:\/\/vosgesinfo.fr\/remiremontinfo\/2019\/11\/4-selectionnes-coupe-monde-nordique-massif-vosges\/\"]}]},{\"@type\":\"ImageObject\",\"inLanguage\":\"fr-FR\",\"@id\":\"https:\/\/vosgesinfo.fr\/remiremontinfo\/2019\/11\/4-selectionnes-coupe-monde-nordique-massif-vosges\/#primaryimage\",\"url\":\"https:\/\/vosgesinfo.fr\/app\/uploads\/sites\/5\/2024\/09\/201911capture-decran-2019-11-20-a-11.49.46.png\",\"contentUrl\":\"https:\/\/vosgesinfo.fr\/app\/uploads\/sites\/5\/2024\/09\/201911capture-decran-2019-11-20-a-11.49.46.png\",\"width\":1400,\"height\":928},{\"@type\":\"BreadcrumbList\",\"@id\":\"https:\/\/vosgesinfo.fr\/remiremontinfo\/2019\/11\/4-selectionnes-coupe-monde-nordique-massif-vosges\/#breadcrumb\",\"itemListElement\":[{\"@type\":\"ListItem\",\"position\":1,\"name\":\"Home\",\"item\":\"https:\/\/vosgesinfo.fr\/remiremontinfo\/\"},{\"@type\":\"ListItem\",\"position\":2,\"name\":\"4 s\u00e9lectionn\u00e9s en Coupe du Monde pour le Nordique du Massif des Vosges\"}]},{\"@type\":\"WebSite\",\"@id\":\"https:\/\/vosgesinfo.fr\/remiremontinfo\/#website\",\"url\":\"https:\/\/vosgesinfo.fr\/remiremontinfo\/\",\"name\":\"Remiremont Info\",\"description\":\"Toute l&#039;actualit\u00e9 de Remiremont\",\"publisher\":{\"@id\":\"https:\/\/vosgesinfo.fr\/remiremontinfo\/#organization\"},\"alternateName\":\"Toute l'actualit\u00e9 de Remiremont\",\"potentialAction\":[{\"@type\":\"SearchAction\",\"target\":{\"@type\":\"EntryPoint\",\"urlTemplate\":\"https:\/\/vosgesinfo.fr\/remiremontinfo\/?s={search_term_string}\"},\"query-input\":\"required name=search_term_string\"}],\"inLanguage\":\"fr-FR\"},{\"@type\":\"Organization\",\"@id\":\"https:\/\/vosgesinfo.fr\/remiremontinfo\/#organization\",\"name\":\"Remiremont Info\",\"url\":\"https:\/\/vosgesinfo.fr\/remiremontinfo\/\",\"logo\":{\"@type\":\"ImageObject\",\"inLanguage\":\"fr-FR\",\"@id\":\"https:\/\/vosgesinfo.fr\/remiremontinfo\/#\/schema\/logo\/image\/\",\"url\":\"https:\/\/vosgesinfo.fr\/app\/uploads\/sites\/5\/2023\/08\/favicon-remiremontinfo.png\",\"contentUrl\":\"https:\/\/vosgesinfo.fr\/app\/uploads\/sites\/5\/2023\/08\/favicon-remiremontinfo.png\",\"width\":512,\"height\":512,\"caption\":\"Remiremont Info\"},\"image\":{\"@id\":\"https:\/\/vosgesinfo.fr\/remiremontinfo\/#\/schema\/logo\/image\/\"},\"sameAs\":[\"https:\/\/www.facebook.com\/remiremontinfo\",\"https:\/\/x.com\/VosgesInfo88\",\"https:\/\/www.youtube.com\/@vosgesinfo\"]},{\"@type\":\"Person\",\"@id\":\"https:\/\/vosgesinfo.fr\/remiremontinfo\/#\/schema\/person\/3bfd164d5218a185b1db68655a265316\",\"name\":\"C D\",\"image\":{\"@type\":\"ImageObject\",\"inLanguage\":\"fr-FR\",\"@id\":\"https:\/\/vosgesinfo.fr\/remiremontinfo\/#\/schema\/person\/image\/\",\"url\":\"https:\/\/secure.gravatar.com\/avatar\/1f9a70007336511a47468b8f1c66f922b8b7cf617b02a31149ada43893a5d48f?s=96&d=mm&r=g\",\"contentUrl\":\"https:\/\/secure.gravatar.com\/avatar\/1f9a70007336511a47468b8f1c66f922b8b7cf617b02a31149ada43893a5d48f?s=96&d=mm&r=g\",\"caption\":\"C D\"},\"url\":\"https:\/\/vosgesinfo.fr\/remiremontinfo\/author\/cedric-drevet\/\"}]}<\/script>\n<!-- \/ Yoast SEO plugin. -->","yoast_head_json":{"title":"4 s\u00e9lectionn\u00e9s en Coupe du Monde pour le Nordique du Massif des Vosges - Remiremont Info","robots":{"index":"index","follow":"follow","max-snippet":"max-snippet:-1","max-image-preview":"max-image-preview:large","max-video-preview":"max-video-preview:-1"},"canonical":"https:\/\/vosgesinfo.fr\/remiremontinfo\/2019\/11\/4-selectionnes-coupe-monde-nordique-massif-vosges\/","twitter_card":"summary_large_image","twitter_title":"4 s\u00e9lectionn\u00e9s en Coupe du Monde pour le Nordique du Massif des Vosges - Remiremont Info","twitter_description":"\u00a0 Les premi\u00e8res Coupes du Monde\u00a0vont d\u00e9buter pour les disciplines Nordiques et d\u00e9j\u00e0 nos TOPS athl\u00e8tes du Massif r\u00e9pondent pr\u00e9sents [&hellip;]","twitter_image":"https:\/\/vosgesinfo.fr\/app\/uploads\/sites\/5\/2024\/09\/201911capture-decran-2019-11-20-a-11.49.46.png","twitter_creator":"@VosgesInfo88","twitter_site":"@VosgesInfo88","twitter_misc":{"\u00c9crit par":"C D","Dur\u00e9e de lecture estim\u00e9e":"1 minute"},"schema":{"@context":"https:\/\/schema.org","@graph":[{"@type":"Article","@id":"https:\/\/vosgesinfo.fr\/remiremontinfo\/2019\/11\/4-selectionnes-coupe-monde-nordique-massif-vosges\/#article","isPartOf":{"@id":"https:\/\/vosgesinfo.fr\/remiremontinfo\/2019\/11\/4-selectionnes-coupe-monde-nordique-massif-vosges\/"},"author":{"name":"C D","@id":"https:\/\/vosgesinfo.fr\/remiremontinfo\/#\/schema\/person\/3bfd164d5218a185b1db68655a265316"},"headline":"4 s\u00e9lectionn\u00e9s en Coupe du Monde pour le Nordique du Massif des Vosges","datePublished":"2019-11-20T09:51:13+00:00","dateModified":"2019-11-20T09:51:13+00:00","mainEntityOfPage":{"@id":"https:\/\/vosgesinfo.fr\/remiremontinfo\/2019\/11\/4-selectionnes-coupe-monde-nordique-massif-vosges\/"},"wordCount":218,"commentCount":0,"publisher":{"@id":"https:\/\/vosgesinfo.fr\/remiremontinfo\/#organization"},"image":{"@id":"https:\/\/vosgesinfo.fr\/remiremontinfo\/2019\/11\/4-selectionnes-coupe-monde-nordique-massif-vosges\/#primaryimage"},"thumbnailUrl":"https:\/\/vosgesinfo.fr\/app\/uploads\/sites\/5\/2024\/09\/201911capture-decran-2019-11-20-a-11.49.46.png","articleSection":["A la Une","Sport","Vosges"],"inLanguage":"fr-FR","potentialAction":[{"@type":"CommentAction","name":"Comment","target":["https:\/\/vosgesinfo.fr\/remiremontinfo\/2019\/11\/4-selectionnes-coupe-monde-nordique-massif-vosges\/#respond"]}]},{"@type":"WebPage","@id":"https:\/\/vosgesinfo.fr\/remiremontinfo\/2019\/11\/4-selectionnes-coupe-monde-nordique-massif-vosges\/","url":"https:\/\/vosgesinfo.fr\/remiremontinfo\/2019\/11\/4-selectionnes-coupe-monde-nordique-massif-vosges\/","name":"4 s\u00e9lectionn\u00e9s en Coupe du Monde pour le Nordique du Massif des Vosges - Remiremont Info","isPartOf":{"@id":"https:\/\/vosgesinfo.fr\/remiremontinfo\/#website"},"primaryImageOfPage":{"@id":"https:\/\/vosgesinfo.fr\/remiremontinfo\/2019\/11\/4-selectionnes-coupe-monde-nordique-massif-vosges\/#primaryimage"},"image":{"@id":"https:\/\/vosgesinfo.fr\/remiremontinfo\/2019\/11\/4-selectionnes-coupe-monde-nordique-massif-vosges\/#primaryimage"},"thumbnailUrl":"https:\/\/vosgesinfo.fr\/app\/uploads\/sites\/5\/2024\/09\/201911capture-decran-2019-11-20-a-11.49.46.png","datePublished":"2019-11-20T09:51:13+00:00","dateModified":"2019-11-20T09:51:13+00:00","breadcrumb":{"@id":"https:\/\/vosgesinfo.fr\/remiremontinfo\/2019\/11\/4-selectionnes-coupe-monde-nordique-massif-vosges\/#breadcrumb"},"inLanguage":"fr-FR","potentialAction":[{"@type":"ReadAction","target":["https:\/\/vosgesinfo.fr\/remiremontinfo\/2019\/11\/4-selectionnes-coupe-monde-nordique-massif-vosges\/"]}]},{"@type":"ImageObject","inLanguage":"fr-FR","@id":"https:\/\/vosgesinfo.fr\/remiremontinfo\/2019\/11\/4-selectionnes-coupe-monde-nordique-massif-vosges\/#primaryimage","url":"https:\/\/vosgesinfo.fr\/app\/uploads\/sites\/5\/2024\/09\/201911capture-decran-2019-11-20-a-11.49.46.png","contentUrl":"https:\/\/vosgesinfo.fr\/app\/uploads\/sites\/5\/2024\/09\/201911capture-decran-2019-11-20-a-11.49.46.png","width":1400,"height":928},{"@type":"BreadcrumbList","@id":"https:\/\/vosgesinfo.fr\/remiremontinfo\/2019\/11\/4-selectionnes-coupe-monde-nordique-massif-vosges\/#breadcrumb","itemListElement":[{"@type":"ListItem","position":1,"name":"Home","item":"https:\/\/vosgesinfo.fr\/remiremontinfo\/"},{"@type":"ListItem","position":2,"name":"4 s\u00e9lectionn\u00e9s en Coupe du Monde pour le Nordique du Massif des Vosges"}]},{"@type":"WebSite","@id":"https:\/\/vosgesinfo.fr\/remiremontinfo\/#website","url":"https:\/\/vosgesinfo.fr\/remiremontinfo\/","name":"Remiremont Info","description":"Toute l&#039;actualit\u00e9 de Remiremont","publisher":{"@id":"https:\/\/vosgesinfo.fr\/remiremontinfo\/#organization"},"alternateName":"Toute l'actualit\u00e9 de Remiremont","potentialAction":[{"@type":"SearchAction","target":{"@type":"EntryPoint","urlTemplate":"https:\/\/vosgesinfo.fr\/remiremontinfo\/?s={search_term_string}"},"query-input":"required name=search_term_string"}],"inLanguage":"fr-FR"},{"@type":"Organization","@id":"https:\/\/vosgesinfo.fr\/remiremontinfo\/#organization","name":"Remiremont Info","url":"https:\/\/vosgesinfo.fr\/remiremontinfo\/","logo":{"@type":"ImageObject","inLanguage":"fr-FR","@id":"https:\/\/vosgesinfo.fr\/remiremontinfo\/#\/schema\/logo\/image\/","url":"https:\/\/vosgesinfo.fr\/app\/uploads\/sites\/5\/2023\/08\/favicon-remiremontinfo.png","contentUrl":"https:\/\/vosgesinfo.fr\/app\/uploads\/sites\/5\/2023\/08\/favicon-remiremontinfo.png","width":512,"height":512,"caption":"Remiremont Info"},"image":{"@id":"https:\/\/vosgesinfo.fr\/remiremontinfo\/#\/schema\/logo\/image\/"},"sameAs":["https:\/\/www.facebook.com\/remiremontinfo","https:\/\/x.com\/VosgesInfo88","https:\/\/www.youtube.com\/@vosgesinfo"]},{"@type":"Person","@id":"https:\/\/vosgesinfo.fr\/remiremontinfo\/#\/schema\/person\/3bfd164d5218a185b1db68655a265316","name":"C D","image":{"@type":"ImageObject","inLanguage":"fr-FR","@id":"https:\/\/vosgesinfo.fr\/remiremontinfo\/#\/schema\/person\/image\/","url":"https:\/\/secure.gravatar.com\/avatar\/1f9a70007336511a47468b8f1c66f922b8b7cf617b02a31149ada43893a5d48f?s=96&d=mm&r=g","contentUrl":"https:\/\/secure.gravatar.com\/avatar\/1f9a70007336511a47468b8f1c66f922b8b7cf617b02a31149ada43893a5d48f?s=96&d=mm&r=g","caption":"C D"},"url":"https:\/\/vosgesinfo.fr\/remiremontinfo\/author\/cedric-drevet\/"}]}},"_links":{"self":[{"href":"https:\/\/vosgesinfo.fr\/remiremontinfo\/wp-json\/wp\/v2\/posts\/22846","targetHints":{"allow":["GET"]}}],"collection":[{"href":"https:\/\/vosgesinfo.fr\/remiremontinfo\/wp-json\/wp\/v2\/posts"}],"about":[{"href":"https:\/\/vosgesinfo.fr\/remiremontinfo\/wp-json\/wp\/v2\/types\/post"}],"author":[{"embeddable":true,"href":"https:\/\/vosgesinfo.fr\/remiremontinfo\/wp-json\/wp\/v2\/users\/407"}],"replies":[{"embeddable":true,"href":"https:\/\/vosgesinfo.fr\/remiremontinfo\/wp-json\/wp\/v2\/comments?post=22846"}],"version-history":[{"count":0,"href":"https:\/\/vosgesinfo.fr\/remiremontinfo\/wp-json\/wp\/v2\/posts\/22846\/revisions"}],"wp:featuredmedia":[{"embeddable":true,"href":"https:\/\/vosgesinfo.fr\/remiremontinfo\/wp-json\/wp\/v2\/media\/22847"}],"wp:attachment":[{"href":"https:\/\/vosgesinfo.fr\/remiremontinfo\/wp-json\/wp\/v2\/media?parent=22846"}],"wp:term":[{"taxonomy":"category","embeddable":true,"href":"https:\/\/vosgesinfo.fr\/remiremontinfo\/wp-json\/wp\/v2\/categories?post=22846"},{"taxonomy":"post_tag","embeddable":true,"href":"https:\/\/vosgesinfo.fr\/remiremontinfo\/wp-json\/wp\/v2\/tags?post=22846"}],"curies":[{"name":"wp","href":"https:\/\/api.w.org\/{rel}","templated":true}]}}