{"id":22861,"date":"2024-09-06T18:18:36","date_gmt":"2024-09-06T16:18:36","guid":{"rendered":"https:\/\/vosgesinfo.fr\/remiremontinfo\/2024\/09\/triathlon-de-gerardmer-vers-une-nouvelle-annee-record\/"},"modified":"2024-09-06T18:18:36","modified_gmt":"2024-09-06T16:18:36","slug":"triathlon-de-gerardmer-vers-une-nouvelle-annee-record","status":"publish","type":"post","link":"https:\/\/vosgesinfo.fr\/remiremontinfo\/2024\/09\/triathlon-de-gerardmer-vers-une-nouvelle-annee-record\/","title":{"rendered":"Triathlon de G\u00e9rardmer : vers une nouvelle ann\u00e9e record ?"},"content":{"rendered":"\n\t\t<style type=\"text\/css\">\n\t\t\t#gallery-1 {\n\t\t\t\tmargin: auto;\n\t\t\t}\n\t\t\t#gallery-1 .gallery-item {\n\t\t\t\tfloat: left;\n\t\t\t\tmargin-top: 10px;\n\t\t\t\ttext-align: center;\n\t\t\t\twidth: 50%;\n\t\t\t}\n\t\t\t#gallery-1 img {\n\t\t\t\tborder: 2px solid #cfcfcf;\n\t\t\t}\n\t\t\t#gallery-1 .gallery-caption {\n\t\t\t\tmargin-left: 0;\n\t\t\t}\n\t\t\t\/* see gallery_shortcode() in wp-includes\/media.php *\/\n\t\t<\/style>\n\t\t<div id='gallery-1' class='gallery galleryid-22861 gallery-columns-2 gallery-size-medium'><dl class='gallery-item'>\n\t\t\t<dt class='gallery-icon portrait'>\n\t\t\t\t<a href='https:\/\/vosgesinfo.fr\/app\/uploads\/sites\/5\/2024\/09\/202303grand-hotel-plombieres-3.jpg'><img decoding=\"async\" width=\"289\" height=\"300\" src=\"https:\/\/vosgesinfo.fr\/app\/uploads\/sites\/5\/2024\/09\/202303grand-hotel-plombieres-3-289x300.jpg\" class=\"attachment-medium size-medium\" alt=\"\" srcset=\"https:\/\/vosgesinfo.fr\/app\/uploads\/sites\/5\/2024\/09\/202303grand-hotel-plombieres-3-289x300.jpg 289w, https:\/\/vosgesinfo.fr\/app\/uploads\/sites\/5\/2024\/09\/202303grand-hotel-plombieres-3-987x1024.jpg 987w, https:\/\/vosgesinfo.fr\/app\/uploads\/sites\/5\/2024\/09\/202303grand-hotel-plombieres-3-768x797.jpg 768w, https:\/\/vosgesinfo.fr\/app\/uploads\/sites\/5\/2024\/09\/202303grand-hotel-plombieres-3-1481x1536.jpg 1481w, https:\/\/vosgesinfo.fr\/app\/uploads\/sites\/5\/2024\/09\/202303grand-hotel-plombieres-3.jpg 1974w\" sizes=\"(max-width: 289px) 100vw, 289px\" \/><\/a>\n\t\t\t<\/dt><\/dl><dl class='gallery-item'>\n\t\t\t<dt class='gallery-icon landscape'>\n\t\t\t\t<a href='https:\/\/vosgesinfo.fr\/app\/uploads\/sites\/5\/2024\/09\/202302dsc-3535-1024x681-3.jpg'><img decoding=\"async\" width=\"300\" height=\"200\" src=\"https:\/\/vosgesinfo.fr\/app\/uploads\/sites\/5\/2024\/09\/202302dsc-3535-1024x681-3-300x200.jpg\" class=\"attachment-medium size-medium\" alt=\"\" srcset=\"https:\/\/vosgesinfo.fr\/app\/uploads\/sites\/5\/2024\/09\/202302dsc-3535-1024x681-3-300x200.jpg 300w, https:\/\/vosgesinfo.fr\/app\/uploads\/sites\/5\/2024\/09\/202302dsc-3535-1024x681-3-768x511.jpg 768w, https:\/\/vosgesinfo.fr\/app\/uploads\/sites\/5\/2024\/09\/202302dsc-3535-1024x681-3.jpg 1024w\" sizes=\"(max-width: 300px) 100vw, 300px\" \/><\/a>\n\t\t\t<\/dt><\/dl><br style=\"clear: both\" \/>\n\t\t<\/div>\n\n<p>&nbsp;<\/p>\n<h3>Le village du Triathlon a ouvert ses portes ce vendredi sous le soleil de la perle des Vosges pendant que les concurrents de l&rsquo;\u00e9preuve reine d\u00e9filaient \u00e0 l&rsquo;espace LAC afin de r\u00e9cup\u00e9rer leur dossard.<\/h3>\n<p><a href=\"https:\/\/vosgesinfo.fr\/app\/uploads\/sites\/6\/2024\/09\/accueille-dossards-espace-lac-triathlon-gerardmer-1.jpg\"><img decoding=\"async\" class=\"alignright size-medium wp-image-68479\" src=\"https:\/\/vosgesinfo.fr\/app\/uploads\/sites\/6\/2024\/09\/accueille-dossards-espace-lac-triathlon-gerardmer-1-226x300.jpg\" alt=\"\" width=\"226\" height=\"300\" \/><\/a>Le top d\u00e9part du triathlon sera donn\u00e9 ce samedi matin \u00e0 8 h 45 du c\u00f4t\u00e9 de l&rsquo;Union Nautique et l&rsquo;on pressent d\u00e9j\u00e0 que ce cru 2024 sera excellent. En mati\u00e8re d&rsquo;inscriptions d\u00e9j\u00e0, avec plus de 4 600 concurrents et concurrentes sur l&rsquo;ensemble des courses au programme, mais aussi en mati\u00e8re de m\u00e9t\u00e9o et potentiellement de chrono(s). Le plateau est particuli\u00e8rement int\u00e9ressant et relev\u00e9 cette ann\u00e9e et il se murmure que les records pourraient \u00e0 nouveau sauter&#8230; L&rsquo;an dernier, la Suissesse Julie Derron avait remporter son troisi\u00e8me triathlon de G\u00e9rardmer alors que chez les hommes c&rsquo;est le Belge Jonathan Wayaffe qui s&rsquo;\u00e9tait impos\u00e9. Rappelons que le record chez les hommes est d\u00e9tenu par Cl\u00e9ment Mignon en 4 h 18 mins, et par Julie Derron en 4 h 49 mins&#8230;<\/p>\n<p>&nbsp;<\/p>\n<p><a href=\"https:\/\/vosgesinfo.fr\/app\/uploads\/sites\/6\/2024\/09\/accueille-dossards-espace-lac-triathlon-gerardmer-2.jpg\"><img decoding=\"async\" class=\"aligncenter size-large wp-image-68480\" src=\"https:\/\/vosgesinfo.fr\/app\/uploads\/sites\/6\/2024\/09\/accueille-dossards-espace-lac-triathlon-gerardmer-2-1024x771.jpg\" alt=\"\" width=\"1024\" height=\"771\" \/><\/a><\/p>\n","protected":false},"excerpt":{"rendered":"<p>&nbsp; Le village du Triathlon a ouvert ses portes ce vendredi sous le soleil de la perle des Vosges pendant [&hellip;]<\/p>\n","protected":false},"author":42,"featured_media":22862,"comment_status":"open","ping_status":"open","sticky":false,"template":"","format":"standard","meta":{"footnotes":""},"categories":[26,108,845,43,362,14,18],"tags":[1966],"class_list":["post-22861","post","type-post","status-publish","format-standard","has-post-thumbnail","hentry","category-a-la-une","category-epinal","category-la-plaine-des-vosges","category-remiremont-remiremont-son-canton","category-saint-die","category-sport","category-vosges","tag-triathlon-de-gerardmer"],"acf":[],"yoast_head":"<!-- This site is optimized with the Yoast SEO plugin v22.5 - https:\/\/yoast.com\/wordpress\/plugins\/seo\/ -->\n<title>Triathlon de G\u00e9rardmer : vers une nouvelle ann\u00e9e record ? - Remiremont Info<\/title>\n<meta name=\"robots\" content=\"index, follow, max-snippet:-1, max-image-preview:large, max-video-preview:-1\" \/>\n<link rel=\"canonical\" href=\"https:\/\/vosgesinfo.fr\/remiremontinfo\/2024\/09\/triathlon-de-gerardmer-vers-une-nouvelle-annee-record\/\" \/>\n<meta name=\"twitter:card\" content=\"summary_large_image\" \/>\n<meta name=\"twitter:title\" content=\"Triathlon de G\u00e9rardmer : vers une nouvelle ann\u00e9e record ? - Remiremont Info\" \/>\n<meta name=\"twitter:description\" content=\"&nbsp; Le village du Triathlon a ouvert ses portes ce vendredi sous le soleil de la perle des Vosges pendant [&hellip;]\" \/>\n<meta name=\"twitter:image\" content=\"https:\/\/vosgesinfo.fr\/app\/uploads\/sites\/5\/2024\/09\/accueille-dossards-espace-lac-triathlon-gerardmer-6.jpg\" \/>\n<meta name=\"twitter:creator\" content=\"@VosgesInfo88\" \/>\n<meta name=\"twitter:site\" content=\"@VosgesInfo88\" \/>\n<meta name=\"twitter:label1\" content=\"\u00c9crit par\" \/>\n\t<meta name=\"twitter:data1\" content=\"QG\" \/>\n\t<meta name=\"twitter:label2\" content=\"Dur\u00e9e de lecture estim\u00e9e\" \/>\n\t<meta name=\"twitter:data2\" content=\"1 minute\" \/>\n<script type=\"application\/ld+json\" class=\"yoast-schema-graph\">{\"@context\":\"https:\/\/schema.org\",\"@graph\":[{\"@type\":\"Article\",\"@id\":\"https:\/\/vosgesinfo.fr\/remiremontinfo\/2024\/09\/triathlon-de-gerardmer-vers-une-nouvelle-annee-record\/#article\",\"isPartOf\":{\"@id\":\"https:\/\/vosgesinfo.fr\/remiremontinfo\/2024\/09\/triathlon-de-gerardmer-vers-une-nouvelle-annee-record\/\"},\"author\":{\"name\":\"QG\",\"@id\":\"https:\/\/vosgesinfo.fr\/remiremontinfo\/#\/schema\/person\/db5605779a843dad16b5368f3e7613a5\"},\"headline\":\"Triathlon de G\u00e9rardmer : vers une nouvelle ann\u00e9e record ?\",\"datePublished\":\"2024-09-06T16:18:36+00:00\",\"dateModified\":\"2024-09-06T16:18:36+00:00\",\"mainEntityOfPage\":{\"@id\":\"https:\/\/vosgesinfo.fr\/remiremontinfo\/2024\/09\/triathlon-de-gerardmer-vers-une-nouvelle-annee-record\/\"},\"wordCount\":198,\"commentCount\":0,\"publisher\":{\"@id\":\"https:\/\/vosgesinfo.fr\/remiremontinfo\/#organization\"},\"image\":{\"@id\":\"https:\/\/vosgesinfo.fr\/remiremontinfo\/2024\/09\/triathlon-de-gerardmer-vers-une-nouvelle-annee-record\/#primaryimage\"},\"thumbnailUrl\":\"https:\/\/vosgesinfo.fr\/app\/uploads\/sites\/5\/2024\/09\/accueille-dossards-espace-lac-triathlon-gerardmer-6.jpg\",\"keywords\":[\"triathlon de G\u00e9rardmer\"],\"articleSection\":[\"A la Une\",\"Epinal\",\"La plaine des vosges\",\"Remiremont\",\"Saint-di\u00e9\",\"Sport\",\"Vosges\"],\"inLanguage\":\"fr-FR\",\"potentialAction\":[{\"@type\":\"CommentAction\",\"name\":\"Comment\",\"target\":[\"https:\/\/vosgesinfo.fr\/remiremontinfo\/2024\/09\/triathlon-de-gerardmer-vers-une-nouvelle-annee-record\/#respond\"]}]},{\"@type\":\"WebPage\",\"@id\":\"https:\/\/vosgesinfo.fr\/remiremontinfo\/2024\/09\/triathlon-de-gerardmer-vers-une-nouvelle-annee-record\/\",\"url\":\"https:\/\/vosgesinfo.fr\/remiremontinfo\/2024\/09\/triathlon-de-gerardmer-vers-une-nouvelle-annee-record\/\",\"name\":\"Triathlon de G\u00e9rardmer : vers une nouvelle ann\u00e9e record ? - Remiremont Info\",\"isPartOf\":{\"@id\":\"https:\/\/vosgesinfo.fr\/remiremontinfo\/#website\"},\"primaryImageOfPage\":{\"@id\":\"https:\/\/vosgesinfo.fr\/remiremontinfo\/2024\/09\/triathlon-de-gerardmer-vers-une-nouvelle-annee-record\/#primaryimage\"},\"image\":{\"@id\":\"https:\/\/vosgesinfo.fr\/remiremontinfo\/2024\/09\/triathlon-de-gerardmer-vers-une-nouvelle-annee-record\/#primaryimage\"},\"thumbnailUrl\":\"https:\/\/vosgesinfo.fr\/app\/uploads\/sites\/5\/2024\/09\/accueille-dossards-espace-lac-triathlon-gerardmer-6.jpg\",\"datePublished\":\"2024-09-06T16:18:36+00:00\",\"dateModified\":\"2024-09-06T16:18:36+00:00\",\"breadcrumb\":{\"@id\":\"https:\/\/vosgesinfo.fr\/remiremontinfo\/2024\/09\/triathlon-de-gerardmer-vers-une-nouvelle-annee-record\/#breadcrumb\"},\"inLanguage\":\"fr-FR\",\"potentialAction\":[{\"@type\":\"ReadAction\",\"target\":[\"https:\/\/vosgesinfo.fr\/remiremontinfo\/2024\/09\/triathlon-de-gerardmer-vers-une-nouvelle-annee-record\/\"]}]},{\"@type\":\"ImageObject\",\"inLanguage\":\"fr-FR\",\"@id\":\"https:\/\/vosgesinfo.fr\/remiremontinfo\/2024\/09\/triathlon-de-gerardmer-vers-une-nouvelle-annee-record\/#primaryimage\",\"url\":\"https:\/\/vosgesinfo.fr\/app\/uploads\/sites\/5\/2024\/09\/accueille-dossards-espace-lac-triathlon-gerardmer-6.jpg\",\"contentUrl\":\"https:\/\/vosgesinfo.fr\/app\/uploads\/sites\/5\/2024\/09\/accueille-dossards-espace-lac-triathlon-gerardmer-6.jpg\",\"width\":2040,\"height\":1536},{\"@type\":\"BreadcrumbList\",\"@id\":\"https:\/\/vosgesinfo.fr\/remiremontinfo\/2024\/09\/triathlon-de-gerardmer-vers-une-nouvelle-annee-record\/#breadcrumb\",\"itemListElement\":[{\"@type\":\"ListItem\",\"position\":1,\"name\":\"Home\",\"item\":\"https:\/\/vosgesinfo.fr\/remiremontinfo\/\"},{\"@type\":\"ListItem\",\"position\":2,\"name\":\"Triathlon de G\u00e9rardmer : vers une nouvelle ann\u00e9e record ?\"}]},{\"@type\":\"WebSite\",\"@id\":\"https:\/\/vosgesinfo.fr\/remiremontinfo\/#website\",\"url\":\"https:\/\/vosgesinfo.fr\/remiremontinfo\/\",\"name\":\"Remiremont Info\",\"description\":\"Toute l&#039;actualit\u00e9 de Remiremont\",\"publisher\":{\"@id\":\"https:\/\/vosgesinfo.fr\/remiremontinfo\/#organization\"},\"alternateName\":\"Toute l'actualit\u00e9 de Remiremont\",\"potentialAction\":[{\"@type\":\"SearchAction\",\"target\":{\"@type\":\"EntryPoint\",\"urlTemplate\":\"https:\/\/vosgesinfo.fr\/remiremontinfo\/?s={search_term_string}\"},\"query-input\":\"required name=search_term_string\"}],\"inLanguage\":\"fr-FR\"},{\"@type\":\"Organization\",\"@id\":\"https:\/\/vosgesinfo.fr\/remiremontinfo\/#organization\",\"name\":\"Remiremont Info\",\"url\":\"https:\/\/vosgesinfo.fr\/remiremontinfo\/\",\"logo\":{\"@type\":\"ImageObject\",\"inLanguage\":\"fr-FR\",\"@id\":\"https:\/\/vosgesinfo.fr\/remiremontinfo\/#\/schema\/logo\/image\/\",\"url\":\"https:\/\/vosgesinfo.fr\/app\/uploads\/sites\/5\/2023\/08\/favicon-remiremontinfo.png\",\"contentUrl\":\"https:\/\/vosgesinfo.fr\/app\/uploads\/sites\/5\/2023\/08\/favicon-remiremontinfo.png\",\"width\":512,\"height\":512,\"caption\":\"Remiremont Info\"},\"image\":{\"@id\":\"https:\/\/vosgesinfo.fr\/remiremontinfo\/#\/schema\/logo\/image\/\"},\"sameAs\":[\"https:\/\/www.facebook.com\/remiremontinfo\",\"https:\/\/x.com\/VosgesInfo88\",\"https:\/\/www.youtube.com\/@vosgesinfo\"]},{\"@type\":\"Person\",\"@id\":\"https:\/\/vosgesinfo.fr\/remiremontinfo\/#\/schema\/person\/db5605779a843dad16b5368f3e7613a5\",\"name\":\"QG\",\"image\":{\"@type\":\"ImageObject\",\"inLanguage\":\"fr-FR\",\"@id\":\"https:\/\/vosgesinfo.fr\/remiremontinfo\/#\/schema\/person\/image\/\",\"url\":\"https:\/\/secure.gravatar.com\/avatar\/ea80c42c204b534408512832fde52504ecabb9706bcb6151cf6175e5b64e6793?s=96&d=mm&r=g\",\"contentUrl\":\"https:\/\/secure.gravatar.com\/avatar\/ea80c42c204b534408512832fde52504ecabb9706bcb6151cf6175e5b64e6793?s=96&d=mm&r=g\",\"caption\":\"QG\"},\"url\":\"https:\/\/vosgesinfo.fr\/remiremontinfo\/author\/quentin88\/\"}]}<\/script>\n<!-- \/ Yoast SEO plugin. -->","yoast_head_json":{"title":"Triathlon de G\u00e9rardmer : vers une nouvelle ann\u00e9e record ? - Remiremont Info","robots":{"index":"index","follow":"follow","max-snippet":"max-snippet:-1","max-image-preview":"max-image-preview:large","max-video-preview":"max-video-preview:-1"},"canonical":"https:\/\/vosgesinfo.fr\/remiremontinfo\/2024\/09\/triathlon-de-gerardmer-vers-une-nouvelle-annee-record\/","twitter_card":"summary_large_image","twitter_title":"Triathlon de G\u00e9rardmer : vers une nouvelle ann\u00e9e record ? - Remiremont Info","twitter_description":"&nbsp; Le village du Triathlon a ouvert ses portes ce vendredi sous le soleil de la perle des Vosges pendant [&hellip;]","twitter_image":"https:\/\/vosgesinfo.fr\/app\/uploads\/sites\/5\/2024\/09\/accueille-dossards-espace-lac-triathlon-gerardmer-6.jpg","twitter_creator":"@VosgesInfo88","twitter_site":"@VosgesInfo88","twitter_misc":{"\u00c9crit par":"QG","Dur\u00e9e de lecture estim\u00e9e":"1 minute"},"schema":{"@context":"https:\/\/schema.org","@graph":[{"@type":"Article","@id":"https:\/\/vosgesinfo.fr\/remiremontinfo\/2024\/09\/triathlon-de-gerardmer-vers-une-nouvelle-annee-record\/#article","isPartOf":{"@id":"https:\/\/vosgesinfo.fr\/remiremontinfo\/2024\/09\/triathlon-de-gerardmer-vers-une-nouvelle-annee-record\/"},"author":{"name":"QG","@id":"https:\/\/vosgesinfo.fr\/remiremontinfo\/#\/schema\/person\/db5605779a843dad16b5368f3e7613a5"},"headline":"Triathlon de G\u00e9rardmer : vers une nouvelle ann\u00e9e record ?","datePublished":"2024-09-06T16:18:36+00:00","dateModified":"2024-09-06T16:18:36+00:00","mainEntityOfPage":{"@id":"https:\/\/vosgesinfo.fr\/remiremontinfo\/2024\/09\/triathlon-de-gerardmer-vers-une-nouvelle-annee-record\/"},"wordCount":198,"commentCount":0,"publisher":{"@id":"https:\/\/vosgesinfo.fr\/remiremontinfo\/#organization"},"image":{"@id":"https:\/\/vosgesinfo.fr\/remiremontinfo\/2024\/09\/triathlon-de-gerardmer-vers-une-nouvelle-annee-record\/#primaryimage"},"thumbnailUrl":"https:\/\/vosgesinfo.fr\/app\/uploads\/sites\/5\/2024\/09\/accueille-dossards-espace-lac-triathlon-gerardmer-6.jpg","keywords":["triathlon de G\u00e9rardmer"],"articleSection":["A la Une","Epinal","La plaine des vosges","Remiremont","Saint-di\u00e9","Sport","Vosges"],"inLanguage":"fr-FR","potentialAction":[{"@type":"CommentAction","name":"Comment","target":["https:\/\/vosgesinfo.fr\/remiremontinfo\/2024\/09\/triathlon-de-gerardmer-vers-une-nouvelle-annee-record\/#respond"]}]},{"@type":"WebPage","@id":"https:\/\/vosgesinfo.fr\/remiremontinfo\/2024\/09\/triathlon-de-gerardmer-vers-une-nouvelle-annee-record\/","url":"https:\/\/vosgesinfo.fr\/remiremontinfo\/2024\/09\/triathlon-de-gerardmer-vers-une-nouvelle-annee-record\/","name":"Triathlon de G\u00e9rardmer : vers une nouvelle ann\u00e9e record ? - Remiremont Info","isPartOf":{"@id":"https:\/\/vosgesinfo.fr\/remiremontinfo\/#website"},"primaryImageOfPage":{"@id":"https:\/\/vosgesinfo.fr\/remiremontinfo\/2024\/09\/triathlon-de-gerardmer-vers-une-nouvelle-annee-record\/#primaryimage"},"image":{"@id":"https:\/\/vosgesinfo.fr\/remiremontinfo\/2024\/09\/triathlon-de-gerardmer-vers-une-nouvelle-annee-record\/#primaryimage"},"thumbnailUrl":"https:\/\/vosgesinfo.fr\/app\/uploads\/sites\/5\/2024\/09\/accueille-dossards-espace-lac-triathlon-gerardmer-6.jpg","datePublished":"2024-09-06T16:18:36+00:00","dateModified":"2024-09-06T16:18:36+00:00","breadcrumb":{"@id":"https:\/\/vosgesinfo.fr\/remiremontinfo\/2024\/09\/triathlon-de-gerardmer-vers-une-nouvelle-annee-record\/#breadcrumb"},"inLanguage":"fr-FR","potentialAction":[{"@type":"ReadAction","target":["https:\/\/vosgesinfo.fr\/remiremontinfo\/2024\/09\/triathlon-de-gerardmer-vers-une-nouvelle-annee-record\/"]}]},{"@type":"ImageObject","inLanguage":"fr-FR","@id":"https:\/\/vosgesinfo.fr\/remiremontinfo\/2024\/09\/triathlon-de-gerardmer-vers-une-nouvelle-annee-record\/#primaryimage","url":"https:\/\/vosgesinfo.fr\/app\/uploads\/sites\/5\/2024\/09\/accueille-dossards-espace-lac-triathlon-gerardmer-6.jpg","contentUrl":"https:\/\/vosgesinfo.fr\/app\/uploads\/sites\/5\/2024\/09\/accueille-dossards-espace-lac-triathlon-gerardmer-6.jpg","width":2040,"height":1536},{"@type":"BreadcrumbList","@id":"https:\/\/vosgesinfo.fr\/remiremontinfo\/2024\/09\/triathlon-de-gerardmer-vers-une-nouvelle-annee-record\/#breadcrumb","itemListElement":[{"@type":"ListItem","position":1,"name":"Home","item":"https:\/\/vosgesinfo.fr\/remiremontinfo\/"},{"@type":"ListItem","position":2,"name":"Triathlon de G\u00e9rardmer : vers une nouvelle ann\u00e9e record ?"}]},{"@type":"WebSite","@id":"https:\/\/vosgesinfo.fr\/remiremontinfo\/#website","url":"https:\/\/vosgesinfo.fr\/remiremontinfo\/","name":"Remiremont Info","description":"Toute l&#039;actualit\u00e9 de Remiremont","publisher":{"@id":"https:\/\/vosgesinfo.fr\/remiremontinfo\/#organization"},"alternateName":"Toute l'actualit\u00e9 de Remiremont","potentialAction":[{"@type":"SearchAction","target":{"@type":"EntryPoint","urlTemplate":"https:\/\/vosgesinfo.fr\/remiremontinfo\/?s={search_term_string}"},"query-input":"required name=search_term_string"}],"inLanguage":"fr-FR"},{"@type":"Organization","@id":"https:\/\/vosgesinfo.fr\/remiremontinfo\/#organization","name":"Remiremont Info","url":"https:\/\/vosgesinfo.fr\/remiremontinfo\/","logo":{"@type":"ImageObject","inLanguage":"fr-FR","@id":"https:\/\/vosgesinfo.fr\/remiremontinfo\/#\/schema\/logo\/image\/","url":"https:\/\/vosgesinfo.fr\/app\/uploads\/sites\/5\/2023\/08\/favicon-remiremontinfo.png","contentUrl":"https:\/\/vosgesinfo.fr\/app\/uploads\/sites\/5\/2023\/08\/favicon-remiremontinfo.png","width":512,"height":512,"caption":"Remiremont Info"},"image":{"@id":"https:\/\/vosgesinfo.fr\/remiremontinfo\/#\/schema\/logo\/image\/"},"sameAs":["https:\/\/www.facebook.com\/remiremontinfo","https:\/\/x.com\/VosgesInfo88","https:\/\/www.youtube.com\/@vosgesinfo"]},{"@type":"Person","@id":"https:\/\/vosgesinfo.fr\/remiremontinfo\/#\/schema\/person\/db5605779a843dad16b5368f3e7613a5","name":"QG","image":{"@type":"ImageObject","inLanguage":"fr-FR","@id":"https:\/\/vosgesinfo.fr\/remiremontinfo\/#\/schema\/person\/image\/","url":"https:\/\/secure.gravatar.com\/avatar\/ea80c42c204b534408512832fde52504ecabb9706bcb6151cf6175e5b64e6793?s=96&d=mm&r=g","contentUrl":"https:\/\/secure.gravatar.com\/avatar\/ea80c42c204b534408512832fde52504ecabb9706bcb6151cf6175e5b64e6793?s=96&d=mm&r=g","caption":"QG"},"url":"https:\/\/vosgesinfo.fr\/remiremontinfo\/author\/quentin88\/"}]}},"_links":{"self":[{"href":"https:\/\/vosgesinfo.fr\/remiremontinfo\/wp-json\/wp\/v2\/posts\/22861","targetHints":{"allow":["GET"]}}],"collection":[{"href":"https:\/\/vosgesinfo.fr\/remiremontinfo\/wp-json\/wp\/v2\/posts"}],"about":[{"href":"https:\/\/vosgesinfo.fr\/remiremontinfo\/wp-json\/wp\/v2\/types\/post"}],"author":[{"embeddable":true,"href":"https:\/\/vosgesinfo.fr\/remiremontinfo\/wp-json\/wp\/v2\/users\/42"}],"replies":[{"embeddable":true,"href":"https:\/\/vosgesinfo.fr\/remiremontinfo\/wp-json\/wp\/v2\/comments?post=22861"}],"version-history":[{"count":0,"href":"https:\/\/vosgesinfo.fr\/remiremontinfo\/wp-json\/wp\/v2\/posts\/22861\/revisions"}],"wp:featuredmedia":[{"embeddable":true,"href":"https:\/\/vosgesinfo.fr\/remiremontinfo\/wp-json\/wp\/v2\/media\/22862"}],"wp:attachment":[{"href":"https:\/\/vosgesinfo.fr\/remiremontinfo\/wp-json\/wp\/v2\/media?parent=22861"}],"wp:term":[{"taxonomy":"category","embeddable":true,"href":"https:\/\/vosgesinfo.fr\/remiremontinfo\/wp-json\/wp\/v2\/categories?post=22861"},{"taxonomy":"post_tag","embeddable":true,"href":"https:\/\/vosgesinfo.fr\/remiremontinfo\/wp-json\/wp\/v2\/tags?post=22861"}],"curies":[{"name":"wp","href":"https:\/\/api.w.org\/{rel}","templated":true}]}}