{"id":23011,"date":"2019-11-26T15:26:42","date_gmt":"2019-11-26T14:26:42","guid":{"rendered":"https:\/\/vosgesinfo.fr\/remiremontinfo\/2019\/11\/marionnettes-japonaises-a-bresse-cornimont\/"},"modified":"2019-11-26T15:26:42","modified_gmt":"2019-11-26T14:26:42","slug":"marionnettes-japonaises-a-bresse-cornimont","status":"publish","type":"post","link":"https:\/\/vosgesinfo.fr\/remiremontinfo\/2019\/11\/marionnettes-japonaises-a-bresse-cornimont\/","title":{"rendered":"Des marionnettes japonaises \u00e0 La Bresse et Cornimont"},"content":{"rendered":"<p><a href=\"https:\/\/remiremontinfo.fr\/2019\/11\/marionnettes-japonaises-a-bresse-cornimont\/spectacle-de-marionnettes-japonaises_594026\/\" rel=\"attachment wp-att-273241\"><img decoding=\"async\" class=\"aligncenter size-full wp-image-273241\" src=\"\/2019\/11\/spectacle-de-marionnettes-japonaises_594026.jpg\" alt=\"spectacle-de-marionnettes-japonaises_594026\" width=\"400\" height=\"566\" \/><\/a>Le spectacle retrace l&rsquo;histoire du tsunami de 2011 avec beaucoup de po\u00e9sie et d&rsquo;espoir mais aussi il tente de pr\u00e9venir les Hommes pour qu&rsquo;ils soient plus conscient de leurs actions face \u00e0 la toute grande puissance de la nature.<\/p>\n<p>Le spectacle est pr\u00e9c\u00e9d\u00e9 de petites sc\u00e8nes plus traditionnelles et d&rsquo;une session improvis\u00e9e entre la musique et les marionnettes&#8230;<\/p>\n<p>Dur\u00e9e totale : 1h15.<\/p>\n<p>Public : \u00e0 partir de 10 ans pour la compr\u00e9hension<\/p>\n<p>Le samedi 30 novembre \u00e0 15h : Show Case \u00e0 <a href=\"http:\/\/devoo.xyz\/mlb\/index.php?option=com_content&amp;view=article&amp;id=614:show-case&amp;catid=78&amp;Itemid=135\">la Maison DE LA BRESSE<br \/>\n<\/a>Le samedi 30 novembre \u00e0 20h30 : <a href=\"https:\/\/www.spectable.com\/spectacle-de-marionnettes-japonaises\/463464\">Salle Jacques Villeret<\/a> \u00e0 CORNIMONT<\/p>\n<p style=\"margin: 0cm; margin-bottom: .0001pt;\"><b><u><span style=\"font-size: 10.0pt; font-family: 'Arial','sans-serif'; color: black;\">e ma\u00eetre marionnettiste :<\/span><\/u><\/b><\/p>\n<p style=\"margin: 0cm; margin-bottom: .0001pt;\"><span style=\"font-size: 10.0pt; font-family: 'Arial','sans-serif'; color: black;\">Kanroku pratique la marionnette d\u00e8s l\u2019\u00e2ge de 15 ans dans le lyc\u00e9e de sa ville natale. Il entre ensuite au D\u00e9partement de Th\u00e9\u00e2tre \u00e0 l\u2019Universit\u00e9 Waseda de Tokyo. En 1976, il est marqu\u00e9 par la performance du tr\u00e9sor national vivant Kanjuro KIRITAKE II. Il entre en tant que stagiaire au Th\u00e9\u00e2tre national Bunraku d\u2019Osaka apr\u00e8s avoir quitt\u00e9 l\u2019universit\u00e9 en 1977.<br \/>\nEn 1979 Kanroku devient \u00e9l\u00e8ve de Kanjuro et prend pour nom Kanroku KIRITAKE. Apr\u00e8s la mort du ma\u00eetre, il devint apprenti de Minosuke YOSHIDA III, lui aussi tr\u00e9sor national vivant et prend pour nom Kanroku YOSHIDA en 1987. Depuis 1991, Kanroku collabore avec des artistes d\u2019horizons divers : musique traditionnelle et contemporaine, danse, cirque et<br \/>\nth\u00e9\u00e2tre. Depuis 2006, en tant que directeur artistique de sa propre compagnie Mokugu-sha, il cr\u00e9e des spectacles originaux. Tout en poursuivant ces projets contemporains, il continue sa recherche traditionnelle en \u00e9crivant et en dirigeant de nouvelles adaptations des<br \/>\nr\u00e9pertoires classiques Bunraku. Il se passionne pour la relance des th\u00e9\u00e2tres des villages agricoles, qu\u2019il cherche dans les zones les plus recul\u00e9es du Japon Le s\u00e9isme et le tsunami du 11 Mars 2011 marque un tournant dans sa vie. Kanroku quitte alors la Soci\u00e9t\u00e9 Bunraku et le Th\u00e9\u00e2tre National apr\u00e8s 33 ans de carri\u00e8re et devient un artiste ind\u00e9pendant en janvier 2012. Avec ses \u00e9l\u00e8ves \u2013 professionnels, amateurs, hommes et femmes \u2013 Kanroku cherche la r\u00e9alisation du plein potentiel des arts de la marionnette dans diverses communaut\u00e9s \u00e0 travers le pays. Il s\u2019engage dans de nouveaux projets, repr\u00e9sentations et ateliers, en particulier dans les r\u00e9gions sinistr\u00e9es par la catastrophe.<\/span><\/p>\n<p style=\"margin: 0cm; margin-bottom: .0001pt;\">\n<p style=\"margin: 0cm; margin-bottom: .0001pt;\"><b><u><span style=\"font-size: 10.0pt; font-family: 'Arial','sans-serif'; color: black;\">Les Musiciens : <\/span><\/u><\/b><\/p>\n<p style=\"margin: 0cm; margin-bottom: .0001pt;\"><span style=\"font-size: 10.0pt; font-family: 'Arial','sans-serif'; color: black;\">Stann Duguet &#8211; violoncelle<\/span><\/p>\n<p style=\"margin: 0cm; margin-bottom: .0001pt;\"><span style=\"font-size: 10.0pt; font-family: 'Arial','sans-serif'; color: black;\">Thibaut Louvel &#8211; piano<\/span><\/p>\n<p style=\"margin: 0cm; margin-bottom: .0001pt;\"><span style=\"font-size: 10.0pt; font-family: 'Arial','sans-serif'; color: black;\">Ren\u00e9 Leborgne \/ Pierre Martin &#8211; batterie<\/span><\/p>\n","protected":false},"excerpt":{"rendered":"<p>Le spectacle retrace l&rsquo;histoire du tsunami de 2011 avec beaucoup de po\u00e9sie et d&rsquo;espoir mais aussi il tente de pr\u00e9venir [&hellip;]<\/p>\n","protected":false},"author":39,"featured_media":23012,"comment_status":"open","ping_status":"open","sticky":false,"template":"","format":"standard","meta":{"footnotes":""},"categories":[26,34,104,25],"tags":[],"class_list":["post-23011","post","type-post","status-publish","format-standard","has-post-thumbnail","hentry","category-a-la-une","category-cornimont","category-la-bresse-la-bresse-son-canton","category-la-bresse-son-canton"],"acf":[],"yoast_head":"<!-- This site is optimized with the Yoast SEO plugin v22.5 - https:\/\/yoast.com\/wordpress\/plugins\/seo\/ -->\n<title>Des marionnettes japonaises \u00e0 La Bresse et Cornimont - Remiremont Info<\/title>\n<meta name=\"robots\" content=\"index, follow, max-snippet:-1, max-image-preview:large, max-video-preview:-1\" \/>\n<link rel=\"canonical\" href=\"https:\/\/vosgesinfo.fr\/remiremontinfo\/2019\/11\/marionnettes-japonaises-a-bresse-cornimont\/\" \/>\n<meta name=\"twitter:card\" content=\"summary_large_image\" \/>\n<meta name=\"twitter:title\" content=\"Des marionnettes japonaises \u00e0 La Bresse et Cornimont - Remiremont Info\" \/>\n<meta name=\"twitter:description\" content=\"Le spectacle retrace l&rsquo;histoire du tsunami de 2011 avec beaucoup de po\u00e9sie et d&rsquo;espoir mais aussi il tente de pr\u00e9venir [&hellip;]\" \/>\n<meta name=\"twitter:image\" content=\"https:\/\/vosgesinfo.fr\/app\/uploads\/sites\/5\/2024\/09\/201911spectacle-de-marionnettes-japonaises-594026.jpg\" \/>\n<meta name=\"twitter:creator\" content=\"@VosgesInfo88\" \/>\n<meta name=\"twitter:site\" content=\"@VosgesInfo88\" \/>\n<meta name=\"twitter:label1\" content=\"\u00c9crit par\" \/>\n\t<meta name=\"twitter:data1\" content=\"Phj\" \/>\n\t<meta name=\"twitter:label2\" content=\"Dur\u00e9e de lecture estim\u00e9e\" \/>\n\t<meta name=\"twitter:data2\" content=\"2 minutes\" \/>\n<script type=\"application\/ld+json\" class=\"yoast-schema-graph\">{\"@context\":\"https:\/\/schema.org\",\"@graph\":[{\"@type\":\"Article\",\"@id\":\"https:\/\/vosgesinfo.fr\/remiremontinfo\/2019\/11\/marionnettes-japonaises-a-bresse-cornimont\/#article\",\"isPartOf\":{\"@id\":\"https:\/\/vosgesinfo.fr\/remiremontinfo\/2019\/11\/marionnettes-japonaises-a-bresse-cornimont\/\"},\"author\":{\"name\":\"Phj\",\"@id\":\"https:\/\/vosgesinfo.fr\/remiremontinfo\/#\/schema\/person\/4f57dc393faf2ac8b9f1cab30ad79250\"},\"headline\":\"Des marionnettes japonaises \u00e0 La Bresse et Cornimont\",\"datePublished\":\"2019-11-26T14:26:42+00:00\",\"dateModified\":\"2019-11-26T14:26:42+00:00\",\"mainEntityOfPage\":{\"@id\":\"https:\/\/vosgesinfo.fr\/remiremontinfo\/2019\/11\/marionnettes-japonaises-a-bresse-cornimont\/\"},\"wordCount\":405,\"commentCount\":0,\"publisher\":{\"@id\":\"https:\/\/vosgesinfo.fr\/remiremontinfo\/#organization\"},\"image\":{\"@id\":\"https:\/\/vosgesinfo.fr\/remiremontinfo\/2019\/11\/marionnettes-japonaises-a-bresse-cornimont\/#primaryimage\"},\"thumbnailUrl\":\"https:\/\/vosgesinfo.fr\/app\/uploads\/sites\/5\/2024\/09\/201911spectacle-de-marionnettes-japonaises-594026.jpg\",\"articleSection\":[\"A la Une\",\"Cornimont\",\"La Bresse\",\"La Bresse &amp; son canton\"],\"inLanguage\":\"fr-FR\",\"potentialAction\":[{\"@type\":\"CommentAction\",\"name\":\"Comment\",\"target\":[\"https:\/\/vosgesinfo.fr\/remiremontinfo\/2019\/11\/marionnettes-japonaises-a-bresse-cornimont\/#respond\"]}]},{\"@type\":\"WebPage\",\"@id\":\"https:\/\/vosgesinfo.fr\/remiremontinfo\/2019\/11\/marionnettes-japonaises-a-bresse-cornimont\/\",\"url\":\"https:\/\/vosgesinfo.fr\/remiremontinfo\/2019\/11\/marionnettes-japonaises-a-bresse-cornimont\/\",\"name\":\"Des marionnettes japonaises \u00e0 La Bresse et Cornimont - Remiremont Info\",\"isPartOf\":{\"@id\":\"https:\/\/vosgesinfo.fr\/remiremontinfo\/#website\"},\"primaryImageOfPage\":{\"@id\":\"https:\/\/vosgesinfo.fr\/remiremontinfo\/2019\/11\/marionnettes-japonaises-a-bresse-cornimont\/#primaryimage\"},\"image\":{\"@id\":\"https:\/\/vosgesinfo.fr\/remiremontinfo\/2019\/11\/marionnettes-japonaises-a-bresse-cornimont\/#primaryimage\"},\"thumbnailUrl\":\"https:\/\/vosgesinfo.fr\/app\/uploads\/sites\/5\/2024\/09\/201911spectacle-de-marionnettes-japonaises-594026.jpg\",\"datePublished\":\"2019-11-26T14:26:42+00:00\",\"dateModified\":\"2019-11-26T14:26:42+00:00\",\"breadcrumb\":{\"@id\":\"https:\/\/vosgesinfo.fr\/remiremontinfo\/2019\/11\/marionnettes-japonaises-a-bresse-cornimont\/#breadcrumb\"},\"inLanguage\":\"fr-FR\",\"potentialAction\":[{\"@type\":\"ReadAction\",\"target\":[\"https:\/\/vosgesinfo.fr\/remiremontinfo\/2019\/11\/marionnettes-japonaises-a-bresse-cornimont\/\"]}]},{\"@type\":\"ImageObject\",\"inLanguage\":\"fr-FR\",\"@id\":\"https:\/\/vosgesinfo.fr\/remiremontinfo\/2019\/11\/marionnettes-japonaises-a-bresse-cornimont\/#primaryimage\",\"url\":\"https:\/\/vosgesinfo.fr\/app\/uploads\/sites\/5\/2024\/09\/201911spectacle-de-marionnettes-japonaises-594026.jpg\",\"contentUrl\":\"https:\/\/vosgesinfo.fr\/app\/uploads\/sites\/5\/2024\/09\/201911spectacle-de-marionnettes-japonaises-594026.jpg\",\"width\":400,\"height\":566},{\"@type\":\"BreadcrumbList\",\"@id\":\"https:\/\/vosgesinfo.fr\/remiremontinfo\/2019\/11\/marionnettes-japonaises-a-bresse-cornimont\/#breadcrumb\",\"itemListElement\":[{\"@type\":\"ListItem\",\"position\":1,\"name\":\"Home\",\"item\":\"https:\/\/vosgesinfo.fr\/remiremontinfo\/\"},{\"@type\":\"ListItem\",\"position\":2,\"name\":\"Des marionnettes japonaises \u00e0 La Bresse et Cornimont\"}]},{\"@type\":\"WebSite\",\"@id\":\"https:\/\/vosgesinfo.fr\/remiremontinfo\/#website\",\"url\":\"https:\/\/vosgesinfo.fr\/remiremontinfo\/\",\"name\":\"Remiremont Info\",\"description\":\"Toute l&#039;actualit\u00e9 de Remiremont\",\"publisher\":{\"@id\":\"https:\/\/vosgesinfo.fr\/remiremontinfo\/#organization\"},\"alternateName\":\"Toute l'actualit\u00e9 de Remiremont\",\"potentialAction\":[{\"@type\":\"SearchAction\",\"target\":{\"@type\":\"EntryPoint\",\"urlTemplate\":\"https:\/\/vosgesinfo.fr\/remiremontinfo\/?s={search_term_string}\"},\"query-input\":\"required name=search_term_string\"}],\"inLanguage\":\"fr-FR\"},{\"@type\":\"Organization\",\"@id\":\"https:\/\/vosgesinfo.fr\/remiremontinfo\/#organization\",\"name\":\"Remiremont Info\",\"url\":\"https:\/\/vosgesinfo.fr\/remiremontinfo\/\",\"logo\":{\"@type\":\"ImageObject\",\"inLanguage\":\"fr-FR\",\"@id\":\"https:\/\/vosgesinfo.fr\/remiremontinfo\/#\/schema\/logo\/image\/\",\"url\":\"https:\/\/vosgesinfo.fr\/app\/uploads\/sites\/5\/2023\/08\/favicon-remiremontinfo.png\",\"contentUrl\":\"https:\/\/vosgesinfo.fr\/app\/uploads\/sites\/5\/2023\/08\/favicon-remiremontinfo.png\",\"width\":512,\"height\":512,\"caption\":\"Remiremont Info\"},\"image\":{\"@id\":\"https:\/\/vosgesinfo.fr\/remiremontinfo\/#\/schema\/logo\/image\/\"},\"sameAs\":[\"https:\/\/www.facebook.com\/remiremontinfo\",\"https:\/\/x.com\/VosgesInfo88\",\"https:\/\/www.youtube.com\/@vosgesinfo\"]},{\"@type\":\"Person\",\"@id\":\"https:\/\/vosgesinfo.fr\/remiremontinfo\/#\/schema\/person\/4f57dc393faf2ac8b9f1cab30ad79250\",\"name\":\"Phj\",\"image\":{\"@type\":\"ImageObject\",\"inLanguage\":\"fr-FR\",\"@id\":\"https:\/\/vosgesinfo.fr\/remiremontinfo\/#\/schema\/person\/image\/\",\"url\":\"https:\/\/secure.gravatar.com\/avatar\/ada60265080fb9a89c9809bf0abb1f448a128cb85db1c08905baa5038fbe3cfe?s=96&d=mm&r=g\",\"contentUrl\":\"https:\/\/secure.gravatar.com\/avatar\/ada60265080fb9a89c9809bf0abb1f448a128cb85db1c08905baa5038fbe3cfe?s=96&d=mm&r=g\",\"caption\":\"Phj\"},\"url\":\"https:\/\/vosgesinfo.fr\/remiremontinfo\/author\/phj\/\"}]}<\/script>\n<!-- \/ Yoast SEO plugin. -->","yoast_head_json":{"title":"Des marionnettes japonaises \u00e0 La Bresse et Cornimont - Remiremont Info","robots":{"index":"index","follow":"follow","max-snippet":"max-snippet:-1","max-image-preview":"max-image-preview:large","max-video-preview":"max-video-preview:-1"},"canonical":"https:\/\/vosgesinfo.fr\/remiremontinfo\/2019\/11\/marionnettes-japonaises-a-bresse-cornimont\/","twitter_card":"summary_large_image","twitter_title":"Des marionnettes japonaises \u00e0 La Bresse et Cornimont - Remiremont Info","twitter_description":"Le spectacle retrace l&rsquo;histoire du tsunami de 2011 avec beaucoup de po\u00e9sie et d&rsquo;espoir mais aussi il tente de pr\u00e9venir [&hellip;]","twitter_image":"https:\/\/vosgesinfo.fr\/app\/uploads\/sites\/5\/2024\/09\/201911spectacle-de-marionnettes-japonaises-594026.jpg","twitter_creator":"@VosgesInfo88","twitter_site":"@VosgesInfo88","twitter_misc":{"\u00c9crit par":"Phj","Dur\u00e9e de lecture estim\u00e9e":"2 minutes"},"schema":{"@context":"https:\/\/schema.org","@graph":[{"@type":"Article","@id":"https:\/\/vosgesinfo.fr\/remiremontinfo\/2019\/11\/marionnettes-japonaises-a-bresse-cornimont\/#article","isPartOf":{"@id":"https:\/\/vosgesinfo.fr\/remiremontinfo\/2019\/11\/marionnettes-japonaises-a-bresse-cornimont\/"},"author":{"name":"Phj","@id":"https:\/\/vosgesinfo.fr\/remiremontinfo\/#\/schema\/person\/4f57dc393faf2ac8b9f1cab30ad79250"},"headline":"Des marionnettes japonaises \u00e0 La Bresse et Cornimont","datePublished":"2019-11-26T14:26:42+00:00","dateModified":"2019-11-26T14:26:42+00:00","mainEntityOfPage":{"@id":"https:\/\/vosgesinfo.fr\/remiremontinfo\/2019\/11\/marionnettes-japonaises-a-bresse-cornimont\/"},"wordCount":405,"commentCount":0,"publisher":{"@id":"https:\/\/vosgesinfo.fr\/remiremontinfo\/#organization"},"image":{"@id":"https:\/\/vosgesinfo.fr\/remiremontinfo\/2019\/11\/marionnettes-japonaises-a-bresse-cornimont\/#primaryimage"},"thumbnailUrl":"https:\/\/vosgesinfo.fr\/app\/uploads\/sites\/5\/2024\/09\/201911spectacle-de-marionnettes-japonaises-594026.jpg","articleSection":["A la Une","Cornimont","La Bresse","La Bresse &amp; son canton"],"inLanguage":"fr-FR","potentialAction":[{"@type":"CommentAction","name":"Comment","target":["https:\/\/vosgesinfo.fr\/remiremontinfo\/2019\/11\/marionnettes-japonaises-a-bresse-cornimont\/#respond"]}]},{"@type":"WebPage","@id":"https:\/\/vosgesinfo.fr\/remiremontinfo\/2019\/11\/marionnettes-japonaises-a-bresse-cornimont\/","url":"https:\/\/vosgesinfo.fr\/remiremontinfo\/2019\/11\/marionnettes-japonaises-a-bresse-cornimont\/","name":"Des marionnettes japonaises \u00e0 La Bresse et Cornimont - Remiremont Info","isPartOf":{"@id":"https:\/\/vosgesinfo.fr\/remiremontinfo\/#website"},"primaryImageOfPage":{"@id":"https:\/\/vosgesinfo.fr\/remiremontinfo\/2019\/11\/marionnettes-japonaises-a-bresse-cornimont\/#primaryimage"},"image":{"@id":"https:\/\/vosgesinfo.fr\/remiremontinfo\/2019\/11\/marionnettes-japonaises-a-bresse-cornimont\/#primaryimage"},"thumbnailUrl":"https:\/\/vosgesinfo.fr\/app\/uploads\/sites\/5\/2024\/09\/201911spectacle-de-marionnettes-japonaises-594026.jpg","datePublished":"2019-11-26T14:26:42+00:00","dateModified":"2019-11-26T14:26:42+00:00","breadcrumb":{"@id":"https:\/\/vosgesinfo.fr\/remiremontinfo\/2019\/11\/marionnettes-japonaises-a-bresse-cornimont\/#breadcrumb"},"inLanguage":"fr-FR","potentialAction":[{"@type":"ReadAction","target":["https:\/\/vosgesinfo.fr\/remiremontinfo\/2019\/11\/marionnettes-japonaises-a-bresse-cornimont\/"]}]},{"@type":"ImageObject","inLanguage":"fr-FR","@id":"https:\/\/vosgesinfo.fr\/remiremontinfo\/2019\/11\/marionnettes-japonaises-a-bresse-cornimont\/#primaryimage","url":"https:\/\/vosgesinfo.fr\/app\/uploads\/sites\/5\/2024\/09\/201911spectacle-de-marionnettes-japonaises-594026.jpg","contentUrl":"https:\/\/vosgesinfo.fr\/app\/uploads\/sites\/5\/2024\/09\/201911spectacle-de-marionnettes-japonaises-594026.jpg","width":400,"height":566},{"@type":"BreadcrumbList","@id":"https:\/\/vosgesinfo.fr\/remiremontinfo\/2019\/11\/marionnettes-japonaises-a-bresse-cornimont\/#breadcrumb","itemListElement":[{"@type":"ListItem","position":1,"name":"Home","item":"https:\/\/vosgesinfo.fr\/remiremontinfo\/"},{"@type":"ListItem","position":2,"name":"Des marionnettes japonaises \u00e0 La Bresse et Cornimont"}]},{"@type":"WebSite","@id":"https:\/\/vosgesinfo.fr\/remiremontinfo\/#website","url":"https:\/\/vosgesinfo.fr\/remiremontinfo\/","name":"Remiremont Info","description":"Toute l&#039;actualit\u00e9 de Remiremont","publisher":{"@id":"https:\/\/vosgesinfo.fr\/remiremontinfo\/#organization"},"alternateName":"Toute l'actualit\u00e9 de Remiremont","potentialAction":[{"@type":"SearchAction","target":{"@type":"EntryPoint","urlTemplate":"https:\/\/vosgesinfo.fr\/remiremontinfo\/?s={search_term_string}"},"query-input":"required name=search_term_string"}],"inLanguage":"fr-FR"},{"@type":"Organization","@id":"https:\/\/vosgesinfo.fr\/remiremontinfo\/#organization","name":"Remiremont Info","url":"https:\/\/vosgesinfo.fr\/remiremontinfo\/","logo":{"@type":"ImageObject","inLanguage":"fr-FR","@id":"https:\/\/vosgesinfo.fr\/remiremontinfo\/#\/schema\/logo\/image\/","url":"https:\/\/vosgesinfo.fr\/app\/uploads\/sites\/5\/2023\/08\/favicon-remiremontinfo.png","contentUrl":"https:\/\/vosgesinfo.fr\/app\/uploads\/sites\/5\/2023\/08\/favicon-remiremontinfo.png","width":512,"height":512,"caption":"Remiremont Info"},"image":{"@id":"https:\/\/vosgesinfo.fr\/remiremontinfo\/#\/schema\/logo\/image\/"},"sameAs":["https:\/\/www.facebook.com\/remiremontinfo","https:\/\/x.com\/VosgesInfo88","https:\/\/www.youtube.com\/@vosgesinfo"]},{"@type":"Person","@id":"https:\/\/vosgesinfo.fr\/remiremontinfo\/#\/schema\/person\/4f57dc393faf2ac8b9f1cab30ad79250","name":"Phj","image":{"@type":"ImageObject","inLanguage":"fr-FR","@id":"https:\/\/vosgesinfo.fr\/remiremontinfo\/#\/schema\/person\/image\/","url":"https:\/\/secure.gravatar.com\/avatar\/ada60265080fb9a89c9809bf0abb1f448a128cb85db1c08905baa5038fbe3cfe?s=96&d=mm&r=g","contentUrl":"https:\/\/secure.gravatar.com\/avatar\/ada60265080fb9a89c9809bf0abb1f448a128cb85db1c08905baa5038fbe3cfe?s=96&d=mm&r=g","caption":"Phj"},"url":"https:\/\/vosgesinfo.fr\/remiremontinfo\/author\/phj\/"}]}},"_links":{"self":[{"href":"https:\/\/vosgesinfo.fr\/remiremontinfo\/wp-json\/wp\/v2\/posts\/23011","targetHints":{"allow":["GET"]}}],"collection":[{"href":"https:\/\/vosgesinfo.fr\/remiremontinfo\/wp-json\/wp\/v2\/posts"}],"about":[{"href":"https:\/\/vosgesinfo.fr\/remiremontinfo\/wp-json\/wp\/v2\/types\/post"}],"author":[{"embeddable":true,"href":"https:\/\/vosgesinfo.fr\/remiremontinfo\/wp-json\/wp\/v2\/users\/39"}],"replies":[{"embeddable":true,"href":"https:\/\/vosgesinfo.fr\/remiremontinfo\/wp-json\/wp\/v2\/comments?post=23011"}],"version-history":[{"count":0,"href":"https:\/\/vosgesinfo.fr\/remiremontinfo\/wp-json\/wp\/v2\/posts\/23011\/revisions"}],"wp:featuredmedia":[{"embeddable":true,"href":"https:\/\/vosgesinfo.fr\/remiremontinfo\/wp-json\/wp\/v2\/media\/23012"}],"wp:attachment":[{"href":"https:\/\/vosgesinfo.fr\/remiremontinfo\/wp-json\/wp\/v2\/media?parent=23011"}],"wp:term":[{"taxonomy":"category","embeddable":true,"href":"https:\/\/vosgesinfo.fr\/remiremontinfo\/wp-json\/wp\/v2\/categories?post=23011"},{"taxonomy":"post_tag","embeddable":true,"href":"https:\/\/vosgesinfo.fr\/remiremontinfo\/wp-json\/wp\/v2\/tags?post=23011"}],"curies":[{"name":"wp","href":"https:\/\/api.w.org\/{rel}","templated":true}]}}