{"id":23123,"date":"2019-12-02T07:28:24","date_gmt":"2019-12-02T06:28:24","guid":{"rendered":"https:\/\/vosgesinfo.fr\/remiremontinfo\/2019\/12\/lassociation-festiventron-organise-1er-concours-dilluminations-de-noel\/"},"modified":"2019-12-02T07:28:24","modified_gmt":"2019-12-02T06:28:24","slug":"lassociation-festiventron-organise-1er-concours-dilluminations-de-noel","status":"publish","type":"post","link":"https:\/\/vosgesinfo.fr\/remiremontinfo\/2019\/12\/lassociation-festiventron-organise-1er-concours-dilluminations-de-noel\/","title":{"rendered":"L\u2019association Festi\u2019Ventron organise son 1er concours d\u2019illuminations de No\u00ebl"},"content":{"rendered":"<p><a href=\"\/2019\/12\/deck-the-halls.jpg\"><img decoding=\"async\" class=\"alignnone size-large wp-image-273512\" src=\"\/2019\/12\/deck-the-halls-1024x533.jpg\" alt=\"deck-the-halls\" width=\"960\" height=\"500\" \/><\/a><\/p>\n<p><em><span style=\"font-size: 10pt;\">Photo d&rsquo;illustration, film Voisin contre voisin, 2006<\/span><\/em><\/p>\n<h2><span style=\"font-size: 12pt;\"><strong>L\u2019association Festi\u2019VENTRON vous propose pour cette fin d\u2019ann\u00e9e , un concours d\u2019illumination de maison de No\u00ebl. Le principe est simple.<\/strong><\/span><\/h2>\n<p>Il suffit de s\u2019inscrire ;<\/p>\n<p>&#8211; En mairie (des bulletins sont \u00e0 votre disposition) ou sous ce lien https:\/\/share.orange.fr\/#5PgwSVZvIn1e874e6c07<\/p>\n<p>&#8211; En contactant les organisateurs Marie-Charlotte PERRIN 06-80-51-91-95 ou Charly JEANDEL MARTIN 06-80-20-04-27<\/p>\n<p>&#8211; Ou encore en contactant l\u2019association via Facebook sur association festi\u2019ventron<\/p>\n<p>2 cat\u00e9gories sont disponibles , d\u00e9coration int\u00e9rieur et\/ou d\u00e9coration ext\u00e9rieur<\/p>\n<p>Un jury compos\u00e9 de V\u00e9ternats (6-7personnes) vous rendra visite le 21 d\u00e9cembre \u00e0 partir de 16h et le r\u00e9sultat aura lieu le 4 Janvier 2020 \u00e0 17h lors d\u2019un nouvelle \u00e9v\u00e8nement \u2018\u2019la Cr\u00e9mation des sapins\u2019\u2019<\/p>\n<p>Pour Chacune des 2 cat\u00e9gories il y aura 3 gagnants . bons d\u2019achats de 35\u20ac , 50\u20ac ou 100\u20ac chez un commer\u00e7ant local.<\/p>\n<p>Donc maintenant il ne vous reste plus qu\u2019une seule chose \u00e0 faire =&gt; Inscrivez vous<\/p>\n<p style=\"text-align: center;\"><a href=\"\/2019\/12\/concours-illumination-2019.jpg\"><img decoding=\"async\" class=\"alignnone size-full wp-image-273510\" src=\"\/2019\/12\/concours-illumination-2019.jpg\" alt=\"concours illumination 2019\" width=\"620\" height=\"888\" \/><\/a><\/p>\n<p style=\"text-align: center;\"><a href=\"\/2019\/12\/Capture-d\u2019e\u0301cran-2019-12-02-a\u0300-15.25.40.png\"><img decoding=\"async\" class=\"alignnone size-large wp-image-273509\" src=\"\/2019\/12\/Capture-d\u2019e\u0301cran-2019-12-02-a\u0300-15.25.40-722x1024.png\" alt=\"Capture d\u2019e\u0301cran 2019-12-02 a\u0300 15.25.40\" width=\"722\" height=\"1024\" \/><\/a><\/p>\n","protected":false},"excerpt":{"rendered":"<p>Photo d&rsquo;illustration, film Voisin contre voisin, 2006 L\u2019association Festi\u2019VENTRON vous propose pour cette fin d\u2019ann\u00e9e , un concours d\u2019illumination de [&hellip;]<\/p>\n","protected":false},"author":407,"featured_media":23124,"comment_status":"open","ping_status":"open","sticky":false,"template":"","format":"standard","meta":{"footnotes":""},"categories":[26,124,25,298],"tags":[],"class_list":["post-23123","post","type-post","status-publish","format-standard","has-post-thumbnail","hentry","category-a-la-une","category-fetes","category-la-bresse-son-canton","category-ventron"],"acf":[],"yoast_head":"<!-- This site is optimized with the Yoast SEO plugin v22.5 - https:\/\/yoast.com\/wordpress\/plugins\/seo\/ -->\n<title>L\u2019association Festi\u2019Ventron organise son 1er concours d\u2019illuminations de No\u00ebl - Remiremont Info<\/title>\n<meta name=\"robots\" content=\"index, follow, max-snippet:-1, max-image-preview:large, max-video-preview:-1\" \/>\n<link rel=\"canonical\" href=\"https:\/\/vosgesinfo.fr\/remiremontinfo\/2019\/12\/lassociation-festiventron-organise-1er-concours-dilluminations-de-noel\/\" \/>\n<meta name=\"twitter:card\" content=\"summary_large_image\" \/>\n<meta name=\"twitter:title\" content=\"L\u2019association Festi\u2019Ventron organise son 1er concours d\u2019illuminations de No\u00ebl - Remiremont Info\" \/>\n<meta name=\"twitter:description\" content=\"Photo d&rsquo;illustration, film Voisin contre voisin, 2006 L\u2019association Festi\u2019VENTRON vous propose pour cette fin d\u2019ann\u00e9e , un concours d\u2019illumination de [&hellip;]\" \/>\n<meta name=\"twitter:image\" content=\"https:\/\/vosgesinfo.fr\/app\/uploads\/sites\/5\/2024\/09\/201912deck-the-halls.jpg\" \/>\n<meta name=\"twitter:creator\" content=\"@VosgesInfo88\" \/>\n<meta name=\"twitter:site\" content=\"@VosgesInfo88\" \/>\n<meta name=\"twitter:label1\" content=\"\u00c9crit par\" \/>\n\t<meta name=\"twitter:data1\" content=\"C D\" \/>\n\t<meta name=\"twitter:label2\" content=\"Dur\u00e9e de lecture estim\u00e9e\" \/>\n\t<meta name=\"twitter:data2\" content=\"1 minute\" \/>\n<script type=\"application\/ld+json\" class=\"yoast-schema-graph\">{\"@context\":\"https:\/\/schema.org\",\"@graph\":[{\"@type\":\"Article\",\"@id\":\"https:\/\/vosgesinfo.fr\/remiremontinfo\/2019\/12\/lassociation-festiventron-organise-1er-concours-dilluminations-de-noel\/#article\",\"isPartOf\":{\"@id\":\"https:\/\/vosgesinfo.fr\/remiremontinfo\/2019\/12\/lassociation-festiventron-organise-1er-concours-dilluminations-de-noel\/\"},\"author\":{\"name\":\"C D\",\"@id\":\"https:\/\/vosgesinfo.fr\/remiremontinfo\/#\/schema\/person\/3bfd164d5218a185b1db68655a265316\"},\"headline\":\"L\u2019association Festi\u2019Ventron organise son 1er concours d\u2019illuminations de No\u00ebl\",\"datePublished\":\"2019-12-02T06:28:24+00:00\",\"dateModified\":\"2019-12-02T06:28:24+00:00\",\"mainEntityOfPage\":{\"@id\":\"https:\/\/vosgesinfo.fr\/remiremontinfo\/2019\/12\/lassociation-festiventron-organise-1er-concours-dilluminations-de-noel\/\"},\"wordCount\":187,\"commentCount\":0,\"publisher\":{\"@id\":\"https:\/\/vosgesinfo.fr\/remiremontinfo\/#organization\"},\"image\":{\"@id\":\"https:\/\/vosgesinfo.fr\/remiremontinfo\/2019\/12\/lassociation-festiventron-organise-1er-concours-dilluminations-de-noel\/#primaryimage\"},\"thumbnailUrl\":\"https:\/\/vosgesinfo.fr\/app\/uploads\/sites\/5\/2024\/09\/201912deck-the-halls.jpg\",\"articleSection\":[\"A la Une\",\"F\u00eates\",\"La Bresse &amp; son canton\",\"Ventron\"],\"inLanguage\":\"fr-FR\",\"potentialAction\":[{\"@type\":\"CommentAction\",\"name\":\"Comment\",\"target\":[\"https:\/\/vosgesinfo.fr\/remiremontinfo\/2019\/12\/lassociation-festiventron-organise-1er-concours-dilluminations-de-noel\/#respond\"]}]},{\"@type\":\"WebPage\",\"@id\":\"https:\/\/vosgesinfo.fr\/remiremontinfo\/2019\/12\/lassociation-festiventron-organise-1er-concours-dilluminations-de-noel\/\",\"url\":\"https:\/\/vosgesinfo.fr\/remiremontinfo\/2019\/12\/lassociation-festiventron-organise-1er-concours-dilluminations-de-noel\/\",\"name\":\"L\u2019association Festi\u2019Ventron organise son 1er concours d\u2019illuminations de No\u00ebl - Remiremont Info\",\"isPartOf\":{\"@id\":\"https:\/\/vosgesinfo.fr\/remiremontinfo\/#website\"},\"primaryImageOfPage\":{\"@id\":\"https:\/\/vosgesinfo.fr\/remiremontinfo\/2019\/12\/lassociation-festiventron-organise-1er-concours-dilluminations-de-noel\/#primaryimage\"},\"image\":{\"@id\":\"https:\/\/vosgesinfo.fr\/remiremontinfo\/2019\/12\/lassociation-festiventron-organise-1er-concours-dilluminations-de-noel\/#primaryimage\"},\"thumbnailUrl\":\"https:\/\/vosgesinfo.fr\/app\/uploads\/sites\/5\/2024\/09\/201912deck-the-halls.jpg\",\"datePublished\":\"2019-12-02T06:28:24+00:00\",\"dateModified\":\"2019-12-02T06:28:24+00:00\",\"breadcrumb\":{\"@id\":\"https:\/\/vosgesinfo.fr\/remiremontinfo\/2019\/12\/lassociation-festiventron-organise-1er-concours-dilluminations-de-noel\/#breadcrumb\"},\"inLanguage\":\"fr-FR\",\"potentialAction\":[{\"@type\":\"ReadAction\",\"target\":[\"https:\/\/vosgesinfo.fr\/remiremontinfo\/2019\/12\/lassociation-festiventron-organise-1er-concours-dilluminations-de-noel\/\"]}]},{\"@type\":\"ImageObject\",\"inLanguage\":\"fr-FR\",\"@id\":\"https:\/\/vosgesinfo.fr\/remiremontinfo\/2019\/12\/lassociation-festiventron-organise-1er-concours-dilluminations-de-noel\/#primaryimage\",\"url\":\"https:\/\/vosgesinfo.fr\/app\/uploads\/sites\/5\/2024\/09\/201912deck-the-halls.jpg\",\"contentUrl\":\"https:\/\/vosgesinfo.fr\/app\/uploads\/sites\/5\/2024\/09\/201912deck-the-halls.jpg\",\"width\":1440,\"height\":750},{\"@type\":\"BreadcrumbList\",\"@id\":\"https:\/\/vosgesinfo.fr\/remiremontinfo\/2019\/12\/lassociation-festiventron-organise-1er-concours-dilluminations-de-noel\/#breadcrumb\",\"itemListElement\":[{\"@type\":\"ListItem\",\"position\":1,\"name\":\"Home\",\"item\":\"https:\/\/vosgesinfo.fr\/remiremontinfo\/\"},{\"@type\":\"ListItem\",\"position\":2,\"name\":\"L\u2019association Festi\u2019Ventron organise son 1er concours d\u2019illuminations de No\u00ebl\"}]},{\"@type\":\"WebSite\",\"@id\":\"https:\/\/vosgesinfo.fr\/remiremontinfo\/#website\",\"url\":\"https:\/\/vosgesinfo.fr\/remiremontinfo\/\",\"name\":\"Remiremont Info\",\"description\":\"Toute l&#039;actualit\u00e9 de Remiremont\",\"publisher\":{\"@id\":\"https:\/\/vosgesinfo.fr\/remiremontinfo\/#organization\"},\"alternateName\":\"Toute l'actualit\u00e9 de Remiremont\",\"potentialAction\":[{\"@type\":\"SearchAction\",\"target\":{\"@type\":\"EntryPoint\",\"urlTemplate\":\"https:\/\/vosgesinfo.fr\/remiremontinfo\/?s={search_term_string}\"},\"query-input\":\"required name=search_term_string\"}],\"inLanguage\":\"fr-FR\"},{\"@type\":\"Organization\",\"@id\":\"https:\/\/vosgesinfo.fr\/remiremontinfo\/#organization\",\"name\":\"Remiremont Info\",\"url\":\"https:\/\/vosgesinfo.fr\/remiremontinfo\/\",\"logo\":{\"@type\":\"ImageObject\",\"inLanguage\":\"fr-FR\",\"@id\":\"https:\/\/vosgesinfo.fr\/remiremontinfo\/#\/schema\/logo\/image\/\",\"url\":\"https:\/\/vosgesinfo.fr\/app\/uploads\/sites\/5\/2023\/08\/favicon-remiremontinfo.png\",\"contentUrl\":\"https:\/\/vosgesinfo.fr\/app\/uploads\/sites\/5\/2023\/08\/favicon-remiremontinfo.png\",\"width\":512,\"height\":512,\"caption\":\"Remiremont Info\"},\"image\":{\"@id\":\"https:\/\/vosgesinfo.fr\/remiremontinfo\/#\/schema\/logo\/image\/\"},\"sameAs\":[\"https:\/\/www.facebook.com\/remiremontinfo\",\"https:\/\/x.com\/VosgesInfo88\",\"https:\/\/www.youtube.com\/@vosgesinfo\"]},{\"@type\":\"Person\",\"@id\":\"https:\/\/vosgesinfo.fr\/remiremontinfo\/#\/schema\/person\/3bfd164d5218a185b1db68655a265316\",\"name\":\"C D\",\"image\":{\"@type\":\"ImageObject\",\"inLanguage\":\"fr-FR\",\"@id\":\"https:\/\/vosgesinfo.fr\/remiremontinfo\/#\/schema\/person\/image\/\",\"url\":\"https:\/\/secure.gravatar.com\/avatar\/1f9a70007336511a47468b8f1c66f922b8b7cf617b02a31149ada43893a5d48f?s=96&d=mm&r=g\",\"contentUrl\":\"https:\/\/secure.gravatar.com\/avatar\/1f9a70007336511a47468b8f1c66f922b8b7cf617b02a31149ada43893a5d48f?s=96&d=mm&r=g\",\"caption\":\"C D\"},\"url\":\"https:\/\/vosgesinfo.fr\/remiremontinfo\/author\/cedric-drevet\/\"}]}<\/script>\n<!-- \/ Yoast SEO plugin. -->","yoast_head_json":{"title":"L\u2019association Festi\u2019Ventron organise son 1er concours d\u2019illuminations de No\u00ebl - Remiremont Info","robots":{"index":"index","follow":"follow","max-snippet":"max-snippet:-1","max-image-preview":"max-image-preview:large","max-video-preview":"max-video-preview:-1"},"canonical":"https:\/\/vosgesinfo.fr\/remiremontinfo\/2019\/12\/lassociation-festiventron-organise-1er-concours-dilluminations-de-noel\/","twitter_card":"summary_large_image","twitter_title":"L\u2019association Festi\u2019Ventron organise son 1er concours d\u2019illuminations de No\u00ebl - Remiremont Info","twitter_description":"Photo d&rsquo;illustration, film Voisin contre voisin, 2006 L\u2019association Festi\u2019VENTRON vous propose pour cette fin d\u2019ann\u00e9e , un concours d\u2019illumination de [&hellip;]","twitter_image":"https:\/\/vosgesinfo.fr\/app\/uploads\/sites\/5\/2024\/09\/201912deck-the-halls.jpg","twitter_creator":"@VosgesInfo88","twitter_site":"@VosgesInfo88","twitter_misc":{"\u00c9crit par":"C D","Dur\u00e9e de lecture estim\u00e9e":"1 minute"},"schema":{"@context":"https:\/\/schema.org","@graph":[{"@type":"Article","@id":"https:\/\/vosgesinfo.fr\/remiremontinfo\/2019\/12\/lassociation-festiventron-organise-1er-concours-dilluminations-de-noel\/#article","isPartOf":{"@id":"https:\/\/vosgesinfo.fr\/remiremontinfo\/2019\/12\/lassociation-festiventron-organise-1er-concours-dilluminations-de-noel\/"},"author":{"name":"C D","@id":"https:\/\/vosgesinfo.fr\/remiremontinfo\/#\/schema\/person\/3bfd164d5218a185b1db68655a265316"},"headline":"L\u2019association Festi\u2019Ventron organise son 1er concours d\u2019illuminations de No\u00ebl","datePublished":"2019-12-02T06:28:24+00:00","dateModified":"2019-12-02T06:28:24+00:00","mainEntityOfPage":{"@id":"https:\/\/vosgesinfo.fr\/remiremontinfo\/2019\/12\/lassociation-festiventron-organise-1er-concours-dilluminations-de-noel\/"},"wordCount":187,"commentCount":0,"publisher":{"@id":"https:\/\/vosgesinfo.fr\/remiremontinfo\/#organization"},"image":{"@id":"https:\/\/vosgesinfo.fr\/remiremontinfo\/2019\/12\/lassociation-festiventron-organise-1er-concours-dilluminations-de-noel\/#primaryimage"},"thumbnailUrl":"https:\/\/vosgesinfo.fr\/app\/uploads\/sites\/5\/2024\/09\/201912deck-the-halls.jpg","articleSection":["A la Une","F\u00eates","La Bresse &amp; son canton","Ventron"],"inLanguage":"fr-FR","potentialAction":[{"@type":"CommentAction","name":"Comment","target":["https:\/\/vosgesinfo.fr\/remiremontinfo\/2019\/12\/lassociation-festiventron-organise-1er-concours-dilluminations-de-noel\/#respond"]}]},{"@type":"WebPage","@id":"https:\/\/vosgesinfo.fr\/remiremontinfo\/2019\/12\/lassociation-festiventron-organise-1er-concours-dilluminations-de-noel\/","url":"https:\/\/vosgesinfo.fr\/remiremontinfo\/2019\/12\/lassociation-festiventron-organise-1er-concours-dilluminations-de-noel\/","name":"L\u2019association Festi\u2019Ventron organise son 1er concours d\u2019illuminations de No\u00ebl - Remiremont Info","isPartOf":{"@id":"https:\/\/vosgesinfo.fr\/remiremontinfo\/#website"},"primaryImageOfPage":{"@id":"https:\/\/vosgesinfo.fr\/remiremontinfo\/2019\/12\/lassociation-festiventron-organise-1er-concours-dilluminations-de-noel\/#primaryimage"},"image":{"@id":"https:\/\/vosgesinfo.fr\/remiremontinfo\/2019\/12\/lassociation-festiventron-organise-1er-concours-dilluminations-de-noel\/#primaryimage"},"thumbnailUrl":"https:\/\/vosgesinfo.fr\/app\/uploads\/sites\/5\/2024\/09\/201912deck-the-halls.jpg","datePublished":"2019-12-02T06:28:24+00:00","dateModified":"2019-12-02T06:28:24+00:00","breadcrumb":{"@id":"https:\/\/vosgesinfo.fr\/remiremontinfo\/2019\/12\/lassociation-festiventron-organise-1er-concours-dilluminations-de-noel\/#breadcrumb"},"inLanguage":"fr-FR","potentialAction":[{"@type":"ReadAction","target":["https:\/\/vosgesinfo.fr\/remiremontinfo\/2019\/12\/lassociation-festiventron-organise-1er-concours-dilluminations-de-noel\/"]}]},{"@type":"ImageObject","inLanguage":"fr-FR","@id":"https:\/\/vosgesinfo.fr\/remiremontinfo\/2019\/12\/lassociation-festiventron-organise-1er-concours-dilluminations-de-noel\/#primaryimage","url":"https:\/\/vosgesinfo.fr\/app\/uploads\/sites\/5\/2024\/09\/201912deck-the-halls.jpg","contentUrl":"https:\/\/vosgesinfo.fr\/app\/uploads\/sites\/5\/2024\/09\/201912deck-the-halls.jpg","width":1440,"height":750},{"@type":"BreadcrumbList","@id":"https:\/\/vosgesinfo.fr\/remiremontinfo\/2019\/12\/lassociation-festiventron-organise-1er-concours-dilluminations-de-noel\/#breadcrumb","itemListElement":[{"@type":"ListItem","position":1,"name":"Home","item":"https:\/\/vosgesinfo.fr\/remiremontinfo\/"},{"@type":"ListItem","position":2,"name":"L\u2019association Festi\u2019Ventron organise son 1er concours d\u2019illuminations de No\u00ebl"}]},{"@type":"WebSite","@id":"https:\/\/vosgesinfo.fr\/remiremontinfo\/#website","url":"https:\/\/vosgesinfo.fr\/remiremontinfo\/","name":"Remiremont Info","description":"Toute l&#039;actualit\u00e9 de Remiremont","publisher":{"@id":"https:\/\/vosgesinfo.fr\/remiremontinfo\/#organization"},"alternateName":"Toute l'actualit\u00e9 de Remiremont","potentialAction":[{"@type":"SearchAction","target":{"@type":"EntryPoint","urlTemplate":"https:\/\/vosgesinfo.fr\/remiremontinfo\/?s={search_term_string}"},"query-input":"required name=search_term_string"}],"inLanguage":"fr-FR"},{"@type":"Organization","@id":"https:\/\/vosgesinfo.fr\/remiremontinfo\/#organization","name":"Remiremont Info","url":"https:\/\/vosgesinfo.fr\/remiremontinfo\/","logo":{"@type":"ImageObject","inLanguage":"fr-FR","@id":"https:\/\/vosgesinfo.fr\/remiremontinfo\/#\/schema\/logo\/image\/","url":"https:\/\/vosgesinfo.fr\/app\/uploads\/sites\/5\/2023\/08\/favicon-remiremontinfo.png","contentUrl":"https:\/\/vosgesinfo.fr\/app\/uploads\/sites\/5\/2023\/08\/favicon-remiremontinfo.png","width":512,"height":512,"caption":"Remiremont Info"},"image":{"@id":"https:\/\/vosgesinfo.fr\/remiremontinfo\/#\/schema\/logo\/image\/"},"sameAs":["https:\/\/www.facebook.com\/remiremontinfo","https:\/\/x.com\/VosgesInfo88","https:\/\/www.youtube.com\/@vosgesinfo"]},{"@type":"Person","@id":"https:\/\/vosgesinfo.fr\/remiremontinfo\/#\/schema\/person\/3bfd164d5218a185b1db68655a265316","name":"C D","image":{"@type":"ImageObject","inLanguage":"fr-FR","@id":"https:\/\/vosgesinfo.fr\/remiremontinfo\/#\/schema\/person\/image\/","url":"https:\/\/secure.gravatar.com\/avatar\/1f9a70007336511a47468b8f1c66f922b8b7cf617b02a31149ada43893a5d48f?s=96&d=mm&r=g","contentUrl":"https:\/\/secure.gravatar.com\/avatar\/1f9a70007336511a47468b8f1c66f922b8b7cf617b02a31149ada43893a5d48f?s=96&d=mm&r=g","caption":"C D"},"url":"https:\/\/vosgesinfo.fr\/remiremontinfo\/author\/cedric-drevet\/"}]}},"_links":{"self":[{"href":"https:\/\/vosgesinfo.fr\/remiremontinfo\/wp-json\/wp\/v2\/posts\/23123","targetHints":{"allow":["GET"]}}],"collection":[{"href":"https:\/\/vosgesinfo.fr\/remiremontinfo\/wp-json\/wp\/v2\/posts"}],"about":[{"href":"https:\/\/vosgesinfo.fr\/remiremontinfo\/wp-json\/wp\/v2\/types\/post"}],"author":[{"embeddable":true,"href":"https:\/\/vosgesinfo.fr\/remiremontinfo\/wp-json\/wp\/v2\/users\/407"}],"replies":[{"embeddable":true,"href":"https:\/\/vosgesinfo.fr\/remiremontinfo\/wp-json\/wp\/v2\/comments?post=23123"}],"version-history":[{"count":0,"href":"https:\/\/vosgesinfo.fr\/remiremontinfo\/wp-json\/wp\/v2\/posts\/23123\/revisions"}],"wp:featuredmedia":[{"embeddable":true,"href":"https:\/\/vosgesinfo.fr\/remiremontinfo\/wp-json\/wp\/v2\/media\/23124"}],"wp:attachment":[{"href":"https:\/\/vosgesinfo.fr\/remiremontinfo\/wp-json\/wp\/v2\/media?parent=23123"}],"wp:term":[{"taxonomy":"category","embeddable":true,"href":"https:\/\/vosgesinfo.fr\/remiremontinfo\/wp-json\/wp\/v2\/categories?post=23123"},{"taxonomy":"post_tag","embeddable":true,"href":"https:\/\/vosgesinfo.fr\/remiremontinfo\/wp-json\/wp\/v2\/tags?post=23123"}],"curies":[{"name":"wp","href":"https:\/\/api.w.org\/{rel}","templated":true}]}}