{"id":23277,"date":"2019-12-06T11:43:45","date_gmt":"2019-12-06T10:43:45","guid":{"rendered":"https:\/\/vosgesinfo.fr\/remiremontinfo\/2019\/12\/saint-nicolas-reduisait-impots-2\/"},"modified":"2019-12-06T11:43:45","modified_gmt":"2019-12-06T10:43:45","slug":"saint-nicolas-reduisait-impots-2","status":"publish","type":"post","link":"https:\/\/vosgesinfo.fr\/remiremontinfo\/2019\/12\/saint-nicolas-reduisait-impots-2\/","title":{"rendered":"Quand Saint Nicolas r\u00e9duisait les imp\u00f4ts !"},"content":{"rendered":"<div id=\"attachment_273745\" style=\"width: 970px\" class=\"wp-caption alignnone\"><a href=\"\/2019\/12\/Capture-d\u2019e\u0301cran-2019-12-06-a\u0300-11.59.09.png\"><img decoding=\"async\" aria-describedby=\"caption-attachment-273745\" class=\"size-large wp-image-273745\" src=\"\/2019\/12\/Capture-d\u2019e\u0301cran-2019-12-06-a\u0300-11.59.09-1024x817.png\" alt=\"Saint Nicolas arr\u00eatant le bourreau, Ilia R\u00e9pine, 1888\" width=\"960\" height=\"766\" \/><\/a><p id=\"caption-attachment-273745\" class=\"wp-caption-text\"><span style=\"font-size: 10pt;\"><em>Saint Nicolas arr\u00eatant le bourreau, Ilia R\u00e9pine, 1888<\/em><\/span><\/p><\/div>\n<h2 class=\"p2\"><span style=\"font-size: 12pt;\"><strong><span class=\"s1\">En ce 6 d\u00e9cembre, les lorrains f\u00eatent leur saint patron.\u00a0Nicolas fut \u00e9v\u00eaque de Myre, et de nombreux r\u00e9cits et l\u00e9gendes entourent sa vie. Un de ces \u00e9v\u00e9nements le lie notamment au fameux \u00ab\u00a0p\u00e8re fouettard\u00a0\u00bb, qui l\u2019accompagne dans les d\u00e9fil\u00e9s. Claude Kevers-Pascalis, dans son ouvrage \u00ab\u00a0Saint Nicolas, l\u00e9gende ou histoire ?\u00a0\u00bb, pr\u00e9sente le saint homme comme un\u00a0<em>\u00ab\u00a0ami de la jeunesse\u00a0\u00bb<\/em>, un\u00a0<em>\u00ab\u00a0d\u00e9fenseur de la justice\u00a0\u00bb<\/em>, ou encore comme un<em>\u00a0\u00ab\u00a0protecteur des victimes de l\u2019existence\u00a0\u00bb<\/em>.<\/span><\/strong><\/span><\/h2>\n<p class=\"p2\"><span class=\"s1\">\u00ab\u00a0Nous ne savons que peu de choses de lui\u00a0\u00bb, apprend on sur\u00a0<strong><a href=\"https:\/\/nominis.cef.fr\/contenus\/saint\/227\/Saint-Nicolas-de-Myre.html\">Nominis,\u00a0<\/a><\/strong><\/span><strong><a href=\"https:\/\/nominis.cef.fr\/contenus\/saint\/227\/Saint-Nicolas-de-Myre.html\">le site de la Conf\u00e9rence des \u00e9v\u00eaques de France sur les saints du calendrier<\/a><\/strong>, \u00ab\u00a0Il naquit en Asie Mineure, devint \u00e9v\u00eaque de Myre et, \u00e0 ce titre, il assiste et souscrit au concile de Nic\u00e9e en 325. Par contre, sa vie posthume est beaucoup plus riche, gr\u00e2ce aux l\u00e9gendes sans doute fond\u00e9es sur la r\u00e9putation de sa bont\u00e9 envers les pauvres et les enfants. Son tombeau devient un lieu de p\u00e8lerinage, d\u2019abord \u00e0 Myre, puis \u00e0 Bari en Italie o\u00f9 ses reliques furent transport\u00e9es au XIe si\u00e8cle pour les prot\u00e9ger des Musulmans. Chaque ann\u00e9e, des d\u00e9l\u00e9gations des \u00c9glises orthodoxes, particuli\u00e8rement de Russie, viennent se joindre au p\u00e8lerinage des catholiques latins, en une rencontre \u0153cum\u00e9nique significative. Le \u00ab\u00a0bon saint Nicolas\u00a0\u00bb est invoqu\u00e9 aussi bien en Orient o\u00f9 il est le patron des Russes, qu\u2019en Occident o\u00f9 il est le patron des enfants et, si l\u2019on peut parler ainsi, l\u2019anc\u00eatre du P\u00e8re No\u00ebl. Il est f\u00eat\u00e9 le 9 mai par les \u00c9glises d\u2019Orient. Un internaute nous signale: \u00ab\u00a0St Nicolas honor\u00e9 en Lorraine est aussi le protecteur des filles \u00e0 marier et des prisonniers. Deux \u00e9pisodes de sa l\u00e9gende: l\u2019un explique qu\u2019il fournit secr\u00e8tement une dot \u00e0 trois s\u0153urs dont le p\u00e8re trop pauvre ne pouvait les marier, l\u2019autre rapporte qu\u2019il exau\u00e7a les pri\u00e8res du seigneur de R\u00e9chicourt (actuelle Moselle), prisonnier en Terre Sainte depuis des ann\u00e9es, qui se retrouva miraculeusement lib\u00e9r\u00e9 de ses cha\u00eenes sur le parvis de la basilique \u00e0 St Nicolas de Port (Meurthe-et-Moselle).\u00a0\u00bb\u00bb<\/p>\n<p class=\"p2\"><iframe loading=\"lazy\" src=\"\/\/www.youtube.com\/embed\/LTd5CTZtuXE\" width=\"425\" height=\"350\" allowfullscreen=\"allowfullscreen\"><\/iframe><\/p>\n<p class=\"p2\" style=\"text-align: center;\"><span style=\"font-size: 10pt;\"><em>Procession ancestrale, Saint-Nicolas-de-Port, 2018<\/em><\/span><\/p>\n<p class=\"p2\" style=\"text-align: left;\">Dans son livre \u00ab Saint-Nicolas, l\u00e9gende ou histoire\u00a0?\u00a0\u00bb, Claude Kevers Pascalis pr\u00e9sente, entre autres r\u00e9cits et l\u00e9gendes, un \u00e9v\u00e9nement de la vie du Saint rapport\u00e9 par l\u2019historien Gerardo Cioffari \u00ab\u00a0vers l\u2019an 332\u00a0\u00bb. Par son action, l\u2019\u00e9v\u00eaque de Myre aurait r\u00e9ussi \u00e0 faire baisser le niveau des imp\u00f4ts dans sa ville, en rencontrant Constantin. \u00ab\u00a0Les conseillers de l\u2019empereur l\u2019avaient r\u00e9cemment incit\u00e9 \u00e0 faire pr\u00e9lever par ses questeurs un nouveau tribut payable exclusivement en pi\u00e8ces d\u2019or et d\u2019argent, contrairement \u00e0 l\u2019usage pr\u00e9c\u00e9dent, selon lequel les contribuables pouvaient s\u2019acquitter de leur d\u00fb \u00e0 l\u2019aide de b\u00e9tail, de bl\u00e9, de marchandises ou d\u2019objets divers cr\u00e9\u00e9s gr\u00e2ce \u00e0 leur labeur\u00a0\u00bb.L\u2019\u00e9v\u00eaque, se tenant r\u00e9guli\u00e8rement au courant de ce qui se passait dans l\u2019empire n\u2019ignorait pas que \u00ab dans chaque cit\u00e9, \u00e0 l\u2019\u00e9ch\u00e9ance du paiement des tributs, s\u2019\u00e9levaient des pleurs et des lamentations. Les plus pauvres, qui ne pouvaient payer, \u00e9taient d\u00e9pouill\u00e9s, des m\u00e8res en arrivaient \u00e0 vendre leurs enfants, et des p\u00e8res \u00e0 prostituer leurs filles\u00a0\u00bb. Se d\u00e9pla\u00e7ant en personne pour rencontrer l\u2019empereur, Nicolas obtint de lui l\u2019all\u00e9gement des imp\u00f4ts dans sa province. Il fut si convaincant que Constantin lui laissa fixer lui m\u00eame le niveau de pr\u00e9l\u00e8vement.<\/p>\n","protected":false},"excerpt":{"rendered":"<p>En ce 6 d\u00e9cembre, les lorrains f\u00eatent leur saint patron.\u00a0Nicolas fut \u00e9v\u00eaque de Myre, et de nombreux r\u00e9cits et l\u00e9gendes [&hellip;]<\/p>\n","protected":false},"author":407,"featured_media":23278,"comment_status":"open","ping_status":"open","sticky":false,"template":"","format":"standard","meta":{"footnotes":""},"categories":[26,163,13],"tags":[],"class_list":["post-23277","post","type-post","status-publish","format-standard","has-post-thumbnail","hentry","category-a-la-une","category-religion","category-societe"],"acf":[],"yoast_head":"<!-- This site is optimized with the Yoast SEO plugin v22.5 - https:\/\/yoast.com\/wordpress\/plugins\/seo\/ -->\n<title>Quand Saint Nicolas r\u00e9duisait les imp\u00f4ts ! - Remiremont Info<\/title>\n<meta name=\"robots\" content=\"index, follow, max-snippet:-1, max-image-preview:large, max-video-preview:-1\" \/>\n<link rel=\"canonical\" href=\"https:\/\/vosgesinfo.fr\/remiremontinfo\/2019\/12\/saint-nicolas-reduisait-impots-2\/\" \/>\n<meta name=\"twitter:card\" content=\"summary_large_image\" \/>\n<meta name=\"twitter:title\" content=\"Quand Saint Nicolas r\u00e9duisait les imp\u00f4ts ! - Remiremont Info\" \/>\n<meta name=\"twitter:description\" content=\"En ce 6 d\u00e9cembre, les lorrains f\u00eatent leur saint patron.\u00a0Nicolas fut \u00e9v\u00eaque de Myre, et de nombreux r\u00e9cits et l\u00e9gendes [&hellip;]\" \/>\n<meta name=\"twitter:image\" content=\"https:\/\/vosgesinfo.fr\/app\/uploads\/sites\/5\/2024\/09\/201912capture-decran-2019-12-06-a-12.28.16.png\" \/>\n<meta name=\"twitter:creator\" content=\"@VosgesInfo88\" \/>\n<meta name=\"twitter:site\" content=\"@VosgesInfo88\" \/>\n<meta name=\"twitter:label1\" content=\"\u00c9crit par\" \/>\n\t<meta name=\"twitter:data1\" content=\"C D\" \/>\n\t<meta name=\"twitter:label2\" content=\"Dur\u00e9e de lecture estim\u00e9e\" \/>\n\t<meta name=\"twitter:data2\" content=\"3 minutes\" \/>\n<script type=\"application\/ld+json\" class=\"yoast-schema-graph\">{\"@context\":\"https:\/\/schema.org\",\"@graph\":[{\"@type\":\"Article\",\"@id\":\"https:\/\/vosgesinfo.fr\/remiremontinfo\/2019\/12\/saint-nicolas-reduisait-impots-2\/#article\",\"isPartOf\":{\"@id\":\"https:\/\/vosgesinfo.fr\/remiremontinfo\/2019\/12\/saint-nicolas-reduisait-impots-2\/\"},\"author\":{\"name\":\"C D\",\"@id\":\"https:\/\/vosgesinfo.fr\/remiremontinfo\/#\/schema\/person\/3bfd164d5218a185b1db68655a265316\"},\"headline\":\"Quand Saint Nicolas r\u00e9duisait les imp\u00f4ts !\",\"datePublished\":\"2019-12-06T10:43:45+00:00\",\"dateModified\":\"2019-12-06T10:43:45+00:00\",\"mainEntityOfPage\":{\"@id\":\"https:\/\/vosgesinfo.fr\/remiremontinfo\/2019\/12\/saint-nicolas-reduisait-impots-2\/\"},\"wordCount\":635,\"commentCount\":0,\"publisher\":{\"@id\":\"https:\/\/vosgesinfo.fr\/remiremontinfo\/#organization\"},\"image\":{\"@id\":\"https:\/\/vosgesinfo.fr\/remiremontinfo\/2019\/12\/saint-nicolas-reduisait-impots-2\/#primaryimage\"},\"thumbnailUrl\":\"https:\/\/vosgesinfo.fr\/app\/uploads\/sites\/5\/2024\/09\/201912capture-decran-2019-12-06-a-12.28.16.png\",\"articleSection\":[\"A la Une\",\"Religion\",\"Soci\u00e9t\u00e9\"],\"inLanguage\":\"fr-FR\",\"potentialAction\":[{\"@type\":\"CommentAction\",\"name\":\"Comment\",\"target\":[\"https:\/\/vosgesinfo.fr\/remiremontinfo\/2019\/12\/saint-nicolas-reduisait-impots-2\/#respond\"]}]},{\"@type\":\"WebPage\",\"@id\":\"https:\/\/vosgesinfo.fr\/remiremontinfo\/2019\/12\/saint-nicolas-reduisait-impots-2\/\",\"url\":\"https:\/\/vosgesinfo.fr\/remiremontinfo\/2019\/12\/saint-nicolas-reduisait-impots-2\/\",\"name\":\"Quand Saint Nicolas r\u00e9duisait les imp\u00f4ts ! - Remiremont Info\",\"isPartOf\":{\"@id\":\"https:\/\/vosgesinfo.fr\/remiremontinfo\/#website\"},\"primaryImageOfPage\":{\"@id\":\"https:\/\/vosgesinfo.fr\/remiremontinfo\/2019\/12\/saint-nicolas-reduisait-impots-2\/#primaryimage\"},\"image\":{\"@id\":\"https:\/\/vosgesinfo.fr\/remiremontinfo\/2019\/12\/saint-nicolas-reduisait-impots-2\/#primaryimage\"},\"thumbnailUrl\":\"https:\/\/vosgesinfo.fr\/app\/uploads\/sites\/5\/2024\/09\/201912capture-decran-2019-12-06-a-12.28.16.png\",\"datePublished\":\"2019-12-06T10:43:45+00:00\",\"dateModified\":\"2019-12-06T10:43:45+00:00\",\"breadcrumb\":{\"@id\":\"https:\/\/vosgesinfo.fr\/remiremontinfo\/2019\/12\/saint-nicolas-reduisait-impots-2\/#breadcrumb\"},\"inLanguage\":\"fr-FR\",\"potentialAction\":[{\"@type\":\"ReadAction\",\"target\":[\"https:\/\/vosgesinfo.fr\/remiremontinfo\/2019\/12\/saint-nicolas-reduisait-impots-2\/\"]}]},{\"@type\":\"ImageObject\",\"inLanguage\":\"fr-FR\",\"@id\":\"https:\/\/vosgesinfo.fr\/remiremontinfo\/2019\/12\/saint-nicolas-reduisait-impots-2\/#primaryimage\",\"url\":\"https:\/\/vosgesinfo.fr\/app\/uploads\/sites\/5\/2024\/09\/201912capture-decran-2019-12-06-a-12.28.16.png\",\"contentUrl\":\"https:\/\/vosgesinfo.fr\/app\/uploads\/sites\/5\/2024\/09\/201912capture-decran-2019-12-06-a-12.28.16.png\",\"width\":1738,\"height\":1086},{\"@type\":\"BreadcrumbList\",\"@id\":\"https:\/\/vosgesinfo.fr\/remiremontinfo\/2019\/12\/saint-nicolas-reduisait-impots-2\/#breadcrumb\",\"itemListElement\":[{\"@type\":\"ListItem\",\"position\":1,\"name\":\"Home\",\"item\":\"https:\/\/vosgesinfo.fr\/remiremontinfo\/\"},{\"@type\":\"ListItem\",\"position\":2,\"name\":\"Quand Saint Nicolas r\u00e9duisait les imp\u00f4ts !\"}]},{\"@type\":\"WebSite\",\"@id\":\"https:\/\/vosgesinfo.fr\/remiremontinfo\/#website\",\"url\":\"https:\/\/vosgesinfo.fr\/remiremontinfo\/\",\"name\":\"Remiremont Info\",\"description\":\"Toute l&#039;actualit\u00e9 de Remiremont\",\"publisher\":{\"@id\":\"https:\/\/vosgesinfo.fr\/remiremontinfo\/#organization\"},\"alternateName\":\"Toute l'actualit\u00e9 de Remiremont\",\"potentialAction\":[{\"@type\":\"SearchAction\",\"target\":{\"@type\":\"EntryPoint\",\"urlTemplate\":\"https:\/\/vosgesinfo.fr\/remiremontinfo\/?s={search_term_string}\"},\"query-input\":\"required name=search_term_string\"}],\"inLanguage\":\"fr-FR\"},{\"@type\":\"Organization\",\"@id\":\"https:\/\/vosgesinfo.fr\/remiremontinfo\/#organization\",\"name\":\"Remiremont Info\",\"url\":\"https:\/\/vosgesinfo.fr\/remiremontinfo\/\",\"logo\":{\"@type\":\"ImageObject\",\"inLanguage\":\"fr-FR\",\"@id\":\"https:\/\/vosgesinfo.fr\/remiremontinfo\/#\/schema\/logo\/image\/\",\"url\":\"https:\/\/vosgesinfo.fr\/app\/uploads\/sites\/5\/2023\/08\/favicon-remiremontinfo.png\",\"contentUrl\":\"https:\/\/vosgesinfo.fr\/app\/uploads\/sites\/5\/2023\/08\/favicon-remiremontinfo.png\",\"width\":512,\"height\":512,\"caption\":\"Remiremont Info\"},\"image\":{\"@id\":\"https:\/\/vosgesinfo.fr\/remiremontinfo\/#\/schema\/logo\/image\/\"},\"sameAs\":[\"https:\/\/www.facebook.com\/remiremontinfo\",\"https:\/\/x.com\/VosgesInfo88\",\"https:\/\/www.youtube.com\/@vosgesinfo\"]},{\"@type\":\"Person\",\"@id\":\"https:\/\/vosgesinfo.fr\/remiremontinfo\/#\/schema\/person\/3bfd164d5218a185b1db68655a265316\",\"name\":\"C D\",\"image\":{\"@type\":\"ImageObject\",\"inLanguage\":\"fr-FR\",\"@id\":\"https:\/\/vosgesinfo.fr\/remiremontinfo\/#\/schema\/person\/image\/\",\"url\":\"https:\/\/secure.gravatar.com\/avatar\/1f9a70007336511a47468b8f1c66f922b8b7cf617b02a31149ada43893a5d48f?s=96&d=mm&r=g\",\"contentUrl\":\"https:\/\/secure.gravatar.com\/avatar\/1f9a70007336511a47468b8f1c66f922b8b7cf617b02a31149ada43893a5d48f?s=96&d=mm&r=g\",\"caption\":\"C D\"},\"url\":\"https:\/\/vosgesinfo.fr\/remiremontinfo\/author\/cedric-drevet\/\"}]}<\/script>\n<!-- \/ Yoast SEO plugin. -->","yoast_head_json":{"title":"Quand Saint Nicolas r\u00e9duisait les imp\u00f4ts ! - Remiremont Info","robots":{"index":"index","follow":"follow","max-snippet":"max-snippet:-1","max-image-preview":"max-image-preview:large","max-video-preview":"max-video-preview:-1"},"canonical":"https:\/\/vosgesinfo.fr\/remiremontinfo\/2019\/12\/saint-nicolas-reduisait-impots-2\/","twitter_card":"summary_large_image","twitter_title":"Quand Saint Nicolas r\u00e9duisait les imp\u00f4ts ! - Remiremont Info","twitter_description":"En ce 6 d\u00e9cembre, les lorrains f\u00eatent leur saint patron.\u00a0Nicolas fut \u00e9v\u00eaque de Myre, et de nombreux r\u00e9cits et l\u00e9gendes [&hellip;]","twitter_image":"https:\/\/vosgesinfo.fr\/app\/uploads\/sites\/5\/2024\/09\/201912capture-decran-2019-12-06-a-12.28.16.png","twitter_creator":"@VosgesInfo88","twitter_site":"@VosgesInfo88","twitter_misc":{"\u00c9crit par":"C D","Dur\u00e9e de lecture estim\u00e9e":"3 minutes"},"schema":{"@context":"https:\/\/schema.org","@graph":[{"@type":"Article","@id":"https:\/\/vosgesinfo.fr\/remiremontinfo\/2019\/12\/saint-nicolas-reduisait-impots-2\/#article","isPartOf":{"@id":"https:\/\/vosgesinfo.fr\/remiremontinfo\/2019\/12\/saint-nicolas-reduisait-impots-2\/"},"author":{"name":"C D","@id":"https:\/\/vosgesinfo.fr\/remiremontinfo\/#\/schema\/person\/3bfd164d5218a185b1db68655a265316"},"headline":"Quand Saint Nicolas r\u00e9duisait les imp\u00f4ts !","datePublished":"2019-12-06T10:43:45+00:00","dateModified":"2019-12-06T10:43:45+00:00","mainEntityOfPage":{"@id":"https:\/\/vosgesinfo.fr\/remiremontinfo\/2019\/12\/saint-nicolas-reduisait-impots-2\/"},"wordCount":635,"commentCount":0,"publisher":{"@id":"https:\/\/vosgesinfo.fr\/remiremontinfo\/#organization"},"image":{"@id":"https:\/\/vosgesinfo.fr\/remiremontinfo\/2019\/12\/saint-nicolas-reduisait-impots-2\/#primaryimage"},"thumbnailUrl":"https:\/\/vosgesinfo.fr\/app\/uploads\/sites\/5\/2024\/09\/201912capture-decran-2019-12-06-a-12.28.16.png","articleSection":["A la Une","Religion","Soci\u00e9t\u00e9"],"inLanguage":"fr-FR","potentialAction":[{"@type":"CommentAction","name":"Comment","target":["https:\/\/vosgesinfo.fr\/remiremontinfo\/2019\/12\/saint-nicolas-reduisait-impots-2\/#respond"]}]},{"@type":"WebPage","@id":"https:\/\/vosgesinfo.fr\/remiremontinfo\/2019\/12\/saint-nicolas-reduisait-impots-2\/","url":"https:\/\/vosgesinfo.fr\/remiremontinfo\/2019\/12\/saint-nicolas-reduisait-impots-2\/","name":"Quand Saint Nicolas r\u00e9duisait les imp\u00f4ts ! - Remiremont Info","isPartOf":{"@id":"https:\/\/vosgesinfo.fr\/remiremontinfo\/#website"},"primaryImageOfPage":{"@id":"https:\/\/vosgesinfo.fr\/remiremontinfo\/2019\/12\/saint-nicolas-reduisait-impots-2\/#primaryimage"},"image":{"@id":"https:\/\/vosgesinfo.fr\/remiremontinfo\/2019\/12\/saint-nicolas-reduisait-impots-2\/#primaryimage"},"thumbnailUrl":"https:\/\/vosgesinfo.fr\/app\/uploads\/sites\/5\/2024\/09\/201912capture-decran-2019-12-06-a-12.28.16.png","datePublished":"2019-12-06T10:43:45+00:00","dateModified":"2019-12-06T10:43:45+00:00","breadcrumb":{"@id":"https:\/\/vosgesinfo.fr\/remiremontinfo\/2019\/12\/saint-nicolas-reduisait-impots-2\/#breadcrumb"},"inLanguage":"fr-FR","potentialAction":[{"@type":"ReadAction","target":["https:\/\/vosgesinfo.fr\/remiremontinfo\/2019\/12\/saint-nicolas-reduisait-impots-2\/"]}]},{"@type":"ImageObject","inLanguage":"fr-FR","@id":"https:\/\/vosgesinfo.fr\/remiremontinfo\/2019\/12\/saint-nicolas-reduisait-impots-2\/#primaryimage","url":"https:\/\/vosgesinfo.fr\/app\/uploads\/sites\/5\/2024\/09\/201912capture-decran-2019-12-06-a-12.28.16.png","contentUrl":"https:\/\/vosgesinfo.fr\/app\/uploads\/sites\/5\/2024\/09\/201912capture-decran-2019-12-06-a-12.28.16.png","width":1738,"height":1086},{"@type":"BreadcrumbList","@id":"https:\/\/vosgesinfo.fr\/remiremontinfo\/2019\/12\/saint-nicolas-reduisait-impots-2\/#breadcrumb","itemListElement":[{"@type":"ListItem","position":1,"name":"Home","item":"https:\/\/vosgesinfo.fr\/remiremontinfo\/"},{"@type":"ListItem","position":2,"name":"Quand Saint Nicolas r\u00e9duisait les imp\u00f4ts !"}]},{"@type":"WebSite","@id":"https:\/\/vosgesinfo.fr\/remiremontinfo\/#website","url":"https:\/\/vosgesinfo.fr\/remiremontinfo\/","name":"Remiremont Info","description":"Toute l&#039;actualit\u00e9 de Remiremont","publisher":{"@id":"https:\/\/vosgesinfo.fr\/remiremontinfo\/#organization"},"alternateName":"Toute l'actualit\u00e9 de Remiremont","potentialAction":[{"@type":"SearchAction","target":{"@type":"EntryPoint","urlTemplate":"https:\/\/vosgesinfo.fr\/remiremontinfo\/?s={search_term_string}"},"query-input":"required name=search_term_string"}],"inLanguage":"fr-FR"},{"@type":"Organization","@id":"https:\/\/vosgesinfo.fr\/remiremontinfo\/#organization","name":"Remiremont Info","url":"https:\/\/vosgesinfo.fr\/remiremontinfo\/","logo":{"@type":"ImageObject","inLanguage":"fr-FR","@id":"https:\/\/vosgesinfo.fr\/remiremontinfo\/#\/schema\/logo\/image\/","url":"https:\/\/vosgesinfo.fr\/app\/uploads\/sites\/5\/2023\/08\/favicon-remiremontinfo.png","contentUrl":"https:\/\/vosgesinfo.fr\/app\/uploads\/sites\/5\/2023\/08\/favicon-remiremontinfo.png","width":512,"height":512,"caption":"Remiremont Info"},"image":{"@id":"https:\/\/vosgesinfo.fr\/remiremontinfo\/#\/schema\/logo\/image\/"},"sameAs":["https:\/\/www.facebook.com\/remiremontinfo","https:\/\/x.com\/VosgesInfo88","https:\/\/www.youtube.com\/@vosgesinfo"]},{"@type":"Person","@id":"https:\/\/vosgesinfo.fr\/remiremontinfo\/#\/schema\/person\/3bfd164d5218a185b1db68655a265316","name":"C D","image":{"@type":"ImageObject","inLanguage":"fr-FR","@id":"https:\/\/vosgesinfo.fr\/remiremontinfo\/#\/schema\/person\/image\/","url":"https:\/\/secure.gravatar.com\/avatar\/1f9a70007336511a47468b8f1c66f922b8b7cf617b02a31149ada43893a5d48f?s=96&d=mm&r=g","contentUrl":"https:\/\/secure.gravatar.com\/avatar\/1f9a70007336511a47468b8f1c66f922b8b7cf617b02a31149ada43893a5d48f?s=96&d=mm&r=g","caption":"C D"},"url":"https:\/\/vosgesinfo.fr\/remiremontinfo\/author\/cedric-drevet\/"}]}},"_links":{"self":[{"href":"https:\/\/vosgesinfo.fr\/remiremontinfo\/wp-json\/wp\/v2\/posts\/23277","targetHints":{"allow":["GET"]}}],"collection":[{"href":"https:\/\/vosgesinfo.fr\/remiremontinfo\/wp-json\/wp\/v2\/posts"}],"about":[{"href":"https:\/\/vosgesinfo.fr\/remiremontinfo\/wp-json\/wp\/v2\/types\/post"}],"author":[{"embeddable":true,"href":"https:\/\/vosgesinfo.fr\/remiremontinfo\/wp-json\/wp\/v2\/users\/407"}],"replies":[{"embeddable":true,"href":"https:\/\/vosgesinfo.fr\/remiremontinfo\/wp-json\/wp\/v2\/comments?post=23277"}],"version-history":[{"count":0,"href":"https:\/\/vosgesinfo.fr\/remiremontinfo\/wp-json\/wp\/v2\/posts\/23277\/revisions"}],"wp:featuredmedia":[{"embeddable":true,"href":"https:\/\/vosgesinfo.fr\/remiremontinfo\/wp-json\/wp\/v2\/media\/23278"}],"wp:attachment":[{"href":"https:\/\/vosgesinfo.fr\/remiremontinfo\/wp-json\/wp\/v2\/media?parent=23277"}],"wp:term":[{"taxonomy":"category","embeddable":true,"href":"https:\/\/vosgesinfo.fr\/remiremontinfo\/wp-json\/wp\/v2\/categories?post=23277"},{"taxonomy":"post_tag","embeddable":true,"href":"https:\/\/vosgesinfo.fr\/remiremontinfo\/wp-json\/wp\/v2\/tags?post=23277"}],"curies":[{"name":"wp","href":"https:\/\/api.w.org\/{rel}","templated":true}]}}