{"id":23284,"date":"2019-12-06T14:32:41","date_gmt":"2019-12-06T13:32:41","guid":{"rendered":"https:\/\/vosgesinfo.fr\/remiremontinfo\/2019\/12\/ehpad-de-bresse-personnels-a-bout\/"},"modified":"2019-12-06T14:32:41","modified_gmt":"2019-12-06T13:32:41","slug":"ehpad-de-bresse-personnels-a-bout","status":"publish","type":"post","link":"https:\/\/vosgesinfo.fr\/remiremontinfo\/2019\/12\/ehpad-de-bresse-personnels-a-bout\/","title":{"rendered":"EHPAD de La Bresse : \u00ab\u00a0les personnels sont \u00e0 bout\u00a0\u00bb"},"content":{"rendered":"<div id=\"attachment_273765\" style=\"width: 970px\" class=\"wp-caption alignnone\"><a href=\"\/2019\/12\/Capture-d\u2019e\u0301cran-2019-12-06-a\u0300-15.30.17.png\"><img decoding=\"async\" aria-describedby=\"caption-attachment-273765\" class=\"size-large wp-image-273765\" src=\"\/2019\/12\/Capture-d\u2019e\u0301cran-2019-12-06-a\u0300-15.30.17-1024x669.png\" alt=\"Photo d'illustration \" width=\"960\" height=\"627\" \/><\/a><p id=\"caption-attachment-273765\" class=\"wp-caption-text\"><span style=\"font-size: 10pt;\"><em>Photo d&rsquo;illustration<\/em><\/span><\/p><\/div>\n<p style=\"text-align: center;\"><em><strong>Lettre ouverte \u00e0 M. Le Directeur de L\u2019Agence R\u00e9gionale de Sant\u00e9<\/strong><\/em><\/p>\n<h2 style=\"text-align: left;\"><span style=\"font-size: 12pt;\"><strong>L\u2019EHPAD de la Bresse, comme beaucoup d\u2019autres, ne sera bient\u00f4t plus en mesure de fonctionner : personnels en sous-effectif chronique, au bout du rouleau et des familles en col\u00e8re !<\/strong><\/span><\/h2>\n<p style=\"text-align: left;\">Nous familles de r\u00e9sidents, constatons chaque jour la baisse du niveau et de la qualit\u00e9 des soins dispens\u00e9s \u00e0 nos proches, en d\u00e9pit de la conscience professionnelle de l\u2019ensemble des personnels en poste. Il manque constamment des effectifs soignants, une situation qui perdure et va en empirant, alors m\u00eame que le signal d\u2019alarme est tir\u00e9 par la direction de l\u2019\u00e9tablissement aupr\u00e8s de vos services en octobre dernier. Force est de constater que malgr\u00e9 des recherches et des incitations financi\u00e8res, la direction ne parvient pas \u00e0 recruter des personnels infirmiers. Ce service est r\u00e9duit aujourd\u2019hui \u00e0 2.5 ETP pour assurer la continuit\u00e9 des soins de 91 r\u00e9sidents, dont 24 en UVP, 7\/7 jours sur une amplitude de 7h \u00e0 20h30 !<\/p>\n<p style=\"text-align: left;\">Les EHPAD sont au bord de l\u2019explosion, nul n\u2019en fait plus myst\u00e8re. Aujourd\u2019hui l\u2019\u00e9tablissement auquel nous avons confi\u00e9 nos parents ne sera bient\u00f4t plus en \u00e9tat de les accueillir ni de les prendre en charge, en raison de ce manque d\u2019effectifs crucial et de la difficult\u00e9 \u00e0 recruter des professionnels param\u00e9dicaux, d\u2019autant que la Bresse situ\u00e9e en fond de vall\u00e9e ne pr\u00e9sente pas la meilleure attractivit\u00e9.<\/p>\n<p style=\"text-align: left;\">Vous n\u2019\u00eates pas sans savoir que les conditions actuelles de travail dans les EHPAD, n\u2019incitent pas \u00e0 exercer ces professions ! A La Bresse, comme dans beaucoup d\u2019autres \u00e9tablissements, les personnels sont \u00e0 bout et bien que d\u00e9vou\u00e9s, ne peuvent aller au-del\u00e0 de leurs forces. Des situations d\u2019extr\u00eame d\u00e9tresse sont relev\u00e9es, tant chez les r\u00e9sidents que chez les soignants.<\/p>\n<p style=\"text-align: left;\">Nous n\u2019acceptons plus une situation qui n\u2019offre plus \u00e0 nos a\u00een\u00e9s une fin de vie digne et ne permet plus aux<br \/>\npersonnels d\u2019avoir les moyens d\u2019exercer correctement et humainement leur m\u00e9tier. Rappelons que les r\u00e9sidents paient et souvent le prix fort, ils sont donc en droit de recevoir en contrepartie des soins et des<br \/>\nservices de qualit\u00e9. L\u2019article L311-3 du Code de l\u2019Action Sociale et des Familles stipule que sont assur\u00e9s \u00e0<br \/>\ntoute personne prise en charge par des \u00e9tablissements et services sociaux et m\u00e9dico-sociaux, \u00ab le respect de sa dignit\u00e9, de son int\u00e9grit\u00e9, de sa vie priv\u00e9e, de son intimit\u00e9 et de sa s\u00e9curit\u00e9 \u00bb. Ces garanties ne sont plus, en l\u2019\u00e9tat, maintenues.<\/p>\n<p style=\"text-align: left;\">Le fonctionnement de l\u2019EHPAD de La Bresse risque de se d\u00e9grader et en votre qualit\u00e9 d\u2019autorit\u00e9 de tutelle votre responsabilit\u00e9 est clairement engag\u00e9e : le temps n\u2019est plus aux r\u00e9ponses \u00e9vasives, nous exigeons une r\u00e9ponse adapt\u00e9e avec effets imm\u00e9diats sur le terrain. Les tergiversations ne sont plus de mise, nous refusons pour notre EHPAD que des d\u00e9cisions prises arbitrairement en haut lieu y engendrent de la maltraitance institutionnelle.<\/p>\n<p style=\"text-align: left;\">Aussi, nous vous convions \u00e0 venir nous rencontrer \u00e0 l\u2019EHPAD de La Bresse, lors d\u2019une table ronde, afin d\u2019\u00e9valuer l\u2019urgence et d\u2019apporter des r\u00e9ponses concr\u00e8tes qu\u2019il serait hasardeux et p\u00e9rilleux de diff\u00e9rer. Compte-tenu du contexte, il est imp\u00e9ratif de tenir cette r\u00e9union avant la fin de l\u2019ann\u00e9e. Dans l\u2019attente d\u2019une r\u00e9ponse diligente, recevez, Monsieur le Directeur, l\u2019expression de nos salutations les meilleures.<\/p>\n<p style=\"text-align: center;\">ARS Grand-est La Bresse le 04 d\u00e9cembre 2019<br \/>\n3 Bd Joffre Les familles signataires (liste jointe)<br \/>\n54000 Nancy<\/p>\n<p style=\"text-align: center;\">Contact :<br \/>\nAnnie Aucante, 13 rue du Hohneck 88250 La Bresse<br \/>\nannie.aucante@free.fr<br \/>\n03 29 25 96 09<\/p>\n<p style=\"text-align: left;\"><em>Association EHPAD La Bresse<\/em><\/p>\n","protected":false},"excerpt":{"rendered":"<p>Lettre ouverte \u00e0 M. Le Directeur de L\u2019Agence R\u00e9gionale de Sant\u00e9 L\u2019EHPAD de la Bresse, comme beaucoup d\u2019autres, ne sera [&hellip;]<\/p>\n","protected":false},"author":407,"featured_media":23285,"comment_status":"open","ping_status":"open","sticky":false,"template":"","format":"standard","meta":{"footnotes":""},"categories":[26,104,25,13],"tags":[],"class_list":["post-23284","post","type-post","status-publish","format-standard","has-post-thumbnail","hentry","category-a-la-une","category-la-bresse-la-bresse-son-canton","category-la-bresse-son-canton","category-societe"],"acf":[],"yoast_head":"<!-- This site is optimized with the Yoast SEO plugin v22.5 - https:\/\/yoast.com\/wordpress\/plugins\/seo\/ -->\n<title>EHPAD de La Bresse : \u00ab\u00a0les personnels sont \u00e0 bout\u00a0\u00bb - Remiremont Info<\/title>\n<meta name=\"robots\" content=\"index, follow, max-snippet:-1, max-image-preview:large, max-video-preview:-1\" \/>\n<link rel=\"canonical\" href=\"https:\/\/vosgesinfo.fr\/remiremontinfo\/2019\/12\/ehpad-de-bresse-personnels-a-bout\/\" \/>\n<meta name=\"twitter:card\" content=\"summary_large_image\" \/>\n<meta name=\"twitter:title\" content=\"EHPAD de La Bresse : \u00ab\u00a0les personnels sont \u00e0 bout\u00a0\u00bb - Remiremont Info\" \/>\n<meta name=\"twitter:description\" content=\"Lettre ouverte \u00e0 M. Le Directeur de L\u2019Agence R\u00e9gionale de Sant\u00e9 L\u2019EHPAD de la Bresse, comme beaucoup d\u2019autres, ne sera [&hellip;]\" \/>\n<meta name=\"twitter:image\" content=\"https:\/\/vosgesinfo.fr\/app\/uploads\/sites\/5\/2024\/09\/201912capture-decran-2019-12-06-a-15.30.17.png\" \/>\n<meta name=\"twitter:creator\" content=\"@VosgesInfo88\" \/>\n<meta name=\"twitter:site\" content=\"@VosgesInfo88\" \/>\n<meta name=\"twitter:label1\" content=\"\u00c9crit par\" \/>\n\t<meta name=\"twitter:data1\" content=\"C D\" \/>\n\t<meta name=\"twitter:label2\" content=\"Dur\u00e9e de lecture estim\u00e9e\" \/>\n\t<meta name=\"twitter:data2\" content=\"3 minutes\" \/>\n<script type=\"application\/ld+json\" class=\"yoast-schema-graph\">{\"@context\":\"https:\/\/schema.org\",\"@graph\":[{\"@type\":\"Article\",\"@id\":\"https:\/\/vosgesinfo.fr\/remiremontinfo\/2019\/12\/ehpad-de-bresse-personnels-a-bout\/#article\",\"isPartOf\":{\"@id\":\"https:\/\/vosgesinfo.fr\/remiremontinfo\/2019\/12\/ehpad-de-bresse-personnels-a-bout\/\"},\"author\":{\"name\":\"C D\",\"@id\":\"https:\/\/vosgesinfo.fr\/remiremontinfo\/#\/schema\/person\/3bfd164d5218a185b1db68655a265316\"},\"headline\":\"EHPAD de La Bresse : \u00ab\u00a0les personnels sont \u00e0 bout\u00a0\u00bb\",\"datePublished\":\"2019-12-06T13:32:41+00:00\",\"dateModified\":\"2019-12-06T13:32:41+00:00\",\"mainEntityOfPage\":{\"@id\":\"https:\/\/vosgesinfo.fr\/remiremontinfo\/2019\/12\/ehpad-de-bresse-personnels-a-bout\/\"},\"wordCount\":641,\"commentCount\":0,\"publisher\":{\"@id\":\"https:\/\/vosgesinfo.fr\/remiremontinfo\/#organization\"},\"image\":{\"@id\":\"https:\/\/vosgesinfo.fr\/remiremontinfo\/2019\/12\/ehpad-de-bresse-personnels-a-bout\/#primaryimage\"},\"thumbnailUrl\":\"https:\/\/vosgesinfo.fr\/app\/uploads\/sites\/5\/2024\/09\/201912capture-decran-2019-12-06-a-15.30.17.png\",\"articleSection\":[\"A la Une\",\"La Bresse\",\"La Bresse &amp; son canton\",\"Soci\u00e9t\u00e9\"],\"inLanguage\":\"fr-FR\",\"potentialAction\":[{\"@type\":\"CommentAction\",\"name\":\"Comment\",\"target\":[\"https:\/\/vosgesinfo.fr\/remiremontinfo\/2019\/12\/ehpad-de-bresse-personnels-a-bout\/#respond\"]}]},{\"@type\":\"WebPage\",\"@id\":\"https:\/\/vosgesinfo.fr\/remiremontinfo\/2019\/12\/ehpad-de-bresse-personnels-a-bout\/\",\"url\":\"https:\/\/vosgesinfo.fr\/remiremontinfo\/2019\/12\/ehpad-de-bresse-personnels-a-bout\/\",\"name\":\"EHPAD de La Bresse : \u00ab\u00a0les personnels sont \u00e0 bout\u00a0\u00bb - Remiremont Info\",\"isPartOf\":{\"@id\":\"https:\/\/vosgesinfo.fr\/remiremontinfo\/#website\"},\"primaryImageOfPage\":{\"@id\":\"https:\/\/vosgesinfo.fr\/remiremontinfo\/2019\/12\/ehpad-de-bresse-personnels-a-bout\/#primaryimage\"},\"image\":{\"@id\":\"https:\/\/vosgesinfo.fr\/remiremontinfo\/2019\/12\/ehpad-de-bresse-personnels-a-bout\/#primaryimage\"},\"thumbnailUrl\":\"https:\/\/vosgesinfo.fr\/app\/uploads\/sites\/5\/2024\/09\/201912capture-decran-2019-12-06-a-15.30.17.png\",\"datePublished\":\"2019-12-06T13:32:41+00:00\",\"dateModified\":\"2019-12-06T13:32:41+00:00\",\"breadcrumb\":{\"@id\":\"https:\/\/vosgesinfo.fr\/remiremontinfo\/2019\/12\/ehpad-de-bresse-personnels-a-bout\/#breadcrumb\"},\"inLanguage\":\"fr-FR\",\"potentialAction\":[{\"@type\":\"ReadAction\",\"target\":[\"https:\/\/vosgesinfo.fr\/remiremontinfo\/2019\/12\/ehpad-de-bresse-personnels-a-bout\/\"]}]},{\"@type\":\"ImageObject\",\"inLanguage\":\"fr-FR\",\"@id\":\"https:\/\/vosgesinfo.fr\/remiremontinfo\/2019\/12\/ehpad-de-bresse-personnels-a-bout\/#primaryimage\",\"url\":\"https:\/\/vosgesinfo.fr\/app\/uploads\/sites\/5\/2024\/09\/201912capture-decran-2019-12-06-a-15.30.17.png\",\"contentUrl\":\"https:\/\/vosgesinfo.fr\/app\/uploads\/sites\/5\/2024\/09\/201912capture-decran-2019-12-06-a-15.30.17.png\",\"width\":1870,\"height\":1222},{\"@type\":\"BreadcrumbList\",\"@id\":\"https:\/\/vosgesinfo.fr\/remiremontinfo\/2019\/12\/ehpad-de-bresse-personnels-a-bout\/#breadcrumb\",\"itemListElement\":[{\"@type\":\"ListItem\",\"position\":1,\"name\":\"Home\",\"item\":\"https:\/\/vosgesinfo.fr\/remiremontinfo\/\"},{\"@type\":\"ListItem\",\"position\":2,\"name\":\"EHPAD de La Bresse : \u00ab\u00a0les personnels sont \u00e0 bout\u00a0\u00bb\"}]},{\"@type\":\"WebSite\",\"@id\":\"https:\/\/vosgesinfo.fr\/remiremontinfo\/#website\",\"url\":\"https:\/\/vosgesinfo.fr\/remiremontinfo\/\",\"name\":\"Remiremont Info\",\"description\":\"Toute l&#039;actualit\u00e9 de Remiremont\",\"publisher\":{\"@id\":\"https:\/\/vosgesinfo.fr\/remiremontinfo\/#organization\"},\"alternateName\":\"Toute l'actualit\u00e9 de Remiremont\",\"potentialAction\":[{\"@type\":\"SearchAction\",\"target\":{\"@type\":\"EntryPoint\",\"urlTemplate\":\"https:\/\/vosgesinfo.fr\/remiremontinfo\/?s={search_term_string}\"},\"query-input\":\"required name=search_term_string\"}],\"inLanguage\":\"fr-FR\"},{\"@type\":\"Organization\",\"@id\":\"https:\/\/vosgesinfo.fr\/remiremontinfo\/#organization\",\"name\":\"Remiremont Info\",\"url\":\"https:\/\/vosgesinfo.fr\/remiremontinfo\/\",\"logo\":{\"@type\":\"ImageObject\",\"inLanguage\":\"fr-FR\",\"@id\":\"https:\/\/vosgesinfo.fr\/remiremontinfo\/#\/schema\/logo\/image\/\",\"url\":\"https:\/\/vosgesinfo.fr\/app\/uploads\/sites\/5\/2023\/08\/favicon-remiremontinfo.png\",\"contentUrl\":\"https:\/\/vosgesinfo.fr\/app\/uploads\/sites\/5\/2023\/08\/favicon-remiremontinfo.png\",\"width\":512,\"height\":512,\"caption\":\"Remiremont Info\"},\"image\":{\"@id\":\"https:\/\/vosgesinfo.fr\/remiremontinfo\/#\/schema\/logo\/image\/\"},\"sameAs\":[\"https:\/\/www.facebook.com\/remiremontinfo\",\"https:\/\/x.com\/VosgesInfo88\",\"https:\/\/www.youtube.com\/@vosgesinfo\"]},{\"@type\":\"Person\",\"@id\":\"https:\/\/vosgesinfo.fr\/remiremontinfo\/#\/schema\/person\/3bfd164d5218a185b1db68655a265316\",\"name\":\"C D\",\"image\":{\"@type\":\"ImageObject\",\"inLanguage\":\"fr-FR\",\"@id\":\"https:\/\/vosgesinfo.fr\/remiremontinfo\/#\/schema\/person\/image\/\",\"url\":\"https:\/\/secure.gravatar.com\/avatar\/1f9a70007336511a47468b8f1c66f922b8b7cf617b02a31149ada43893a5d48f?s=96&d=mm&r=g\",\"contentUrl\":\"https:\/\/secure.gravatar.com\/avatar\/1f9a70007336511a47468b8f1c66f922b8b7cf617b02a31149ada43893a5d48f?s=96&d=mm&r=g\",\"caption\":\"C D\"},\"url\":\"https:\/\/vosgesinfo.fr\/remiremontinfo\/author\/cedric-drevet\/\"}]}<\/script>\n<!-- \/ Yoast SEO plugin. -->","yoast_head_json":{"title":"EHPAD de La Bresse : \u00ab\u00a0les personnels sont \u00e0 bout\u00a0\u00bb - Remiremont Info","robots":{"index":"index","follow":"follow","max-snippet":"max-snippet:-1","max-image-preview":"max-image-preview:large","max-video-preview":"max-video-preview:-1"},"canonical":"https:\/\/vosgesinfo.fr\/remiremontinfo\/2019\/12\/ehpad-de-bresse-personnels-a-bout\/","twitter_card":"summary_large_image","twitter_title":"EHPAD de La Bresse : \u00ab\u00a0les personnels sont \u00e0 bout\u00a0\u00bb - Remiremont Info","twitter_description":"Lettre ouverte \u00e0 M. Le Directeur de L\u2019Agence R\u00e9gionale de Sant\u00e9 L\u2019EHPAD de la Bresse, comme beaucoup d\u2019autres, ne sera [&hellip;]","twitter_image":"https:\/\/vosgesinfo.fr\/app\/uploads\/sites\/5\/2024\/09\/201912capture-decran-2019-12-06-a-15.30.17.png","twitter_creator":"@VosgesInfo88","twitter_site":"@VosgesInfo88","twitter_misc":{"\u00c9crit par":"C D","Dur\u00e9e de lecture estim\u00e9e":"3 minutes"},"schema":{"@context":"https:\/\/schema.org","@graph":[{"@type":"Article","@id":"https:\/\/vosgesinfo.fr\/remiremontinfo\/2019\/12\/ehpad-de-bresse-personnels-a-bout\/#article","isPartOf":{"@id":"https:\/\/vosgesinfo.fr\/remiremontinfo\/2019\/12\/ehpad-de-bresse-personnels-a-bout\/"},"author":{"name":"C D","@id":"https:\/\/vosgesinfo.fr\/remiremontinfo\/#\/schema\/person\/3bfd164d5218a185b1db68655a265316"},"headline":"EHPAD de La Bresse : \u00ab\u00a0les personnels sont \u00e0 bout\u00a0\u00bb","datePublished":"2019-12-06T13:32:41+00:00","dateModified":"2019-12-06T13:32:41+00:00","mainEntityOfPage":{"@id":"https:\/\/vosgesinfo.fr\/remiremontinfo\/2019\/12\/ehpad-de-bresse-personnels-a-bout\/"},"wordCount":641,"commentCount":0,"publisher":{"@id":"https:\/\/vosgesinfo.fr\/remiremontinfo\/#organization"},"image":{"@id":"https:\/\/vosgesinfo.fr\/remiremontinfo\/2019\/12\/ehpad-de-bresse-personnels-a-bout\/#primaryimage"},"thumbnailUrl":"https:\/\/vosgesinfo.fr\/app\/uploads\/sites\/5\/2024\/09\/201912capture-decran-2019-12-06-a-15.30.17.png","articleSection":["A la Une","La Bresse","La Bresse &amp; son canton","Soci\u00e9t\u00e9"],"inLanguage":"fr-FR","potentialAction":[{"@type":"CommentAction","name":"Comment","target":["https:\/\/vosgesinfo.fr\/remiremontinfo\/2019\/12\/ehpad-de-bresse-personnels-a-bout\/#respond"]}]},{"@type":"WebPage","@id":"https:\/\/vosgesinfo.fr\/remiremontinfo\/2019\/12\/ehpad-de-bresse-personnels-a-bout\/","url":"https:\/\/vosgesinfo.fr\/remiremontinfo\/2019\/12\/ehpad-de-bresse-personnels-a-bout\/","name":"EHPAD de La Bresse : \u00ab\u00a0les personnels sont \u00e0 bout\u00a0\u00bb - Remiremont Info","isPartOf":{"@id":"https:\/\/vosgesinfo.fr\/remiremontinfo\/#website"},"primaryImageOfPage":{"@id":"https:\/\/vosgesinfo.fr\/remiremontinfo\/2019\/12\/ehpad-de-bresse-personnels-a-bout\/#primaryimage"},"image":{"@id":"https:\/\/vosgesinfo.fr\/remiremontinfo\/2019\/12\/ehpad-de-bresse-personnels-a-bout\/#primaryimage"},"thumbnailUrl":"https:\/\/vosgesinfo.fr\/app\/uploads\/sites\/5\/2024\/09\/201912capture-decran-2019-12-06-a-15.30.17.png","datePublished":"2019-12-06T13:32:41+00:00","dateModified":"2019-12-06T13:32:41+00:00","breadcrumb":{"@id":"https:\/\/vosgesinfo.fr\/remiremontinfo\/2019\/12\/ehpad-de-bresse-personnels-a-bout\/#breadcrumb"},"inLanguage":"fr-FR","potentialAction":[{"@type":"ReadAction","target":["https:\/\/vosgesinfo.fr\/remiremontinfo\/2019\/12\/ehpad-de-bresse-personnels-a-bout\/"]}]},{"@type":"ImageObject","inLanguage":"fr-FR","@id":"https:\/\/vosgesinfo.fr\/remiremontinfo\/2019\/12\/ehpad-de-bresse-personnels-a-bout\/#primaryimage","url":"https:\/\/vosgesinfo.fr\/app\/uploads\/sites\/5\/2024\/09\/201912capture-decran-2019-12-06-a-15.30.17.png","contentUrl":"https:\/\/vosgesinfo.fr\/app\/uploads\/sites\/5\/2024\/09\/201912capture-decran-2019-12-06-a-15.30.17.png","width":1870,"height":1222},{"@type":"BreadcrumbList","@id":"https:\/\/vosgesinfo.fr\/remiremontinfo\/2019\/12\/ehpad-de-bresse-personnels-a-bout\/#breadcrumb","itemListElement":[{"@type":"ListItem","position":1,"name":"Home","item":"https:\/\/vosgesinfo.fr\/remiremontinfo\/"},{"@type":"ListItem","position":2,"name":"EHPAD de La Bresse : \u00ab\u00a0les personnels sont \u00e0 bout\u00a0\u00bb"}]},{"@type":"WebSite","@id":"https:\/\/vosgesinfo.fr\/remiremontinfo\/#website","url":"https:\/\/vosgesinfo.fr\/remiremontinfo\/","name":"Remiremont Info","description":"Toute l&#039;actualit\u00e9 de Remiremont","publisher":{"@id":"https:\/\/vosgesinfo.fr\/remiremontinfo\/#organization"},"alternateName":"Toute l'actualit\u00e9 de Remiremont","potentialAction":[{"@type":"SearchAction","target":{"@type":"EntryPoint","urlTemplate":"https:\/\/vosgesinfo.fr\/remiremontinfo\/?s={search_term_string}"},"query-input":"required name=search_term_string"}],"inLanguage":"fr-FR"},{"@type":"Organization","@id":"https:\/\/vosgesinfo.fr\/remiremontinfo\/#organization","name":"Remiremont Info","url":"https:\/\/vosgesinfo.fr\/remiremontinfo\/","logo":{"@type":"ImageObject","inLanguage":"fr-FR","@id":"https:\/\/vosgesinfo.fr\/remiremontinfo\/#\/schema\/logo\/image\/","url":"https:\/\/vosgesinfo.fr\/app\/uploads\/sites\/5\/2023\/08\/favicon-remiremontinfo.png","contentUrl":"https:\/\/vosgesinfo.fr\/app\/uploads\/sites\/5\/2023\/08\/favicon-remiremontinfo.png","width":512,"height":512,"caption":"Remiremont Info"},"image":{"@id":"https:\/\/vosgesinfo.fr\/remiremontinfo\/#\/schema\/logo\/image\/"},"sameAs":["https:\/\/www.facebook.com\/remiremontinfo","https:\/\/x.com\/VosgesInfo88","https:\/\/www.youtube.com\/@vosgesinfo"]},{"@type":"Person","@id":"https:\/\/vosgesinfo.fr\/remiremontinfo\/#\/schema\/person\/3bfd164d5218a185b1db68655a265316","name":"C D","image":{"@type":"ImageObject","inLanguage":"fr-FR","@id":"https:\/\/vosgesinfo.fr\/remiremontinfo\/#\/schema\/person\/image\/","url":"https:\/\/secure.gravatar.com\/avatar\/1f9a70007336511a47468b8f1c66f922b8b7cf617b02a31149ada43893a5d48f?s=96&d=mm&r=g","contentUrl":"https:\/\/secure.gravatar.com\/avatar\/1f9a70007336511a47468b8f1c66f922b8b7cf617b02a31149ada43893a5d48f?s=96&d=mm&r=g","caption":"C D"},"url":"https:\/\/vosgesinfo.fr\/remiremontinfo\/author\/cedric-drevet\/"}]}},"_links":{"self":[{"href":"https:\/\/vosgesinfo.fr\/remiremontinfo\/wp-json\/wp\/v2\/posts\/23284","targetHints":{"allow":["GET"]}}],"collection":[{"href":"https:\/\/vosgesinfo.fr\/remiremontinfo\/wp-json\/wp\/v2\/posts"}],"about":[{"href":"https:\/\/vosgesinfo.fr\/remiremontinfo\/wp-json\/wp\/v2\/types\/post"}],"author":[{"embeddable":true,"href":"https:\/\/vosgesinfo.fr\/remiremontinfo\/wp-json\/wp\/v2\/users\/407"}],"replies":[{"embeddable":true,"href":"https:\/\/vosgesinfo.fr\/remiremontinfo\/wp-json\/wp\/v2\/comments?post=23284"}],"version-history":[{"count":0,"href":"https:\/\/vosgesinfo.fr\/remiremontinfo\/wp-json\/wp\/v2\/posts\/23284\/revisions"}],"wp:featuredmedia":[{"embeddable":true,"href":"https:\/\/vosgesinfo.fr\/remiremontinfo\/wp-json\/wp\/v2\/media\/23285"}],"wp:attachment":[{"href":"https:\/\/vosgesinfo.fr\/remiremontinfo\/wp-json\/wp\/v2\/media?parent=23284"}],"wp:term":[{"taxonomy":"category","embeddable":true,"href":"https:\/\/vosgesinfo.fr\/remiremontinfo\/wp-json\/wp\/v2\/categories?post=23284"},{"taxonomy":"post_tag","embeddable":true,"href":"https:\/\/vosgesinfo.fr\/remiremontinfo\/wp-json\/wp\/v2\/tags?post=23284"}],"curies":[{"name":"wp","href":"https:\/\/api.w.org\/{rel}","templated":true}]}}