{"id":23667,"date":"2019-12-17T06:30:09","date_gmt":"2019-12-17T05:30:09","guid":{"rendered":"https:\/\/vosgesinfo.fr\/remiremontinfo\/2019\/12\/remiremont-bientot-hotel-4-etoiles-a-banque-de-france\/"},"modified":"2019-12-17T06:30:09","modified_gmt":"2019-12-17T05:30:09","slug":"remiremont-bientot-hotel-4-etoiles-a-banque-de-france","status":"publish","type":"post","link":"https:\/\/vosgesinfo.fr\/remiremontinfo\/2019\/12\/remiremont-bientot-hotel-4-etoiles-a-banque-de-france\/","title":{"rendered":"Remiremont : bient\u00f4t un h\u00f4tel 4 \u00e9toiles \u00e0 la Banque de France"},"content":{"rendered":"<p class=\"p2\"><a href=\"\/2019\/12\/Banque-de-France.png\"><img decoding=\"async\" class=\"alignnone size-large wp-image-274430\" src=\"\/2019\/12\/Banque-de-France-1024x699.png\" alt=\"Banque de France\" width=\"960\" height=\"655\" \/><\/a><\/p>\n<h2 class=\"p2\"><span style=\"font-size: 12pt;\"><strong><span class=\"s1\">Ce lundi soir, lors de la r\u00e9union du conseil municipal de Remiremont, l\u2019acquisition et la cession du b\u00e2timent de la Banque de France a \u00e9t\u00e9 vot\u00e9. L\u2019objectif : l\u2019installation d\u2019un h\u00f4tel 4 \u00e9toiles.<\/span><\/strong><\/span><\/h2>\n<p class=\"p2\"><span class=\"s1\"><em>\u00ab\u00a0C\u2019est un atout ind\u00e9niable, un projet exceptionnel pour la ville de Remiremont\u00a0\u00bb<\/em>, indique le maire Jean Hingray. <em>\u00ab\u00a0Ce qui nous manque, c\u2019est le haut de gamme. Ca va nous permettre de ramener des manifestations nationales, voire europ\u00e9ennes\u00a0\u00bb<\/em>. La Banque de France a consenti \u00e0 une r\u00e9duction sur le prix de vente de 32%, permettant d\u2019aboutir \u00e0 une proposition d\u2019achat de 450.000 \u20ac. <em>\u00ab\u00a0L\u2019op\u00e9ration ne coute rien au contribuable romarimontain\u00a0\u00bb<\/em>. Emilie Claudel, \u00e9galement PDG du Lafayette \u00e0 Epinal, a sollicit\u00e9 la commune pour le projet, qui a \u00e9t\u00e9 accueilli avec enthousiasme. Une dizaines d\u2019emplois va \u00eatre cr\u00e9\u00e9e. Pas de crainte \u00e0 avoir pour l\u2019esth\u00e9tique des b\u00e2timents, qui resteront<em> \u00ab\u00a0dans leur jus\u00a0\u00bb<\/em>. Un simple nettoyage est pr\u00e9vu.<\/span><\/p>\n<p class=\"p2\"><span class=\"s1\"><em>\u00ab\u00a0Les \u00e9tudes de march\u00e9 montrent une carence en terme d\u2019h\u00e9bergement\u00a0\u00bb<\/em>, affirme Emilie Claudel, qui exprime une <em>\u00ab\u00a0volont\u00e9 farouche\u00a0\u00bb<\/em> de voir son projet se concr\u00e9tiser. <em>\u00ab\u00a0On croit beaucoup au potentiel touristique de Remiremont\u00a0\u00bb<\/em>, avec notamment<em> \u00ab\u00a0une grosse explosion de la client\u00e8le sport-nature\u00a0\u00bb<\/em>. 26 chambres sont pr\u00e9vues, sur 2 b\u00e2timents, un <em>\u00ab\u00a0rooftop\u00a0\u00bb<\/em> de plus de 100 m\u00e8tres carr\u00e9s, une cave \u00e0 whisky, ou encore un fumoir dans la salle des coffres<em> \u00ab\u00a0On mise beaucoup sur une client\u00e8le familiale (\u2026) On veut que ce soit un lieu de vie convivial, contemporain\u00a0\u00bb<\/em>. La construction d\u2019un spa de plus de 800 m\u00e8tres carr\u00e9s est pr\u00e9vue, sur 2 niveaux : sauna, hammam, piscine int\u00e9rieure et ext\u00e9rieure, et une terrasse avec vue panoramique. <em>\u00ab\u00a0Tout ce qui est autour de la d\u00e9tente, du bien \u00eatre\u00a0\u00bb.<\/em><\/span><\/p>\n","protected":false},"excerpt":{"rendered":"<p>Ce lundi soir, lors de la r\u00e9union du conseil municipal de Remiremont, l\u2019acquisition et la cession du b\u00e2timent de la [&hellip;]<\/p>\n","protected":false},"author":407,"featured_media":23668,"comment_status":"open","ping_status":"open","sticky":false,"template":"","format":"standard","meta":{"footnotes":""},"categories":[26,5,1556,35],"tags":[],"class_list":["post-23667","post","type-post","status-publish","format-standard","has-post-thumbnail","hentry","category-a-la-une","category-economie","category-remiremont-remiremont-son-canton-2","category-remiremont-son-canton"],"acf":[],"yoast_head":"<!-- This site is optimized with the Yoast SEO plugin v22.5 - https:\/\/yoast.com\/wordpress\/plugins\/seo\/ -->\n<title>Remiremont : bient\u00f4t un h\u00f4tel 4 \u00e9toiles \u00e0 la Banque de France - Remiremont Info<\/title>\n<meta name=\"robots\" content=\"index, follow, max-snippet:-1, max-image-preview:large, max-video-preview:-1\" \/>\n<link rel=\"canonical\" href=\"https:\/\/vosgesinfo.fr\/remiremontinfo\/2019\/12\/remiremont-bientot-hotel-4-etoiles-a-banque-de-france\/\" \/>\n<meta name=\"twitter:card\" content=\"summary_large_image\" \/>\n<meta name=\"twitter:title\" content=\"Remiremont : bient\u00f4t un h\u00f4tel 4 \u00e9toiles \u00e0 la Banque de France - Remiremont Info\" \/>\n<meta name=\"twitter:description\" content=\"Ce lundi soir, lors de la r\u00e9union du conseil municipal de Remiremont, l\u2019acquisition et la cession du b\u00e2timent de la [&hellip;]\" \/>\n<meta name=\"twitter:image\" content=\"https:\/\/vosgesinfo.fr\/app\/uploads\/sites\/5\/2024\/09\/201912banque-de-france.png\" \/>\n<meta name=\"twitter:creator\" content=\"@VosgesInfo88\" \/>\n<meta name=\"twitter:site\" content=\"@VosgesInfo88\" \/>\n<meta name=\"twitter:label1\" content=\"\u00c9crit par\" \/>\n\t<meta name=\"twitter:data1\" content=\"C D\" \/>\n\t<meta name=\"twitter:label2\" content=\"Dur\u00e9e de lecture estim\u00e9e\" \/>\n\t<meta name=\"twitter:data2\" content=\"1 minute\" \/>\n<script type=\"application\/ld+json\" class=\"yoast-schema-graph\">{\"@context\":\"https:\/\/schema.org\",\"@graph\":[{\"@type\":\"Article\",\"@id\":\"https:\/\/vosgesinfo.fr\/remiremontinfo\/2019\/12\/remiremont-bientot-hotel-4-etoiles-a-banque-de-france\/#article\",\"isPartOf\":{\"@id\":\"https:\/\/vosgesinfo.fr\/remiremontinfo\/2019\/12\/remiremont-bientot-hotel-4-etoiles-a-banque-de-france\/\"},\"author\":{\"name\":\"C D\",\"@id\":\"https:\/\/vosgesinfo.fr\/remiremontinfo\/#\/schema\/person\/3bfd164d5218a185b1db68655a265316\"},\"headline\":\"Remiremont : bient\u00f4t un h\u00f4tel 4 \u00e9toiles \u00e0 la Banque de France\",\"datePublished\":\"2019-12-17T05:30:09+00:00\",\"dateModified\":\"2019-12-17T05:30:09+00:00\",\"mainEntityOfPage\":{\"@id\":\"https:\/\/vosgesinfo.fr\/remiremontinfo\/2019\/12\/remiremont-bientot-hotel-4-etoiles-a-banque-de-france\/\"},\"wordCount\":307,\"commentCount\":0,\"publisher\":{\"@id\":\"https:\/\/vosgesinfo.fr\/remiremontinfo\/#organization\"},\"image\":{\"@id\":\"https:\/\/vosgesinfo.fr\/remiremontinfo\/2019\/12\/remiremont-bientot-hotel-4-etoiles-a-banque-de-france\/#primaryimage\"},\"thumbnailUrl\":\"https:\/\/vosgesinfo.fr\/app\/uploads\/sites\/5\/2024\/09\/201912banque-de-france.png\",\"articleSection\":[\"A la Une\",\"\u00c9conomie\",\"Remiremont\",\"Remiremont &amp; son canton\"],\"inLanguage\":\"fr-FR\",\"potentialAction\":[{\"@type\":\"CommentAction\",\"name\":\"Comment\",\"target\":[\"https:\/\/vosgesinfo.fr\/remiremontinfo\/2019\/12\/remiremont-bientot-hotel-4-etoiles-a-banque-de-france\/#respond\"]}]},{\"@type\":\"WebPage\",\"@id\":\"https:\/\/vosgesinfo.fr\/remiremontinfo\/2019\/12\/remiremont-bientot-hotel-4-etoiles-a-banque-de-france\/\",\"url\":\"https:\/\/vosgesinfo.fr\/remiremontinfo\/2019\/12\/remiremont-bientot-hotel-4-etoiles-a-banque-de-france\/\",\"name\":\"Remiremont : bient\u00f4t un h\u00f4tel 4 \u00e9toiles \u00e0 la Banque de France - Remiremont Info\",\"isPartOf\":{\"@id\":\"https:\/\/vosgesinfo.fr\/remiremontinfo\/#website\"},\"primaryImageOfPage\":{\"@id\":\"https:\/\/vosgesinfo.fr\/remiremontinfo\/2019\/12\/remiremont-bientot-hotel-4-etoiles-a-banque-de-france\/#primaryimage\"},\"image\":{\"@id\":\"https:\/\/vosgesinfo.fr\/remiremontinfo\/2019\/12\/remiremont-bientot-hotel-4-etoiles-a-banque-de-france\/#primaryimage\"},\"thumbnailUrl\":\"https:\/\/vosgesinfo.fr\/app\/uploads\/sites\/5\/2024\/09\/201912banque-de-france.png\",\"datePublished\":\"2019-12-17T05:30:09+00:00\",\"dateModified\":\"2019-12-17T05:30:09+00:00\",\"breadcrumb\":{\"@id\":\"https:\/\/vosgesinfo.fr\/remiremontinfo\/2019\/12\/remiremont-bientot-hotel-4-etoiles-a-banque-de-france\/#breadcrumb\"},\"inLanguage\":\"fr-FR\",\"potentialAction\":[{\"@type\":\"ReadAction\",\"target\":[\"https:\/\/vosgesinfo.fr\/remiremontinfo\/2019\/12\/remiremont-bientot-hotel-4-etoiles-a-banque-de-france\/\"]}]},{\"@type\":\"ImageObject\",\"inLanguage\":\"fr-FR\",\"@id\":\"https:\/\/vosgesinfo.fr\/remiremontinfo\/2019\/12\/remiremont-bientot-hotel-4-etoiles-a-banque-de-france\/#primaryimage\",\"url\":\"https:\/\/vosgesinfo.fr\/app\/uploads\/sites\/5\/2024\/09\/201912banque-de-france.png\",\"contentUrl\":\"https:\/\/vosgesinfo.fr\/app\/uploads\/sites\/5\/2024\/09\/201912banque-de-france.png\",\"width\":1926,\"height\":1314},{\"@type\":\"BreadcrumbList\",\"@id\":\"https:\/\/vosgesinfo.fr\/remiremontinfo\/2019\/12\/remiremont-bientot-hotel-4-etoiles-a-banque-de-france\/#breadcrumb\",\"itemListElement\":[{\"@type\":\"ListItem\",\"position\":1,\"name\":\"Home\",\"item\":\"https:\/\/vosgesinfo.fr\/remiremontinfo\/\"},{\"@type\":\"ListItem\",\"position\":2,\"name\":\"Remiremont : bient\u00f4t un h\u00f4tel 4 \u00e9toiles \u00e0 la Banque de France\"}]},{\"@type\":\"WebSite\",\"@id\":\"https:\/\/vosgesinfo.fr\/remiremontinfo\/#website\",\"url\":\"https:\/\/vosgesinfo.fr\/remiremontinfo\/\",\"name\":\"Remiremont Info\",\"description\":\"Toute l&#039;actualit\u00e9 de Remiremont\",\"publisher\":{\"@id\":\"https:\/\/vosgesinfo.fr\/remiremontinfo\/#organization\"},\"alternateName\":\"Toute l'actualit\u00e9 de Remiremont\",\"potentialAction\":[{\"@type\":\"SearchAction\",\"target\":{\"@type\":\"EntryPoint\",\"urlTemplate\":\"https:\/\/vosgesinfo.fr\/remiremontinfo\/?s={search_term_string}\"},\"query-input\":\"required name=search_term_string\"}],\"inLanguage\":\"fr-FR\"},{\"@type\":\"Organization\",\"@id\":\"https:\/\/vosgesinfo.fr\/remiremontinfo\/#organization\",\"name\":\"Remiremont Info\",\"url\":\"https:\/\/vosgesinfo.fr\/remiremontinfo\/\",\"logo\":{\"@type\":\"ImageObject\",\"inLanguage\":\"fr-FR\",\"@id\":\"https:\/\/vosgesinfo.fr\/remiremontinfo\/#\/schema\/logo\/image\/\",\"url\":\"https:\/\/vosgesinfo.fr\/app\/uploads\/sites\/5\/2023\/08\/favicon-remiremontinfo.png\",\"contentUrl\":\"https:\/\/vosgesinfo.fr\/app\/uploads\/sites\/5\/2023\/08\/favicon-remiremontinfo.png\",\"width\":512,\"height\":512,\"caption\":\"Remiremont Info\"},\"image\":{\"@id\":\"https:\/\/vosgesinfo.fr\/remiremontinfo\/#\/schema\/logo\/image\/\"},\"sameAs\":[\"https:\/\/www.facebook.com\/remiremontinfo\",\"https:\/\/x.com\/VosgesInfo88\",\"https:\/\/www.youtube.com\/@vosgesinfo\"]},{\"@type\":\"Person\",\"@id\":\"https:\/\/vosgesinfo.fr\/remiremontinfo\/#\/schema\/person\/3bfd164d5218a185b1db68655a265316\",\"name\":\"C D\",\"image\":{\"@type\":\"ImageObject\",\"inLanguage\":\"fr-FR\",\"@id\":\"https:\/\/vosgesinfo.fr\/remiremontinfo\/#\/schema\/person\/image\/\",\"url\":\"https:\/\/secure.gravatar.com\/avatar\/1f9a70007336511a47468b8f1c66f922b8b7cf617b02a31149ada43893a5d48f?s=96&d=mm&r=g\",\"contentUrl\":\"https:\/\/secure.gravatar.com\/avatar\/1f9a70007336511a47468b8f1c66f922b8b7cf617b02a31149ada43893a5d48f?s=96&d=mm&r=g\",\"caption\":\"C D\"},\"url\":\"https:\/\/vosgesinfo.fr\/remiremontinfo\/author\/cedric-drevet\/\"}]}<\/script>\n<!-- \/ Yoast SEO plugin. -->","yoast_head_json":{"title":"Remiremont : bient\u00f4t un h\u00f4tel 4 \u00e9toiles \u00e0 la Banque de France - Remiremont Info","robots":{"index":"index","follow":"follow","max-snippet":"max-snippet:-1","max-image-preview":"max-image-preview:large","max-video-preview":"max-video-preview:-1"},"canonical":"https:\/\/vosgesinfo.fr\/remiremontinfo\/2019\/12\/remiremont-bientot-hotel-4-etoiles-a-banque-de-france\/","twitter_card":"summary_large_image","twitter_title":"Remiremont : bient\u00f4t un h\u00f4tel 4 \u00e9toiles \u00e0 la Banque de France - Remiremont Info","twitter_description":"Ce lundi soir, lors de la r\u00e9union du conseil municipal de Remiremont, l\u2019acquisition et la cession du b\u00e2timent de la [&hellip;]","twitter_image":"https:\/\/vosgesinfo.fr\/app\/uploads\/sites\/5\/2024\/09\/201912banque-de-france.png","twitter_creator":"@VosgesInfo88","twitter_site":"@VosgesInfo88","twitter_misc":{"\u00c9crit par":"C D","Dur\u00e9e de lecture estim\u00e9e":"1 minute"},"schema":{"@context":"https:\/\/schema.org","@graph":[{"@type":"Article","@id":"https:\/\/vosgesinfo.fr\/remiremontinfo\/2019\/12\/remiremont-bientot-hotel-4-etoiles-a-banque-de-france\/#article","isPartOf":{"@id":"https:\/\/vosgesinfo.fr\/remiremontinfo\/2019\/12\/remiremont-bientot-hotel-4-etoiles-a-banque-de-france\/"},"author":{"name":"C D","@id":"https:\/\/vosgesinfo.fr\/remiremontinfo\/#\/schema\/person\/3bfd164d5218a185b1db68655a265316"},"headline":"Remiremont : bient\u00f4t un h\u00f4tel 4 \u00e9toiles \u00e0 la Banque de France","datePublished":"2019-12-17T05:30:09+00:00","dateModified":"2019-12-17T05:30:09+00:00","mainEntityOfPage":{"@id":"https:\/\/vosgesinfo.fr\/remiremontinfo\/2019\/12\/remiremont-bientot-hotel-4-etoiles-a-banque-de-france\/"},"wordCount":307,"commentCount":0,"publisher":{"@id":"https:\/\/vosgesinfo.fr\/remiremontinfo\/#organization"},"image":{"@id":"https:\/\/vosgesinfo.fr\/remiremontinfo\/2019\/12\/remiremont-bientot-hotel-4-etoiles-a-banque-de-france\/#primaryimage"},"thumbnailUrl":"https:\/\/vosgesinfo.fr\/app\/uploads\/sites\/5\/2024\/09\/201912banque-de-france.png","articleSection":["A la Une","\u00c9conomie","Remiremont","Remiremont &amp; son canton"],"inLanguage":"fr-FR","potentialAction":[{"@type":"CommentAction","name":"Comment","target":["https:\/\/vosgesinfo.fr\/remiremontinfo\/2019\/12\/remiremont-bientot-hotel-4-etoiles-a-banque-de-france\/#respond"]}]},{"@type":"WebPage","@id":"https:\/\/vosgesinfo.fr\/remiremontinfo\/2019\/12\/remiremont-bientot-hotel-4-etoiles-a-banque-de-france\/","url":"https:\/\/vosgesinfo.fr\/remiremontinfo\/2019\/12\/remiremont-bientot-hotel-4-etoiles-a-banque-de-france\/","name":"Remiremont : bient\u00f4t un h\u00f4tel 4 \u00e9toiles \u00e0 la Banque de France - Remiremont Info","isPartOf":{"@id":"https:\/\/vosgesinfo.fr\/remiremontinfo\/#website"},"primaryImageOfPage":{"@id":"https:\/\/vosgesinfo.fr\/remiremontinfo\/2019\/12\/remiremont-bientot-hotel-4-etoiles-a-banque-de-france\/#primaryimage"},"image":{"@id":"https:\/\/vosgesinfo.fr\/remiremontinfo\/2019\/12\/remiremont-bientot-hotel-4-etoiles-a-banque-de-france\/#primaryimage"},"thumbnailUrl":"https:\/\/vosgesinfo.fr\/app\/uploads\/sites\/5\/2024\/09\/201912banque-de-france.png","datePublished":"2019-12-17T05:30:09+00:00","dateModified":"2019-12-17T05:30:09+00:00","breadcrumb":{"@id":"https:\/\/vosgesinfo.fr\/remiremontinfo\/2019\/12\/remiremont-bientot-hotel-4-etoiles-a-banque-de-france\/#breadcrumb"},"inLanguage":"fr-FR","potentialAction":[{"@type":"ReadAction","target":["https:\/\/vosgesinfo.fr\/remiremontinfo\/2019\/12\/remiremont-bientot-hotel-4-etoiles-a-banque-de-france\/"]}]},{"@type":"ImageObject","inLanguage":"fr-FR","@id":"https:\/\/vosgesinfo.fr\/remiremontinfo\/2019\/12\/remiremont-bientot-hotel-4-etoiles-a-banque-de-france\/#primaryimage","url":"https:\/\/vosgesinfo.fr\/app\/uploads\/sites\/5\/2024\/09\/201912banque-de-france.png","contentUrl":"https:\/\/vosgesinfo.fr\/app\/uploads\/sites\/5\/2024\/09\/201912banque-de-france.png","width":1926,"height":1314},{"@type":"BreadcrumbList","@id":"https:\/\/vosgesinfo.fr\/remiremontinfo\/2019\/12\/remiremont-bientot-hotel-4-etoiles-a-banque-de-france\/#breadcrumb","itemListElement":[{"@type":"ListItem","position":1,"name":"Home","item":"https:\/\/vosgesinfo.fr\/remiremontinfo\/"},{"@type":"ListItem","position":2,"name":"Remiremont : bient\u00f4t un h\u00f4tel 4 \u00e9toiles \u00e0 la Banque de France"}]},{"@type":"WebSite","@id":"https:\/\/vosgesinfo.fr\/remiremontinfo\/#website","url":"https:\/\/vosgesinfo.fr\/remiremontinfo\/","name":"Remiremont Info","description":"Toute l&#039;actualit\u00e9 de Remiremont","publisher":{"@id":"https:\/\/vosgesinfo.fr\/remiremontinfo\/#organization"},"alternateName":"Toute l'actualit\u00e9 de Remiremont","potentialAction":[{"@type":"SearchAction","target":{"@type":"EntryPoint","urlTemplate":"https:\/\/vosgesinfo.fr\/remiremontinfo\/?s={search_term_string}"},"query-input":"required name=search_term_string"}],"inLanguage":"fr-FR"},{"@type":"Organization","@id":"https:\/\/vosgesinfo.fr\/remiremontinfo\/#organization","name":"Remiremont Info","url":"https:\/\/vosgesinfo.fr\/remiremontinfo\/","logo":{"@type":"ImageObject","inLanguage":"fr-FR","@id":"https:\/\/vosgesinfo.fr\/remiremontinfo\/#\/schema\/logo\/image\/","url":"https:\/\/vosgesinfo.fr\/app\/uploads\/sites\/5\/2023\/08\/favicon-remiremontinfo.png","contentUrl":"https:\/\/vosgesinfo.fr\/app\/uploads\/sites\/5\/2023\/08\/favicon-remiremontinfo.png","width":512,"height":512,"caption":"Remiremont Info"},"image":{"@id":"https:\/\/vosgesinfo.fr\/remiremontinfo\/#\/schema\/logo\/image\/"},"sameAs":["https:\/\/www.facebook.com\/remiremontinfo","https:\/\/x.com\/VosgesInfo88","https:\/\/www.youtube.com\/@vosgesinfo"]},{"@type":"Person","@id":"https:\/\/vosgesinfo.fr\/remiremontinfo\/#\/schema\/person\/3bfd164d5218a185b1db68655a265316","name":"C D","image":{"@type":"ImageObject","inLanguage":"fr-FR","@id":"https:\/\/vosgesinfo.fr\/remiremontinfo\/#\/schema\/person\/image\/","url":"https:\/\/secure.gravatar.com\/avatar\/1f9a70007336511a47468b8f1c66f922b8b7cf617b02a31149ada43893a5d48f?s=96&d=mm&r=g","contentUrl":"https:\/\/secure.gravatar.com\/avatar\/1f9a70007336511a47468b8f1c66f922b8b7cf617b02a31149ada43893a5d48f?s=96&d=mm&r=g","caption":"C D"},"url":"https:\/\/vosgesinfo.fr\/remiremontinfo\/author\/cedric-drevet\/"}]}},"_links":{"self":[{"href":"https:\/\/vosgesinfo.fr\/remiremontinfo\/wp-json\/wp\/v2\/posts\/23667","targetHints":{"allow":["GET"]}}],"collection":[{"href":"https:\/\/vosgesinfo.fr\/remiremontinfo\/wp-json\/wp\/v2\/posts"}],"about":[{"href":"https:\/\/vosgesinfo.fr\/remiremontinfo\/wp-json\/wp\/v2\/types\/post"}],"author":[{"embeddable":true,"href":"https:\/\/vosgesinfo.fr\/remiremontinfo\/wp-json\/wp\/v2\/users\/407"}],"replies":[{"embeddable":true,"href":"https:\/\/vosgesinfo.fr\/remiremontinfo\/wp-json\/wp\/v2\/comments?post=23667"}],"version-history":[{"count":0,"href":"https:\/\/vosgesinfo.fr\/remiremontinfo\/wp-json\/wp\/v2\/posts\/23667\/revisions"}],"wp:featuredmedia":[{"embeddable":true,"href":"https:\/\/vosgesinfo.fr\/remiremontinfo\/wp-json\/wp\/v2\/media\/23668"}],"wp:attachment":[{"href":"https:\/\/vosgesinfo.fr\/remiremontinfo\/wp-json\/wp\/v2\/media?parent=23667"}],"wp:term":[{"taxonomy":"category","embeddable":true,"href":"https:\/\/vosgesinfo.fr\/remiremontinfo\/wp-json\/wp\/v2\/categories?post=23667"},{"taxonomy":"post_tag","embeddable":true,"href":"https:\/\/vosgesinfo.fr\/remiremontinfo\/wp-json\/wp\/v2\/tags?post=23667"}],"curies":[{"name":"wp","href":"https:\/\/api.w.org\/{rel}","templated":true}]}}