{"id":23686,"date":"2019-12-17T06:33:52","date_gmt":"2019-12-17T05:33:52","guid":{"rendered":"https:\/\/vosgesinfo.fr\/remiremontinfo\/2019\/12\/asia-argento-premiere-presidente-festival-de-gerardmer\/"},"modified":"2019-12-17T06:33:52","modified_gmt":"2019-12-17T05:33:52","slug":"asia-argento-premiere-presidente-festival-de-gerardmer","status":"publish","type":"post","link":"https:\/\/vosgesinfo.fr\/remiremontinfo\/2019\/12\/asia-argento-premiere-presidente-festival-de-gerardmer\/","title":{"rendered":"Asia Argento premi\u00e8re pr\u00e9sidente du festival de G\u00e9rardmer"},"content":{"rendered":"<p><a href=\"\/2019\/12\/2CC79023-E917-41F3-8DB3-1824600EAC1C.jpeg\"><img decoding=\"async\" class=\"alignnone size-full wp-image-274484\" src=\"\/2019\/12\/2CC79023-E917-41F3-8DB3-1824600EAC1C.jpeg\" alt=\"2CC79023-E917-41F3-8DB3-1824600EAC1C\" width=\"800\" height=\"600\" \/><\/a><\/p>\n<p>Pas de pr\u00e9sident cette ann\u00e9e pour le 27\u00e8me Festival international du Film Fantastique de G\u00e9rardmer. Il fallait bien m\u00e9nager un peu le suspense ce matin au cin\u00e9ma du casino Joa et apr\u00e8s cette annonce faite par le pr\u00e9sident du festival Pierre Sachot, on se demandait forc\u00e9ment si c\u2019\u00e9tait du lard ou du cochon, car on est dans les Vosges apr\u00e8s tout ! H\u00e9 bien, un peu des deux, ou ni l\u2019un ni l\u2019autre puisque la Directrice G\u00e9n\u00e9rale Adjointe de Public Syst\u00e8me Cin\u00e9ma Aude Hesbert a eu le plaisir de conclure cette conf\u00e9rence de presse en pr\u00e9cisant qu\u2019il n\u2019y aurait pas de pr\u00e9sident mais bien une pr\u00e9sidente en 2020 \u00e0 G\u00e9rardmer. La toute premi\u00e8re de l\u00a0\u00bbhistoire de la grand messe du Festival Fantastique, et pas de moindre puisqu\u2019il s\u2019agira d\u2019Asia Argento, actrice, r\u00e9alisatrice, sc\u00e9nariste, mannequin, DJ et chanteuse italienne. Un choix qui n\u2019\u00e9tait pas pour d\u00e9plaire \u00e0 la conseill\u00e8re r\u00e9gionale Sylvie D\u2019Alguerre, ou encore au conseiller municipal g\u00e9r\u00f4mois Jean-Fran\u00e7ois Duval, habitu\u00e9 du rendez-vous : \u00ab\u00a0\u00c7a valait le coup d\u2019attendre\u00a0\u00bb commentera ce dernier. Eh oui, apr\u00e8s 26 ans, il n\u2019est jamais trop tard pour bien faire, et ce d\u2019autant plus que sa filmographie copieuse fait souvent quelques incursions dans l\u2019univers fantastique !<\/p>\n","protected":false},"excerpt":{"rendered":"<p>Pas de pr\u00e9sident cette ann\u00e9e pour le 27\u00e8me Festival international du Film Fantastique de G\u00e9rardmer. Il fallait bien m\u00e9nager un [&hellip;]<\/p>\n","protected":false},"author":407,"featured_media":23687,"comment_status":"open","ping_status":"open","sticky":false,"template":"","format":"standard","meta":{"footnotes":""},"categories":[26,4,18],"tags":[],"class_list":["post-23686","post","type-post","status-publish","format-standard","has-post-thumbnail","hentry","category-a-la-une","category-culture","category-vosges"],"acf":[],"yoast_head":"<!-- This site is optimized with the Yoast SEO plugin v22.5 - https:\/\/yoast.com\/wordpress\/plugins\/seo\/ -->\n<title>Asia Argento premi\u00e8re pr\u00e9sidente du festival de G\u00e9rardmer - Remiremont Info<\/title>\n<meta name=\"robots\" content=\"index, follow, max-snippet:-1, max-image-preview:large, max-video-preview:-1\" \/>\n<link rel=\"canonical\" href=\"https:\/\/vosgesinfo.fr\/remiremontinfo\/2019\/12\/asia-argento-premiere-presidente-festival-de-gerardmer\/\" \/>\n<meta name=\"twitter:card\" content=\"summary_large_image\" \/>\n<meta name=\"twitter:title\" content=\"Asia Argento premi\u00e8re pr\u00e9sidente du festival de G\u00e9rardmer - Remiremont Info\" \/>\n<meta name=\"twitter:description\" content=\"Pas de pr\u00e9sident cette ann\u00e9e pour le 27\u00e8me Festival international du Film Fantastique de G\u00e9rardmer. Il fallait bien m\u00e9nager un [&hellip;]\" \/>\n<meta name=\"twitter:image\" content=\"https:\/\/vosgesinfo.fr\/app\/uploads\/sites\/5\/2024\/09\/2019122cc79023-e917-41f3-8db3-1824600eac1c.jpeg\" \/>\n<meta name=\"twitter:creator\" content=\"@VosgesInfo88\" \/>\n<meta name=\"twitter:site\" content=\"@VosgesInfo88\" \/>\n<meta name=\"twitter:label1\" content=\"\u00c9crit par\" \/>\n\t<meta name=\"twitter:data1\" content=\"C D\" \/>\n\t<meta name=\"twitter:label2\" content=\"Dur\u00e9e de lecture estim\u00e9e\" \/>\n\t<meta name=\"twitter:data2\" content=\"1 minute\" \/>\n<script type=\"application\/ld+json\" class=\"yoast-schema-graph\">{\"@context\":\"https:\/\/schema.org\",\"@graph\":[{\"@type\":\"Article\",\"@id\":\"https:\/\/vosgesinfo.fr\/remiremontinfo\/2019\/12\/asia-argento-premiere-presidente-festival-de-gerardmer\/#article\",\"isPartOf\":{\"@id\":\"https:\/\/vosgesinfo.fr\/remiremontinfo\/2019\/12\/asia-argento-premiere-presidente-festival-de-gerardmer\/\"},\"author\":{\"name\":\"C D\",\"@id\":\"https:\/\/vosgesinfo.fr\/remiremontinfo\/#\/schema\/person\/3bfd164d5218a185b1db68655a265316\"},\"headline\":\"Asia Argento premi\u00e8re pr\u00e9sidente du festival de G\u00e9rardmer\",\"datePublished\":\"2019-12-17T05:33:52+00:00\",\"dateModified\":\"2019-12-17T05:33:52+00:00\",\"mainEntityOfPage\":{\"@id\":\"https:\/\/vosgesinfo.fr\/remiremontinfo\/2019\/12\/asia-argento-premiere-presidente-festival-de-gerardmer\/\"},\"wordCount\":247,\"commentCount\":0,\"publisher\":{\"@id\":\"https:\/\/vosgesinfo.fr\/remiremontinfo\/#organization\"},\"image\":{\"@id\":\"https:\/\/vosgesinfo.fr\/remiremontinfo\/2019\/12\/asia-argento-premiere-presidente-festival-de-gerardmer\/#primaryimage\"},\"thumbnailUrl\":\"https:\/\/vosgesinfo.fr\/app\/uploads\/sites\/5\/2024\/09\/2019122cc79023-e917-41f3-8db3-1824600eac1c.jpeg\",\"articleSection\":[\"A la Une\",\"Culture\",\"Vosges\"],\"inLanguage\":\"fr-FR\",\"potentialAction\":[{\"@type\":\"CommentAction\",\"name\":\"Comment\",\"target\":[\"https:\/\/vosgesinfo.fr\/remiremontinfo\/2019\/12\/asia-argento-premiere-presidente-festival-de-gerardmer\/#respond\"]}]},{\"@type\":\"WebPage\",\"@id\":\"https:\/\/vosgesinfo.fr\/remiremontinfo\/2019\/12\/asia-argento-premiere-presidente-festival-de-gerardmer\/\",\"url\":\"https:\/\/vosgesinfo.fr\/remiremontinfo\/2019\/12\/asia-argento-premiere-presidente-festival-de-gerardmer\/\",\"name\":\"Asia Argento premi\u00e8re pr\u00e9sidente du festival de G\u00e9rardmer - Remiremont Info\",\"isPartOf\":{\"@id\":\"https:\/\/vosgesinfo.fr\/remiremontinfo\/#website\"},\"primaryImageOfPage\":{\"@id\":\"https:\/\/vosgesinfo.fr\/remiremontinfo\/2019\/12\/asia-argento-premiere-presidente-festival-de-gerardmer\/#primaryimage\"},\"image\":{\"@id\":\"https:\/\/vosgesinfo.fr\/remiremontinfo\/2019\/12\/asia-argento-premiere-presidente-festival-de-gerardmer\/#primaryimage\"},\"thumbnailUrl\":\"https:\/\/vosgesinfo.fr\/app\/uploads\/sites\/5\/2024\/09\/2019122cc79023-e917-41f3-8db3-1824600eac1c.jpeg\",\"datePublished\":\"2019-12-17T05:33:52+00:00\",\"dateModified\":\"2019-12-17T05:33:52+00:00\",\"breadcrumb\":{\"@id\":\"https:\/\/vosgesinfo.fr\/remiremontinfo\/2019\/12\/asia-argento-premiere-presidente-festival-de-gerardmer\/#breadcrumb\"},\"inLanguage\":\"fr-FR\",\"potentialAction\":[{\"@type\":\"ReadAction\",\"target\":[\"https:\/\/vosgesinfo.fr\/remiremontinfo\/2019\/12\/asia-argento-premiere-presidente-festival-de-gerardmer\/\"]}]},{\"@type\":\"ImageObject\",\"inLanguage\":\"fr-FR\",\"@id\":\"https:\/\/vosgesinfo.fr\/remiremontinfo\/2019\/12\/asia-argento-premiere-presidente-festival-de-gerardmer\/#primaryimage\",\"url\":\"https:\/\/vosgesinfo.fr\/app\/uploads\/sites\/5\/2024\/09\/2019122cc79023-e917-41f3-8db3-1824600eac1c.jpeg\",\"contentUrl\":\"https:\/\/vosgesinfo.fr\/app\/uploads\/sites\/5\/2024\/09\/2019122cc79023-e917-41f3-8db3-1824600eac1c.jpeg\",\"width\":800,\"height\":600},{\"@type\":\"BreadcrumbList\",\"@id\":\"https:\/\/vosgesinfo.fr\/remiremontinfo\/2019\/12\/asia-argento-premiere-presidente-festival-de-gerardmer\/#breadcrumb\",\"itemListElement\":[{\"@type\":\"ListItem\",\"position\":1,\"name\":\"Home\",\"item\":\"https:\/\/vosgesinfo.fr\/remiremontinfo\/\"},{\"@type\":\"ListItem\",\"position\":2,\"name\":\"Asia Argento premi\u00e8re pr\u00e9sidente du festival de G\u00e9rardmer\"}]},{\"@type\":\"WebSite\",\"@id\":\"https:\/\/vosgesinfo.fr\/remiremontinfo\/#website\",\"url\":\"https:\/\/vosgesinfo.fr\/remiremontinfo\/\",\"name\":\"Remiremont Info\",\"description\":\"Toute l&#039;actualit\u00e9 de Remiremont\",\"publisher\":{\"@id\":\"https:\/\/vosgesinfo.fr\/remiremontinfo\/#organization\"},\"alternateName\":\"Toute l'actualit\u00e9 de Remiremont\",\"potentialAction\":[{\"@type\":\"SearchAction\",\"target\":{\"@type\":\"EntryPoint\",\"urlTemplate\":\"https:\/\/vosgesinfo.fr\/remiremontinfo\/?s={search_term_string}\"},\"query-input\":\"required name=search_term_string\"}],\"inLanguage\":\"fr-FR\"},{\"@type\":\"Organization\",\"@id\":\"https:\/\/vosgesinfo.fr\/remiremontinfo\/#organization\",\"name\":\"Remiremont Info\",\"url\":\"https:\/\/vosgesinfo.fr\/remiremontinfo\/\",\"logo\":{\"@type\":\"ImageObject\",\"inLanguage\":\"fr-FR\",\"@id\":\"https:\/\/vosgesinfo.fr\/remiremontinfo\/#\/schema\/logo\/image\/\",\"url\":\"https:\/\/vosgesinfo.fr\/app\/uploads\/sites\/5\/2023\/08\/favicon-remiremontinfo.png\",\"contentUrl\":\"https:\/\/vosgesinfo.fr\/app\/uploads\/sites\/5\/2023\/08\/favicon-remiremontinfo.png\",\"width\":512,\"height\":512,\"caption\":\"Remiremont Info\"},\"image\":{\"@id\":\"https:\/\/vosgesinfo.fr\/remiremontinfo\/#\/schema\/logo\/image\/\"},\"sameAs\":[\"https:\/\/www.facebook.com\/remiremontinfo\",\"https:\/\/x.com\/VosgesInfo88\",\"https:\/\/www.youtube.com\/@vosgesinfo\"]},{\"@type\":\"Person\",\"@id\":\"https:\/\/vosgesinfo.fr\/remiremontinfo\/#\/schema\/person\/3bfd164d5218a185b1db68655a265316\",\"name\":\"C D\",\"image\":{\"@type\":\"ImageObject\",\"inLanguage\":\"fr-FR\",\"@id\":\"https:\/\/vosgesinfo.fr\/remiremontinfo\/#\/schema\/person\/image\/\",\"url\":\"https:\/\/secure.gravatar.com\/avatar\/1f9a70007336511a47468b8f1c66f922b8b7cf617b02a31149ada43893a5d48f?s=96&d=mm&r=g\",\"contentUrl\":\"https:\/\/secure.gravatar.com\/avatar\/1f9a70007336511a47468b8f1c66f922b8b7cf617b02a31149ada43893a5d48f?s=96&d=mm&r=g\",\"caption\":\"C D\"},\"url\":\"https:\/\/vosgesinfo.fr\/remiremontinfo\/author\/cedric-drevet\/\"}]}<\/script>\n<!-- \/ Yoast SEO plugin. -->","yoast_head_json":{"title":"Asia Argento premi\u00e8re pr\u00e9sidente du festival de G\u00e9rardmer - Remiremont Info","robots":{"index":"index","follow":"follow","max-snippet":"max-snippet:-1","max-image-preview":"max-image-preview:large","max-video-preview":"max-video-preview:-1"},"canonical":"https:\/\/vosgesinfo.fr\/remiremontinfo\/2019\/12\/asia-argento-premiere-presidente-festival-de-gerardmer\/","twitter_card":"summary_large_image","twitter_title":"Asia Argento premi\u00e8re pr\u00e9sidente du festival de G\u00e9rardmer - Remiremont Info","twitter_description":"Pas de pr\u00e9sident cette ann\u00e9e pour le 27\u00e8me Festival international du Film Fantastique de G\u00e9rardmer. Il fallait bien m\u00e9nager un [&hellip;]","twitter_image":"https:\/\/vosgesinfo.fr\/app\/uploads\/sites\/5\/2024\/09\/2019122cc79023-e917-41f3-8db3-1824600eac1c.jpeg","twitter_creator":"@VosgesInfo88","twitter_site":"@VosgesInfo88","twitter_misc":{"\u00c9crit par":"C D","Dur\u00e9e de lecture estim\u00e9e":"1 minute"},"schema":{"@context":"https:\/\/schema.org","@graph":[{"@type":"Article","@id":"https:\/\/vosgesinfo.fr\/remiremontinfo\/2019\/12\/asia-argento-premiere-presidente-festival-de-gerardmer\/#article","isPartOf":{"@id":"https:\/\/vosgesinfo.fr\/remiremontinfo\/2019\/12\/asia-argento-premiere-presidente-festival-de-gerardmer\/"},"author":{"name":"C D","@id":"https:\/\/vosgesinfo.fr\/remiremontinfo\/#\/schema\/person\/3bfd164d5218a185b1db68655a265316"},"headline":"Asia Argento premi\u00e8re pr\u00e9sidente du festival de G\u00e9rardmer","datePublished":"2019-12-17T05:33:52+00:00","dateModified":"2019-12-17T05:33:52+00:00","mainEntityOfPage":{"@id":"https:\/\/vosgesinfo.fr\/remiremontinfo\/2019\/12\/asia-argento-premiere-presidente-festival-de-gerardmer\/"},"wordCount":247,"commentCount":0,"publisher":{"@id":"https:\/\/vosgesinfo.fr\/remiremontinfo\/#organization"},"image":{"@id":"https:\/\/vosgesinfo.fr\/remiremontinfo\/2019\/12\/asia-argento-premiere-presidente-festival-de-gerardmer\/#primaryimage"},"thumbnailUrl":"https:\/\/vosgesinfo.fr\/app\/uploads\/sites\/5\/2024\/09\/2019122cc79023-e917-41f3-8db3-1824600eac1c.jpeg","articleSection":["A la Une","Culture","Vosges"],"inLanguage":"fr-FR","potentialAction":[{"@type":"CommentAction","name":"Comment","target":["https:\/\/vosgesinfo.fr\/remiremontinfo\/2019\/12\/asia-argento-premiere-presidente-festival-de-gerardmer\/#respond"]}]},{"@type":"WebPage","@id":"https:\/\/vosgesinfo.fr\/remiremontinfo\/2019\/12\/asia-argento-premiere-presidente-festival-de-gerardmer\/","url":"https:\/\/vosgesinfo.fr\/remiremontinfo\/2019\/12\/asia-argento-premiere-presidente-festival-de-gerardmer\/","name":"Asia Argento premi\u00e8re pr\u00e9sidente du festival de G\u00e9rardmer - Remiremont Info","isPartOf":{"@id":"https:\/\/vosgesinfo.fr\/remiremontinfo\/#website"},"primaryImageOfPage":{"@id":"https:\/\/vosgesinfo.fr\/remiremontinfo\/2019\/12\/asia-argento-premiere-presidente-festival-de-gerardmer\/#primaryimage"},"image":{"@id":"https:\/\/vosgesinfo.fr\/remiremontinfo\/2019\/12\/asia-argento-premiere-presidente-festival-de-gerardmer\/#primaryimage"},"thumbnailUrl":"https:\/\/vosgesinfo.fr\/app\/uploads\/sites\/5\/2024\/09\/2019122cc79023-e917-41f3-8db3-1824600eac1c.jpeg","datePublished":"2019-12-17T05:33:52+00:00","dateModified":"2019-12-17T05:33:52+00:00","breadcrumb":{"@id":"https:\/\/vosgesinfo.fr\/remiremontinfo\/2019\/12\/asia-argento-premiere-presidente-festival-de-gerardmer\/#breadcrumb"},"inLanguage":"fr-FR","potentialAction":[{"@type":"ReadAction","target":["https:\/\/vosgesinfo.fr\/remiremontinfo\/2019\/12\/asia-argento-premiere-presidente-festival-de-gerardmer\/"]}]},{"@type":"ImageObject","inLanguage":"fr-FR","@id":"https:\/\/vosgesinfo.fr\/remiremontinfo\/2019\/12\/asia-argento-premiere-presidente-festival-de-gerardmer\/#primaryimage","url":"https:\/\/vosgesinfo.fr\/app\/uploads\/sites\/5\/2024\/09\/2019122cc79023-e917-41f3-8db3-1824600eac1c.jpeg","contentUrl":"https:\/\/vosgesinfo.fr\/app\/uploads\/sites\/5\/2024\/09\/2019122cc79023-e917-41f3-8db3-1824600eac1c.jpeg","width":800,"height":600},{"@type":"BreadcrumbList","@id":"https:\/\/vosgesinfo.fr\/remiremontinfo\/2019\/12\/asia-argento-premiere-presidente-festival-de-gerardmer\/#breadcrumb","itemListElement":[{"@type":"ListItem","position":1,"name":"Home","item":"https:\/\/vosgesinfo.fr\/remiremontinfo\/"},{"@type":"ListItem","position":2,"name":"Asia Argento premi\u00e8re pr\u00e9sidente du festival de G\u00e9rardmer"}]},{"@type":"WebSite","@id":"https:\/\/vosgesinfo.fr\/remiremontinfo\/#website","url":"https:\/\/vosgesinfo.fr\/remiremontinfo\/","name":"Remiremont Info","description":"Toute l&#039;actualit\u00e9 de Remiremont","publisher":{"@id":"https:\/\/vosgesinfo.fr\/remiremontinfo\/#organization"},"alternateName":"Toute l'actualit\u00e9 de Remiremont","potentialAction":[{"@type":"SearchAction","target":{"@type":"EntryPoint","urlTemplate":"https:\/\/vosgesinfo.fr\/remiremontinfo\/?s={search_term_string}"},"query-input":"required name=search_term_string"}],"inLanguage":"fr-FR"},{"@type":"Organization","@id":"https:\/\/vosgesinfo.fr\/remiremontinfo\/#organization","name":"Remiremont Info","url":"https:\/\/vosgesinfo.fr\/remiremontinfo\/","logo":{"@type":"ImageObject","inLanguage":"fr-FR","@id":"https:\/\/vosgesinfo.fr\/remiremontinfo\/#\/schema\/logo\/image\/","url":"https:\/\/vosgesinfo.fr\/app\/uploads\/sites\/5\/2023\/08\/favicon-remiremontinfo.png","contentUrl":"https:\/\/vosgesinfo.fr\/app\/uploads\/sites\/5\/2023\/08\/favicon-remiremontinfo.png","width":512,"height":512,"caption":"Remiremont Info"},"image":{"@id":"https:\/\/vosgesinfo.fr\/remiremontinfo\/#\/schema\/logo\/image\/"},"sameAs":["https:\/\/www.facebook.com\/remiremontinfo","https:\/\/x.com\/VosgesInfo88","https:\/\/www.youtube.com\/@vosgesinfo"]},{"@type":"Person","@id":"https:\/\/vosgesinfo.fr\/remiremontinfo\/#\/schema\/person\/3bfd164d5218a185b1db68655a265316","name":"C D","image":{"@type":"ImageObject","inLanguage":"fr-FR","@id":"https:\/\/vosgesinfo.fr\/remiremontinfo\/#\/schema\/person\/image\/","url":"https:\/\/secure.gravatar.com\/avatar\/1f9a70007336511a47468b8f1c66f922b8b7cf617b02a31149ada43893a5d48f?s=96&d=mm&r=g","contentUrl":"https:\/\/secure.gravatar.com\/avatar\/1f9a70007336511a47468b8f1c66f922b8b7cf617b02a31149ada43893a5d48f?s=96&d=mm&r=g","caption":"C D"},"url":"https:\/\/vosgesinfo.fr\/remiremontinfo\/author\/cedric-drevet\/"}]}},"_links":{"self":[{"href":"https:\/\/vosgesinfo.fr\/remiremontinfo\/wp-json\/wp\/v2\/posts\/23686","targetHints":{"allow":["GET"]}}],"collection":[{"href":"https:\/\/vosgesinfo.fr\/remiremontinfo\/wp-json\/wp\/v2\/posts"}],"about":[{"href":"https:\/\/vosgesinfo.fr\/remiremontinfo\/wp-json\/wp\/v2\/types\/post"}],"author":[{"embeddable":true,"href":"https:\/\/vosgesinfo.fr\/remiremontinfo\/wp-json\/wp\/v2\/users\/407"}],"replies":[{"embeddable":true,"href":"https:\/\/vosgesinfo.fr\/remiremontinfo\/wp-json\/wp\/v2\/comments?post=23686"}],"version-history":[{"count":0,"href":"https:\/\/vosgesinfo.fr\/remiremontinfo\/wp-json\/wp\/v2\/posts\/23686\/revisions"}],"wp:featuredmedia":[{"embeddable":true,"href":"https:\/\/vosgesinfo.fr\/remiremontinfo\/wp-json\/wp\/v2\/media\/23687"}],"wp:attachment":[{"href":"https:\/\/vosgesinfo.fr\/remiremontinfo\/wp-json\/wp\/v2\/media?parent=23686"}],"wp:term":[{"taxonomy":"category","embeddable":true,"href":"https:\/\/vosgesinfo.fr\/remiremontinfo\/wp-json\/wp\/v2\/categories?post=23686"},{"taxonomy":"post_tag","embeddable":true,"href":"https:\/\/vosgesinfo.fr\/remiremontinfo\/wp-json\/wp\/v2\/tags?post=23686"}],"curies":[{"name":"wp","href":"https:\/\/api.w.org\/{rel}","templated":true}]}}