{"id":23688,"date":"2019-12-17T08:05:39","date_gmt":"2019-12-17T07:05:39","guid":{"rendered":"https:\/\/vosgesinfo.fr\/remiremontinfo\/2019\/12\/reforme-retraites-pres-de-3000-personnes-manifestent-rues-depinal\/"},"modified":"2019-12-17T08:05:39","modified_gmt":"2019-12-17T07:05:39","slug":"reforme-retraites-pres-de-3000-personnes-manifestent-rues-depinal","status":"publish","type":"post","link":"https:\/\/vosgesinfo.fr\/remiremontinfo\/2019\/12\/reforme-retraites-pres-de-3000-personnes-manifestent-rues-depinal\/","title":{"rendered":"R\u00e9forme des retraites : pr\u00e8s de 3000 personnes manifestent dans les rues d\u2019Epinal"},"content":{"rendered":"<p><a href=\"\/2019\/12\/246BDD0C-9B1D-472A-BAE9-D2240074D436.jpeg\"><img decoding=\"async\" class=\"alignnone size-full wp-image-274488\" src=\"\/2019\/12\/246BDD0C-9B1D-472A-BAE9-D2240074D436.jpeg\" alt=\"246BDD0C-9B1D-472A-BAE9-D2240074D436\" width=\"800\" height=\"600\" \/><\/a><\/p>\n<h2>Nouvelle journ\u00e9e de\u00a0manifestations\u00a0en France contre\u00a0la r\u00e9forme des retraites. Des manifestants \u00e9taient \u00e0 nouveau rassembl\u00e9s devant la pr\u00e9fecture, place Foch \u00e0 Epinal ce mardi pour protester contre la r\u00e9forme des retraites. Pr\u00e8s de 3000 personnes \u00e9taient au d\u00e9part du cort\u00e8ge.<\/h2>\n<p>La mobilisation est importante ce mardi. Les syndicats sont\u00a0invit\u00e9s d\u00e8s\u00a0mercredi \u00e0 Matignon pour des discussions pour trouver un terrain d\u2019entente avant No\u00ebl.<\/p>\n<p>Le cort\u00e8ge vosgien s\u2019est \u00e9lanc\u00e9 en d\u00e9but d\u2019apr\u00e8s-midi. Pr\u00e8s de 3000 personnes sont venues manifester dans les rues de la cit\u00e9 des Images (selon les forces de l\u2019ordre). La CGT des Vosges annonce 5000 personnes.<\/p>\n<p>lire la suite ici :\u00a0https:\/\/epinalinfos.fr\/2019\/12\/reforme-retraites-pres-de-3000-personnes-manifestent-rues-depinal\/<\/p>\n<p>&nbsp;<\/p>\n","protected":false},"excerpt":{"rendered":"<p>Nouvelle journ\u00e9e de\u00a0manifestations\u00a0en France contre\u00a0la r\u00e9forme des retraites. Des manifestants \u00e9taient \u00e0 nouveau rassembl\u00e9s devant la pr\u00e9fecture, place Foch \u00e0 [&hellip;]<\/p>\n","protected":false},"author":407,"featured_media":23689,"comment_status":"open","ping_status":"open","sticky":false,"template":"","format":"standard","meta":{"footnotes":""},"categories":[26,13,18],"tags":[],"class_list":["post-23688","post","type-post","status-publish","format-standard","has-post-thumbnail","hentry","category-a-la-une","category-societe","category-vosges"],"acf":[],"yoast_head":"<!-- This site is optimized with the Yoast SEO plugin v22.5 - https:\/\/yoast.com\/wordpress\/plugins\/seo\/ -->\n<title>R\u00e9forme des retraites : pr\u00e8s de 3000 personnes manifestent dans les rues d\u2019Epinal - Remiremont Info<\/title>\n<meta name=\"robots\" content=\"index, follow, max-snippet:-1, max-image-preview:large, max-video-preview:-1\" \/>\n<link rel=\"canonical\" href=\"https:\/\/vosgesinfo.fr\/remiremontinfo\/2019\/12\/reforme-retraites-pres-de-3000-personnes-manifestent-rues-depinal\/\" \/>\n<meta name=\"twitter:card\" content=\"summary_large_image\" \/>\n<meta name=\"twitter:title\" content=\"R\u00e9forme des retraites : pr\u00e8s de 3000 personnes manifestent dans les rues d\u2019Epinal - Remiremont Info\" \/>\n<meta name=\"twitter:description\" content=\"Nouvelle journ\u00e9e de\u00a0manifestations\u00a0en France contre\u00a0la r\u00e9forme des retraites. Des manifestants \u00e9taient \u00e0 nouveau rassembl\u00e9s devant la pr\u00e9fecture, place Foch \u00e0 [&hellip;]\" \/>\n<meta name=\"twitter:image\" content=\"https:\/\/vosgesinfo.fr\/app\/uploads\/sites\/5\/2024\/09\/201912246bdd0c-9b1d-472a-bae9-d2240074d436.jpeg\" \/>\n<meta name=\"twitter:creator\" content=\"@VosgesInfo88\" \/>\n<meta name=\"twitter:site\" content=\"@VosgesInfo88\" \/>\n<meta name=\"twitter:label1\" content=\"\u00c9crit par\" \/>\n\t<meta name=\"twitter:data1\" content=\"C D\" \/>\n\t<meta name=\"twitter:label2\" content=\"Dur\u00e9e de lecture estim\u00e9e\" \/>\n\t<meta name=\"twitter:data2\" content=\"1 minute\" \/>\n<script type=\"application\/ld+json\" class=\"yoast-schema-graph\">{\"@context\":\"https:\/\/schema.org\",\"@graph\":[{\"@type\":\"Article\",\"@id\":\"https:\/\/vosgesinfo.fr\/remiremontinfo\/2019\/12\/reforme-retraites-pres-de-3000-personnes-manifestent-rues-depinal\/#article\",\"isPartOf\":{\"@id\":\"https:\/\/vosgesinfo.fr\/remiremontinfo\/2019\/12\/reforme-retraites-pres-de-3000-personnes-manifestent-rues-depinal\/\"},\"author\":{\"name\":\"C D\",\"@id\":\"https:\/\/vosgesinfo.fr\/remiremontinfo\/#\/schema\/person\/3bfd164d5218a185b1db68655a265316\"},\"headline\":\"R\u00e9forme des retraites : pr\u00e8s de 3000 personnes manifestent dans les rues d\u2019Epinal\",\"datePublished\":\"2019-12-17T07:05:39+00:00\",\"dateModified\":\"2019-12-17T07:05:39+00:00\",\"mainEntityOfPage\":{\"@id\":\"https:\/\/vosgesinfo.fr\/remiremontinfo\/2019\/12\/reforme-retraites-pres-de-3000-personnes-manifestent-rues-depinal\/\"},\"wordCount\":138,\"commentCount\":0,\"publisher\":{\"@id\":\"https:\/\/vosgesinfo.fr\/remiremontinfo\/#organization\"},\"image\":{\"@id\":\"https:\/\/vosgesinfo.fr\/remiremontinfo\/2019\/12\/reforme-retraites-pres-de-3000-personnes-manifestent-rues-depinal\/#primaryimage\"},\"thumbnailUrl\":\"https:\/\/vosgesinfo.fr\/app\/uploads\/sites\/5\/2024\/09\/201912246bdd0c-9b1d-472a-bae9-d2240074d436.jpeg\",\"articleSection\":[\"A la Une\",\"Soci\u00e9t\u00e9\",\"Vosges\"],\"inLanguage\":\"fr-FR\",\"potentialAction\":[{\"@type\":\"CommentAction\",\"name\":\"Comment\",\"target\":[\"https:\/\/vosgesinfo.fr\/remiremontinfo\/2019\/12\/reforme-retraites-pres-de-3000-personnes-manifestent-rues-depinal\/#respond\"]}]},{\"@type\":\"WebPage\",\"@id\":\"https:\/\/vosgesinfo.fr\/remiremontinfo\/2019\/12\/reforme-retraites-pres-de-3000-personnes-manifestent-rues-depinal\/\",\"url\":\"https:\/\/vosgesinfo.fr\/remiremontinfo\/2019\/12\/reforme-retraites-pres-de-3000-personnes-manifestent-rues-depinal\/\",\"name\":\"R\u00e9forme des retraites : pr\u00e8s de 3000 personnes manifestent dans les rues d\u2019Epinal - Remiremont Info\",\"isPartOf\":{\"@id\":\"https:\/\/vosgesinfo.fr\/remiremontinfo\/#website\"},\"primaryImageOfPage\":{\"@id\":\"https:\/\/vosgesinfo.fr\/remiremontinfo\/2019\/12\/reforme-retraites-pres-de-3000-personnes-manifestent-rues-depinal\/#primaryimage\"},\"image\":{\"@id\":\"https:\/\/vosgesinfo.fr\/remiremontinfo\/2019\/12\/reforme-retraites-pres-de-3000-personnes-manifestent-rues-depinal\/#primaryimage\"},\"thumbnailUrl\":\"https:\/\/vosgesinfo.fr\/app\/uploads\/sites\/5\/2024\/09\/201912246bdd0c-9b1d-472a-bae9-d2240074d436.jpeg\",\"datePublished\":\"2019-12-17T07:05:39+00:00\",\"dateModified\":\"2019-12-17T07:05:39+00:00\",\"breadcrumb\":{\"@id\":\"https:\/\/vosgesinfo.fr\/remiremontinfo\/2019\/12\/reforme-retraites-pres-de-3000-personnes-manifestent-rues-depinal\/#breadcrumb\"},\"inLanguage\":\"fr-FR\",\"potentialAction\":[{\"@type\":\"ReadAction\",\"target\":[\"https:\/\/vosgesinfo.fr\/remiremontinfo\/2019\/12\/reforme-retraites-pres-de-3000-personnes-manifestent-rues-depinal\/\"]}]},{\"@type\":\"ImageObject\",\"inLanguage\":\"fr-FR\",\"@id\":\"https:\/\/vosgesinfo.fr\/remiremontinfo\/2019\/12\/reforme-retraites-pres-de-3000-personnes-manifestent-rues-depinal\/#primaryimage\",\"url\":\"https:\/\/vosgesinfo.fr\/app\/uploads\/sites\/5\/2024\/09\/201912246bdd0c-9b1d-472a-bae9-d2240074d436.jpeg\",\"contentUrl\":\"https:\/\/vosgesinfo.fr\/app\/uploads\/sites\/5\/2024\/09\/201912246bdd0c-9b1d-472a-bae9-d2240074d436.jpeg\",\"width\":800,\"height\":600},{\"@type\":\"BreadcrumbList\",\"@id\":\"https:\/\/vosgesinfo.fr\/remiremontinfo\/2019\/12\/reforme-retraites-pres-de-3000-personnes-manifestent-rues-depinal\/#breadcrumb\",\"itemListElement\":[{\"@type\":\"ListItem\",\"position\":1,\"name\":\"Home\",\"item\":\"https:\/\/vosgesinfo.fr\/remiremontinfo\/\"},{\"@type\":\"ListItem\",\"position\":2,\"name\":\"R\u00e9forme des retraites : pr\u00e8s de 3000 personnes manifestent dans les rues d\u2019Epinal\"}]},{\"@type\":\"WebSite\",\"@id\":\"https:\/\/vosgesinfo.fr\/remiremontinfo\/#website\",\"url\":\"https:\/\/vosgesinfo.fr\/remiremontinfo\/\",\"name\":\"Remiremont Info\",\"description\":\"Toute l&#039;actualit\u00e9 de Remiremont\",\"publisher\":{\"@id\":\"https:\/\/vosgesinfo.fr\/remiremontinfo\/#organization\"},\"alternateName\":\"Toute l'actualit\u00e9 de Remiremont\",\"potentialAction\":[{\"@type\":\"SearchAction\",\"target\":{\"@type\":\"EntryPoint\",\"urlTemplate\":\"https:\/\/vosgesinfo.fr\/remiremontinfo\/?s={search_term_string}\"},\"query-input\":\"required name=search_term_string\"}],\"inLanguage\":\"fr-FR\"},{\"@type\":\"Organization\",\"@id\":\"https:\/\/vosgesinfo.fr\/remiremontinfo\/#organization\",\"name\":\"Remiremont Info\",\"url\":\"https:\/\/vosgesinfo.fr\/remiremontinfo\/\",\"logo\":{\"@type\":\"ImageObject\",\"inLanguage\":\"fr-FR\",\"@id\":\"https:\/\/vosgesinfo.fr\/remiremontinfo\/#\/schema\/logo\/image\/\",\"url\":\"https:\/\/vosgesinfo.fr\/app\/uploads\/sites\/5\/2023\/08\/favicon-remiremontinfo.png\",\"contentUrl\":\"https:\/\/vosgesinfo.fr\/app\/uploads\/sites\/5\/2023\/08\/favicon-remiremontinfo.png\",\"width\":512,\"height\":512,\"caption\":\"Remiremont Info\"},\"image\":{\"@id\":\"https:\/\/vosgesinfo.fr\/remiremontinfo\/#\/schema\/logo\/image\/\"},\"sameAs\":[\"https:\/\/www.facebook.com\/remiremontinfo\",\"https:\/\/x.com\/VosgesInfo88\",\"https:\/\/www.youtube.com\/@vosgesinfo\"]},{\"@type\":\"Person\",\"@id\":\"https:\/\/vosgesinfo.fr\/remiremontinfo\/#\/schema\/person\/3bfd164d5218a185b1db68655a265316\",\"name\":\"C D\",\"image\":{\"@type\":\"ImageObject\",\"inLanguage\":\"fr-FR\",\"@id\":\"https:\/\/vosgesinfo.fr\/remiremontinfo\/#\/schema\/person\/image\/\",\"url\":\"https:\/\/secure.gravatar.com\/avatar\/1f9a70007336511a47468b8f1c66f922b8b7cf617b02a31149ada43893a5d48f?s=96&d=mm&r=g\",\"contentUrl\":\"https:\/\/secure.gravatar.com\/avatar\/1f9a70007336511a47468b8f1c66f922b8b7cf617b02a31149ada43893a5d48f?s=96&d=mm&r=g\",\"caption\":\"C D\"},\"url\":\"https:\/\/vosgesinfo.fr\/remiremontinfo\/author\/cedric-drevet\/\"}]}<\/script>\n<!-- \/ Yoast SEO plugin. -->","yoast_head_json":{"title":"R\u00e9forme des retraites : pr\u00e8s de 3000 personnes manifestent dans les rues d\u2019Epinal - Remiremont Info","robots":{"index":"index","follow":"follow","max-snippet":"max-snippet:-1","max-image-preview":"max-image-preview:large","max-video-preview":"max-video-preview:-1"},"canonical":"https:\/\/vosgesinfo.fr\/remiremontinfo\/2019\/12\/reforme-retraites-pres-de-3000-personnes-manifestent-rues-depinal\/","twitter_card":"summary_large_image","twitter_title":"R\u00e9forme des retraites : pr\u00e8s de 3000 personnes manifestent dans les rues d\u2019Epinal - Remiremont Info","twitter_description":"Nouvelle journ\u00e9e de\u00a0manifestations\u00a0en France contre\u00a0la r\u00e9forme des retraites. Des manifestants \u00e9taient \u00e0 nouveau rassembl\u00e9s devant la pr\u00e9fecture, place Foch \u00e0 [&hellip;]","twitter_image":"https:\/\/vosgesinfo.fr\/app\/uploads\/sites\/5\/2024\/09\/201912246bdd0c-9b1d-472a-bae9-d2240074d436.jpeg","twitter_creator":"@VosgesInfo88","twitter_site":"@VosgesInfo88","twitter_misc":{"\u00c9crit par":"C D","Dur\u00e9e de lecture estim\u00e9e":"1 minute"},"schema":{"@context":"https:\/\/schema.org","@graph":[{"@type":"Article","@id":"https:\/\/vosgesinfo.fr\/remiremontinfo\/2019\/12\/reforme-retraites-pres-de-3000-personnes-manifestent-rues-depinal\/#article","isPartOf":{"@id":"https:\/\/vosgesinfo.fr\/remiremontinfo\/2019\/12\/reforme-retraites-pres-de-3000-personnes-manifestent-rues-depinal\/"},"author":{"name":"C D","@id":"https:\/\/vosgesinfo.fr\/remiremontinfo\/#\/schema\/person\/3bfd164d5218a185b1db68655a265316"},"headline":"R\u00e9forme des retraites : pr\u00e8s de 3000 personnes manifestent dans les rues d\u2019Epinal","datePublished":"2019-12-17T07:05:39+00:00","dateModified":"2019-12-17T07:05:39+00:00","mainEntityOfPage":{"@id":"https:\/\/vosgesinfo.fr\/remiremontinfo\/2019\/12\/reforme-retraites-pres-de-3000-personnes-manifestent-rues-depinal\/"},"wordCount":138,"commentCount":0,"publisher":{"@id":"https:\/\/vosgesinfo.fr\/remiremontinfo\/#organization"},"image":{"@id":"https:\/\/vosgesinfo.fr\/remiremontinfo\/2019\/12\/reforme-retraites-pres-de-3000-personnes-manifestent-rues-depinal\/#primaryimage"},"thumbnailUrl":"https:\/\/vosgesinfo.fr\/app\/uploads\/sites\/5\/2024\/09\/201912246bdd0c-9b1d-472a-bae9-d2240074d436.jpeg","articleSection":["A la Une","Soci\u00e9t\u00e9","Vosges"],"inLanguage":"fr-FR","potentialAction":[{"@type":"CommentAction","name":"Comment","target":["https:\/\/vosgesinfo.fr\/remiremontinfo\/2019\/12\/reforme-retraites-pres-de-3000-personnes-manifestent-rues-depinal\/#respond"]}]},{"@type":"WebPage","@id":"https:\/\/vosgesinfo.fr\/remiremontinfo\/2019\/12\/reforme-retraites-pres-de-3000-personnes-manifestent-rues-depinal\/","url":"https:\/\/vosgesinfo.fr\/remiremontinfo\/2019\/12\/reforme-retraites-pres-de-3000-personnes-manifestent-rues-depinal\/","name":"R\u00e9forme des retraites : pr\u00e8s de 3000 personnes manifestent dans les rues d\u2019Epinal - Remiremont Info","isPartOf":{"@id":"https:\/\/vosgesinfo.fr\/remiremontinfo\/#website"},"primaryImageOfPage":{"@id":"https:\/\/vosgesinfo.fr\/remiremontinfo\/2019\/12\/reforme-retraites-pres-de-3000-personnes-manifestent-rues-depinal\/#primaryimage"},"image":{"@id":"https:\/\/vosgesinfo.fr\/remiremontinfo\/2019\/12\/reforme-retraites-pres-de-3000-personnes-manifestent-rues-depinal\/#primaryimage"},"thumbnailUrl":"https:\/\/vosgesinfo.fr\/app\/uploads\/sites\/5\/2024\/09\/201912246bdd0c-9b1d-472a-bae9-d2240074d436.jpeg","datePublished":"2019-12-17T07:05:39+00:00","dateModified":"2019-12-17T07:05:39+00:00","breadcrumb":{"@id":"https:\/\/vosgesinfo.fr\/remiremontinfo\/2019\/12\/reforme-retraites-pres-de-3000-personnes-manifestent-rues-depinal\/#breadcrumb"},"inLanguage":"fr-FR","potentialAction":[{"@type":"ReadAction","target":["https:\/\/vosgesinfo.fr\/remiremontinfo\/2019\/12\/reforme-retraites-pres-de-3000-personnes-manifestent-rues-depinal\/"]}]},{"@type":"ImageObject","inLanguage":"fr-FR","@id":"https:\/\/vosgesinfo.fr\/remiremontinfo\/2019\/12\/reforme-retraites-pres-de-3000-personnes-manifestent-rues-depinal\/#primaryimage","url":"https:\/\/vosgesinfo.fr\/app\/uploads\/sites\/5\/2024\/09\/201912246bdd0c-9b1d-472a-bae9-d2240074d436.jpeg","contentUrl":"https:\/\/vosgesinfo.fr\/app\/uploads\/sites\/5\/2024\/09\/201912246bdd0c-9b1d-472a-bae9-d2240074d436.jpeg","width":800,"height":600},{"@type":"BreadcrumbList","@id":"https:\/\/vosgesinfo.fr\/remiremontinfo\/2019\/12\/reforme-retraites-pres-de-3000-personnes-manifestent-rues-depinal\/#breadcrumb","itemListElement":[{"@type":"ListItem","position":1,"name":"Home","item":"https:\/\/vosgesinfo.fr\/remiremontinfo\/"},{"@type":"ListItem","position":2,"name":"R\u00e9forme des retraites : pr\u00e8s de 3000 personnes manifestent dans les rues d\u2019Epinal"}]},{"@type":"WebSite","@id":"https:\/\/vosgesinfo.fr\/remiremontinfo\/#website","url":"https:\/\/vosgesinfo.fr\/remiremontinfo\/","name":"Remiremont Info","description":"Toute l&#039;actualit\u00e9 de Remiremont","publisher":{"@id":"https:\/\/vosgesinfo.fr\/remiremontinfo\/#organization"},"alternateName":"Toute l'actualit\u00e9 de Remiremont","potentialAction":[{"@type":"SearchAction","target":{"@type":"EntryPoint","urlTemplate":"https:\/\/vosgesinfo.fr\/remiremontinfo\/?s={search_term_string}"},"query-input":"required name=search_term_string"}],"inLanguage":"fr-FR"},{"@type":"Organization","@id":"https:\/\/vosgesinfo.fr\/remiremontinfo\/#organization","name":"Remiremont Info","url":"https:\/\/vosgesinfo.fr\/remiremontinfo\/","logo":{"@type":"ImageObject","inLanguage":"fr-FR","@id":"https:\/\/vosgesinfo.fr\/remiremontinfo\/#\/schema\/logo\/image\/","url":"https:\/\/vosgesinfo.fr\/app\/uploads\/sites\/5\/2023\/08\/favicon-remiremontinfo.png","contentUrl":"https:\/\/vosgesinfo.fr\/app\/uploads\/sites\/5\/2023\/08\/favicon-remiremontinfo.png","width":512,"height":512,"caption":"Remiremont Info"},"image":{"@id":"https:\/\/vosgesinfo.fr\/remiremontinfo\/#\/schema\/logo\/image\/"},"sameAs":["https:\/\/www.facebook.com\/remiremontinfo","https:\/\/x.com\/VosgesInfo88","https:\/\/www.youtube.com\/@vosgesinfo"]},{"@type":"Person","@id":"https:\/\/vosgesinfo.fr\/remiremontinfo\/#\/schema\/person\/3bfd164d5218a185b1db68655a265316","name":"C D","image":{"@type":"ImageObject","inLanguage":"fr-FR","@id":"https:\/\/vosgesinfo.fr\/remiremontinfo\/#\/schema\/person\/image\/","url":"https:\/\/secure.gravatar.com\/avatar\/1f9a70007336511a47468b8f1c66f922b8b7cf617b02a31149ada43893a5d48f?s=96&d=mm&r=g","contentUrl":"https:\/\/secure.gravatar.com\/avatar\/1f9a70007336511a47468b8f1c66f922b8b7cf617b02a31149ada43893a5d48f?s=96&d=mm&r=g","caption":"C D"},"url":"https:\/\/vosgesinfo.fr\/remiremontinfo\/author\/cedric-drevet\/"}]}},"_links":{"self":[{"href":"https:\/\/vosgesinfo.fr\/remiremontinfo\/wp-json\/wp\/v2\/posts\/23688","targetHints":{"allow":["GET"]}}],"collection":[{"href":"https:\/\/vosgesinfo.fr\/remiremontinfo\/wp-json\/wp\/v2\/posts"}],"about":[{"href":"https:\/\/vosgesinfo.fr\/remiremontinfo\/wp-json\/wp\/v2\/types\/post"}],"author":[{"embeddable":true,"href":"https:\/\/vosgesinfo.fr\/remiremontinfo\/wp-json\/wp\/v2\/users\/407"}],"replies":[{"embeddable":true,"href":"https:\/\/vosgesinfo.fr\/remiremontinfo\/wp-json\/wp\/v2\/comments?post=23688"}],"version-history":[{"count":0,"href":"https:\/\/vosgesinfo.fr\/remiremontinfo\/wp-json\/wp\/v2\/posts\/23688\/revisions"}],"wp:featuredmedia":[{"embeddable":true,"href":"https:\/\/vosgesinfo.fr\/remiremontinfo\/wp-json\/wp\/v2\/media\/23689"}],"wp:attachment":[{"href":"https:\/\/vosgesinfo.fr\/remiremontinfo\/wp-json\/wp\/v2\/media?parent=23688"}],"wp:term":[{"taxonomy":"category","embeddable":true,"href":"https:\/\/vosgesinfo.fr\/remiremontinfo\/wp-json\/wp\/v2\/categories?post=23688"},{"taxonomy":"post_tag","embeddable":true,"href":"https:\/\/vosgesinfo.fr\/remiremontinfo\/wp-json\/wp\/v2\/tags?post=23688"}],"curies":[{"name":"wp","href":"https:\/\/api.w.org\/{rel}","templated":true}]}}