{"id":24053,"date":"2024-09-07T10:14:37","date_gmt":"2024-09-07T08:14:37","guid":{"rendered":"https:\/\/vosgesinfo.fr\/remiremontinfo\/?p=24053"},"modified":"2024-09-07T10:14:37","modified_gmt":"2024-09-07T08:14:37","slug":"une-note-de-magie-en-or-larbre-accueille-ses-premiers-souhaits-a-remiremont","status":"publish","type":"post","link":"https:\/\/vosgesinfo.fr\/remiremontinfo\/2024\/09\/une-note-de-magie-en-or-larbre-accueille-ses-premiers-souhaits-a-remiremont\/","title":{"rendered":"Une note de magie en or : l&rsquo;arbre accueille ses premiers souhaits \u00e0 Remiremont"},"content":{"rendered":"<p><a href=\"https:\/\/vosgesinfo.fr\/app\/uploads\/sites\/5\/2024\/09\/une-note-de-magie-en-or-3-scaled.jpg\"><img decoding=\"async\" class=\"aligncenter size-large wp-image-24059\" src=\"https:\/\/vosgesinfo.fr\/app\/uploads\/sites\/5\/2024\/09\/une-note-de-magie-en-or-3-1024x768.jpg\" alt=\"\" width=\"1024\" height=\"768\" srcset=\"https:\/\/vosgesinfo.fr\/app\/uploads\/sites\/5\/2024\/09\/une-note-de-magie-en-or-3-1024x768.jpg 1024w, https:\/\/vosgesinfo.fr\/app\/uploads\/sites\/5\/2024\/09\/une-note-de-magie-en-or-3-300x225.jpg 300w, https:\/\/vosgesinfo.fr\/app\/uploads\/sites\/5\/2024\/09\/une-note-de-magie-en-or-3-768x576.jpg 768w, https:\/\/vosgesinfo.fr\/app\/uploads\/sites\/5\/2024\/09\/une-note-de-magie-en-or-3-1536x1152.jpg 1536w, https:\/\/vosgesinfo.fr\/app\/uploads\/sites\/5\/2024\/09\/une-note-de-magie-en-or-3-2048x1536.jpg 2048w\" sizes=\"(max-width: 1024px) 100vw, 1024px\" \/><\/a><\/p>\n<p><strong><em>Une note de magie en or<\/em>, c&rsquo;est le nom de l&rsquo;op\u00e9ration cr\u00e9\u00e9e avec le <em>Rotary Club de Remiremont<\/em> et <em>Une note de Bonheur<\/em> de Saint-Am\u00e9. L&rsquo;op\u00e9ration s&rsquo;inscrit dans le cadre de <em>Septembre en Or<\/em> pour lutter contre le cancer p\u00e9diatrique des enfants et des adolescents. \u00c0 cette occasion, des arbres \u00e0 souhaits sont install\u00e9s dans les deux communes de Remiremont et Saint-Am\u00e9. Celui de Remiremont vient d&rsquo;\u00eatre install\u00e9 et attend ses souhaits.\u00a0<\/strong><\/p>\n<p>Fanny Grandemange et Jean-Charles Tisserand, les pr\u00e9sidents des deux associations qui ont d\u00e9cid\u00e9 de travailler main dans la main sur cette op\u00e9ration, ont inaugur\u00e9 l&rsquo;arbre cr\u00e9\u00e9 par les \u00e9l\u00e8ves de la fili\u00e8re Bois du lyc\u00e9e Andr\u00e9 Malraux ce vendredi 6 septembre. Un d\u00e9fi pour les \u00e9l\u00e8ves puisque le sapin dor\u00e9 a \u00e9t\u00e9 fabriqu\u00e9 en tr\u00e8s peu de temps, la rentr\u00e9e des classes s&rsquo;\u00e9tant d\u00e9roul\u00e9e lundi.<\/p>\n<p>C&rsquo;est ainsi, en pr\u00e9sence du maire de Remiremont, Jean-Beno\u00eet Tisserand, du d\u00e9put\u00e9 Christophe Naegelen et de nombreux commer\u00e7ants de la ville, que les premiers souhaits ont \u00e9t\u00e9 appos\u00e9s sur l&rsquo;arbre \u00e0 souhaits situ\u00e9 devant la boucherie Thi\u00e9baut. Fanny Grandemange, \u00e9mue, a rappel\u00e9 l&rsquo;importance de sensibiliser la population \u00e0 cette lutte m\u00e9connue et sur la difficult\u00e9 \u00e0 traverser cette \u00e9preuve pour les familles et les jeunes patients.<\/p>\n\n\t\t<style type=\"text\/css\">\n\t\t\t#gallery-1 {\n\t\t\t\tmargin: auto;\n\t\t\t}\n\t\t\t#gallery-1 .gallery-item {\n\t\t\t\tfloat: left;\n\t\t\t\tmargin-top: 10px;\n\t\t\t\ttext-align: center;\n\t\t\t\twidth: 50%;\n\t\t\t}\n\t\t\t#gallery-1 img {\n\t\t\t\tborder: 2px solid #cfcfcf;\n\t\t\t}\n\t\t\t#gallery-1 .gallery-caption {\n\t\t\t\tmargin-left: 0;\n\t\t\t}\n\t\t\t\/* see gallery_shortcode() in wp-includes\/media.php *\/\n\t\t<\/style>\n\t\t<div id='gallery-1' class='gallery galleryid-24053 gallery-columns-2 gallery-size-large'><dl class='gallery-item'>\n\t\t\t<dt class='gallery-icon landscape'>\n\t\t\t\t<a href='https:\/\/vosgesinfo.fr\/remiremontinfo\/2024\/09\/une-note-de-magie-en-or-larbre-accueille-ses-premiers-souhaits-a-remiremont\/une-note-de-magie-en-or-4-2\/'><img decoding=\"async\" width=\"1024\" height=\"768\" src=\"https:\/\/vosgesinfo.fr\/app\/uploads\/sites\/5\/2024\/09\/une-note-de-magie-en-or-4-1024x768.jpg\" class=\"attachment-large size-large\" alt=\"\" aria-describedby=\"gallery-1-24058\" srcset=\"https:\/\/vosgesinfo.fr\/app\/uploads\/sites\/5\/2024\/09\/une-note-de-magie-en-or-4-1024x768.jpg 1024w, https:\/\/vosgesinfo.fr\/app\/uploads\/sites\/5\/2024\/09\/une-note-de-magie-en-or-4-300x225.jpg 300w, https:\/\/vosgesinfo.fr\/app\/uploads\/sites\/5\/2024\/09\/une-note-de-magie-en-or-4-768x576.jpg 768w, https:\/\/vosgesinfo.fr\/app\/uploads\/sites\/5\/2024\/09\/une-note-de-magie-en-or-4-1536x1152.jpg 1536w, https:\/\/vosgesinfo.fr\/app\/uploads\/sites\/5\/2024\/09\/une-note-de-magie-en-or-4-2048x1536.jpg 2048w\" sizes=\"(max-width: 1024px) 100vw, 1024px\" \/><\/a>\n\t\t\t<\/dt>\n\t\t\t\t<dd class='wp-caption-text gallery-caption' id='gallery-1-24058'>\n\t\t\t\tJean-Beno\u00eet Tisserand, Jean-Charles Tisserand, Fanny Grandemange et Christophe Naegelen. \n\t\t\t\t<\/dd><\/dl><dl class='gallery-item'>\n\t\t\t<dt class='gallery-icon landscape'>\n\t\t\t\t<a href='https:\/\/vosgesinfo.fr\/remiremontinfo\/2024\/09\/une-note-de-magie-en-or-larbre-accueille-ses-premiers-souhaits-a-remiremont\/une-note-de-magie-en-or-8\/'><img decoding=\"async\" width=\"1024\" height=\"768\" src=\"https:\/\/vosgesinfo.fr\/app\/uploads\/sites\/5\/2024\/09\/une-note-de-magie-en-or--1024x768.jpg\" class=\"attachment-large size-large\" alt=\"\" aria-describedby=\"gallery-1-24062\" srcset=\"https:\/\/vosgesinfo.fr\/app\/uploads\/sites\/5\/2024\/09\/une-note-de-magie-en-or--1024x768.jpg 1024w, https:\/\/vosgesinfo.fr\/app\/uploads\/sites\/5\/2024\/09\/une-note-de-magie-en-or--300x225.jpg 300w, https:\/\/vosgesinfo.fr\/app\/uploads\/sites\/5\/2024\/09\/une-note-de-magie-en-or--768x576.jpg 768w, https:\/\/vosgesinfo.fr\/app\/uploads\/sites\/5\/2024\/09\/une-note-de-magie-en-or--1536x1152.jpg 1536w, https:\/\/vosgesinfo.fr\/app\/uploads\/sites\/5\/2024\/09\/une-note-de-magie-en-or--2048x1536.jpg 2048w\" sizes=\"(max-width: 1024px) 100vw, 1024px\" \/><\/a>\n\t\t\t<\/dt>\n\t\t\t\t<dd class='wp-caption-text gallery-caption' id='gallery-1-24062'>\n\t\t\t\tLes commer\u00e7ants accrochent les souhaits. \n\t\t\t\t<\/dd><\/dl><br style=\"clear: both\" \/>\n\t\t<\/div>\n\n\n\t\t<style type=\"text\/css\">\n\t\t\t#gallery-2 {\n\t\t\t\tmargin: auto;\n\t\t\t}\n\t\t\t#gallery-2 .gallery-item {\n\t\t\t\tfloat: left;\n\t\t\t\tmargin-top: 10px;\n\t\t\t\ttext-align: center;\n\t\t\t\twidth: 33%;\n\t\t\t}\n\t\t\t#gallery-2 img {\n\t\t\t\tborder: 2px solid #cfcfcf;\n\t\t\t}\n\t\t\t#gallery-2 .gallery-caption {\n\t\t\t\tmargin-left: 0;\n\t\t\t}\n\t\t\t\/* see gallery_shortcode() in wp-includes\/media.php *\/\n\t\t<\/style>\n\t\t<div id='gallery-2' class='gallery galleryid-24053 gallery-columns-3 gallery-size-medium'><dl class='gallery-item'>\n\t\t\t<dt class='gallery-icon portrait'>\n\t\t\t\t<a href='https:\/\/vosgesinfo.fr\/remiremontinfo\/2024\/09\/une-note-de-magie-en-or-larbre-accueille-ses-premiers-souhaits-a-remiremont\/une-note-de-magie-en-or-6\/'><img decoding=\"async\" width=\"225\" height=\"300\" src=\"https:\/\/vosgesinfo.fr\/app\/uploads\/sites\/5\/2024\/09\/une-note-de-magie-en-or-6-225x300.jpg\" class=\"attachment-medium size-medium\" alt=\"\" aria-describedby=\"gallery-2-24056\" srcset=\"https:\/\/vosgesinfo.fr\/app\/uploads\/sites\/5\/2024\/09\/une-note-de-magie-en-or-6-225x300.jpg 225w, https:\/\/vosgesinfo.fr\/app\/uploads\/sites\/5\/2024\/09\/une-note-de-magie-en-or-6-768x1024.jpg 768w, https:\/\/vosgesinfo.fr\/app\/uploads\/sites\/5\/2024\/09\/une-note-de-magie-en-or-6-1152x1536.jpg 1152w, https:\/\/vosgesinfo.fr\/app\/uploads\/sites\/5\/2024\/09\/une-note-de-magie-en-or-6-1536x2048.jpg 1536w, https:\/\/vosgesinfo.fr\/app\/uploads\/sites\/5\/2024\/09\/une-note-de-magie-en-or-6-scaled.jpg 1920w\" sizes=\"(max-width: 225px) 100vw, 225px\" \/><\/a>\n\t\t\t<\/dt>\n\t\t\t\t<dd class='wp-caption-text gallery-caption' id='gallery-2-24056'>\n\t\t\t\tLes kits \u00e0 souhaits \u00e0 retrouver chez les commer\u00e7ants participants. \n\t\t\t\t<\/dd><\/dl><dl class='gallery-item'>\n\t\t\t<dt class='gallery-icon portrait'>\n\t\t\t\t<a href='https:\/\/vosgesinfo.fr\/remiremontinfo\/2024\/09\/une-note-de-magie-en-or-larbre-accueille-ses-premiers-souhaits-a-remiremont\/une-note-de-magie-en-or-7\/'><img decoding=\"async\" width=\"225\" height=\"300\" src=\"https:\/\/vosgesinfo.fr\/app\/uploads\/sites\/5\/2024\/09\/une-note-de-magie-en-or-7-225x300.jpg\" class=\"attachment-medium size-medium\" alt=\"\" aria-describedby=\"gallery-2-24055\" srcset=\"https:\/\/vosgesinfo.fr\/app\/uploads\/sites\/5\/2024\/09\/une-note-de-magie-en-or-7-225x300.jpg 225w, https:\/\/vosgesinfo.fr\/app\/uploads\/sites\/5\/2024\/09\/une-note-de-magie-en-or-7-768x1024.jpg 768w, https:\/\/vosgesinfo.fr\/app\/uploads\/sites\/5\/2024\/09\/une-note-de-magie-en-or-7-1152x1536.jpg 1152w, https:\/\/vosgesinfo.fr\/app\/uploads\/sites\/5\/2024\/09\/une-note-de-magie-en-or-7-1536x2048.jpg 1536w, https:\/\/vosgesinfo.fr\/app\/uploads\/sites\/5\/2024\/09\/une-note-de-magie-en-or-7-scaled.jpg 1920w\" sizes=\"(max-width: 225px) 100vw, 225px\" \/><\/a>\n\t\t\t<\/dt>\n\t\t\t\t<dd class='wp-caption-text gallery-caption' id='gallery-2-24055'>\n\t\t\t\tL&rsquo;arbre fabriqu\u00e9 par les \u00e9l\u00e8ves de la fili\u00e8re bois du lyc\u00e9e Malraux\n\t\t\t\t<\/dd><\/dl><dl class='gallery-item'>\n\t\t\t<dt class='gallery-icon portrait'>\n\t\t\t\t<a href='https:\/\/vosgesinfo.fr\/remiremontinfo\/2024\/09\/une-note-de-magie-en-or-larbre-accueille-ses-premiers-souhaits-a-remiremont\/une-note-de-magie-en-or-5-2\/'><img decoding=\"async\" width=\"225\" height=\"300\" src=\"https:\/\/vosgesinfo.fr\/app\/uploads\/sites\/5\/2024\/09\/une-note-de-magie-en-or-5-225x300.jpg\" class=\"attachment-medium size-medium\" alt=\"\" aria-describedby=\"gallery-2-24057\" srcset=\"https:\/\/vosgesinfo.fr\/app\/uploads\/sites\/5\/2024\/09\/une-note-de-magie-en-or-5-225x300.jpg 225w, https:\/\/vosgesinfo.fr\/app\/uploads\/sites\/5\/2024\/09\/une-note-de-magie-en-or-5-768x1024.jpg 768w, https:\/\/vosgesinfo.fr\/app\/uploads\/sites\/5\/2024\/09\/une-note-de-magie-en-or-5-1152x1536.jpg 1152w, https:\/\/vosgesinfo.fr\/app\/uploads\/sites\/5\/2024\/09\/une-note-de-magie-en-or-5-1536x2048.jpg 1536w, https:\/\/vosgesinfo.fr\/app\/uploads\/sites\/5\/2024\/09\/une-note-de-magie-en-or-5-scaled.jpg 1920w\" sizes=\"(max-width: 225px) 100vw, 225px\" \/><\/a>\n\t\t\t<\/dt>\n\t\t\t\t<dd class='wp-caption-text gallery-caption' id='gallery-2-24057'>\n\t\t\t\tPour l&rsquo;occasion, des n\u0153uds ont \u00e9t\u00e9 distribu\u00e9s.\n\t\t\t\t<\/dd><\/dl><br style=\"clear: both\" \/>\n\t\t<\/div>\n\n<p>&nbsp;<\/p>\n<p>Pour se munir de kits \u00e0 souhaits et participer \u00e0 cette op\u00e9ration, rendez-vous chez les commer\u00e7ants partenaires qui en proposent \u00e0 la vente au prix de 2 \u20ac. Toutes les informations sont \u00e0 retrouver en scannant le QR code de la banderole situ\u00e9e sur la fa\u00e7ade de la boucherie Thi\u00e9baut ou sur la <a href=\"https:\/\/www.facebook.com\/profile.php?id=61565201336201\" target=\"_blank\" rel=\"noopener\">page Facebook de l&rsquo;op\u00e9ration<\/a>. Les b\u00e9n\u00e9fices de ces ventes sont revers\u00e9s \u00e0 la recherche contre le cancer et pour Elina, 3 ans, atteinte d&rsquo;un cancer du rein.<\/p>\n\n\t\t<style type=\"text\/css\">\n\t\t\t#gallery-3 {\n\t\t\t\tmargin: auto;\n\t\t\t}\n\t\t\t#gallery-3 .gallery-item {\n\t\t\t\tfloat: left;\n\t\t\t\tmargin-top: 10px;\n\t\t\t\ttext-align: center;\n\t\t\t\twidth: 50%;\n\t\t\t}\n\t\t\t#gallery-3 img {\n\t\t\t\tborder: 2px solid #cfcfcf;\n\t\t\t}\n\t\t\t#gallery-3 .gallery-caption {\n\t\t\t\tmargin-left: 0;\n\t\t\t}\n\t\t\t\/* see gallery_shortcode() in wp-includes\/media.php *\/\n\t\t<\/style>\n\t\t<div id='gallery-3' class='gallery galleryid-24053 gallery-columns-2 gallery-size-full'><dl class='gallery-item'>\n\t\t\t<dt class='gallery-icon portrait'>\n\t\t\t\t<a href='https:\/\/vosgesinfo.fr\/remiremontinfo\/2024\/09\/une-note-de-magie-en-or-larbre-accueille-ses-premiers-souhaits-a-remiremont\/une-note-de-magie-en-or-1-2\/'><img decoding=\"async\" width=\"2047\" height=\"2560\" src=\"https:\/\/vosgesinfo.fr\/app\/uploads\/sites\/5\/2024\/09\/une-note-de-magie-en-or-1-scaled.jpg\" class=\"attachment-full size-full\" alt=\"\" aria-describedby=\"gallery-3-24061\" srcset=\"https:\/\/vosgesinfo.fr\/app\/uploads\/sites\/5\/2024\/09\/une-note-de-magie-en-or-1-scaled.jpg 2047w, https:\/\/vosgesinfo.fr\/app\/uploads\/sites\/5\/2024\/09\/une-note-de-magie-en-or-1-240x300.jpg 240w, https:\/\/vosgesinfo.fr\/app\/uploads\/sites\/5\/2024\/09\/une-note-de-magie-en-or-1-819x1024.jpg 819w, https:\/\/vosgesinfo.fr\/app\/uploads\/sites\/5\/2024\/09\/une-note-de-magie-en-or-1-768x960.jpg 768w, https:\/\/vosgesinfo.fr\/app\/uploads\/sites\/5\/2024\/09\/une-note-de-magie-en-or-1-1228x1536.jpg 1228w, https:\/\/vosgesinfo.fr\/app\/uploads\/sites\/5\/2024\/09\/une-note-de-magie-en-or-1-1638x2048.jpg 1638w\" sizes=\"(max-width: 2047px) 100vw, 2047px\" \/><\/a>\n\t\t\t<\/dt>\n\t\t\t\t<dd class='wp-caption-text gallery-caption' id='gallery-3-24061'>\n\t\t\t\tElina et sa maman accrochent leur souhait sur l&rsquo;arbre. \n\t\t\t\t<\/dd><\/dl><dl class='gallery-item'>\n\t\t\t<dt class='gallery-icon portrait'>\n\t\t\t\t<a href='https:\/\/vosgesinfo.fr\/remiremontinfo\/2024\/09\/une-note-de-magie-en-or-larbre-accueille-ses-premiers-souhaits-a-remiremont\/une-note-de-magie-en-or-2-2\/'><img decoding=\"async\" width=\"1920\" height=\"2560\" src=\"https:\/\/vosgesinfo.fr\/app\/uploads\/sites\/5\/2024\/09\/une-note-de-magie-en-or-2-scaled.jpg\" class=\"attachment-full size-full\" alt=\"\" aria-describedby=\"gallery-3-24060\" srcset=\"https:\/\/vosgesinfo.fr\/app\/uploads\/sites\/5\/2024\/09\/une-note-de-magie-en-or-2-scaled.jpg 1920w, https:\/\/vosgesinfo.fr\/app\/uploads\/sites\/5\/2024\/09\/une-note-de-magie-en-or-2-225x300.jpg 225w, https:\/\/vosgesinfo.fr\/app\/uploads\/sites\/5\/2024\/09\/une-note-de-magie-en-or-2-768x1024.jpg 768w, https:\/\/vosgesinfo.fr\/app\/uploads\/sites\/5\/2024\/09\/une-note-de-magie-en-or-2-1152x1536.jpg 1152w, https:\/\/vosgesinfo.fr\/app\/uploads\/sites\/5\/2024\/09\/une-note-de-magie-en-or-2-1536x2048.jpg 1536w\" sizes=\"(max-width: 1920px) 100vw, 1920px\" \/><\/a>\n\t\t\t<\/dt>\n\t\t\t\t<dd class='wp-caption-text gallery-caption' id='gallery-3-24060'>\n\t\t\t\tLa banderole avec son QR code donnant acc\u00e8s aux informations de l&rsquo;op\u00e9ration. \n\t\t\t\t<\/dd><\/dl><br style=\"clear: both\" \/>\n\t\t<\/div>\n\n<p>&nbsp;<\/p>\n<p><strong>Un week-end consacr\u00e9 \u00e0 la magie est programm\u00e9 les 28 et 29 septembre au centre culturel Gilbert Zaug pour cl\u00f4turer ce mois de Septembre en Or. L&rsquo;affiche est \u00e0 retrouver ci-dessous :<\/strong><\/p>\n<p><a href=\"https:\/\/vosgesinfo.fr\/app\/uploads\/sites\/5\/2024\/09\/affiche-week-end-magie.jpg\"><img decoding=\"async\" class=\"aligncenter size-large wp-image-24054\" src=\"https:\/\/vosgesinfo.fr\/app\/uploads\/sites\/5\/2024\/09\/affiche-week-end-magie-731x1024.jpg\" alt=\"\" width=\"731\" height=\"1024\" srcset=\"https:\/\/vosgesinfo.fr\/app\/uploads\/sites\/5\/2024\/09\/affiche-week-end-magie-731x1024.jpg 731w, https:\/\/vosgesinfo.fr\/app\/uploads\/sites\/5\/2024\/09\/affiche-week-end-magie-214x300.jpg 214w, https:\/\/vosgesinfo.fr\/app\/uploads\/sites\/5\/2024\/09\/affiche-week-end-magie-768x1075.jpg 768w, https:\/\/vosgesinfo.fr\/app\/uploads\/sites\/5\/2024\/09\/affiche-week-end-magie.jpg 1080w\" sizes=\"(max-width: 731px) 100vw, 731px\" \/><\/a><\/p>\n<p>&nbsp;<\/p>\n","protected":false},"excerpt":{"rendered":"<p>Une note de magie en or, c&rsquo;est le nom de l&rsquo;op\u00e9ration cr\u00e9\u00e9e avec le Rotary Club de Remiremont et Une [&hellip;]<\/p>\n","protected":false},"author":418,"featured_media":24059,"comment_status":"open","ping_status":"open","sticky":false,"template":"","format":"standard","meta":{"footnotes":""},"categories":[26,1556,12,17],"tags":[1970,44,1538,1539,1537],"class_list":["post-24053","post","type-post","status-publish","format-standard","has-post-thumbnail","hentry","category-a-la-une","category-remiremont-remiremont-son-canton-2","category-sante","category-vie-associative","tag-lutte-contre-le-cancer-pediatrique","tag-remiremont","tag-rotary-club","tag-une-note-de-bonheur","tag-une-note-de-magie-en-or"],"acf":[],"yoast_head":"<!-- This site is optimized with the Yoast SEO plugin v22.5 - https:\/\/yoast.com\/wordpress\/plugins\/seo\/ -->\n<title>Une note de magie en or : l&#039;arbre accueille ses premiers souhaits \u00e0 Remiremont - Remiremont Info<\/title>\n<meta name=\"robots\" content=\"index, follow, max-snippet:-1, max-image-preview:large, max-video-preview:-1\" \/>\n<link rel=\"canonical\" href=\"https:\/\/vosgesinfo.fr\/remiremontinfo\/?p=24053\" \/>\n<meta name=\"twitter:card\" content=\"summary_large_image\" \/>\n<meta name=\"twitter:title\" content=\"Une note de magie en or : l&#039;arbre accueille ses premiers souhaits \u00e0 Remiremont - Remiremont Info\" \/>\n<meta name=\"twitter:description\" content=\"Une note de magie en or, c&rsquo;est le nom de l&rsquo;op\u00e9ration cr\u00e9\u00e9e avec le Rotary Club de Remiremont et Une [&hellip;]\" \/>\n<meta name=\"twitter:image\" content=\"https:\/\/vosgesinfo.fr\/app\/uploads\/sites\/5\/2024\/09\/une-note-de-magie-en-or-3-scaled.jpg\" \/>\n<meta name=\"twitter:creator\" content=\"@VosgesInfo88\" \/>\n<meta name=\"twitter:site\" content=\"@VosgesInfo88\" \/>\n<meta name=\"twitter:label1\" content=\"\u00c9crit par\" \/>\n\t<meta name=\"twitter:data1\" content=\"C.M\" \/>\n\t<meta name=\"twitter:label2\" content=\"Dur\u00e9e de lecture estim\u00e9e\" \/>\n\t<meta name=\"twitter:data2\" content=\"3 minutes\" \/>\n<script type=\"application\/ld+json\" class=\"yoast-schema-graph\">{\"@context\":\"https:\/\/schema.org\",\"@graph\":[{\"@type\":\"Article\",\"@id\":\"https:\/\/vosgesinfo.fr\/remiremontinfo\/?p=24053#article\",\"isPartOf\":{\"@id\":\"https:\/\/vosgesinfo.fr\/remiremontinfo\/?p=24053\"},\"author\":{\"name\":\"C.M\",\"@id\":\"https:\/\/vosgesinfo.fr\/remiremontinfo\/#\/schema\/person\/4f38cd3068e342935b7304695c797d08\"},\"headline\":\"Une note de magie en or : l&rsquo;arbre accueille ses premiers souhaits \u00e0 Remiremont\",\"datePublished\":\"2024-09-07T08:14:37+00:00\",\"dateModified\":\"2024-09-07T08:14:37+00:00\",\"mainEntityOfPage\":{\"@id\":\"https:\/\/vosgesinfo.fr\/remiremontinfo\/?p=24053\"},\"wordCount\":373,\"commentCount\":0,\"publisher\":{\"@id\":\"https:\/\/vosgesinfo.fr\/remiremontinfo\/#organization\"},\"image\":{\"@id\":\"https:\/\/vosgesinfo.fr\/remiremontinfo\/?p=24053#primaryimage\"},\"thumbnailUrl\":\"https:\/\/vosgesinfo.fr\/app\/uploads\/sites\/5\/2024\/09\/une-note-de-magie-en-or-3-scaled.jpg\",\"keywords\":[\"Lutte contre le cancer p\u00e9diatrique\",\"remiremont\",\"Rotary Club\",\"Une note de Bonheur\",\"Une note de magie en or\"],\"articleSection\":[\"A la Une\",\"Remiremont\",\"Sant\u00e9\",\"Vie associative\"],\"inLanguage\":\"fr-FR\",\"potentialAction\":[{\"@type\":\"CommentAction\",\"name\":\"Comment\",\"target\":[\"https:\/\/vosgesinfo.fr\/remiremontinfo\/?p=24053#respond\"]}]},{\"@type\":\"WebPage\",\"@id\":\"https:\/\/vosgesinfo.fr\/remiremontinfo\/?p=24053\",\"url\":\"https:\/\/vosgesinfo.fr\/remiremontinfo\/?p=24053\",\"name\":\"Une note de magie en or : l'arbre accueille ses premiers souhaits \u00e0 Remiremont - Remiremont Info\",\"isPartOf\":{\"@id\":\"https:\/\/vosgesinfo.fr\/remiremontinfo\/#website\"},\"primaryImageOfPage\":{\"@id\":\"https:\/\/vosgesinfo.fr\/remiremontinfo\/?p=24053#primaryimage\"},\"image\":{\"@id\":\"https:\/\/vosgesinfo.fr\/remiremontinfo\/?p=24053#primaryimage\"},\"thumbnailUrl\":\"https:\/\/vosgesinfo.fr\/app\/uploads\/sites\/5\/2024\/09\/une-note-de-magie-en-or-3-scaled.jpg\",\"datePublished\":\"2024-09-07T08:14:37+00:00\",\"dateModified\":\"2024-09-07T08:14:37+00:00\",\"breadcrumb\":{\"@id\":\"https:\/\/vosgesinfo.fr\/remiremontinfo\/?p=24053#breadcrumb\"},\"inLanguage\":\"fr-FR\",\"potentialAction\":[{\"@type\":\"ReadAction\",\"target\":[\"https:\/\/vosgesinfo.fr\/remiremontinfo\/?p=24053\"]}]},{\"@type\":\"ImageObject\",\"inLanguage\":\"fr-FR\",\"@id\":\"https:\/\/vosgesinfo.fr\/remiremontinfo\/?p=24053#primaryimage\",\"url\":\"https:\/\/vosgesinfo.fr\/app\/uploads\/sites\/5\/2024\/09\/une-note-de-magie-en-or-3-scaled.jpg\",\"contentUrl\":\"https:\/\/vosgesinfo.fr\/app\/uploads\/sites\/5\/2024\/09\/une-note-de-magie-en-or-3-scaled.jpg\",\"width\":2560,\"height\":1920},{\"@type\":\"BreadcrumbList\",\"@id\":\"https:\/\/vosgesinfo.fr\/remiremontinfo\/?p=24053#breadcrumb\",\"itemListElement\":[{\"@type\":\"ListItem\",\"position\":1,\"name\":\"Home\",\"item\":\"https:\/\/vosgesinfo.fr\/remiremontinfo\/\"},{\"@type\":\"ListItem\",\"position\":2,\"name\":\"Une note de magie en or : l&#8217;arbre accueille ses premiers souhaits \u00e0 Remiremont\"}]},{\"@type\":\"WebSite\",\"@id\":\"https:\/\/vosgesinfo.fr\/remiremontinfo\/#website\",\"url\":\"https:\/\/vosgesinfo.fr\/remiremontinfo\/\",\"name\":\"Remiremont Info\",\"description\":\"Toute l&#039;actualit\u00e9 de Remiremont\",\"publisher\":{\"@id\":\"https:\/\/vosgesinfo.fr\/remiremontinfo\/#organization\"},\"alternateName\":\"Toute l'actualit\u00e9 de Remiremont\",\"potentialAction\":[{\"@type\":\"SearchAction\",\"target\":{\"@type\":\"EntryPoint\",\"urlTemplate\":\"https:\/\/vosgesinfo.fr\/remiremontinfo\/?s={search_term_string}\"},\"query-input\":\"required name=search_term_string\"}],\"inLanguage\":\"fr-FR\"},{\"@type\":\"Organization\",\"@id\":\"https:\/\/vosgesinfo.fr\/remiremontinfo\/#organization\",\"name\":\"Remiremont Info\",\"url\":\"https:\/\/vosgesinfo.fr\/remiremontinfo\/\",\"logo\":{\"@type\":\"ImageObject\",\"inLanguage\":\"fr-FR\",\"@id\":\"https:\/\/vosgesinfo.fr\/remiremontinfo\/#\/schema\/logo\/image\/\",\"url\":\"https:\/\/vosgesinfo.fr\/app\/uploads\/sites\/5\/2023\/08\/favicon-remiremontinfo.png\",\"contentUrl\":\"https:\/\/vosgesinfo.fr\/app\/uploads\/sites\/5\/2023\/08\/favicon-remiremontinfo.png\",\"width\":512,\"height\":512,\"caption\":\"Remiremont Info\"},\"image\":{\"@id\":\"https:\/\/vosgesinfo.fr\/remiremontinfo\/#\/schema\/logo\/image\/\"},\"sameAs\":[\"https:\/\/www.facebook.com\/remiremontinfo\",\"https:\/\/x.com\/VosgesInfo88\",\"https:\/\/www.youtube.com\/@vosgesinfo\"]},{\"@type\":\"Person\",\"@id\":\"https:\/\/vosgesinfo.fr\/remiremontinfo\/#\/schema\/person\/4f38cd3068e342935b7304695c797d08\",\"name\":\"C.M\",\"image\":{\"@type\":\"ImageObject\",\"inLanguage\":\"fr-FR\",\"@id\":\"https:\/\/vosgesinfo.fr\/remiremontinfo\/#\/schema\/person\/image\/\",\"url\":\"https:\/\/secure.gravatar.com\/avatar\/fe9daaef0164d920717484172682f3c5c9bcf7d42aa8c7048c76c34f0eb6c8da?s=96&d=mm&r=g\",\"contentUrl\":\"https:\/\/secure.gravatar.com\/avatar\/fe9daaef0164d920717484172682f3c5c9bcf7d42aa8c7048c76c34f0eb6c8da?s=96&d=mm&r=g\",\"caption\":\"C.M\"},\"url\":\"https:\/\/vosgesinfo.fr\/remiremontinfo\/author\/cm88200\/\"}]}<\/script>\n<!-- \/ Yoast SEO plugin. -->","yoast_head_json":{"title":"Une note de magie en or : l'arbre accueille ses premiers souhaits \u00e0 Remiremont - Remiremont Info","robots":{"index":"index","follow":"follow","max-snippet":"max-snippet:-1","max-image-preview":"max-image-preview:large","max-video-preview":"max-video-preview:-1"},"canonical":"https:\/\/vosgesinfo.fr\/remiremontinfo\/?p=24053","twitter_card":"summary_large_image","twitter_title":"Une note de magie en or : l'arbre accueille ses premiers souhaits \u00e0 Remiremont - Remiremont Info","twitter_description":"Une note de magie en or, c&rsquo;est le nom de l&rsquo;op\u00e9ration cr\u00e9\u00e9e avec le Rotary Club de Remiremont et Une [&hellip;]","twitter_image":"https:\/\/vosgesinfo.fr\/app\/uploads\/sites\/5\/2024\/09\/une-note-de-magie-en-or-3-scaled.jpg","twitter_creator":"@VosgesInfo88","twitter_site":"@VosgesInfo88","twitter_misc":{"\u00c9crit par":"C.M","Dur\u00e9e de lecture estim\u00e9e":"3 minutes"},"schema":{"@context":"https:\/\/schema.org","@graph":[{"@type":"Article","@id":"https:\/\/vosgesinfo.fr\/remiremontinfo\/?p=24053#article","isPartOf":{"@id":"https:\/\/vosgesinfo.fr\/remiremontinfo\/?p=24053"},"author":{"name":"C.M","@id":"https:\/\/vosgesinfo.fr\/remiremontinfo\/#\/schema\/person\/4f38cd3068e342935b7304695c797d08"},"headline":"Une note de magie en or : l&rsquo;arbre accueille ses premiers souhaits \u00e0 Remiremont","datePublished":"2024-09-07T08:14:37+00:00","dateModified":"2024-09-07T08:14:37+00:00","mainEntityOfPage":{"@id":"https:\/\/vosgesinfo.fr\/remiremontinfo\/?p=24053"},"wordCount":373,"commentCount":0,"publisher":{"@id":"https:\/\/vosgesinfo.fr\/remiremontinfo\/#organization"},"image":{"@id":"https:\/\/vosgesinfo.fr\/remiremontinfo\/?p=24053#primaryimage"},"thumbnailUrl":"https:\/\/vosgesinfo.fr\/app\/uploads\/sites\/5\/2024\/09\/une-note-de-magie-en-or-3-scaled.jpg","keywords":["Lutte contre le cancer p\u00e9diatrique","remiremont","Rotary Club","Une note de Bonheur","Une note de magie en or"],"articleSection":["A la Une","Remiremont","Sant\u00e9","Vie associative"],"inLanguage":"fr-FR","potentialAction":[{"@type":"CommentAction","name":"Comment","target":["https:\/\/vosgesinfo.fr\/remiremontinfo\/?p=24053#respond"]}]},{"@type":"WebPage","@id":"https:\/\/vosgesinfo.fr\/remiremontinfo\/?p=24053","url":"https:\/\/vosgesinfo.fr\/remiremontinfo\/?p=24053","name":"Une note de magie en or : l'arbre accueille ses premiers souhaits \u00e0 Remiremont - Remiremont Info","isPartOf":{"@id":"https:\/\/vosgesinfo.fr\/remiremontinfo\/#website"},"primaryImageOfPage":{"@id":"https:\/\/vosgesinfo.fr\/remiremontinfo\/?p=24053#primaryimage"},"image":{"@id":"https:\/\/vosgesinfo.fr\/remiremontinfo\/?p=24053#primaryimage"},"thumbnailUrl":"https:\/\/vosgesinfo.fr\/app\/uploads\/sites\/5\/2024\/09\/une-note-de-magie-en-or-3-scaled.jpg","datePublished":"2024-09-07T08:14:37+00:00","dateModified":"2024-09-07T08:14:37+00:00","breadcrumb":{"@id":"https:\/\/vosgesinfo.fr\/remiremontinfo\/?p=24053#breadcrumb"},"inLanguage":"fr-FR","potentialAction":[{"@type":"ReadAction","target":["https:\/\/vosgesinfo.fr\/remiremontinfo\/?p=24053"]}]},{"@type":"ImageObject","inLanguage":"fr-FR","@id":"https:\/\/vosgesinfo.fr\/remiremontinfo\/?p=24053#primaryimage","url":"https:\/\/vosgesinfo.fr\/app\/uploads\/sites\/5\/2024\/09\/une-note-de-magie-en-or-3-scaled.jpg","contentUrl":"https:\/\/vosgesinfo.fr\/app\/uploads\/sites\/5\/2024\/09\/une-note-de-magie-en-or-3-scaled.jpg","width":2560,"height":1920},{"@type":"BreadcrumbList","@id":"https:\/\/vosgesinfo.fr\/remiremontinfo\/?p=24053#breadcrumb","itemListElement":[{"@type":"ListItem","position":1,"name":"Home","item":"https:\/\/vosgesinfo.fr\/remiremontinfo\/"},{"@type":"ListItem","position":2,"name":"Une note de magie en or : l&#8217;arbre accueille ses premiers souhaits \u00e0 Remiremont"}]},{"@type":"WebSite","@id":"https:\/\/vosgesinfo.fr\/remiremontinfo\/#website","url":"https:\/\/vosgesinfo.fr\/remiremontinfo\/","name":"Remiremont Info","description":"Toute l&#039;actualit\u00e9 de Remiremont","publisher":{"@id":"https:\/\/vosgesinfo.fr\/remiremontinfo\/#organization"},"alternateName":"Toute l'actualit\u00e9 de Remiremont","potentialAction":[{"@type":"SearchAction","target":{"@type":"EntryPoint","urlTemplate":"https:\/\/vosgesinfo.fr\/remiremontinfo\/?s={search_term_string}"},"query-input":"required name=search_term_string"}],"inLanguage":"fr-FR"},{"@type":"Organization","@id":"https:\/\/vosgesinfo.fr\/remiremontinfo\/#organization","name":"Remiremont Info","url":"https:\/\/vosgesinfo.fr\/remiremontinfo\/","logo":{"@type":"ImageObject","inLanguage":"fr-FR","@id":"https:\/\/vosgesinfo.fr\/remiremontinfo\/#\/schema\/logo\/image\/","url":"https:\/\/vosgesinfo.fr\/app\/uploads\/sites\/5\/2023\/08\/favicon-remiremontinfo.png","contentUrl":"https:\/\/vosgesinfo.fr\/app\/uploads\/sites\/5\/2023\/08\/favicon-remiremontinfo.png","width":512,"height":512,"caption":"Remiremont Info"},"image":{"@id":"https:\/\/vosgesinfo.fr\/remiremontinfo\/#\/schema\/logo\/image\/"},"sameAs":["https:\/\/www.facebook.com\/remiremontinfo","https:\/\/x.com\/VosgesInfo88","https:\/\/www.youtube.com\/@vosgesinfo"]},{"@type":"Person","@id":"https:\/\/vosgesinfo.fr\/remiremontinfo\/#\/schema\/person\/4f38cd3068e342935b7304695c797d08","name":"C.M","image":{"@type":"ImageObject","inLanguage":"fr-FR","@id":"https:\/\/vosgesinfo.fr\/remiremontinfo\/#\/schema\/person\/image\/","url":"https:\/\/secure.gravatar.com\/avatar\/fe9daaef0164d920717484172682f3c5c9bcf7d42aa8c7048c76c34f0eb6c8da?s=96&d=mm&r=g","contentUrl":"https:\/\/secure.gravatar.com\/avatar\/fe9daaef0164d920717484172682f3c5c9bcf7d42aa8c7048c76c34f0eb6c8da?s=96&d=mm&r=g","caption":"C.M"},"url":"https:\/\/vosgesinfo.fr\/remiremontinfo\/author\/cm88200\/"}]}},"_links":{"self":[{"href":"https:\/\/vosgesinfo.fr\/remiremontinfo\/wp-json\/wp\/v2\/posts\/24053","targetHints":{"allow":["GET"]}}],"collection":[{"href":"https:\/\/vosgesinfo.fr\/remiremontinfo\/wp-json\/wp\/v2\/posts"}],"about":[{"href":"https:\/\/vosgesinfo.fr\/remiremontinfo\/wp-json\/wp\/v2\/types\/post"}],"author":[{"embeddable":true,"href":"https:\/\/vosgesinfo.fr\/remiremontinfo\/wp-json\/wp\/v2\/users\/418"}],"replies":[{"embeddable":true,"href":"https:\/\/vosgesinfo.fr\/remiremontinfo\/wp-json\/wp\/v2\/comments?post=24053"}],"version-history":[{"count":2,"href":"https:\/\/vosgesinfo.fr\/remiremontinfo\/wp-json\/wp\/v2\/posts\/24053\/revisions"}],"predecessor-version":[{"id":24064,"href":"https:\/\/vosgesinfo.fr\/remiremontinfo\/wp-json\/wp\/v2\/posts\/24053\/revisions\/24064"}],"wp:featuredmedia":[{"embeddable":true,"href":"https:\/\/vosgesinfo.fr\/remiremontinfo\/wp-json\/wp\/v2\/media\/24059"}],"wp:attachment":[{"href":"https:\/\/vosgesinfo.fr\/remiremontinfo\/wp-json\/wp\/v2\/media?parent=24053"}],"wp:term":[{"taxonomy":"category","embeddable":true,"href":"https:\/\/vosgesinfo.fr\/remiremontinfo\/wp-json\/wp\/v2\/categories?post=24053"},{"taxonomy":"post_tag","embeddable":true,"href":"https:\/\/vosgesinfo.fr\/remiremontinfo\/wp-json\/wp\/v2\/tags?post=24053"}],"curies":[{"name":"wp","href":"https:\/\/api.w.org\/{rel}","templated":true}]}}