{"id":2426,"date":"2023-10-30T21:06:10","date_gmt":"2023-10-30T20:06:10","guid":{"rendered":"https:\/\/vosgesinfo.fr\/remiremontinfo\/2023\/10\/remiremont-festival-de-la-soupe-organise-par-le-secours-catholique\/"},"modified":"2023-10-30T21:06:10","modified_gmt":"2023-10-30T20:06:10","slug":"remiremont-festival-de-la-soupe-organise-par-le-secours-catholique","status":"publish","type":"post","link":"https:\/\/vosgesinfo.fr\/remiremontinfo\/2023\/10\/remiremont-festival-de-la-soupe-organise-par-le-secours-catholique\/","title":{"rendered":"Remiremont : Festival de la soupe organis\u00e9 par Le Secours Catholique"},"content":{"rendered":"<p>Le samedi 18 Novembre 2023 se tiendra le traditionnel Festival des Soupes \u00e0 partir de 16h, sur le parvis de la mairie \u00e0 Remiremont. Le public sera invit\u00e9 \u00e0 d\u00e9guster et \u00e9lire<a href=\"https:\/\/remiremontinfo.fr\/wp-content\/uploads\/2023\/10\/affiche_FestivaldesSoupes_2023.jpg\"><img decoding=\"async\" class=\"alignright size-medium wp-image-378899\" src=\"https:\/\/vosgesinfo.fr\/app\/uploads\/sites\/5\/2023\/10\/affiche-festivaldessoupes-2023.jpg\" alt=\"affiche_FestivaldesSoupes_2023\" width=\"180\" height=\"255\" \/><\/a> la meilleure soupe parmi toutes celles pr\u00e9par\u00e9es et pr\u00e9sent\u00e9es par les \u00e9quipes. Des animations seront propos\u00e9es tout au long de l\u2019apr\u00e8s-midi. Au programme : une d\u00e9ambulation dans les rues de Remiremont aux alentours de la place, une d\u00e9monstration de danse folk anim\u00e9e par le groupe du Liezey. Divertissement et convivialit\u00e9 seront au rendez-vous !<\/p>\n<p>Cet \u00e9v\u00e9nement sera \u00e9galement l\u2019occasion pour le public de d\u00e9couvrir les nombreuses activit\u00e9s et actions du Secours Catholique. Cette manifestation s\u2019inscrit dans la cadre de la campagne et de la collecte de fin d\u2019ann\u00e9e de l\u2019association : les dons r\u00e9colt\u00e9s permettent de financer des actions r\u00e9pondant \u00e0 la mission port\u00e9e par les b\u00e9n\u00e9voles du Secours Catholique : lutter contre les causes de la pauvret\u00e9 avec les personnes qui la vivent.<\/p>\n<p>Le Secours Catholique est pr\u00e9sent sur l\u2019ensemble du territoire Montagne avec 6 \u00e9quipes : le Val d\u2019Ajol, Remiremont, Plombi\u00e8res les Bains, la Vall\u00e9e de la Haute-Moselotte, G\u00e9rardmer et Saint Am\u00e9\/Vagney \u0153uvrent au quotidien pour r\u00e9pondre aux besoins des personnes fragilis\u00e9es. Fort de ses 130 b\u00e9n\u00e9voles, le Secours Catholique du territoire Montagne agit toute l\u2019ann\u00e9e pour accompagner plusieurs centaines de familles et de personnes en situation de pr\u00e9carit\u00e9, d\u2019isolement, de solitude.<\/p>\n<p>Cette manifestation sera aussi pour les \u00e9quipes l\u2019occasion d\u2019appeler de nouvelles personnes int\u00e9ress\u00e9es par un engagement b\u00e9n\u00e9vole : il existe de multiples fa\u00e7ons d\u2019\u00eatre utile. Tout engagement est le bienvenu. Chacun peut ainsi donner de son temps \u00e0 la mesure de ses possibilit\u00e9s et partager la richesse de son exp\u00e9rience et de ses comp\u00e9tences au service du projet associatif. Les besoins en b\u00e9n\u00e9volat sont nombreux pour \u00e9pauler les \u00e9quipes et animer de nouveaux projets, nous avons besoin de vous !<\/p>\n<p>Contact et renseignements aupr\u00e8s de C\u00e9line THIRION, animatrice du territoire Montagne 06.37.64.97.69<\/p>\n<p><a href=\"https:\/\/vosgesinfo.fr\/app\/uploads\/sites\/5\/2023\/10\/secours-catholique-haut-de-lorraine.png\"><img decoding=\"async\" class=\"aligncenter size-full wp-image-378902\" src=\"https:\/\/vosgesinfo.fr\/app\/uploads\/sites\/5\/2023\/10\/secours-catholique-haut-de-lorraine.png\" alt=\"Secours catholique Haut de Lorraine\" width=\"500\" height=\"134\" \/><\/a><\/p>\n<p>&nbsp;<\/p>\n<p>&nbsp;<\/p>\n","protected":false},"excerpt":{"rendered":"<p>Le samedi 18 Novembre 2023 se tiendra le traditionnel Festival des Soupes \u00e0 partir de 16h, sur le parvis de [&hellip;]<\/p>\n","protected":false},"author":412,"featured_media":2424,"comment_status":"open","ping_status":"open","sticky":false,"template":"","format":"standard","meta":{"footnotes":""},"categories":[26,43,35,60,18],"tags":[130,44,158,32],"class_list":["post-2426","post","type-post","status-publish","format-standard","has-post-thumbnail","hentry","category-a-la-une","category-remiremont-remiremont-son-canton","category-remiremont-son-canton","category-solidarite","category-vosges","tag-divertissement","tag-remiremont","tag-solidarite","tag-vosges"],"acf":[],"yoast_head":"<!-- This site is optimized with the Yoast SEO plugin v22.5 - https:\/\/yoast.com\/wordpress\/plugins\/seo\/ -->\n<title>Remiremont : Festival de la soupe organis\u00e9 par Le Secours Catholique - Remiremont Info<\/title>\n<meta name=\"robots\" content=\"index, follow, max-snippet:-1, max-image-preview:large, max-video-preview:-1\" \/>\n<link rel=\"canonical\" href=\"https:\/\/vosgesinfo.fr\/remiremontinfo\/2023\/10\/remiremont-festival-de-la-soupe-organise-par-le-secours-catholique\/\" \/>\n<meta name=\"twitter:card\" content=\"summary_large_image\" \/>\n<meta name=\"twitter:title\" content=\"Remiremont : Festival de la soupe organis\u00e9 par Le Secours Catholique - Remiremont Info\" \/>\n<meta name=\"twitter:description\" content=\"Le samedi 18 Novembre 2023 se tiendra le traditionnel Festival des Soupes \u00e0 partir de 16h, sur le parvis de [&hellip;]\" \/>\n<meta name=\"twitter:image\" content=\"https:\/\/vosgesinfo.fr\/app\/uploads\/sites\/5\/2023\/10\/affiche-festivaldessoupes-2023.jpg\" \/>\n<meta name=\"twitter:creator\" content=\"@VosgesInfo88\" \/>\n<meta name=\"twitter:site\" content=\"@VosgesInfo88\" \/>\n<meta name=\"twitter:label1\" content=\"\u00c9crit par\" \/>\n\t<meta name=\"twitter:data1\" content=\"Stany Maurice\" \/>\n\t<meta name=\"twitter:label2\" content=\"Dur\u00e9e de lecture estim\u00e9e\" \/>\n\t<meta name=\"twitter:data2\" content=\"2 minutes\" \/>\n<script type=\"application\/ld+json\" class=\"yoast-schema-graph\">{\"@context\":\"https:\/\/schema.org\",\"@graph\":[{\"@type\":\"Article\",\"@id\":\"https:\/\/vosgesinfo.fr\/remiremontinfo\/2023\/10\/remiremont-festival-de-la-soupe-organise-par-le-secours-catholique\/#article\",\"isPartOf\":{\"@id\":\"https:\/\/vosgesinfo.fr\/remiremontinfo\/2023\/10\/remiremont-festival-de-la-soupe-organise-par-le-secours-catholique\/\"},\"author\":{\"name\":\"Stany Maurice\",\"@id\":\"https:\/\/vosgesinfo.fr\/remiremontinfo\/#\/schema\/person\/bec388675ce53b5a637aec04392f977e\"},\"headline\":\"Remiremont : Festival de la soupe organis\u00e9 par Le Secours Catholique\",\"datePublished\":\"2023-10-30T20:06:10+00:00\",\"dateModified\":\"2023-10-30T20:06:10+00:00\",\"mainEntityOfPage\":{\"@id\":\"https:\/\/vosgesinfo.fr\/remiremontinfo\/2023\/10\/remiremont-festival-de-la-soupe-organise-par-le-secours-catholique\/\"},\"wordCount\":368,\"commentCount\":0,\"publisher\":{\"@id\":\"https:\/\/vosgesinfo.fr\/remiremontinfo\/#organization\"},\"image\":{\"@id\":\"https:\/\/vosgesinfo.fr\/remiremontinfo\/2023\/10\/remiremont-festival-de-la-soupe-organise-par-le-secours-catholique\/#primaryimage\"},\"thumbnailUrl\":\"https:\/\/vosgesinfo.fr\/app\/uploads\/sites\/5\/2023\/10\/affiche-festivaldessoupes-2023.jpg\",\"keywords\":[\"divertissement\",\"remiremont\",\"solidarit\u00e9\",\"Vosges\"],\"articleSection\":[\"A la Une\",\"Remiremont\",\"Remiremont &amp; son canton\",\"Solidarit\u00e9\",\"Vosges\"],\"inLanguage\":\"fr-FR\",\"potentialAction\":[{\"@type\":\"CommentAction\",\"name\":\"Comment\",\"target\":[\"https:\/\/vosgesinfo.fr\/remiremontinfo\/2023\/10\/remiremont-festival-de-la-soupe-organise-par-le-secours-catholique\/#respond\"]}]},{\"@type\":\"WebPage\",\"@id\":\"https:\/\/vosgesinfo.fr\/remiremontinfo\/2023\/10\/remiremont-festival-de-la-soupe-organise-par-le-secours-catholique\/\",\"url\":\"https:\/\/vosgesinfo.fr\/remiremontinfo\/2023\/10\/remiremont-festival-de-la-soupe-organise-par-le-secours-catholique\/\",\"name\":\"Remiremont : Festival de la soupe organis\u00e9 par Le Secours Catholique - Remiremont Info\",\"isPartOf\":{\"@id\":\"https:\/\/vosgesinfo.fr\/remiremontinfo\/#website\"},\"primaryImageOfPage\":{\"@id\":\"https:\/\/vosgesinfo.fr\/remiremontinfo\/2023\/10\/remiremont-festival-de-la-soupe-organise-par-le-secours-catholique\/#primaryimage\"},\"image\":{\"@id\":\"https:\/\/vosgesinfo.fr\/remiremontinfo\/2023\/10\/remiremont-festival-de-la-soupe-organise-par-le-secours-catholique\/#primaryimage\"},\"thumbnailUrl\":\"https:\/\/vosgesinfo.fr\/app\/uploads\/sites\/5\/2023\/10\/affiche-festivaldessoupes-2023.jpg\",\"datePublished\":\"2023-10-30T20:06:10+00:00\",\"dateModified\":\"2023-10-30T20:06:10+00:00\",\"breadcrumb\":{\"@id\":\"https:\/\/vosgesinfo.fr\/remiremontinfo\/2023\/10\/remiremont-festival-de-la-soupe-organise-par-le-secours-catholique\/#breadcrumb\"},\"inLanguage\":\"fr-FR\",\"potentialAction\":[{\"@type\":\"ReadAction\",\"target\":[\"https:\/\/vosgesinfo.fr\/remiremontinfo\/2023\/10\/remiremont-festival-de-la-soupe-organise-par-le-secours-catholique\/\"]}]},{\"@type\":\"ImageObject\",\"inLanguage\":\"fr-FR\",\"@id\":\"https:\/\/vosgesinfo.fr\/remiremontinfo\/2023\/10\/remiremont-festival-de-la-soupe-organise-par-le-secours-catholique\/#primaryimage\",\"url\":\"https:\/\/vosgesinfo.fr\/app\/uploads\/sites\/5\/2023\/10\/affiche-festivaldessoupes-2023.jpg\",\"contentUrl\":\"https:\/\/vosgesinfo.fr\/app\/uploads\/sites\/5\/2023\/10\/affiche-festivaldessoupes-2023.jpg\",\"width\":1414,\"height\":2000},{\"@type\":\"BreadcrumbList\",\"@id\":\"https:\/\/vosgesinfo.fr\/remiremontinfo\/2023\/10\/remiremont-festival-de-la-soupe-organise-par-le-secours-catholique\/#breadcrumb\",\"itemListElement\":[{\"@type\":\"ListItem\",\"position\":1,\"name\":\"Home\",\"item\":\"https:\/\/vosgesinfo.fr\/remiremontinfo\/\"},{\"@type\":\"ListItem\",\"position\":2,\"name\":\"Remiremont : Festival de la soupe organis\u00e9 par Le Secours Catholique\"}]},{\"@type\":\"WebSite\",\"@id\":\"https:\/\/vosgesinfo.fr\/remiremontinfo\/#website\",\"url\":\"https:\/\/vosgesinfo.fr\/remiremontinfo\/\",\"name\":\"Remiremont Info\",\"description\":\"Toute l&#039;actualit\u00e9 de Remiremont\",\"publisher\":{\"@id\":\"https:\/\/vosgesinfo.fr\/remiremontinfo\/#organization\"},\"alternateName\":\"Toute l'actualit\u00e9 de Remiremont\",\"potentialAction\":[{\"@type\":\"SearchAction\",\"target\":{\"@type\":\"EntryPoint\",\"urlTemplate\":\"https:\/\/vosgesinfo.fr\/remiremontinfo\/?s={search_term_string}\"},\"query-input\":\"required name=search_term_string\"}],\"inLanguage\":\"fr-FR\"},{\"@type\":\"Organization\",\"@id\":\"https:\/\/vosgesinfo.fr\/remiremontinfo\/#organization\",\"name\":\"Remiremont Info\",\"url\":\"https:\/\/vosgesinfo.fr\/remiremontinfo\/\",\"logo\":{\"@type\":\"ImageObject\",\"inLanguage\":\"fr-FR\",\"@id\":\"https:\/\/vosgesinfo.fr\/remiremontinfo\/#\/schema\/logo\/image\/\",\"url\":\"https:\/\/vosgesinfo.fr\/app\/uploads\/sites\/5\/2023\/08\/favicon-remiremontinfo.png\",\"contentUrl\":\"https:\/\/vosgesinfo.fr\/app\/uploads\/sites\/5\/2023\/08\/favicon-remiremontinfo.png\",\"width\":512,\"height\":512,\"caption\":\"Remiremont Info\"},\"image\":{\"@id\":\"https:\/\/vosgesinfo.fr\/remiremontinfo\/#\/schema\/logo\/image\/\"},\"sameAs\":[\"https:\/\/www.facebook.com\/remiremontinfo\",\"https:\/\/x.com\/VosgesInfo88\",\"https:\/\/www.youtube.com\/@vosgesinfo\"]},{\"@type\":\"Person\",\"@id\":\"https:\/\/vosgesinfo.fr\/remiremontinfo\/#\/schema\/person\/bec388675ce53b5a637aec04392f977e\",\"name\":\"Stany Maurice\",\"image\":{\"@type\":\"ImageObject\",\"inLanguage\":\"fr-FR\",\"@id\":\"https:\/\/vosgesinfo.fr\/remiremontinfo\/#\/schema\/person\/image\/\",\"url\":\"https:\/\/secure.gravatar.com\/avatar\/68520b0c74251371bd10958bd19c3ce39a212093b8fff0dc3edbfcfddd089807?s=96&d=mm&r=g\",\"contentUrl\":\"https:\/\/secure.gravatar.com\/avatar\/68520b0c74251371bd10958bd19c3ce39a212093b8fff0dc3edbfcfddd089807?s=96&d=mm&r=g\",\"caption\":\"Stany Maurice\"},\"url\":\"https:\/\/vosgesinfo.fr\/remiremontinfo\/author\/s-maurice\/\"}]}<\/script>\n<!-- \/ Yoast SEO plugin. -->","yoast_head_json":{"title":"Remiremont : Festival de la soupe organis\u00e9 par Le Secours Catholique - Remiremont Info","robots":{"index":"index","follow":"follow","max-snippet":"max-snippet:-1","max-image-preview":"max-image-preview:large","max-video-preview":"max-video-preview:-1"},"canonical":"https:\/\/vosgesinfo.fr\/remiremontinfo\/2023\/10\/remiremont-festival-de-la-soupe-organise-par-le-secours-catholique\/","twitter_card":"summary_large_image","twitter_title":"Remiremont : Festival de la soupe organis\u00e9 par Le Secours Catholique - Remiremont Info","twitter_description":"Le samedi 18 Novembre 2023 se tiendra le traditionnel Festival des Soupes \u00e0 partir de 16h, sur le parvis de [&hellip;]","twitter_image":"https:\/\/vosgesinfo.fr\/app\/uploads\/sites\/5\/2023\/10\/affiche-festivaldessoupes-2023.jpg","twitter_creator":"@VosgesInfo88","twitter_site":"@VosgesInfo88","twitter_misc":{"\u00c9crit par":"Stany Maurice","Dur\u00e9e de lecture estim\u00e9e":"2 minutes"},"schema":{"@context":"https:\/\/schema.org","@graph":[{"@type":"Article","@id":"https:\/\/vosgesinfo.fr\/remiremontinfo\/2023\/10\/remiremont-festival-de-la-soupe-organise-par-le-secours-catholique\/#article","isPartOf":{"@id":"https:\/\/vosgesinfo.fr\/remiremontinfo\/2023\/10\/remiremont-festival-de-la-soupe-organise-par-le-secours-catholique\/"},"author":{"name":"Stany Maurice","@id":"https:\/\/vosgesinfo.fr\/remiremontinfo\/#\/schema\/person\/bec388675ce53b5a637aec04392f977e"},"headline":"Remiremont : Festival de la soupe organis\u00e9 par Le Secours Catholique","datePublished":"2023-10-30T20:06:10+00:00","dateModified":"2023-10-30T20:06:10+00:00","mainEntityOfPage":{"@id":"https:\/\/vosgesinfo.fr\/remiremontinfo\/2023\/10\/remiremont-festival-de-la-soupe-organise-par-le-secours-catholique\/"},"wordCount":368,"commentCount":0,"publisher":{"@id":"https:\/\/vosgesinfo.fr\/remiremontinfo\/#organization"},"image":{"@id":"https:\/\/vosgesinfo.fr\/remiremontinfo\/2023\/10\/remiremont-festival-de-la-soupe-organise-par-le-secours-catholique\/#primaryimage"},"thumbnailUrl":"https:\/\/vosgesinfo.fr\/app\/uploads\/sites\/5\/2023\/10\/affiche-festivaldessoupes-2023.jpg","keywords":["divertissement","remiremont","solidarit\u00e9","Vosges"],"articleSection":["A la Une","Remiremont","Remiremont &amp; son canton","Solidarit\u00e9","Vosges"],"inLanguage":"fr-FR","potentialAction":[{"@type":"CommentAction","name":"Comment","target":["https:\/\/vosgesinfo.fr\/remiremontinfo\/2023\/10\/remiremont-festival-de-la-soupe-organise-par-le-secours-catholique\/#respond"]}]},{"@type":"WebPage","@id":"https:\/\/vosgesinfo.fr\/remiremontinfo\/2023\/10\/remiremont-festival-de-la-soupe-organise-par-le-secours-catholique\/","url":"https:\/\/vosgesinfo.fr\/remiremontinfo\/2023\/10\/remiremont-festival-de-la-soupe-organise-par-le-secours-catholique\/","name":"Remiremont : Festival de la soupe organis\u00e9 par Le Secours Catholique - Remiremont Info","isPartOf":{"@id":"https:\/\/vosgesinfo.fr\/remiremontinfo\/#website"},"primaryImageOfPage":{"@id":"https:\/\/vosgesinfo.fr\/remiremontinfo\/2023\/10\/remiremont-festival-de-la-soupe-organise-par-le-secours-catholique\/#primaryimage"},"image":{"@id":"https:\/\/vosgesinfo.fr\/remiremontinfo\/2023\/10\/remiremont-festival-de-la-soupe-organise-par-le-secours-catholique\/#primaryimage"},"thumbnailUrl":"https:\/\/vosgesinfo.fr\/app\/uploads\/sites\/5\/2023\/10\/affiche-festivaldessoupes-2023.jpg","datePublished":"2023-10-30T20:06:10+00:00","dateModified":"2023-10-30T20:06:10+00:00","breadcrumb":{"@id":"https:\/\/vosgesinfo.fr\/remiremontinfo\/2023\/10\/remiremont-festival-de-la-soupe-organise-par-le-secours-catholique\/#breadcrumb"},"inLanguage":"fr-FR","potentialAction":[{"@type":"ReadAction","target":["https:\/\/vosgesinfo.fr\/remiremontinfo\/2023\/10\/remiremont-festival-de-la-soupe-organise-par-le-secours-catholique\/"]}]},{"@type":"ImageObject","inLanguage":"fr-FR","@id":"https:\/\/vosgesinfo.fr\/remiremontinfo\/2023\/10\/remiremont-festival-de-la-soupe-organise-par-le-secours-catholique\/#primaryimage","url":"https:\/\/vosgesinfo.fr\/app\/uploads\/sites\/5\/2023\/10\/affiche-festivaldessoupes-2023.jpg","contentUrl":"https:\/\/vosgesinfo.fr\/app\/uploads\/sites\/5\/2023\/10\/affiche-festivaldessoupes-2023.jpg","width":1414,"height":2000},{"@type":"BreadcrumbList","@id":"https:\/\/vosgesinfo.fr\/remiremontinfo\/2023\/10\/remiremont-festival-de-la-soupe-organise-par-le-secours-catholique\/#breadcrumb","itemListElement":[{"@type":"ListItem","position":1,"name":"Home","item":"https:\/\/vosgesinfo.fr\/remiremontinfo\/"},{"@type":"ListItem","position":2,"name":"Remiremont : Festival de la soupe organis\u00e9 par Le Secours Catholique"}]},{"@type":"WebSite","@id":"https:\/\/vosgesinfo.fr\/remiremontinfo\/#website","url":"https:\/\/vosgesinfo.fr\/remiremontinfo\/","name":"Remiremont Info","description":"Toute l&#039;actualit\u00e9 de Remiremont","publisher":{"@id":"https:\/\/vosgesinfo.fr\/remiremontinfo\/#organization"},"alternateName":"Toute l'actualit\u00e9 de Remiremont","potentialAction":[{"@type":"SearchAction","target":{"@type":"EntryPoint","urlTemplate":"https:\/\/vosgesinfo.fr\/remiremontinfo\/?s={search_term_string}"},"query-input":"required name=search_term_string"}],"inLanguage":"fr-FR"},{"@type":"Organization","@id":"https:\/\/vosgesinfo.fr\/remiremontinfo\/#organization","name":"Remiremont Info","url":"https:\/\/vosgesinfo.fr\/remiremontinfo\/","logo":{"@type":"ImageObject","inLanguage":"fr-FR","@id":"https:\/\/vosgesinfo.fr\/remiremontinfo\/#\/schema\/logo\/image\/","url":"https:\/\/vosgesinfo.fr\/app\/uploads\/sites\/5\/2023\/08\/favicon-remiremontinfo.png","contentUrl":"https:\/\/vosgesinfo.fr\/app\/uploads\/sites\/5\/2023\/08\/favicon-remiremontinfo.png","width":512,"height":512,"caption":"Remiremont Info"},"image":{"@id":"https:\/\/vosgesinfo.fr\/remiremontinfo\/#\/schema\/logo\/image\/"},"sameAs":["https:\/\/www.facebook.com\/remiremontinfo","https:\/\/x.com\/VosgesInfo88","https:\/\/www.youtube.com\/@vosgesinfo"]},{"@type":"Person","@id":"https:\/\/vosgesinfo.fr\/remiremontinfo\/#\/schema\/person\/bec388675ce53b5a637aec04392f977e","name":"Stany Maurice","image":{"@type":"ImageObject","inLanguage":"fr-FR","@id":"https:\/\/vosgesinfo.fr\/remiremontinfo\/#\/schema\/person\/image\/","url":"https:\/\/secure.gravatar.com\/avatar\/68520b0c74251371bd10958bd19c3ce39a212093b8fff0dc3edbfcfddd089807?s=96&d=mm&r=g","contentUrl":"https:\/\/secure.gravatar.com\/avatar\/68520b0c74251371bd10958bd19c3ce39a212093b8fff0dc3edbfcfddd089807?s=96&d=mm&r=g","caption":"Stany Maurice"},"url":"https:\/\/vosgesinfo.fr\/remiremontinfo\/author\/s-maurice\/"}]}},"_links":{"self":[{"href":"https:\/\/vosgesinfo.fr\/remiremontinfo\/wp-json\/wp\/v2\/posts\/2426","targetHints":{"allow":["GET"]}}],"collection":[{"href":"https:\/\/vosgesinfo.fr\/remiremontinfo\/wp-json\/wp\/v2\/posts"}],"about":[{"href":"https:\/\/vosgesinfo.fr\/remiremontinfo\/wp-json\/wp\/v2\/types\/post"}],"author":[{"embeddable":true,"href":"https:\/\/vosgesinfo.fr\/remiremontinfo\/wp-json\/wp\/v2\/users\/412"}],"replies":[{"embeddable":true,"href":"https:\/\/vosgesinfo.fr\/remiremontinfo\/wp-json\/wp\/v2\/comments?post=2426"}],"version-history":[{"count":0,"href":"https:\/\/vosgesinfo.fr\/remiremontinfo\/wp-json\/wp\/v2\/posts\/2426\/revisions"}],"wp:featuredmedia":[{"embeddable":true,"href":"https:\/\/vosgesinfo.fr\/remiremontinfo\/wp-json\/wp\/v2\/media\/2424"}],"wp:attachment":[{"href":"https:\/\/vosgesinfo.fr\/remiremontinfo\/wp-json\/wp\/v2\/media?parent=2426"}],"wp:term":[{"taxonomy":"category","embeddable":true,"href":"https:\/\/vosgesinfo.fr\/remiremontinfo\/wp-json\/wp\/v2\/categories?post=2426"},{"taxonomy":"post_tag","embeddable":true,"href":"https:\/\/vosgesinfo.fr\/remiremontinfo\/wp-json\/wp\/v2\/tags?post=2426"}],"curies":[{"name":"wp","href":"https:\/\/api.w.org\/{rel}","templated":true}]}}