{"id":24387,"date":"2020-01-13T05:23:18","date_gmt":"2020-01-13T04:23:18","guid":{"rendered":"https:\/\/vosgesinfo.fr\/remiremontinfo\/2020\/01\/bresse-france-tactical-gear-prepare-stage-decouverte-nature\/"},"modified":"2020-01-13T05:23:18","modified_gmt":"2020-01-13T04:23:18","slug":"bresse-france-tactical-gear-prepare-stage-decouverte-nature","status":"publish","type":"post","link":"https:\/\/vosgesinfo.fr\/remiremontinfo\/2020\/01\/bresse-france-tactical-gear-prepare-stage-decouverte-nature\/","title":{"rendered":"La Bresse :  France Tactical Gear pr\u00e9pare un stage d\u00e9couverte nature"},"content":{"rendered":"<h2><a href=\"\/2020\/01\/Capture-d\u2019e\u0301cran-2020-01-13-a\u0300-10.36.12.png\"><img decoding=\"async\" class=\"alignnone size-large wp-image-280462\" src=\"\/2020\/01\/Capture-d\u2019e\u0301cran-2020-01-13-a\u0300-10.36.12-1024x682.png\" alt=\"Capture d\u2019e\u0301cran 2020-01-13 a\u0300 10.36.12\" width=\"960\" height=\"639\" \/><\/a><\/h2>\n<h2><span style=\"font-size: 12pt;\"><strong>\u00ab\u00a0Mission Firesteel \u00bb les 25 et 26 janvier prochains : une exp\u00e9rience unique et hors du commun \u00e0 vivre en famille, en groupe ou en individuel (\u00e0 partir de 10 ans), encadr\u00e9e par des moniteurs dipl\u00f4m\u00e9s.\u00a0 Ce nouveau stage, propos\u00e9 par France Tactical Gear, a pour but de faire acqu\u00e9rir les connaissances pratiques et th\u00e9oriques fondamentales qui engagent la survie. <\/strong><\/span><\/h2>\n<p>Ce stage est le condens\u00e9 de tous les savoirs les plus essentiels pour g\u00e9rer les risques les plus courants en milieu naturel dans une ambiance conviviale.\u00a0 Au programme : s\u2019orienter, se d\u00e9placer, bivouaquer, apprendre \u00e0 faire un feu, se nourrir, filtrer l\u2019eau, apprendre les gestes qui sauvent (secourisme tactique).<\/p>\n<p><span style=\"font-size: 10pt;\"><em>Communiqu\u00e9 de France Tactical Gear<\/em><\/span><\/p>\n<p><a href=\"\/2020\/01\/11.jpg\"><img decoding=\"async\" class=\"alignnone size-large wp-image-280461\" src=\"\/2020\/01\/11-1024x768.jpg\" alt=\"1\" width=\"960\" height=\"720\" \/><\/a><\/p>\n<p style=\"text-align: center;\">\n","protected":false},"excerpt":{"rendered":"<p>\u00ab\u00a0Mission Firesteel \u00bb les 25 et 26 janvier prochains : une exp\u00e9rience unique et hors du commun \u00e0 vivre en [&hellip;]<\/p>\n","protected":false},"author":407,"featured_media":24388,"comment_status":"open","ping_status":"open","sticky":false,"template":"","format":"standard","meta":{"footnotes":""},"categories":[26,104,25,14],"tags":[],"class_list":["post-24387","post","type-post","status-publish","format-standard","has-post-thumbnail","hentry","category-a-la-une","category-la-bresse-la-bresse-son-canton","category-la-bresse-son-canton","category-sport"],"acf":[],"yoast_head":"<!-- This site is optimized with the Yoast SEO plugin v22.5 - https:\/\/yoast.com\/wordpress\/plugins\/seo\/ -->\n<title>La Bresse : France Tactical Gear pr\u00e9pare un stage d\u00e9couverte nature - Remiremont Info<\/title>\n<meta name=\"robots\" content=\"index, follow, max-snippet:-1, max-image-preview:large, max-video-preview:-1\" \/>\n<link rel=\"canonical\" href=\"https:\/\/vosgesinfo.fr\/remiremontinfo\/2020\/01\/bresse-france-tactical-gear-prepare-stage-decouverte-nature\/\" \/>\n<meta name=\"twitter:card\" content=\"summary_large_image\" \/>\n<meta name=\"twitter:title\" content=\"La Bresse : France Tactical Gear pr\u00e9pare un stage d\u00e9couverte nature - Remiremont Info\" \/>\n<meta name=\"twitter:description\" content=\"\u00ab\u00a0Mission Firesteel \u00bb les 25 et 26 janvier prochains : une exp\u00e9rience unique et hors du commun \u00e0 vivre en [&hellip;]\" \/>\n<meta name=\"twitter:image\" content=\"https:\/\/vosgesinfo.fr\/app\/uploads\/sites\/5\/2024\/09\/202001capture-decran-2020-01-13-a-10.36.12.png\" \/>\n<meta name=\"twitter:creator\" content=\"@VosgesInfo88\" \/>\n<meta name=\"twitter:site\" content=\"@VosgesInfo88\" \/>\n<meta name=\"twitter:label1\" content=\"\u00c9crit par\" \/>\n\t<meta name=\"twitter:data1\" content=\"C D\" \/>\n\t<meta name=\"twitter:label2\" content=\"Dur\u00e9e de lecture estim\u00e9e\" \/>\n\t<meta name=\"twitter:data2\" content=\"1 minute\" \/>\n<script type=\"application\/ld+json\" class=\"yoast-schema-graph\">{\"@context\":\"https:\/\/schema.org\",\"@graph\":[{\"@type\":\"Article\",\"@id\":\"https:\/\/vosgesinfo.fr\/remiremontinfo\/2020\/01\/bresse-france-tactical-gear-prepare-stage-decouverte-nature\/#article\",\"isPartOf\":{\"@id\":\"https:\/\/vosgesinfo.fr\/remiremontinfo\/2020\/01\/bresse-france-tactical-gear-prepare-stage-decouverte-nature\/\"},\"author\":{\"name\":\"C D\",\"@id\":\"https:\/\/vosgesinfo.fr\/remiremontinfo\/#\/schema\/person\/3bfd164d5218a185b1db68655a265316\"},\"headline\":\"La Bresse : France Tactical Gear pr\u00e9pare un stage d\u00e9couverte nature\",\"datePublished\":\"2020-01-13T04:23:18+00:00\",\"dateModified\":\"2020-01-13T04:23:18+00:00\",\"mainEntityOfPage\":{\"@id\":\"https:\/\/vosgesinfo.fr\/remiremontinfo\/2020\/01\/bresse-france-tactical-gear-prepare-stage-decouverte-nature\/\"},\"wordCount\":127,\"commentCount\":0,\"publisher\":{\"@id\":\"https:\/\/vosgesinfo.fr\/remiremontinfo\/#organization\"},\"image\":{\"@id\":\"https:\/\/vosgesinfo.fr\/remiremontinfo\/2020\/01\/bresse-france-tactical-gear-prepare-stage-decouverte-nature\/#primaryimage\"},\"thumbnailUrl\":\"https:\/\/vosgesinfo.fr\/app\/uploads\/sites\/5\/2024\/09\/202001capture-decran-2020-01-13-a-10.36.12.png\",\"articleSection\":[\"A la Une\",\"La Bresse\",\"La Bresse &amp; son canton\",\"Sport\"],\"inLanguage\":\"fr-FR\",\"potentialAction\":[{\"@type\":\"CommentAction\",\"name\":\"Comment\",\"target\":[\"https:\/\/vosgesinfo.fr\/remiremontinfo\/2020\/01\/bresse-france-tactical-gear-prepare-stage-decouverte-nature\/#respond\"]}]},{\"@type\":\"WebPage\",\"@id\":\"https:\/\/vosgesinfo.fr\/remiremontinfo\/2020\/01\/bresse-france-tactical-gear-prepare-stage-decouverte-nature\/\",\"url\":\"https:\/\/vosgesinfo.fr\/remiremontinfo\/2020\/01\/bresse-france-tactical-gear-prepare-stage-decouverte-nature\/\",\"name\":\"La Bresse : France Tactical Gear pr\u00e9pare un stage d\u00e9couverte nature - Remiremont Info\",\"isPartOf\":{\"@id\":\"https:\/\/vosgesinfo.fr\/remiremontinfo\/#website\"},\"primaryImageOfPage\":{\"@id\":\"https:\/\/vosgesinfo.fr\/remiremontinfo\/2020\/01\/bresse-france-tactical-gear-prepare-stage-decouverte-nature\/#primaryimage\"},\"image\":{\"@id\":\"https:\/\/vosgesinfo.fr\/remiremontinfo\/2020\/01\/bresse-france-tactical-gear-prepare-stage-decouverte-nature\/#primaryimage\"},\"thumbnailUrl\":\"https:\/\/vosgesinfo.fr\/app\/uploads\/sites\/5\/2024\/09\/202001capture-decran-2020-01-13-a-10.36.12.png\",\"datePublished\":\"2020-01-13T04:23:18+00:00\",\"dateModified\":\"2020-01-13T04:23:18+00:00\",\"breadcrumb\":{\"@id\":\"https:\/\/vosgesinfo.fr\/remiremontinfo\/2020\/01\/bresse-france-tactical-gear-prepare-stage-decouverte-nature\/#breadcrumb\"},\"inLanguage\":\"fr-FR\",\"potentialAction\":[{\"@type\":\"ReadAction\",\"target\":[\"https:\/\/vosgesinfo.fr\/remiremontinfo\/2020\/01\/bresse-france-tactical-gear-prepare-stage-decouverte-nature\/\"]}]},{\"@type\":\"ImageObject\",\"inLanguage\":\"fr-FR\",\"@id\":\"https:\/\/vosgesinfo.fr\/remiremontinfo\/2020\/01\/bresse-france-tactical-gear-prepare-stage-decouverte-nature\/#primaryimage\",\"url\":\"https:\/\/vosgesinfo.fr\/app\/uploads\/sites\/5\/2024\/09\/202001capture-decran-2020-01-13-a-10.36.12.png\",\"contentUrl\":\"https:\/\/vosgesinfo.fr\/app\/uploads\/sites\/5\/2024\/09\/202001capture-decran-2020-01-13-a-10.36.12.png\",\"width\":1794,\"height\":1194},{\"@type\":\"BreadcrumbList\",\"@id\":\"https:\/\/vosgesinfo.fr\/remiremontinfo\/2020\/01\/bresse-france-tactical-gear-prepare-stage-decouverte-nature\/#breadcrumb\",\"itemListElement\":[{\"@type\":\"ListItem\",\"position\":1,\"name\":\"Home\",\"item\":\"https:\/\/vosgesinfo.fr\/remiremontinfo\/\"},{\"@type\":\"ListItem\",\"position\":2,\"name\":\"La Bresse : France Tactical Gear pr\u00e9pare un stage d\u00e9couverte nature\"}]},{\"@type\":\"WebSite\",\"@id\":\"https:\/\/vosgesinfo.fr\/remiremontinfo\/#website\",\"url\":\"https:\/\/vosgesinfo.fr\/remiremontinfo\/\",\"name\":\"Remiremont Info\",\"description\":\"Toute l&#039;actualit\u00e9 de Remiremont\",\"publisher\":{\"@id\":\"https:\/\/vosgesinfo.fr\/remiremontinfo\/#organization\"},\"alternateName\":\"Toute l'actualit\u00e9 de Remiremont\",\"potentialAction\":[{\"@type\":\"SearchAction\",\"target\":{\"@type\":\"EntryPoint\",\"urlTemplate\":\"https:\/\/vosgesinfo.fr\/remiremontinfo\/?s={search_term_string}\"},\"query-input\":\"required name=search_term_string\"}],\"inLanguage\":\"fr-FR\"},{\"@type\":\"Organization\",\"@id\":\"https:\/\/vosgesinfo.fr\/remiremontinfo\/#organization\",\"name\":\"Remiremont Info\",\"url\":\"https:\/\/vosgesinfo.fr\/remiremontinfo\/\",\"logo\":{\"@type\":\"ImageObject\",\"inLanguage\":\"fr-FR\",\"@id\":\"https:\/\/vosgesinfo.fr\/remiremontinfo\/#\/schema\/logo\/image\/\",\"url\":\"https:\/\/vosgesinfo.fr\/app\/uploads\/sites\/5\/2023\/08\/favicon-remiremontinfo.png\",\"contentUrl\":\"https:\/\/vosgesinfo.fr\/app\/uploads\/sites\/5\/2023\/08\/favicon-remiremontinfo.png\",\"width\":512,\"height\":512,\"caption\":\"Remiremont Info\"},\"image\":{\"@id\":\"https:\/\/vosgesinfo.fr\/remiremontinfo\/#\/schema\/logo\/image\/\"},\"sameAs\":[\"https:\/\/www.facebook.com\/remiremontinfo\",\"https:\/\/x.com\/VosgesInfo88\",\"https:\/\/www.youtube.com\/@vosgesinfo\"]},{\"@type\":\"Person\",\"@id\":\"https:\/\/vosgesinfo.fr\/remiremontinfo\/#\/schema\/person\/3bfd164d5218a185b1db68655a265316\",\"name\":\"C D\",\"image\":{\"@type\":\"ImageObject\",\"inLanguage\":\"fr-FR\",\"@id\":\"https:\/\/vosgesinfo.fr\/remiremontinfo\/#\/schema\/person\/image\/\",\"url\":\"https:\/\/secure.gravatar.com\/avatar\/1f9a70007336511a47468b8f1c66f922b8b7cf617b02a31149ada43893a5d48f?s=96&d=mm&r=g\",\"contentUrl\":\"https:\/\/secure.gravatar.com\/avatar\/1f9a70007336511a47468b8f1c66f922b8b7cf617b02a31149ada43893a5d48f?s=96&d=mm&r=g\",\"caption\":\"C D\"},\"url\":\"https:\/\/vosgesinfo.fr\/remiremontinfo\/author\/cedric-drevet\/\"}]}<\/script>\n<!-- \/ Yoast SEO plugin. -->","yoast_head_json":{"title":"La Bresse : France Tactical Gear pr\u00e9pare un stage d\u00e9couverte nature - Remiremont Info","robots":{"index":"index","follow":"follow","max-snippet":"max-snippet:-1","max-image-preview":"max-image-preview:large","max-video-preview":"max-video-preview:-1"},"canonical":"https:\/\/vosgesinfo.fr\/remiremontinfo\/2020\/01\/bresse-france-tactical-gear-prepare-stage-decouverte-nature\/","twitter_card":"summary_large_image","twitter_title":"La Bresse : France Tactical Gear pr\u00e9pare un stage d\u00e9couverte nature - Remiremont Info","twitter_description":"\u00ab\u00a0Mission Firesteel \u00bb les 25 et 26 janvier prochains : une exp\u00e9rience unique et hors du commun \u00e0 vivre en [&hellip;]","twitter_image":"https:\/\/vosgesinfo.fr\/app\/uploads\/sites\/5\/2024\/09\/202001capture-decran-2020-01-13-a-10.36.12.png","twitter_creator":"@VosgesInfo88","twitter_site":"@VosgesInfo88","twitter_misc":{"\u00c9crit par":"C D","Dur\u00e9e de lecture estim\u00e9e":"1 minute"},"schema":{"@context":"https:\/\/schema.org","@graph":[{"@type":"Article","@id":"https:\/\/vosgesinfo.fr\/remiremontinfo\/2020\/01\/bresse-france-tactical-gear-prepare-stage-decouverte-nature\/#article","isPartOf":{"@id":"https:\/\/vosgesinfo.fr\/remiremontinfo\/2020\/01\/bresse-france-tactical-gear-prepare-stage-decouverte-nature\/"},"author":{"name":"C D","@id":"https:\/\/vosgesinfo.fr\/remiremontinfo\/#\/schema\/person\/3bfd164d5218a185b1db68655a265316"},"headline":"La Bresse : France Tactical Gear pr\u00e9pare un stage d\u00e9couverte nature","datePublished":"2020-01-13T04:23:18+00:00","dateModified":"2020-01-13T04:23:18+00:00","mainEntityOfPage":{"@id":"https:\/\/vosgesinfo.fr\/remiremontinfo\/2020\/01\/bresse-france-tactical-gear-prepare-stage-decouverte-nature\/"},"wordCount":127,"commentCount":0,"publisher":{"@id":"https:\/\/vosgesinfo.fr\/remiremontinfo\/#organization"},"image":{"@id":"https:\/\/vosgesinfo.fr\/remiremontinfo\/2020\/01\/bresse-france-tactical-gear-prepare-stage-decouverte-nature\/#primaryimage"},"thumbnailUrl":"https:\/\/vosgesinfo.fr\/app\/uploads\/sites\/5\/2024\/09\/202001capture-decran-2020-01-13-a-10.36.12.png","articleSection":["A la Une","La Bresse","La Bresse &amp; son canton","Sport"],"inLanguage":"fr-FR","potentialAction":[{"@type":"CommentAction","name":"Comment","target":["https:\/\/vosgesinfo.fr\/remiremontinfo\/2020\/01\/bresse-france-tactical-gear-prepare-stage-decouverte-nature\/#respond"]}]},{"@type":"WebPage","@id":"https:\/\/vosgesinfo.fr\/remiremontinfo\/2020\/01\/bresse-france-tactical-gear-prepare-stage-decouverte-nature\/","url":"https:\/\/vosgesinfo.fr\/remiremontinfo\/2020\/01\/bresse-france-tactical-gear-prepare-stage-decouverte-nature\/","name":"La Bresse : France Tactical Gear pr\u00e9pare un stage d\u00e9couverte nature - Remiremont Info","isPartOf":{"@id":"https:\/\/vosgesinfo.fr\/remiremontinfo\/#website"},"primaryImageOfPage":{"@id":"https:\/\/vosgesinfo.fr\/remiremontinfo\/2020\/01\/bresse-france-tactical-gear-prepare-stage-decouverte-nature\/#primaryimage"},"image":{"@id":"https:\/\/vosgesinfo.fr\/remiremontinfo\/2020\/01\/bresse-france-tactical-gear-prepare-stage-decouverte-nature\/#primaryimage"},"thumbnailUrl":"https:\/\/vosgesinfo.fr\/app\/uploads\/sites\/5\/2024\/09\/202001capture-decran-2020-01-13-a-10.36.12.png","datePublished":"2020-01-13T04:23:18+00:00","dateModified":"2020-01-13T04:23:18+00:00","breadcrumb":{"@id":"https:\/\/vosgesinfo.fr\/remiremontinfo\/2020\/01\/bresse-france-tactical-gear-prepare-stage-decouverte-nature\/#breadcrumb"},"inLanguage":"fr-FR","potentialAction":[{"@type":"ReadAction","target":["https:\/\/vosgesinfo.fr\/remiremontinfo\/2020\/01\/bresse-france-tactical-gear-prepare-stage-decouverte-nature\/"]}]},{"@type":"ImageObject","inLanguage":"fr-FR","@id":"https:\/\/vosgesinfo.fr\/remiremontinfo\/2020\/01\/bresse-france-tactical-gear-prepare-stage-decouverte-nature\/#primaryimage","url":"https:\/\/vosgesinfo.fr\/app\/uploads\/sites\/5\/2024\/09\/202001capture-decran-2020-01-13-a-10.36.12.png","contentUrl":"https:\/\/vosgesinfo.fr\/app\/uploads\/sites\/5\/2024\/09\/202001capture-decran-2020-01-13-a-10.36.12.png","width":1794,"height":1194},{"@type":"BreadcrumbList","@id":"https:\/\/vosgesinfo.fr\/remiremontinfo\/2020\/01\/bresse-france-tactical-gear-prepare-stage-decouverte-nature\/#breadcrumb","itemListElement":[{"@type":"ListItem","position":1,"name":"Home","item":"https:\/\/vosgesinfo.fr\/remiremontinfo\/"},{"@type":"ListItem","position":2,"name":"La Bresse : France Tactical Gear pr\u00e9pare un stage d\u00e9couverte nature"}]},{"@type":"WebSite","@id":"https:\/\/vosgesinfo.fr\/remiremontinfo\/#website","url":"https:\/\/vosgesinfo.fr\/remiremontinfo\/","name":"Remiremont Info","description":"Toute l&#039;actualit\u00e9 de Remiremont","publisher":{"@id":"https:\/\/vosgesinfo.fr\/remiremontinfo\/#organization"},"alternateName":"Toute l'actualit\u00e9 de Remiremont","potentialAction":[{"@type":"SearchAction","target":{"@type":"EntryPoint","urlTemplate":"https:\/\/vosgesinfo.fr\/remiremontinfo\/?s={search_term_string}"},"query-input":"required name=search_term_string"}],"inLanguage":"fr-FR"},{"@type":"Organization","@id":"https:\/\/vosgesinfo.fr\/remiremontinfo\/#organization","name":"Remiremont Info","url":"https:\/\/vosgesinfo.fr\/remiremontinfo\/","logo":{"@type":"ImageObject","inLanguage":"fr-FR","@id":"https:\/\/vosgesinfo.fr\/remiremontinfo\/#\/schema\/logo\/image\/","url":"https:\/\/vosgesinfo.fr\/app\/uploads\/sites\/5\/2023\/08\/favicon-remiremontinfo.png","contentUrl":"https:\/\/vosgesinfo.fr\/app\/uploads\/sites\/5\/2023\/08\/favicon-remiremontinfo.png","width":512,"height":512,"caption":"Remiremont Info"},"image":{"@id":"https:\/\/vosgesinfo.fr\/remiremontinfo\/#\/schema\/logo\/image\/"},"sameAs":["https:\/\/www.facebook.com\/remiremontinfo","https:\/\/x.com\/VosgesInfo88","https:\/\/www.youtube.com\/@vosgesinfo"]},{"@type":"Person","@id":"https:\/\/vosgesinfo.fr\/remiremontinfo\/#\/schema\/person\/3bfd164d5218a185b1db68655a265316","name":"C D","image":{"@type":"ImageObject","inLanguage":"fr-FR","@id":"https:\/\/vosgesinfo.fr\/remiremontinfo\/#\/schema\/person\/image\/","url":"https:\/\/secure.gravatar.com\/avatar\/1f9a70007336511a47468b8f1c66f922b8b7cf617b02a31149ada43893a5d48f?s=96&d=mm&r=g","contentUrl":"https:\/\/secure.gravatar.com\/avatar\/1f9a70007336511a47468b8f1c66f922b8b7cf617b02a31149ada43893a5d48f?s=96&d=mm&r=g","caption":"C D"},"url":"https:\/\/vosgesinfo.fr\/remiremontinfo\/author\/cedric-drevet\/"}]}},"_links":{"self":[{"href":"https:\/\/vosgesinfo.fr\/remiremontinfo\/wp-json\/wp\/v2\/posts\/24387","targetHints":{"allow":["GET"]}}],"collection":[{"href":"https:\/\/vosgesinfo.fr\/remiremontinfo\/wp-json\/wp\/v2\/posts"}],"about":[{"href":"https:\/\/vosgesinfo.fr\/remiremontinfo\/wp-json\/wp\/v2\/types\/post"}],"author":[{"embeddable":true,"href":"https:\/\/vosgesinfo.fr\/remiremontinfo\/wp-json\/wp\/v2\/users\/407"}],"replies":[{"embeddable":true,"href":"https:\/\/vosgesinfo.fr\/remiremontinfo\/wp-json\/wp\/v2\/comments?post=24387"}],"version-history":[{"count":0,"href":"https:\/\/vosgesinfo.fr\/remiremontinfo\/wp-json\/wp\/v2\/posts\/24387\/revisions"}],"wp:featuredmedia":[{"embeddable":true,"href":"https:\/\/vosgesinfo.fr\/remiremontinfo\/wp-json\/wp\/v2\/media\/24388"}],"wp:attachment":[{"href":"https:\/\/vosgesinfo.fr\/remiremontinfo\/wp-json\/wp\/v2\/media?parent=24387"}],"wp:term":[{"taxonomy":"category","embeddable":true,"href":"https:\/\/vosgesinfo.fr\/remiremontinfo\/wp-json\/wp\/v2\/categories?post=24387"},{"taxonomy":"post_tag","embeddable":true,"href":"https:\/\/vosgesinfo.fr\/remiremontinfo\/wp-json\/wp\/v2\/tags?post=24387"}],"curies":[{"name":"wp","href":"https:\/\/api.w.org\/{rel}","templated":true}]}}