{"id":24801,"date":"2020-01-26T06:28:14","date_gmt":"2020-01-26T05:28:14","guid":{"rendered":"https:\/\/vosgesinfo.fr\/remiremontinfo\/2020\/01\/accident-quebec-corps-de-gilles-claude-a-ete-retrouve\/"},"modified":"2020-01-26T06:28:14","modified_gmt":"2020-01-26T05:28:14","slug":"accident-quebec-corps-de-gilles-claude-a-ete-retrouve","status":"publish","type":"post","link":"https:\/\/vosgesinfo.fr\/remiremontinfo\/2020\/01\/accident-quebec-corps-de-gilles-claude-a-ete-retrouve\/","title":{"rendered":"Accident au Qu\u00e9bec : le corps de Gilles Claude a \u00e9t\u00e9 retrouv\u00e9"},"content":{"rendered":"<dl id=\"attachment_281385\" class=\"wp-caption alignnone\" style=\"width: 970px;\">\n<dt class=\"wp-caption-dt\"><a href=\"\/2020\/01\/Capture-d\u2019e\u0301cran-2020-01-26-a\u0300-07.28.42.png\"><img decoding=\"async\" class=\"size-large wp-image-281385\" src=\"\/2020\/01\/Capture-d\u2019e\u0301cran-2020-01-26-a\u0300-07.28.42-1024x766.png\" alt=\"Photo du compte Twitter de Suret\u00e9 Qub\u00e9bec\" width=\"960\" height=\"718\" \/><\/a><\/dt>\n<dd class=\"wp-caption-dd\"><span style=\"font-size: 10pt;\"><em>Photo du compte Twitter de Suret\u00e9 Qu\u00e9bec<\/em><\/span><\/dd>\n<\/dl>\n<h2><span style=\"font-size: 12pt;\"><span style=\"font-size: 12pt;\">Mardi en fin d\u2019apr\u00e8s midi, un accident de motoneige s\u2019est produit au Qu\u00e9bec lors d\u2019une excursion sur les rives du lac Saint-Jean. Un corps a \u00e9t\u00e9 <\/span><span style=\"font-size: 16px;\">rep\u00each\u00e9 \u00e0 quelques kilom\u00e8tre des lieux. Il s&rsquo;agit de celui du vosgien Gilles Claude.<\/span><\/span><\/h2>\n<p class=\"p2\"><span class=\"s1\"><em>\u00ab\u00a0Le corps d\u2019un motoneigiste a \u00e9t\u00e9 rep\u00each\u00e9 dans la derni\u00e8re heure dans la rivi\u00e8re La Grande D\u00e9charge, \u00e0 plus de 2 km de l\u2019endroit o\u00f9 les motoneiges ont \u00e9t\u00e9 localis\u00e9es\u00a0\u00bb<\/em>, a d\u00e9clar\u00e9 Suret\u00e9 Qu\u00e9bec. Le corps a \u00e9t\u00e9 identifi\u00e9 : il s\u2019agit de celui de Gilles Claude, 58 ans. <em>\u00ab\u00a0Les recherches terrestres, nautiques et a\u00e9riennes se poursuivent. Plusieurs embarcations sillonnent le secteur de recherche qui s&rsquo;\u00e9tend sur plus d&rsquo;une dizaine de kilom\u00e8tres. Retrouver les quatre motoneigistes manquants est notre priorit\u00e9.\u00a0\u00bb\u00a0<\/em><\/span><span class=\"s1\">Gilles Claude n\u2019en \u00e9tait pas \u00e0 sa premi\u00e8re excursion dans un territoire qu\u2019il conna\u00eet bien :<em>\u00a0\u00ab\u00a0Ca fait au moins 10 fois qu\u2019il va l\u00e0 bas\u00a0\u00bb <\/em>expliquait<em>\u00a0<\/em>Damien Antoine,\u00a0<span class=\"s1\">l<\/span><span class=\"s1\">e pr\u00e9sident du Moto Club La Bressaude, apr\u00e8s l&rsquo;annonce de la disparition.<\/span><em>\u00a0\u00ab\u00a0C\u2019est quelqu\u2019un d\u2019hyper aguerri\u00a0\u00bb<\/em>, disposant d\u2019<em>\u00ab\u00a0une exp\u00e9rience monumentale\u00a0\u00bb<\/em>.\u00a0<\/span><span class=\"s1\">Jeudi, son fils\u00a0Fabien Claude lui d\u00e9diait son premier podium de biathlon en Coupe du monde.\u00a0A Pokljuca en Slov\u00e9nie, le vosgien\u00a0 a d\u00e9croch\u00e9 la troisi\u00e8me place de l\u2019individuel sur 20 kilom\u00e8tres.<\/span><\/p>\n<p>&nbsp;<\/p>\n","protected":false},"excerpt":{"rendered":"<p>Photo du compte Twitter de Suret\u00e9 Qu\u00e9bec Mardi en fin d\u2019apr\u00e8s midi, un accident de motoneige s\u2019est produit au Qu\u00e9bec [&hellip;]<\/p>\n","protected":false},"author":407,"featured_media":24802,"comment_status":"open","ping_status":"open","sticky":false,"template":"","format":"standard","meta":{"footnotes":""},"categories":[26,8,18],"tags":[],"class_list":["post-24801","post","type-post","status-publish","format-standard","has-post-thumbnail","hentry","category-a-la-une","category-faits-divers","category-vosges"],"acf":[],"yoast_head":"<!-- This site is optimized with the Yoast SEO plugin v22.5 - https:\/\/yoast.com\/wordpress\/plugins\/seo\/ -->\n<title>Accident au Qu\u00e9bec : le corps de Gilles Claude a \u00e9t\u00e9 retrouv\u00e9 - Remiremont Info<\/title>\n<meta name=\"robots\" content=\"index, follow, max-snippet:-1, max-image-preview:large, max-video-preview:-1\" \/>\n<link rel=\"canonical\" href=\"https:\/\/vosgesinfo.fr\/remiremontinfo\/2020\/01\/accident-quebec-corps-de-gilles-claude-a-ete-retrouve\/\" \/>\n<meta name=\"twitter:card\" content=\"summary_large_image\" \/>\n<meta name=\"twitter:title\" content=\"Accident au Qu\u00e9bec : le corps de Gilles Claude a \u00e9t\u00e9 retrouv\u00e9 - Remiremont Info\" \/>\n<meta name=\"twitter:description\" content=\"Photo du compte Twitter de Suret\u00e9 Qu\u00e9bec Mardi en fin d\u2019apr\u00e8s midi, un accident de motoneige s\u2019est produit au Qu\u00e9bec [&hellip;]\" \/>\n<meta name=\"twitter:image\" content=\"https:\/\/vosgesinfo.fr\/app\/uploads\/sites\/5\/2024\/09\/202001capture-decran-2020-01-26-a-07.28.42.png\" \/>\n<meta name=\"twitter:creator\" content=\"@VosgesInfo88\" \/>\n<meta name=\"twitter:site\" content=\"@VosgesInfo88\" \/>\n<meta name=\"twitter:label1\" content=\"\u00c9crit par\" \/>\n\t<meta name=\"twitter:data1\" content=\"C D\" \/>\n\t<meta name=\"twitter:label2\" content=\"Dur\u00e9e de lecture estim\u00e9e\" \/>\n\t<meta name=\"twitter:data2\" content=\"1 minute\" \/>\n<script type=\"application\/ld+json\" class=\"yoast-schema-graph\">{\"@context\":\"https:\/\/schema.org\",\"@graph\":[{\"@type\":\"Article\",\"@id\":\"https:\/\/vosgesinfo.fr\/remiremontinfo\/2020\/01\/accident-quebec-corps-de-gilles-claude-a-ete-retrouve\/#article\",\"isPartOf\":{\"@id\":\"https:\/\/vosgesinfo.fr\/remiremontinfo\/2020\/01\/accident-quebec-corps-de-gilles-claude-a-ete-retrouve\/\"},\"author\":{\"name\":\"C D\",\"@id\":\"https:\/\/vosgesinfo.fr\/remiremontinfo\/#\/schema\/person\/3bfd164d5218a185b1db68655a265316\"},\"headline\":\"Accident au Qu\u00e9bec : le corps de Gilles Claude a \u00e9t\u00e9 retrouv\u00e9\",\"datePublished\":\"2020-01-26T05:28:14+00:00\",\"dateModified\":\"2020-01-26T05:28:14+00:00\",\"mainEntityOfPage\":{\"@id\":\"https:\/\/vosgesinfo.fr\/remiremontinfo\/2020\/01\/accident-quebec-corps-de-gilles-claude-a-ete-retrouve\/\"},\"wordCount\":255,\"commentCount\":0,\"publisher\":{\"@id\":\"https:\/\/vosgesinfo.fr\/remiremontinfo\/#organization\"},\"image\":{\"@id\":\"https:\/\/vosgesinfo.fr\/remiremontinfo\/2020\/01\/accident-quebec-corps-de-gilles-claude-a-ete-retrouve\/#primaryimage\"},\"thumbnailUrl\":\"https:\/\/vosgesinfo.fr\/app\/uploads\/sites\/5\/2024\/09\/202001capture-decran-2020-01-26-a-07.28.42.png\",\"articleSection\":[\"A la Une\",\"Faits-divers\",\"Vosges\"],\"inLanguage\":\"fr-FR\",\"potentialAction\":[{\"@type\":\"CommentAction\",\"name\":\"Comment\",\"target\":[\"https:\/\/vosgesinfo.fr\/remiremontinfo\/2020\/01\/accident-quebec-corps-de-gilles-claude-a-ete-retrouve\/#respond\"]}]},{\"@type\":\"WebPage\",\"@id\":\"https:\/\/vosgesinfo.fr\/remiremontinfo\/2020\/01\/accident-quebec-corps-de-gilles-claude-a-ete-retrouve\/\",\"url\":\"https:\/\/vosgesinfo.fr\/remiremontinfo\/2020\/01\/accident-quebec-corps-de-gilles-claude-a-ete-retrouve\/\",\"name\":\"Accident au Qu\u00e9bec : le corps de Gilles Claude a \u00e9t\u00e9 retrouv\u00e9 - Remiremont Info\",\"isPartOf\":{\"@id\":\"https:\/\/vosgesinfo.fr\/remiremontinfo\/#website\"},\"primaryImageOfPage\":{\"@id\":\"https:\/\/vosgesinfo.fr\/remiremontinfo\/2020\/01\/accident-quebec-corps-de-gilles-claude-a-ete-retrouve\/#primaryimage\"},\"image\":{\"@id\":\"https:\/\/vosgesinfo.fr\/remiremontinfo\/2020\/01\/accident-quebec-corps-de-gilles-claude-a-ete-retrouve\/#primaryimage\"},\"thumbnailUrl\":\"https:\/\/vosgesinfo.fr\/app\/uploads\/sites\/5\/2024\/09\/202001capture-decran-2020-01-26-a-07.28.42.png\",\"datePublished\":\"2020-01-26T05:28:14+00:00\",\"dateModified\":\"2020-01-26T05:28:14+00:00\",\"breadcrumb\":{\"@id\":\"https:\/\/vosgesinfo.fr\/remiremontinfo\/2020\/01\/accident-quebec-corps-de-gilles-claude-a-ete-retrouve\/#breadcrumb\"},\"inLanguage\":\"fr-FR\",\"potentialAction\":[{\"@type\":\"ReadAction\",\"target\":[\"https:\/\/vosgesinfo.fr\/remiremontinfo\/2020\/01\/accident-quebec-corps-de-gilles-claude-a-ete-retrouve\/\"]}]},{\"@type\":\"ImageObject\",\"inLanguage\":\"fr-FR\",\"@id\":\"https:\/\/vosgesinfo.fr\/remiremontinfo\/2020\/01\/accident-quebec-corps-de-gilles-claude-a-ete-retrouve\/#primaryimage\",\"url\":\"https:\/\/vosgesinfo.fr\/app\/uploads\/sites\/5\/2024\/09\/202001capture-decran-2020-01-26-a-07.28.42.png\",\"contentUrl\":\"https:\/\/vosgesinfo.fr\/app\/uploads\/sites\/5\/2024\/09\/202001capture-decran-2020-01-26-a-07.28.42.png\",\"width\":1546,\"height\":1156},{\"@type\":\"BreadcrumbList\",\"@id\":\"https:\/\/vosgesinfo.fr\/remiremontinfo\/2020\/01\/accident-quebec-corps-de-gilles-claude-a-ete-retrouve\/#breadcrumb\",\"itemListElement\":[{\"@type\":\"ListItem\",\"position\":1,\"name\":\"Home\",\"item\":\"https:\/\/vosgesinfo.fr\/remiremontinfo\/\"},{\"@type\":\"ListItem\",\"position\":2,\"name\":\"Accident au Qu\u00e9bec : le corps de Gilles Claude a \u00e9t\u00e9 retrouv\u00e9\"}]},{\"@type\":\"WebSite\",\"@id\":\"https:\/\/vosgesinfo.fr\/remiremontinfo\/#website\",\"url\":\"https:\/\/vosgesinfo.fr\/remiremontinfo\/\",\"name\":\"Remiremont Info\",\"description\":\"Toute l&#039;actualit\u00e9 de Remiremont\",\"publisher\":{\"@id\":\"https:\/\/vosgesinfo.fr\/remiremontinfo\/#organization\"},\"alternateName\":\"Toute l'actualit\u00e9 de Remiremont\",\"potentialAction\":[{\"@type\":\"SearchAction\",\"target\":{\"@type\":\"EntryPoint\",\"urlTemplate\":\"https:\/\/vosgesinfo.fr\/remiremontinfo\/?s={search_term_string}\"},\"query-input\":\"required name=search_term_string\"}],\"inLanguage\":\"fr-FR\"},{\"@type\":\"Organization\",\"@id\":\"https:\/\/vosgesinfo.fr\/remiremontinfo\/#organization\",\"name\":\"Remiremont Info\",\"url\":\"https:\/\/vosgesinfo.fr\/remiremontinfo\/\",\"logo\":{\"@type\":\"ImageObject\",\"inLanguage\":\"fr-FR\",\"@id\":\"https:\/\/vosgesinfo.fr\/remiremontinfo\/#\/schema\/logo\/image\/\",\"url\":\"https:\/\/vosgesinfo.fr\/app\/uploads\/sites\/5\/2023\/08\/favicon-remiremontinfo.png\",\"contentUrl\":\"https:\/\/vosgesinfo.fr\/app\/uploads\/sites\/5\/2023\/08\/favicon-remiremontinfo.png\",\"width\":512,\"height\":512,\"caption\":\"Remiremont Info\"},\"image\":{\"@id\":\"https:\/\/vosgesinfo.fr\/remiremontinfo\/#\/schema\/logo\/image\/\"},\"sameAs\":[\"https:\/\/www.facebook.com\/remiremontinfo\",\"https:\/\/x.com\/VosgesInfo88\",\"https:\/\/www.youtube.com\/@vosgesinfo\"]},{\"@type\":\"Person\",\"@id\":\"https:\/\/vosgesinfo.fr\/remiremontinfo\/#\/schema\/person\/3bfd164d5218a185b1db68655a265316\",\"name\":\"C D\",\"image\":{\"@type\":\"ImageObject\",\"inLanguage\":\"fr-FR\",\"@id\":\"https:\/\/vosgesinfo.fr\/remiremontinfo\/#\/schema\/person\/image\/\",\"url\":\"https:\/\/secure.gravatar.com\/avatar\/1f9a70007336511a47468b8f1c66f922b8b7cf617b02a31149ada43893a5d48f?s=96&d=mm&r=g\",\"contentUrl\":\"https:\/\/secure.gravatar.com\/avatar\/1f9a70007336511a47468b8f1c66f922b8b7cf617b02a31149ada43893a5d48f?s=96&d=mm&r=g\",\"caption\":\"C D\"},\"url\":\"https:\/\/vosgesinfo.fr\/remiremontinfo\/author\/cedric-drevet\/\"}]}<\/script>\n<!-- \/ Yoast SEO plugin. -->","yoast_head_json":{"title":"Accident au Qu\u00e9bec : le corps de Gilles Claude a \u00e9t\u00e9 retrouv\u00e9 - Remiremont Info","robots":{"index":"index","follow":"follow","max-snippet":"max-snippet:-1","max-image-preview":"max-image-preview:large","max-video-preview":"max-video-preview:-1"},"canonical":"https:\/\/vosgesinfo.fr\/remiremontinfo\/2020\/01\/accident-quebec-corps-de-gilles-claude-a-ete-retrouve\/","twitter_card":"summary_large_image","twitter_title":"Accident au Qu\u00e9bec : le corps de Gilles Claude a \u00e9t\u00e9 retrouv\u00e9 - Remiremont Info","twitter_description":"Photo du compte Twitter de Suret\u00e9 Qu\u00e9bec Mardi en fin d\u2019apr\u00e8s midi, un accident de motoneige s\u2019est produit au Qu\u00e9bec [&hellip;]","twitter_image":"https:\/\/vosgesinfo.fr\/app\/uploads\/sites\/5\/2024\/09\/202001capture-decran-2020-01-26-a-07.28.42.png","twitter_creator":"@VosgesInfo88","twitter_site":"@VosgesInfo88","twitter_misc":{"\u00c9crit par":"C D","Dur\u00e9e de lecture estim\u00e9e":"1 minute"},"schema":{"@context":"https:\/\/schema.org","@graph":[{"@type":"Article","@id":"https:\/\/vosgesinfo.fr\/remiremontinfo\/2020\/01\/accident-quebec-corps-de-gilles-claude-a-ete-retrouve\/#article","isPartOf":{"@id":"https:\/\/vosgesinfo.fr\/remiremontinfo\/2020\/01\/accident-quebec-corps-de-gilles-claude-a-ete-retrouve\/"},"author":{"name":"C D","@id":"https:\/\/vosgesinfo.fr\/remiremontinfo\/#\/schema\/person\/3bfd164d5218a185b1db68655a265316"},"headline":"Accident au Qu\u00e9bec : le corps de Gilles Claude a \u00e9t\u00e9 retrouv\u00e9","datePublished":"2020-01-26T05:28:14+00:00","dateModified":"2020-01-26T05:28:14+00:00","mainEntityOfPage":{"@id":"https:\/\/vosgesinfo.fr\/remiremontinfo\/2020\/01\/accident-quebec-corps-de-gilles-claude-a-ete-retrouve\/"},"wordCount":255,"commentCount":0,"publisher":{"@id":"https:\/\/vosgesinfo.fr\/remiremontinfo\/#organization"},"image":{"@id":"https:\/\/vosgesinfo.fr\/remiremontinfo\/2020\/01\/accident-quebec-corps-de-gilles-claude-a-ete-retrouve\/#primaryimage"},"thumbnailUrl":"https:\/\/vosgesinfo.fr\/app\/uploads\/sites\/5\/2024\/09\/202001capture-decran-2020-01-26-a-07.28.42.png","articleSection":["A la Une","Faits-divers","Vosges"],"inLanguage":"fr-FR","potentialAction":[{"@type":"CommentAction","name":"Comment","target":["https:\/\/vosgesinfo.fr\/remiremontinfo\/2020\/01\/accident-quebec-corps-de-gilles-claude-a-ete-retrouve\/#respond"]}]},{"@type":"WebPage","@id":"https:\/\/vosgesinfo.fr\/remiremontinfo\/2020\/01\/accident-quebec-corps-de-gilles-claude-a-ete-retrouve\/","url":"https:\/\/vosgesinfo.fr\/remiremontinfo\/2020\/01\/accident-quebec-corps-de-gilles-claude-a-ete-retrouve\/","name":"Accident au Qu\u00e9bec : le corps de Gilles Claude a \u00e9t\u00e9 retrouv\u00e9 - Remiremont Info","isPartOf":{"@id":"https:\/\/vosgesinfo.fr\/remiremontinfo\/#website"},"primaryImageOfPage":{"@id":"https:\/\/vosgesinfo.fr\/remiremontinfo\/2020\/01\/accident-quebec-corps-de-gilles-claude-a-ete-retrouve\/#primaryimage"},"image":{"@id":"https:\/\/vosgesinfo.fr\/remiremontinfo\/2020\/01\/accident-quebec-corps-de-gilles-claude-a-ete-retrouve\/#primaryimage"},"thumbnailUrl":"https:\/\/vosgesinfo.fr\/app\/uploads\/sites\/5\/2024\/09\/202001capture-decran-2020-01-26-a-07.28.42.png","datePublished":"2020-01-26T05:28:14+00:00","dateModified":"2020-01-26T05:28:14+00:00","breadcrumb":{"@id":"https:\/\/vosgesinfo.fr\/remiremontinfo\/2020\/01\/accident-quebec-corps-de-gilles-claude-a-ete-retrouve\/#breadcrumb"},"inLanguage":"fr-FR","potentialAction":[{"@type":"ReadAction","target":["https:\/\/vosgesinfo.fr\/remiremontinfo\/2020\/01\/accident-quebec-corps-de-gilles-claude-a-ete-retrouve\/"]}]},{"@type":"ImageObject","inLanguage":"fr-FR","@id":"https:\/\/vosgesinfo.fr\/remiremontinfo\/2020\/01\/accident-quebec-corps-de-gilles-claude-a-ete-retrouve\/#primaryimage","url":"https:\/\/vosgesinfo.fr\/app\/uploads\/sites\/5\/2024\/09\/202001capture-decran-2020-01-26-a-07.28.42.png","contentUrl":"https:\/\/vosgesinfo.fr\/app\/uploads\/sites\/5\/2024\/09\/202001capture-decran-2020-01-26-a-07.28.42.png","width":1546,"height":1156},{"@type":"BreadcrumbList","@id":"https:\/\/vosgesinfo.fr\/remiremontinfo\/2020\/01\/accident-quebec-corps-de-gilles-claude-a-ete-retrouve\/#breadcrumb","itemListElement":[{"@type":"ListItem","position":1,"name":"Home","item":"https:\/\/vosgesinfo.fr\/remiremontinfo\/"},{"@type":"ListItem","position":2,"name":"Accident au Qu\u00e9bec : le corps de Gilles Claude a \u00e9t\u00e9 retrouv\u00e9"}]},{"@type":"WebSite","@id":"https:\/\/vosgesinfo.fr\/remiremontinfo\/#website","url":"https:\/\/vosgesinfo.fr\/remiremontinfo\/","name":"Remiremont Info","description":"Toute l&#039;actualit\u00e9 de Remiremont","publisher":{"@id":"https:\/\/vosgesinfo.fr\/remiremontinfo\/#organization"},"alternateName":"Toute l'actualit\u00e9 de Remiremont","potentialAction":[{"@type":"SearchAction","target":{"@type":"EntryPoint","urlTemplate":"https:\/\/vosgesinfo.fr\/remiremontinfo\/?s={search_term_string}"},"query-input":"required name=search_term_string"}],"inLanguage":"fr-FR"},{"@type":"Organization","@id":"https:\/\/vosgesinfo.fr\/remiremontinfo\/#organization","name":"Remiremont Info","url":"https:\/\/vosgesinfo.fr\/remiremontinfo\/","logo":{"@type":"ImageObject","inLanguage":"fr-FR","@id":"https:\/\/vosgesinfo.fr\/remiremontinfo\/#\/schema\/logo\/image\/","url":"https:\/\/vosgesinfo.fr\/app\/uploads\/sites\/5\/2023\/08\/favicon-remiremontinfo.png","contentUrl":"https:\/\/vosgesinfo.fr\/app\/uploads\/sites\/5\/2023\/08\/favicon-remiremontinfo.png","width":512,"height":512,"caption":"Remiremont Info"},"image":{"@id":"https:\/\/vosgesinfo.fr\/remiremontinfo\/#\/schema\/logo\/image\/"},"sameAs":["https:\/\/www.facebook.com\/remiremontinfo","https:\/\/x.com\/VosgesInfo88","https:\/\/www.youtube.com\/@vosgesinfo"]},{"@type":"Person","@id":"https:\/\/vosgesinfo.fr\/remiremontinfo\/#\/schema\/person\/3bfd164d5218a185b1db68655a265316","name":"C D","image":{"@type":"ImageObject","inLanguage":"fr-FR","@id":"https:\/\/vosgesinfo.fr\/remiremontinfo\/#\/schema\/person\/image\/","url":"https:\/\/secure.gravatar.com\/avatar\/1f9a70007336511a47468b8f1c66f922b8b7cf617b02a31149ada43893a5d48f?s=96&d=mm&r=g","contentUrl":"https:\/\/secure.gravatar.com\/avatar\/1f9a70007336511a47468b8f1c66f922b8b7cf617b02a31149ada43893a5d48f?s=96&d=mm&r=g","caption":"C D"},"url":"https:\/\/vosgesinfo.fr\/remiremontinfo\/author\/cedric-drevet\/"}]}},"_links":{"self":[{"href":"https:\/\/vosgesinfo.fr\/remiremontinfo\/wp-json\/wp\/v2\/posts\/24801","targetHints":{"allow":["GET"]}}],"collection":[{"href":"https:\/\/vosgesinfo.fr\/remiremontinfo\/wp-json\/wp\/v2\/posts"}],"about":[{"href":"https:\/\/vosgesinfo.fr\/remiremontinfo\/wp-json\/wp\/v2\/types\/post"}],"author":[{"embeddable":true,"href":"https:\/\/vosgesinfo.fr\/remiremontinfo\/wp-json\/wp\/v2\/users\/407"}],"replies":[{"embeddable":true,"href":"https:\/\/vosgesinfo.fr\/remiremontinfo\/wp-json\/wp\/v2\/comments?post=24801"}],"version-history":[{"count":0,"href":"https:\/\/vosgesinfo.fr\/remiremontinfo\/wp-json\/wp\/v2\/posts\/24801\/revisions"}],"wp:featuredmedia":[{"embeddable":true,"href":"https:\/\/vosgesinfo.fr\/remiremontinfo\/wp-json\/wp\/v2\/media\/24802"}],"wp:attachment":[{"href":"https:\/\/vosgesinfo.fr\/remiremontinfo\/wp-json\/wp\/v2\/media?parent=24801"}],"wp:term":[{"taxonomy":"category","embeddable":true,"href":"https:\/\/vosgesinfo.fr\/remiremontinfo\/wp-json\/wp\/v2\/categories?post=24801"},{"taxonomy":"post_tag","embeddable":true,"href":"https:\/\/vosgesinfo.fr\/remiremontinfo\/wp-json\/wp\/v2\/tags?post=24801"}],"curies":[{"name":"wp","href":"https:\/\/api.w.org\/{rel}","templated":true}]}}