{"id":24937,"date":"2020-01-29T06:00:40","date_gmt":"2020-01-29T05:00:40","guid":{"rendered":"https:\/\/vosgesinfo.fr\/remiremontinfo\/2020\/01\/bresse-soiree-coin-feu-compagnie-plateau-ivre\/"},"modified":"2020-01-29T06:00:40","modified_gmt":"2020-01-29T05:00:40","slug":"bresse-soiree-coin-feu-compagnie-plateau-ivre","status":"publish","type":"post","link":"https:\/\/vosgesinfo.fr\/remiremontinfo\/2020\/01\/bresse-soiree-coin-feu-compagnie-plateau-ivre\/","title":{"rendered":"La Bresse : une soir\u00e9e au coin du feu avec la compagnie Le Plateau Ivre"},"content":{"rendered":"<div class=\"page\" title=\"Page 1\">\n<div class=\"layoutArea\">\n<div class=\"column\">\n<h2><a href=\"\/2020\/01\/Capture-d\u2019e\u0301cran-2020-01-29-a\u0300-09.35.55.png\"><img decoding=\"async\" class=\"alignnone size-large wp-image-281626\" src=\"\/2020\/01\/Capture-d\u2019e\u0301cran-2020-01-29-a\u0300-09.35.55-1024x680.png\" alt=\"Capture d\u2019e\u0301cran 2020-01-29 a\u0300 09.35.55\" width=\"960\" height=\"638\" \/><\/a><\/h2>\n<h2><span style=\"font-size: 12pt;\"><strong>La compagnie voinraude propose ses spectacles au coin du feu. Formules the\u0301a\u0302trales de petit format, elles peuvent s\u2019adapter parfaitement a\u0300 la Maison de La Bresse. Le spectacle propose\u0301 s\u2019intitule \u00ab La meilleure version de l\u2019humanite\u0301, c\u2019est moi &#8230; \u00bb.<\/strong><\/span><\/h2>\n<p><a href=\"\/2020\/01\/Capture-d\u2019e\u0301cran-2020-01-29-a\u0300-09.35.40.png\"><img decoding=\"async\" class=\" wp-image-281625 alignright\" src=\"\/2020\/01\/Capture-d\u2019e\u0301cran-2020-01-29-a\u0300-09.35.40-720x1024.png\" alt=\"Capture d\u2019e\u0301cran 2020-01-29 a\u0300 09.35.40\" width=\"248\" height=\"353\" \/><\/a>Loi\u0308c Martin, coach au sein de l\u2019e\u0301mission \u00ab La Meilleure Version de l\u2019Humanite\u0301 c\u2019est moi \u00bb vient chez nous pour de\u0301celer qui sera La Nouvelle Meilleure Version 2020.<\/p>\n<p>Loi\u0308c Martin est un homme organise\u0301, combatif et convaincant. Il arrive avec sa boi\u0302te a\u0300 outils, pleine d\u2019astuces,<\/p>\n<\/div>\n<\/div>\n<div class=\"layoutArea\">\n<div class=\"column\">\n<p>de lec\u0327ons et d\u2019exercices, il vous pre\u0301sentera, dans un Pour appuyer son discours, des vide\u0301os exclusives vous seront pre\u0301sente\u0301es dans lesquelles ses fide\u0300les collaborateurs vous montreront la voie vers la re\u0301ussite. Si vous re\u0302vez de gagner, de parvenir, d\u2019empocher et de briller, alors n\u2019he\u0301sitez plus, ce spectacle est fait pour vous !<\/p>\n<p>Vendredi 7 fe\u0301vrier, 20h30 a\u0300 la Maison de La Bresse (7A rue de la Clairie) &#8211; Entre\u0301e 7\u20ac<\/p>\n<\/div>\n<\/div>\n<\/div>\n","protected":false},"excerpt":{"rendered":"<p>La compagnie voinraude propose ses spectacles au coin du feu. Formules the\u0301a\u0302trales de petit format, elles peuvent s\u2019adapter parfaitement a\u0300 [&hellip;]<\/p>\n","protected":false},"author":407,"featured_media":24938,"comment_status":"open","ping_status":"open","sticky":false,"template":"","format":"standard","meta":{"footnotes":""},"categories":[26,4,104,25],"tags":[],"class_list":["post-24937","post","type-post","status-publish","format-standard","has-post-thumbnail","hentry","category-a-la-une","category-culture","category-la-bresse-la-bresse-son-canton","category-la-bresse-son-canton"],"acf":[],"yoast_head":"<!-- This site is optimized with the Yoast SEO plugin v22.5 - https:\/\/yoast.com\/wordpress\/plugins\/seo\/ -->\n<title>La Bresse : une soir\u00e9e au coin du feu avec la compagnie Le Plateau Ivre - Remiremont Info<\/title>\n<meta name=\"robots\" content=\"index, follow, max-snippet:-1, max-image-preview:large, max-video-preview:-1\" \/>\n<link rel=\"canonical\" href=\"https:\/\/vosgesinfo.fr\/remiremontinfo\/2020\/01\/bresse-soiree-coin-feu-compagnie-plateau-ivre\/\" \/>\n<meta name=\"twitter:card\" content=\"summary_large_image\" \/>\n<meta name=\"twitter:title\" content=\"La Bresse : une soir\u00e9e au coin du feu avec la compagnie Le Plateau Ivre - Remiremont Info\" \/>\n<meta name=\"twitter:description\" content=\"La compagnie voinraude propose ses spectacles au coin du feu. Formules the\u0301a\u0302trales de petit format, elles peuvent s\u2019adapter parfaitement a\u0300 [&hellip;]\" \/>\n<meta name=\"twitter:image\" content=\"https:\/\/vosgesinfo.fr\/app\/uploads\/sites\/5\/2024\/09\/202001capture-decran-2020-01-29-a-09.35.55.png\" \/>\n<meta name=\"twitter:creator\" content=\"@VosgesInfo88\" \/>\n<meta name=\"twitter:site\" content=\"@VosgesInfo88\" \/>\n<meta name=\"twitter:label1\" content=\"\u00c9crit par\" \/>\n\t<meta name=\"twitter:data1\" content=\"C D\" \/>\n\t<meta name=\"twitter:label2\" content=\"Dur\u00e9e de lecture estim\u00e9e\" \/>\n\t<meta name=\"twitter:data2\" content=\"1 minute\" \/>\n<script type=\"application\/ld+json\" class=\"yoast-schema-graph\">{\"@context\":\"https:\/\/schema.org\",\"@graph\":[{\"@type\":\"Article\",\"@id\":\"https:\/\/vosgesinfo.fr\/remiremontinfo\/2020\/01\/bresse-soiree-coin-feu-compagnie-plateau-ivre\/#article\",\"isPartOf\":{\"@id\":\"https:\/\/vosgesinfo.fr\/remiremontinfo\/2020\/01\/bresse-soiree-coin-feu-compagnie-plateau-ivre\/\"},\"author\":{\"name\":\"C D\",\"@id\":\"https:\/\/vosgesinfo.fr\/remiremontinfo\/#\/schema\/person\/3bfd164d5218a185b1db68655a265316\"},\"headline\":\"La Bresse : une soir\u00e9e au coin du feu avec la compagnie Le Plateau Ivre\",\"datePublished\":\"2020-01-29T05:00:40+00:00\",\"dateModified\":\"2020-01-29T05:00:40+00:00\",\"mainEntityOfPage\":{\"@id\":\"https:\/\/vosgesinfo.fr\/remiremontinfo\/2020\/01\/bresse-soiree-coin-feu-compagnie-plateau-ivre\/\"},\"wordCount\":190,\"commentCount\":0,\"publisher\":{\"@id\":\"https:\/\/vosgesinfo.fr\/remiremontinfo\/#organization\"},\"image\":{\"@id\":\"https:\/\/vosgesinfo.fr\/remiremontinfo\/2020\/01\/bresse-soiree-coin-feu-compagnie-plateau-ivre\/#primaryimage\"},\"thumbnailUrl\":\"https:\/\/vosgesinfo.fr\/app\/uploads\/sites\/5\/2024\/09\/202001capture-decran-2020-01-29-a-09.35.55.png\",\"articleSection\":[\"A la Une\",\"Culture\",\"La Bresse\",\"La Bresse &amp; son canton\"],\"inLanguage\":\"fr-FR\",\"potentialAction\":[{\"@type\":\"CommentAction\",\"name\":\"Comment\",\"target\":[\"https:\/\/vosgesinfo.fr\/remiremontinfo\/2020\/01\/bresse-soiree-coin-feu-compagnie-plateau-ivre\/#respond\"]}]},{\"@type\":\"WebPage\",\"@id\":\"https:\/\/vosgesinfo.fr\/remiremontinfo\/2020\/01\/bresse-soiree-coin-feu-compagnie-plateau-ivre\/\",\"url\":\"https:\/\/vosgesinfo.fr\/remiremontinfo\/2020\/01\/bresse-soiree-coin-feu-compagnie-plateau-ivre\/\",\"name\":\"La Bresse : une soir\u00e9e au coin du feu avec la compagnie Le Plateau Ivre - Remiremont Info\",\"isPartOf\":{\"@id\":\"https:\/\/vosgesinfo.fr\/remiremontinfo\/#website\"},\"primaryImageOfPage\":{\"@id\":\"https:\/\/vosgesinfo.fr\/remiremontinfo\/2020\/01\/bresse-soiree-coin-feu-compagnie-plateau-ivre\/#primaryimage\"},\"image\":{\"@id\":\"https:\/\/vosgesinfo.fr\/remiremontinfo\/2020\/01\/bresse-soiree-coin-feu-compagnie-plateau-ivre\/#primaryimage\"},\"thumbnailUrl\":\"https:\/\/vosgesinfo.fr\/app\/uploads\/sites\/5\/2024\/09\/202001capture-decran-2020-01-29-a-09.35.55.png\",\"datePublished\":\"2020-01-29T05:00:40+00:00\",\"dateModified\":\"2020-01-29T05:00:40+00:00\",\"breadcrumb\":{\"@id\":\"https:\/\/vosgesinfo.fr\/remiremontinfo\/2020\/01\/bresse-soiree-coin-feu-compagnie-plateau-ivre\/#breadcrumb\"},\"inLanguage\":\"fr-FR\",\"potentialAction\":[{\"@type\":\"ReadAction\",\"target\":[\"https:\/\/vosgesinfo.fr\/remiremontinfo\/2020\/01\/bresse-soiree-coin-feu-compagnie-plateau-ivre\/\"]}]},{\"@type\":\"ImageObject\",\"inLanguage\":\"fr-FR\",\"@id\":\"https:\/\/vosgesinfo.fr\/remiremontinfo\/2020\/01\/bresse-soiree-coin-feu-compagnie-plateau-ivre\/#primaryimage\",\"url\":\"https:\/\/vosgesinfo.fr\/app\/uploads\/sites\/5\/2024\/09\/202001capture-decran-2020-01-29-a-09.35.55.png\",\"contentUrl\":\"https:\/\/vosgesinfo.fr\/app\/uploads\/sites\/5\/2024\/09\/202001capture-decran-2020-01-29-a-09.35.55.png\",\"width\":1506,\"height\":1000},{\"@type\":\"BreadcrumbList\",\"@id\":\"https:\/\/vosgesinfo.fr\/remiremontinfo\/2020\/01\/bresse-soiree-coin-feu-compagnie-plateau-ivre\/#breadcrumb\",\"itemListElement\":[{\"@type\":\"ListItem\",\"position\":1,\"name\":\"Home\",\"item\":\"https:\/\/vosgesinfo.fr\/remiremontinfo\/\"},{\"@type\":\"ListItem\",\"position\":2,\"name\":\"La Bresse : une soir\u00e9e au coin du feu avec la compagnie Le Plateau Ivre\"}]},{\"@type\":\"WebSite\",\"@id\":\"https:\/\/vosgesinfo.fr\/remiremontinfo\/#website\",\"url\":\"https:\/\/vosgesinfo.fr\/remiremontinfo\/\",\"name\":\"Remiremont Info\",\"description\":\"Toute l&#039;actualit\u00e9 de Remiremont\",\"publisher\":{\"@id\":\"https:\/\/vosgesinfo.fr\/remiremontinfo\/#organization\"},\"alternateName\":\"Toute l'actualit\u00e9 de Remiremont\",\"potentialAction\":[{\"@type\":\"SearchAction\",\"target\":{\"@type\":\"EntryPoint\",\"urlTemplate\":\"https:\/\/vosgesinfo.fr\/remiremontinfo\/?s={search_term_string}\"},\"query-input\":\"required name=search_term_string\"}],\"inLanguage\":\"fr-FR\"},{\"@type\":\"Organization\",\"@id\":\"https:\/\/vosgesinfo.fr\/remiremontinfo\/#organization\",\"name\":\"Remiremont Info\",\"url\":\"https:\/\/vosgesinfo.fr\/remiremontinfo\/\",\"logo\":{\"@type\":\"ImageObject\",\"inLanguage\":\"fr-FR\",\"@id\":\"https:\/\/vosgesinfo.fr\/remiremontinfo\/#\/schema\/logo\/image\/\",\"url\":\"https:\/\/vosgesinfo.fr\/app\/uploads\/sites\/5\/2023\/08\/favicon-remiremontinfo.png\",\"contentUrl\":\"https:\/\/vosgesinfo.fr\/app\/uploads\/sites\/5\/2023\/08\/favicon-remiremontinfo.png\",\"width\":512,\"height\":512,\"caption\":\"Remiremont Info\"},\"image\":{\"@id\":\"https:\/\/vosgesinfo.fr\/remiremontinfo\/#\/schema\/logo\/image\/\"},\"sameAs\":[\"https:\/\/www.facebook.com\/remiremontinfo\",\"https:\/\/x.com\/VosgesInfo88\",\"https:\/\/www.youtube.com\/@vosgesinfo\"]},{\"@type\":\"Person\",\"@id\":\"https:\/\/vosgesinfo.fr\/remiremontinfo\/#\/schema\/person\/3bfd164d5218a185b1db68655a265316\",\"name\":\"C D\",\"image\":{\"@type\":\"ImageObject\",\"inLanguage\":\"fr-FR\",\"@id\":\"https:\/\/vosgesinfo.fr\/remiremontinfo\/#\/schema\/person\/image\/\",\"url\":\"https:\/\/secure.gravatar.com\/avatar\/1f9a70007336511a47468b8f1c66f922b8b7cf617b02a31149ada43893a5d48f?s=96&d=mm&r=g\",\"contentUrl\":\"https:\/\/secure.gravatar.com\/avatar\/1f9a70007336511a47468b8f1c66f922b8b7cf617b02a31149ada43893a5d48f?s=96&d=mm&r=g\",\"caption\":\"C D\"},\"url\":\"https:\/\/vosgesinfo.fr\/remiremontinfo\/author\/cedric-drevet\/\"}]}<\/script>\n<!-- \/ Yoast SEO plugin. -->","yoast_head_json":{"title":"La Bresse : une soir\u00e9e au coin du feu avec la compagnie Le Plateau Ivre - Remiremont Info","robots":{"index":"index","follow":"follow","max-snippet":"max-snippet:-1","max-image-preview":"max-image-preview:large","max-video-preview":"max-video-preview:-1"},"canonical":"https:\/\/vosgesinfo.fr\/remiremontinfo\/2020\/01\/bresse-soiree-coin-feu-compagnie-plateau-ivre\/","twitter_card":"summary_large_image","twitter_title":"La Bresse : une soir\u00e9e au coin du feu avec la compagnie Le Plateau Ivre - Remiremont Info","twitter_description":"La compagnie voinraude propose ses spectacles au coin du feu. Formules the\u0301a\u0302trales de petit format, elles peuvent s\u2019adapter parfaitement a\u0300 [&hellip;]","twitter_image":"https:\/\/vosgesinfo.fr\/app\/uploads\/sites\/5\/2024\/09\/202001capture-decran-2020-01-29-a-09.35.55.png","twitter_creator":"@VosgesInfo88","twitter_site":"@VosgesInfo88","twitter_misc":{"\u00c9crit par":"C D","Dur\u00e9e de lecture estim\u00e9e":"1 minute"},"schema":{"@context":"https:\/\/schema.org","@graph":[{"@type":"Article","@id":"https:\/\/vosgesinfo.fr\/remiremontinfo\/2020\/01\/bresse-soiree-coin-feu-compagnie-plateau-ivre\/#article","isPartOf":{"@id":"https:\/\/vosgesinfo.fr\/remiremontinfo\/2020\/01\/bresse-soiree-coin-feu-compagnie-plateau-ivre\/"},"author":{"name":"C D","@id":"https:\/\/vosgesinfo.fr\/remiremontinfo\/#\/schema\/person\/3bfd164d5218a185b1db68655a265316"},"headline":"La Bresse : une soir\u00e9e au coin du feu avec la compagnie Le Plateau Ivre","datePublished":"2020-01-29T05:00:40+00:00","dateModified":"2020-01-29T05:00:40+00:00","mainEntityOfPage":{"@id":"https:\/\/vosgesinfo.fr\/remiremontinfo\/2020\/01\/bresse-soiree-coin-feu-compagnie-plateau-ivre\/"},"wordCount":190,"commentCount":0,"publisher":{"@id":"https:\/\/vosgesinfo.fr\/remiremontinfo\/#organization"},"image":{"@id":"https:\/\/vosgesinfo.fr\/remiremontinfo\/2020\/01\/bresse-soiree-coin-feu-compagnie-plateau-ivre\/#primaryimage"},"thumbnailUrl":"https:\/\/vosgesinfo.fr\/app\/uploads\/sites\/5\/2024\/09\/202001capture-decran-2020-01-29-a-09.35.55.png","articleSection":["A la Une","Culture","La Bresse","La Bresse &amp; son canton"],"inLanguage":"fr-FR","potentialAction":[{"@type":"CommentAction","name":"Comment","target":["https:\/\/vosgesinfo.fr\/remiremontinfo\/2020\/01\/bresse-soiree-coin-feu-compagnie-plateau-ivre\/#respond"]}]},{"@type":"WebPage","@id":"https:\/\/vosgesinfo.fr\/remiremontinfo\/2020\/01\/bresse-soiree-coin-feu-compagnie-plateau-ivre\/","url":"https:\/\/vosgesinfo.fr\/remiremontinfo\/2020\/01\/bresse-soiree-coin-feu-compagnie-plateau-ivre\/","name":"La Bresse : une soir\u00e9e au coin du feu avec la compagnie Le Plateau Ivre - Remiremont Info","isPartOf":{"@id":"https:\/\/vosgesinfo.fr\/remiremontinfo\/#website"},"primaryImageOfPage":{"@id":"https:\/\/vosgesinfo.fr\/remiremontinfo\/2020\/01\/bresse-soiree-coin-feu-compagnie-plateau-ivre\/#primaryimage"},"image":{"@id":"https:\/\/vosgesinfo.fr\/remiremontinfo\/2020\/01\/bresse-soiree-coin-feu-compagnie-plateau-ivre\/#primaryimage"},"thumbnailUrl":"https:\/\/vosgesinfo.fr\/app\/uploads\/sites\/5\/2024\/09\/202001capture-decran-2020-01-29-a-09.35.55.png","datePublished":"2020-01-29T05:00:40+00:00","dateModified":"2020-01-29T05:00:40+00:00","breadcrumb":{"@id":"https:\/\/vosgesinfo.fr\/remiremontinfo\/2020\/01\/bresse-soiree-coin-feu-compagnie-plateau-ivre\/#breadcrumb"},"inLanguage":"fr-FR","potentialAction":[{"@type":"ReadAction","target":["https:\/\/vosgesinfo.fr\/remiremontinfo\/2020\/01\/bresse-soiree-coin-feu-compagnie-plateau-ivre\/"]}]},{"@type":"ImageObject","inLanguage":"fr-FR","@id":"https:\/\/vosgesinfo.fr\/remiremontinfo\/2020\/01\/bresse-soiree-coin-feu-compagnie-plateau-ivre\/#primaryimage","url":"https:\/\/vosgesinfo.fr\/app\/uploads\/sites\/5\/2024\/09\/202001capture-decran-2020-01-29-a-09.35.55.png","contentUrl":"https:\/\/vosgesinfo.fr\/app\/uploads\/sites\/5\/2024\/09\/202001capture-decran-2020-01-29-a-09.35.55.png","width":1506,"height":1000},{"@type":"BreadcrumbList","@id":"https:\/\/vosgesinfo.fr\/remiremontinfo\/2020\/01\/bresse-soiree-coin-feu-compagnie-plateau-ivre\/#breadcrumb","itemListElement":[{"@type":"ListItem","position":1,"name":"Home","item":"https:\/\/vosgesinfo.fr\/remiremontinfo\/"},{"@type":"ListItem","position":2,"name":"La Bresse : une soir\u00e9e au coin du feu avec la compagnie Le Plateau Ivre"}]},{"@type":"WebSite","@id":"https:\/\/vosgesinfo.fr\/remiremontinfo\/#website","url":"https:\/\/vosgesinfo.fr\/remiremontinfo\/","name":"Remiremont Info","description":"Toute l&#039;actualit\u00e9 de Remiremont","publisher":{"@id":"https:\/\/vosgesinfo.fr\/remiremontinfo\/#organization"},"alternateName":"Toute l'actualit\u00e9 de Remiremont","potentialAction":[{"@type":"SearchAction","target":{"@type":"EntryPoint","urlTemplate":"https:\/\/vosgesinfo.fr\/remiremontinfo\/?s={search_term_string}"},"query-input":"required name=search_term_string"}],"inLanguage":"fr-FR"},{"@type":"Organization","@id":"https:\/\/vosgesinfo.fr\/remiremontinfo\/#organization","name":"Remiremont Info","url":"https:\/\/vosgesinfo.fr\/remiremontinfo\/","logo":{"@type":"ImageObject","inLanguage":"fr-FR","@id":"https:\/\/vosgesinfo.fr\/remiremontinfo\/#\/schema\/logo\/image\/","url":"https:\/\/vosgesinfo.fr\/app\/uploads\/sites\/5\/2023\/08\/favicon-remiremontinfo.png","contentUrl":"https:\/\/vosgesinfo.fr\/app\/uploads\/sites\/5\/2023\/08\/favicon-remiremontinfo.png","width":512,"height":512,"caption":"Remiremont Info"},"image":{"@id":"https:\/\/vosgesinfo.fr\/remiremontinfo\/#\/schema\/logo\/image\/"},"sameAs":["https:\/\/www.facebook.com\/remiremontinfo","https:\/\/x.com\/VosgesInfo88","https:\/\/www.youtube.com\/@vosgesinfo"]},{"@type":"Person","@id":"https:\/\/vosgesinfo.fr\/remiremontinfo\/#\/schema\/person\/3bfd164d5218a185b1db68655a265316","name":"C D","image":{"@type":"ImageObject","inLanguage":"fr-FR","@id":"https:\/\/vosgesinfo.fr\/remiremontinfo\/#\/schema\/person\/image\/","url":"https:\/\/secure.gravatar.com\/avatar\/1f9a70007336511a47468b8f1c66f922b8b7cf617b02a31149ada43893a5d48f?s=96&d=mm&r=g","contentUrl":"https:\/\/secure.gravatar.com\/avatar\/1f9a70007336511a47468b8f1c66f922b8b7cf617b02a31149ada43893a5d48f?s=96&d=mm&r=g","caption":"C D"},"url":"https:\/\/vosgesinfo.fr\/remiremontinfo\/author\/cedric-drevet\/"}]}},"_links":{"self":[{"href":"https:\/\/vosgesinfo.fr\/remiremontinfo\/wp-json\/wp\/v2\/posts\/24937","targetHints":{"allow":["GET"]}}],"collection":[{"href":"https:\/\/vosgesinfo.fr\/remiremontinfo\/wp-json\/wp\/v2\/posts"}],"about":[{"href":"https:\/\/vosgesinfo.fr\/remiremontinfo\/wp-json\/wp\/v2\/types\/post"}],"author":[{"embeddable":true,"href":"https:\/\/vosgesinfo.fr\/remiremontinfo\/wp-json\/wp\/v2\/users\/407"}],"replies":[{"embeddable":true,"href":"https:\/\/vosgesinfo.fr\/remiremontinfo\/wp-json\/wp\/v2\/comments?post=24937"}],"version-history":[{"count":0,"href":"https:\/\/vosgesinfo.fr\/remiremontinfo\/wp-json\/wp\/v2\/posts\/24937\/revisions"}],"wp:featuredmedia":[{"embeddable":true,"href":"https:\/\/vosgesinfo.fr\/remiremontinfo\/wp-json\/wp\/v2\/media\/24938"}],"wp:attachment":[{"href":"https:\/\/vosgesinfo.fr\/remiremontinfo\/wp-json\/wp\/v2\/media?parent=24937"}],"wp:term":[{"taxonomy":"category","embeddable":true,"href":"https:\/\/vosgesinfo.fr\/remiremontinfo\/wp-json\/wp\/v2\/categories?post=24937"},{"taxonomy":"post_tag","embeddable":true,"href":"https:\/\/vosgesinfo.fr\/remiremontinfo\/wp-json\/wp\/v2\/tags?post=24937"}],"curies":[{"name":"wp","href":"https:\/\/api.w.org\/{rel}","templated":true}]}}