{"id":2506,"date":"2023-11-06T13:45:41","date_gmt":"2023-11-06T12:45:41","guid":{"rendered":"https:\/\/vosgesinfo.fr\/remiremontinfo\/2023\/11\/gerardmer-propose-par-les-amis-lorrains-du-laos\/"},"modified":"2023-11-06T13:45:41","modified_gmt":"2023-11-06T12:45:41","slug":"gerardmer-propose-par-les-amis-lorrains-du-laos","status":"publish","type":"post","link":"https:\/\/vosgesinfo.fr\/remiremontinfo\/2023\/11\/gerardmer-propose-par-les-amis-lorrains-du-laos\/","title":{"rendered":"G\u00e9rardmer : Propos\u00e9 par les \u00ab\u00a0Amis Lorrains du Laos\u00a0\u00bb"},"content":{"rendered":"<p>Situ\u00e9 en Asie du Sud-Est, dans l&rsquo;ex Indochine, le Laos reste encore tr\u00e8s pauvre. C&rsquo;est un pays attachant, \u00e0 l&rsquo;histoire boulevers\u00e9e et complexe mais o\u00f9 les habitants restent<a href=\"https:\/\/remiremontinfo.fr\/wp-content\/uploads\/2023\/11\/flyer_page-0001.jpg\"><img decoding=\"async\" class=\"alignright size-medium wp-image-379080\" src=\"https:\/\/vosgesinfo.fr\/app\/uploads\/sites\/5\/2023\/11\/flyer-page-0001.jpg\" alt=\"flyer_page-0001\" width=\"180\" height=\"255\" \/><\/a> accueillants, souriants et paisibles.\u00a0 L&rsquo;association \u00ab\u00a0Amis Lorrains du Laos\u00a0\u00bb pr\u00e9sente depuis plus de 25 ans sur le terrain, accompagne dans leur d\u00e9sir de d\u00e9veloppement les villages perdus dans la montagne.<\/p>\n<p>En partenariat avec le Grattoir, (11 boulevard Kelsch 88400 G\u00e9rardmer<em>)<\/em>\u00a0nous vous proposons le 7 novembre \u00e0 20 h,\u00a0 une conf\u00e9rence sur le th\u00e8me\u00a0 \u00ab\u00a0<em>Soutenir le D\u00e9veloppement au Laos ?\u00a0\u00bb<\/em>.<\/p>\n<p>Nous pr\u00e9senterons le pays, notre association, l&rsquo;exemple d&rsquo;un village et nous expliquerons pourquoi et comment nous y sommes engag\u00e9s.<em><br \/>\n<\/em><\/p>\n<p>Nous vous y attendons nombreux, communiquer l&rsquo;info sans mod\u00e9ration!<\/p>\n<p>A bient\u00f4t<\/p>\n<p>Etienne GEHIN<\/p>\n<p>Pr\u00e9sident<\/p>\n<p><u>Les Amis Lorrains du Laos<\/u><\/p>\n<p><a href=\"https:\/\/www.amislorrainsdulaos.org\/\" target=\"_blank\" rel=\"noreferrer noopener\">https:\/\/www.amislorrainsdulaos.org\/<\/a><\/p>\n<p><a href=\"mailto:amislorrainsdulaos@orange.fr\" rel=\"noreferrer\">contact@amislorrainsdulaos.org<\/a><\/p>\n","protected":false},"excerpt":{"rendered":"<p>Situ\u00e9 en Asie du Sud-Est, dans l&rsquo;ex Indochine, le Laos reste encore tr\u00e8s pauvre. C&rsquo;est un pays attachant, \u00e0 l&rsquo;histoire [&hellip;]<\/p>\n","protected":false},"author":412,"featured_media":2505,"comment_status":"open","ping_status":"open","sticky":false,"template":"","format":"standard","meta":{"footnotes":""},"categories":[26,60,18],"tags":[222,63,44,32],"class_list":["post-2506","post","type-post","status-publish","format-standard","has-post-thumbnail","hentry","category-a-la-une","category-solidarite","category-vosges","tag-conference","tag-gerardmer","tag-remiremont","tag-vosges"],"acf":[],"yoast_head":"<!-- This site is optimized with the Yoast SEO plugin v22.5 - https:\/\/yoast.com\/wordpress\/plugins\/seo\/ -->\n<title>G\u00e9rardmer : Propos\u00e9 par les &quot;Amis Lorrains du Laos&quot; - Remiremont Info<\/title>\n<meta name=\"robots\" content=\"index, follow, max-snippet:-1, max-image-preview:large, max-video-preview:-1\" \/>\n<link rel=\"canonical\" href=\"https:\/\/vosgesinfo.fr\/remiremontinfo\/2023\/11\/gerardmer-propose-par-les-amis-lorrains-du-laos\/\" \/>\n<meta name=\"twitter:card\" content=\"summary_large_image\" \/>\n<meta name=\"twitter:title\" content=\"G\u00e9rardmer : Propos\u00e9 par les &quot;Amis Lorrains du Laos&quot; - Remiremont Info\" \/>\n<meta name=\"twitter:description\" content=\"Situ\u00e9 en Asie du Sud-Est, dans l&rsquo;ex Indochine, le Laos reste encore tr\u00e8s pauvre. C&rsquo;est un pays attachant, \u00e0 l&rsquo;histoire [&hellip;]\" \/>\n<meta name=\"twitter:image\" content=\"https:\/\/vosgesinfo.fr\/app\/uploads\/sites\/5\/2023\/11\/flyer-page-0001.jpg\" \/>\n<meta name=\"twitter:creator\" content=\"@VosgesInfo88\" \/>\n<meta name=\"twitter:site\" content=\"@VosgesInfo88\" \/>\n<meta name=\"twitter:label1\" content=\"\u00c9crit par\" \/>\n\t<meta name=\"twitter:data1\" content=\"Stany Maurice\" \/>\n\t<meta name=\"twitter:label2\" content=\"Dur\u00e9e de lecture estim\u00e9e\" \/>\n\t<meta name=\"twitter:data2\" content=\"1 minute\" \/>\n<script type=\"application\/ld+json\" class=\"yoast-schema-graph\">{\"@context\":\"https:\/\/schema.org\",\"@graph\":[{\"@type\":\"Article\",\"@id\":\"https:\/\/vosgesinfo.fr\/remiremontinfo\/2023\/11\/gerardmer-propose-par-les-amis-lorrains-du-laos\/#article\",\"isPartOf\":{\"@id\":\"https:\/\/vosgesinfo.fr\/remiremontinfo\/2023\/11\/gerardmer-propose-par-les-amis-lorrains-du-laos\/\"},\"author\":{\"name\":\"Stany Maurice\",\"@id\":\"https:\/\/vosgesinfo.fr\/remiremontinfo\/#\/schema\/person\/bec388675ce53b5a637aec04392f977e\"},\"headline\":\"G\u00e9rardmer : Propos\u00e9 par les \u00ab\u00a0Amis Lorrains du Laos\u00a0\u00bb\",\"datePublished\":\"2023-11-06T12:45:41+00:00\",\"dateModified\":\"2023-11-06T12:45:41+00:00\",\"mainEntityOfPage\":{\"@id\":\"https:\/\/vosgesinfo.fr\/remiremontinfo\/2023\/11\/gerardmer-propose-par-les-amis-lorrains-du-laos\/\"},\"wordCount\":155,\"commentCount\":0,\"publisher\":{\"@id\":\"https:\/\/vosgesinfo.fr\/remiremontinfo\/#organization\"},\"image\":{\"@id\":\"https:\/\/vosgesinfo.fr\/remiremontinfo\/2023\/11\/gerardmer-propose-par-les-amis-lorrains-du-laos\/#primaryimage\"},\"thumbnailUrl\":\"https:\/\/vosgesinfo.fr\/app\/uploads\/sites\/5\/2023\/11\/flyer-page-0001.jpg\",\"keywords\":[\"conf\u00e9rence\",\"g\u00e9rardmer\",\"remiremont\",\"Vosges\"],\"articleSection\":[\"A la Une\",\"Solidarit\u00e9\",\"Vosges\"],\"inLanguage\":\"fr-FR\",\"potentialAction\":[{\"@type\":\"CommentAction\",\"name\":\"Comment\",\"target\":[\"https:\/\/vosgesinfo.fr\/remiremontinfo\/2023\/11\/gerardmer-propose-par-les-amis-lorrains-du-laos\/#respond\"]}]},{\"@type\":\"WebPage\",\"@id\":\"https:\/\/vosgesinfo.fr\/remiremontinfo\/2023\/11\/gerardmer-propose-par-les-amis-lorrains-du-laos\/\",\"url\":\"https:\/\/vosgesinfo.fr\/remiremontinfo\/2023\/11\/gerardmer-propose-par-les-amis-lorrains-du-laos\/\",\"name\":\"G\u00e9rardmer : Propos\u00e9 par les \\\"Amis Lorrains du Laos\\\" - Remiremont Info\",\"isPartOf\":{\"@id\":\"https:\/\/vosgesinfo.fr\/remiremontinfo\/#website\"},\"primaryImageOfPage\":{\"@id\":\"https:\/\/vosgesinfo.fr\/remiremontinfo\/2023\/11\/gerardmer-propose-par-les-amis-lorrains-du-laos\/#primaryimage\"},\"image\":{\"@id\":\"https:\/\/vosgesinfo.fr\/remiremontinfo\/2023\/11\/gerardmer-propose-par-les-amis-lorrains-du-laos\/#primaryimage\"},\"thumbnailUrl\":\"https:\/\/vosgesinfo.fr\/app\/uploads\/sites\/5\/2023\/11\/flyer-page-0001.jpg\",\"datePublished\":\"2023-11-06T12:45:41+00:00\",\"dateModified\":\"2023-11-06T12:45:41+00:00\",\"breadcrumb\":{\"@id\":\"https:\/\/vosgesinfo.fr\/remiremontinfo\/2023\/11\/gerardmer-propose-par-les-amis-lorrains-du-laos\/#breadcrumb\"},\"inLanguage\":\"fr-FR\",\"potentialAction\":[{\"@type\":\"ReadAction\",\"target\":[\"https:\/\/vosgesinfo.fr\/remiremontinfo\/2023\/11\/gerardmer-propose-par-les-amis-lorrains-du-laos\/\"]}]},{\"@type\":\"ImageObject\",\"inLanguage\":\"fr-FR\",\"@id\":\"https:\/\/vosgesinfo.fr\/remiremontinfo\/2023\/11\/gerardmer-propose-par-les-amis-lorrains-du-laos\/#primaryimage\",\"url\":\"https:\/\/vosgesinfo.fr\/app\/uploads\/sites\/5\/2023\/11\/flyer-page-0001.jpg\",\"contentUrl\":\"https:\/\/vosgesinfo.fr\/app\/uploads\/sites\/5\/2023\/11\/flyer-page-0001.jpg\",\"width\":1240,\"height\":1755},{\"@type\":\"BreadcrumbList\",\"@id\":\"https:\/\/vosgesinfo.fr\/remiremontinfo\/2023\/11\/gerardmer-propose-par-les-amis-lorrains-du-laos\/#breadcrumb\",\"itemListElement\":[{\"@type\":\"ListItem\",\"position\":1,\"name\":\"Home\",\"item\":\"https:\/\/vosgesinfo.fr\/remiremontinfo\/\"},{\"@type\":\"ListItem\",\"position\":2,\"name\":\"G\u00e9rardmer : Propos\u00e9 par les \u00ab\u00a0Amis Lorrains du Laos\u00a0\u00bb\"}]},{\"@type\":\"WebSite\",\"@id\":\"https:\/\/vosgesinfo.fr\/remiremontinfo\/#website\",\"url\":\"https:\/\/vosgesinfo.fr\/remiremontinfo\/\",\"name\":\"Remiremont Info\",\"description\":\"Toute l&#039;actualit\u00e9 de Remiremont\",\"publisher\":{\"@id\":\"https:\/\/vosgesinfo.fr\/remiremontinfo\/#organization\"},\"alternateName\":\"Toute l'actualit\u00e9 de Remiremont\",\"potentialAction\":[{\"@type\":\"SearchAction\",\"target\":{\"@type\":\"EntryPoint\",\"urlTemplate\":\"https:\/\/vosgesinfo.fr\/remiremontinfo\/?s={search_term_string}\"},\"query-input\":\"required name=search_term_string\"}],\"inLanguage\":\"fr-FR\"},{\"@type\":\"Organization\",\"@id\":\"https:\/\/vosgesinfo.fr\/remiremontinfo\/#organization\",\"name\":\"Remiremont Info\",\"url\":\"https:\/\/vosgesinfo.fr\/remiremontinfo\/\",\"logo\":{\"@type\":\"ImageObject\",\"inLanguage\":\"fr-FR\",\"@id\":\"https:\/\/vosgesinfo.fr\/remiremontinfo\/#\/schema\/logo\/image\/\",\"url\":\"https:\/\/vosgesinfo.fr\/app\/uploads\/sites\/5\/2023\/08\/favicon-remiremontinfo.png\",\"contentUrl\":\"https:\/\/vosgesinfo.fr\/app\/uploads\/sites\/5\/2023\/08\/favicon-remiremontinfo.png\",\"width\":512,\"height\":512,\"caption\":\"Remiremont Info\"},\"image\":{\"@id\":\"https:\/\/vosgesinfo.fr\/remiremontinfo\/#\/schema\/logo\/image\/\"},\"sameAs\":[\"https:\/\/www.facebook.com\/remiremontinfo\",\"https:\/\/x.com\/VosgesInfo88\",\"https:\/\/www.youtube.com\/@vosgesinfo\"]},{\"@type\":\"Person\",\"@id\":\"https:\/\/vosgesinfo.fr\/remiremontinfo\/#\/schema\/person\/bec388675ce53b5a637aec04392f977e\",\"name\":\"Stany Maurice\",\"image\":{\"@type\":\"ImageObject\",\"inLanguage\":\"fr-FR\",\"@id\":\"https:\/\/vosgesinfo.fr\/remiremontinfo\/#\/schema\/person\/image\/\",\"url\":\"https:\/\/secure.gravatar.com\/avatar\/68520b0c74251371bd10958bd19c3ce39a212093b8fff0dc3edbfcfddd089807?s=96&d=mm&r=g\",\"contentUrl\":\"https:\/\/secure.gravatar.com\/avatar\/68520b0c74251371bd10958bd19c3ce39a212093b8fff0dc3edbfcfddd089807?s=96&d=mm&r=g\",\"caption\":\"Stany Maurice\"},\"url\":\"https:\/\/vosgesinfo.fr\/remiremontinfo\/author\/s-maurice\/\"}]}<\/script>\n<!-- \/ Yoast SEO plugin. -->","yoast_head_json":{"title":"G\u00e9rardmer : Propos\u00e9 par les \"Amis Lorrains du Laos\" - Remiremont Info","robots":{"index":"index","follow":"follow","max-snippet":"max-snippet:-1","max-image-preview":"max-image-preview:large","max-video-preview":"max-video-preview:-1"},"canonical":"https:\/\/vosgesinfo.fr\/remiremontinfo\/2023\/11\/gerardmer-propose-par-les-amis-lorrains-du-laos\/","twitter_card":"summary_large_image","twitter_title":"G\u00e9rardmer : Propos\u00e9 par les \"Amis Lorrains du Laos\" - Remiremont Info","twitter_description":"Situ\u00e9 en Asie du Sud-Est, dans l&rsquo;ex Indochine, le Laos reste encore tr\u00e8s pauvre. C&rsquo;est un pays attachant, \u00e0 l&rsquo;histoire [&hellip;]","twitter_image":"https:\/\/vosgesinfo.fr\/app\/uploads\/sites\/5\/2023\/11\/flyer-page-0001.jpg","twitter_creator":"@VosgesInfo88","twitter_site":"@VosgesInfo88","twitter_misc":{"\u00c9crit par":"Stany Maurice","Dur\u00e9e de lecture estim\u00e9e":"1 minute"},"schema":{"@context":"https:\/\/schema.org","@graph":[{"@type":"Article","@id":"https:\/\/vosgesinfo.fr\/remiremontinfo\/2023\/11\/gerardmer-propose-par-les-amis-lorrains-du-laos\/#article","isPartOf":{"@id":"https:\/\/vosgesinfo.fr\/remiremontinfo\/2023\/11\/gerardmer-propose-par-les-amis-lorrains-du-laos\/"},"author":{"name":"Stany Maurice","@id":"https:\/\/vosgesinfo.fr\/remiremontinfo\/#\/schema\/person\/bec388675ce53b5a637aec04392f977e"},"headline":"G\u00e9rardmer : Propos\u00e9 par les \u00ab\u00a0Amis Lorrains du Laos\u00a0\u00bb","datePublished":"2023-11-06T12:45:41+00:00","dateModified":"2023-11-06T12:45:41+00:00","mainEntityOfPage":{"@id":"https:\/\/vosgesinfo.fr\/remiremontinfo\/2023\/11\/gerardmer-propose-par-les-amis-lorrains-du-laos\/"},"wordCount":155,"commentCount":0,"publisher":{"@id":"https:\/\/vosgesinfo.fr\/remiremontinfo\/#organization"},"image":{"@id":"https:\/\/vosgesinfo.fr\/remiremontinfo\/2023\/11\/gerardmer-propose-par-les-amis-lorrains-du-laos\/#primaryimage"},"thumbnailUrl":"https:\/\/vosgesinfo.fr\/app\/uploads\/sites\/5\/2023\/11\/flyer-page-0001.jpg","keywords":["conf\u00e9rence","g\u00e9rardmer","remiremont","Vosges"],"articleSection":["A la Une","Solidarit\u00e9","Vosges"],"inLanguage":"fr-FR","potentialAction":[{"@type":"CommentAction","name":"Comment","target":["https:\/\/vosgesinfo.fr\/remiremontinfo\/2023\/11\/gerardmer-propose-par-les-amis-lorrains-du-laos\/#respond"]}]},{"@type":"WebPage","@id":"https:\/\/vosgesinfo.fr\/remiremontinfo\/2023\/11\/gerardmer-propose-par-les-amis-lorrains-du-laos\/","url":"https:\/\/vosgesinfo.fr\/remiremontinfo\/2023\/11\/gerardmer-propose-par-les-amis-lorrains-du-laos\/","name":"G\u00e9rardmer : Propos\u00e9 par les \"Amis Lorrains du Laos\" - Remiremont Info","isPartOf":{"@id":"https:\/\/vosgesinfo.fr\/remiremontinfo\/#website"},"primaryImageOfPage":{"@id":"https:\/\/vosgesinfo.fr\/remiremontinfo\/2023\/11\/gerardmer-propose-par-les-amis-lorrains-du-laos\/#primaryimage"},"image":{"@id":"https:\/\/vosgesinfo.fr\/remiremontinfo\/2023\/11\/gerardmer-propose-par-les-amis-lorrains-du-laos\/#primaryimage"},"thumbnailUrl":"https:\/\/vosgesinfo.fr\/app\/uploads\/sites\/5\/2023\/11\/flyer-page-0001.jpg","datePublished":"2023-11-06T12:45:41+00:00","dateModified":"2023-11-06T12:45:41+00:00","breadcrumb":{"@id":"https:\/\/vosgesinfo.fr\/remiremontinfo\/2023\/11\/gerardmer-propose-par-les-amis-lorrains-du-laos\/#breadcrumb"},"inLanguage":"fr-FR","potentialAction":[{"@type":"ReadAction","target":["https:\/\/vosgesinfo.fr\/remiremontinfo\/2023\/11\/gerardmer-propose-par-les-amis-lorrains-du-laos\/"]}]},{"@type":"ImageObject","inLanguage":"fr-FR","@id":"https:\/\/vosgesinfo.fr\/remiremontinfo\/2023\/11\/gerardmer-propose-par-les-amis-lorrains-du-laos\/#primaryimage","url":"https:\/\/vosgesinfo.fr\/app\/uploads\/sites\/5\/2023\/11\/flyer-page-0001.jpg","contentUrl":"https:\/\/vosgesinfo.fr\/app\/uploads\/sites\/5\/2023\/11\/flyer-page-0001.jpg","width":1240,"height":1755},{"@type":"BreadcrumbList","@id":"https:\/\/vosgesinfo.fr\/remiremontinfo\/2023\/11\/gerardmer-propose-par-les-amis-lorrains-du-laos\/#breadcrumb","itemListElement":[{"@type":"ListItem","position":1,"name":"Home","item":"https:\/\/vosgesinfo.fr\/remiremontinfo\/"},{"@type":"ListItem","position":2,"name":"G\u00e9rardmer : Propos\u00e9 par les \u00ab\u00a0Amis Lorrains du Laos\u00a0\u00bb"}]},{"@type":"WebSite","@id":"https:\/\/vosgesinfo.fr\/remiremontinfo\/#website","url":"https:\/\/vosgesinfo.fr\/remiremontinfo\/","name":"Remiremont Info","description":"Toute l&#039;actualit\u00e9 de Remiremont","publisher":{"@id":"https:\/\/vosgesinfo.fr\/remiremontinfo\/#organization"},"alternateName":"Toute l'actualit\u00e9 de Remiremont","potentialAction":[{"@type":"SearchAction","target":{"@type":"EntryPoint","urlTemplate":"https:\/\/vosgesinfo.fr\/remiremontinfo\/?s={search_term_string}"},"query-input":"required name=search_term_string"}],"inLanguage":"fr-FR"},{"@type":"Organization","@id":"https:\/\/vosgesinfo.fr\/remiremontinfo\/#organization","name":"Remiremont Info","url":"https:\/\/vosgesinfo.fr\/remiremontinfo\/","logo":{"@type":"ImageObject","inLanguage":"fr-FR","@id":"https:\/\/vosgesinfo.fr\/remiremontinfo\/#\/schema\/logo\/image\/","url":"https:\/\/vosgesinfo.fr\/app\/uploads\/sites\/5\/2023\/08\/favicon-remiremontinfo.png","contentUrl":"https:\/\/vosgesinfo.fr\/app\/uploads\/sites\/5\/2023\/08\/favicon-remiremontinfo.png","width":512,"height":512,"caption":"Remiremont Info"},"image":{"@id":"https:\/\/vosgesinfo.fr\/remiremontinfo\/#\/schema\/logo\/image\/"},"sameAs":["https:\/\/www.facebook.com\/remiremontinfo","https:\/\/x.com\/VosgesInfo88","https:\/\/www.youtube.com\/@vosgesinfo"]},{"@type":"Person","@id":"https:\/\/vosgesinfo.fr\/remiremontinfo\/#\/schema\/person\/bec388675ce53b5a637aec04392f977e","name":"Stany Maurice","image":{"@type":"ImageObject","inLanguage":"fr-FR","@id":"https:\/\/vosgesinfo.fr\/remiremontinfo\/#\/schema\/person\/image\/","url":"https:\/\/secure.gravatar.com\/avatar\/68520b0c74251371bd10958bd19c3ce39a212093b8fff0dc3edbfcfddd089807?s=96&d=mm&r=g","contentUrl":"https:\/\/secure.gravatar.com\/avatar\/68520b0c74251371bd10958bd19c3ce39a212093b8fff0dc3edbfcfddd089807?s=96&d=mm&r=g","caption":"Stany Maurice"},"url":"https:\/\/vosgesinfo.fr\/remiremontinfo\/author\/s-maurice\/"}]}},"_links":{"self":[{"href":"https:\/\/vosgesinfo.fr\/remiremontinfo\/wp-json\/wp\/v2\/posts\/2506","targetHints":{"allow":["GET"]}}],"collection":[{"href":"https:\/\/vosgesinfo.fr\/remiremontinfo\/wp-json\/wp\/v2\/posts"}],"about":[{"href":"https:\/\/vosgesinfo.fr\/remiremontinfo\/wp-json\/wp\/v2\/types\/post"}],"author":[{"embeddable":true,"href":"https:\/\/vosgesinfo.fr\/remiremontinfo\/wp-json\/wp\/v2\/users\/412"}],"replies":[{"embeddable":true,"href":"https:\/\/vosgesinfo.fr\/remiremontinfo\/wp-json\/wp\/v2\/comments?post=2506"}],"version-history":[{"count":0,"href":"https:\/\/vosgesinfo.fr\/remiremontinfo\/wp-json\/wp\/v2\/posts\/2506\/revisions"}],"wp:featuredmedia":[{"embeddable":true,"href":"https:\/\/vosgesinfo.fr\/remiremontinfo\/wp-json\/wp\/v2\/media\/2505"}],"wp:attachment":[{"href":"https:\/\/vosgesinfo.fr\/remiremontinfo\/wp-json\/wp\/v2\/media?parent=2506"}],"wp:term":[{"taxonomy":"category","embeddable":true,"href":"https:\/\/vosgesinfo.fr\/remiremontinfo\/wp-json\/wp\/v2\/categories?post=2506"},{"taxonomy":"post_tag","embeddable":true,"href":"https:\/\/vosgesinfo.fr\/remiremontinfo\/wp-json\/wp\/v2\/tags?post=2506"}],"curies":[{"name":"wp","href":"https:\/\/api.w.org\/{rel}","templated":true}]}}